{"id":3497,"date":"2025-08-21T02:38:25","date_gmt":"2025-08-21T05:38:25","guid":{"rendered":"https:\/\/web.consaguirre.com.ar\/noticias\/florence-the-machine-anuncia-everybody-scream-comparte-la-pista-del-titulo\/"},"modified":"2025-08-21T02:38:26","modified_gmt":"2025-08-21T05:38:26","slug":"florence-the-machine-anuncia-everybody-scream-comparte-la-pista-del-titulo","status":"publish","type":"post","link":"https:\/\/web.consaguirre.com.ar\/noticias\/florence-the-machine-anuncia-everybody-scream-comparte-la-pista-del-titulo\/","title":{"rendered":"Florence + The Machine anuncia &#8216;Everybody Scream&#8217;, comparte la pista del t\u00edtulo"},"content":{"rendered":"<p>Se ha anunciado el sexto \u00e1lbum de Florence + The Machine. <em>Todos gritan<\/em> se lanzar\u00e1 el 31 de octubre.<\/p>\n<p>La canci\u00f3n principal del \u00e1lbum ya est\u00e1 disponible con un video acompa\u00f1ante dirigido por Autumn de Wilde.<\/p>\n<p>El \u00e1lbum se lanzar\u00e1 en una variedad de formatos, incluida una edici\u00f3n de vinilo &#8220;C\u00e1mara&#8221; que incluye cuatro versiones de c\u00e1mara exclusivas para el lanzamiento. La edici\u00f3n &#8220;C\u00e1mara&#8221; tambi\u00e9n viene con una portada \u00fanica, un p\u00f3ster de 24 &#8220;x36&#8221; y un folleto de 16 p\u00e1ginas. El 2LP se encuentra en una triple puerta de puerta. La edici\u00f3n &#8220;C\u00e1mara&#8221; tambi\u00e9n llega en formato CD. Otras ofertas incluyen un lanzamiento tradicional de 2LP, un lanzamiento de CD, dos ofertas de cassette diferentes, incluida una &#8220;edici\u00f3n de madera de sangre&#8221; y descarga digital.<\/p>\n<div class=\"uD-YT-container\"><img decoding=\"async\" src=\"https:\/\/web.consaguirre.com.ar\/noticias\/wp-content\/uploads\/2025\/08\/1755754705_574_Florence-The-Machine-anuncia-Everybody-Scream-comparte-la-pista.jpg\" alt=\"Video de YouTube\"><br \/>Haga clic para cargar video<\/div>\n<p>La canci\u00f3n del t\u00edtulo comienza con las notas del sintetizador centelleante y las capas de voces de Welch. La canci\u00f3n se pone en marcha con un ritmo de bater\u00eda galopante, grita y grita de una colecci\u00f3n de voces y una poderosa actuaci\u00f3n de Welch. En la canci\u00f3n, ella canta: &#8220;Aqu\u00ed no tengo que callar\/ Aqu\u00ed no tengo que ser amable\/ extraordinario y normal, todo al mismo tiempo\/ pero m\u00edrame, corre rugged\/ sangre en el escenario\/ pero \u00bfc\u00f3mo puedo dejarte cuando est\u00e1s gritando mi nombre?\/ Gritando mi nombre&#8221;.<\/p>\n<p>Florence Welch escribi\u00f3 y produjo el \u00e1lbum en los \u00faltimos dos a\u00f1os con un c\u00edrculo muy unido de colaboradores, incluido Mark Bowen de Idles, que aparece en el video de &#8220;Everybody Scream&#8221; junto a Aaron DeSner y Mitski. La canci\u00f3n fue coescrita por Welch, Mitski y Bowen.<\/p>\n<p>Despu\u00e9s de necesitar una cirug\u00eda de salvaci\u00f3n de la vida en la gira de la fiebre del baile, la recuperaci\u00f3n de Florence la llev\u00f3 por el camino del misticismo espiritual, la brujer\u00eda y el horror folk al sentir los l\u00edmites de su cuerpo y explor\u00f3 lo que significa ser &#8220;sanado&#8221;. El \u00e1lbum pide a trav\u00e9s de la feminidad, la asociaci\u00f3n, el envejecimiento y la muerte; Exponiendo al turbio en lo mundano. <em>Todos gritan<\/em> Sigue Florence + el c\u00e9lebre esfuerzo de 2022 de la m\u00e1quina de la m\u00e1quina, <em>Fiebre de baile<\/em>.<\/p>\n<p>Compre Florencia + la m\u00e1quina <em>Todos gritan<\/em> en vinilo o CD ahora.<\/p>\n","protected":false},"excerpt":{"rendered":"<p>Se ha anunciado el sexto \u00e1lbum de Florence + The Machine. Todos gritan se lanzar\u00e1 el 31 de octubre. La canci\u00f3n principal del \u00e1lbum ya<\/p>\n","protected":false},"author":1,"featured_media":3498,"comment_status":"closed","ping_status":"","sticky":false,"template":"","format":"standard","meta":{"footnotes":""},"categories":[50],"tags":[56,201,10,1002,1003,2135,3040,2342],"class_list":["post-3497","post","type-post","status-publish","format-standard","has-post-thumbnail","hentry","category-el-ultimo","tag-anuncia","tag-comparte","tag-del","tag-florence","tag-machine","tag-pista","tag-scream","tag-titulo","generate-columns","tablet-grid-50","mobile-grid-100","grid-parent","grid-50"],"yoast_head":"<!-- This site is optimized with the Yoast SEO plugin v23.3 - https:\/\/yoast.com\/wordpress\/plugins\/seo\/ -->\n<title>Florence + The Machine anuncia &#039;Everybody Scream&#039;, comparte la pista del t\u00edtulo<\/title>\n<meta name=\"robots\" content=\"index, follow, max-snippet:-1, max-image-preview:large, max-video-preview:-1\" \/>\n<link rel=\"canonical\" href=\"https:\/\/web.consaguirre.com.ar\/noticias\/florence-the-machine-anuncia-everybody-scream-comparte-la-pista-del-titulo\/\" \/>\n<meta property=\"og:locale\" content=\"es_ES\" \/>\n<meta property=\"og:type\" content=\"article\" \/>\n<meta property=\"og:title\" content=\"Florence + The Machine anuncia &#039;Everybody Scream&#039;, comparte la pista del t\u00edtulo\" \/>\n<meta property=\"og:description\" content=\"Se ha anunciado el sexto \u00e1lbum de Florence + The Machine. Todos gritan se lanzar\u00e1 el 31 de octubre. La canci\u00f3n principal del \u00e1lbum ya\" \/>\n<meta property=\"og:url\" content=\"https:\/\/web.consaguirre.com.ar\/noticias\/florence-the-machine-anuncia-everybody-scream-comparte-la-pista-del-titulo\/\" \/>\n<meta property=\"og:site_name\" content=\"Conservatorio de M\u00fasica Juli\u00e1n Aguirre\" \/>\n<meta property=\"article:published_time\" content=\"2025-08-21T05:38:25+00:00\" \/>\n<meta property=\"article:modified_time\" content=\"2025-08-21T05:38:26+00:00\" \/>\n<meta property=\"og:image\" content=\"https:\/\/web.consaguirre.com.ar\/noticias\/wp-content\/uploads\/2025\/08\/Florence-The-Machine-anuncia-Everybody-Scream-comparte-la-pista.jpg\" \/>\n\t<meta property=\"og:image:width\" content=\"1440\" \/>\n\t<meta property=\"og:image:height\" content=\"864\" \/>\n\t<meta property=\"og:image:type\" content=\"image\/jpeg\" \/>\n<meta name=\"author\" content=\"Javier Figueroa\" \/>\n<meta name=\"twitter:card\" content=\"summary_large_image\" \/>\n<meta name=\"twitter:label1\" content=\"Escrito por\" \/>\n\t<meta name=\"twitter:data1\" content=\"Javier Figueroa\" \/>\n\t<meta name=\"twitter:label2\" content=\"Tiempo de lectura\" \/>\n\t<meta name=\"twitter:data2\" content=\"2 minutos\" \/>\n<script type=\"application\/ld+json\" class=\"yoast-schema-graph\">{\"@context\":\"https:\/\/schema.org\",\"@graph\":[{\"@type\":\"Article\",\"@id\":\"https:\/\/web.consaguirre.com.ar\/noticias\/florence-the-machine-anuncia-everybody-scream-comparte-la-pista-del-titulo\/#article\",\"isPartOf\":{\"@id\":\"https:\/\/web.consaguirre.com.ar\/noticias\/florence-the-machine-anuncia-everybody-scream-comparte-la-pista-del-titulo\/\"},\"author\":{\"name\":\"Javier Figueroa\",\"@id\":\"https:\/\/web.consaguirre.com.ar\/noticias\/#\/schema\/person\/6558b0cfedee7ddc5425602b237d5722\"},\"headline\":\"Florence + The Machine anuncia &#8216;Everybody Scream&#8217;, comparte la pista del t\u00edtulo\",\"datePublished\":\"2025-08-21T05:38:25+00:00\",\"dateModified\":\"2025-08-21T05:38:26+00:00\",\"mainEntityOfPage\":{\"@id\":\"https:\/\/web.consaguirre.com.ar\/noticias\/florence-the-machine-anuncia-everybody-scream-comparte-la-pista-del-titulo\/\"},\"wordCount\":411,\"publisher\":{\"@id\":\"https:\/\/web.consaguirre.com.ar\/noticias\/#organization\"},\"image\":{\"@id\":\"https:\/\/web.consaguirre.com.ar\/noticias\/florence-the-machine-anuncia-everybody-scream-comparte-la-pista-del-titulo\/#primaryimage\"},\"thumbnailUrl\":\"https:\/\/web.consaguirre.com.ar\/noticias\/wp-content\/uploads\/2025\/08\/Florence-The-Machine-anuncia-Everybody-Scream-comparte-la-pista.jpg\",\"keywords\":[\"anuncia\",\"comparte\",\"del\",\"Florence\",\"Machine\",\"pista\",\"Scream\",\"T\u00edtulo\"],\"articleSection\":[\"El \u00faltimo\"],\"inLanguage\":\"es-AR\"},{\"@type\":\"WebPage\",\"@id\":\"https:\/\/web.consaguirre.com.ar\/noticias\/florence-the-machine-anuncia-everybody-scream-comparte-la-pista-del-titulo\/\",\"url\":\"https:\/\/web.consaguirre.com.ar\/noticias\/florence-the-machine-anuncia-everybody-scream-comparte-la-pista-del-titulo\/\",\"name\":\"Florence + The Machine anuncia 'Everybody Scream', comparte la pista del t\u00edtulo\",\"isPartOf\":{\"@id\":\"https:\/\/web.consaguirre.com.ar\/noticias\/#website\"},\"primaryImageOfPage\":{\"@id\":\"https:\/\/web.consaguirre.com.ar\/noticias\/florence-the-machine-anuncia-everybody-scream-comparte-la-pista-del-titulo\/#primaryimage\"},\"image\":{\"@id\":\"https:\/\/web.consaguirre.com.ar\/noticias\/florence-the-machine-anuncia-everybody-scream-comparte-la-pista-del-titulo\/#primaryimage\"},\"thumbnailUrl\":\"https:\/\/web.consaguirre.com.ar\/noticias\/wp-content\/uploads\/2025\/08\/Florence-The-Machine-anuncia-Everybody-Scream-comparte-la-pista.jpg\",\"datePublished\":\"2025-08-21T05:38:25+00:00\",\"dateModified\":\"2025-08-21T05:38:26+00:00\",\"breadcrumb\":{\"@id\":\"https:\/\/web.consaguirre.com.ar\/noticias\/florence-the-machine-anuncia-everybody-scream-comparte-la-pista-del-titulo\/#breadcrumb\"},\"inLanguage\":\"es-AR\",\"potentialAction\":[{\"@type\":\"ReadAction\",\"target\":[\"https:\/\/web.consaguirre.com.ar\/noticias\/florence-the-machine-anuncia-everybody-scream-comparte-la-pista-del-titulo\/\"]}]},{\"@type\":\"ImageObject\",\"inLanguage\":\"es-AR\",\"@id\":\"https:\/\/web.consaguirre.com.ar\/noticias\/florence-the-machine-anuncia-everybody-scream-comparte-la-pista-del-titulo\/#primaryimage\",\"url\":\"https:\/\/web.consaguirre.com.ar\/noticias\/wp-content\/uploads\/2025\/08\/Florence-The-Machine-anuncia-Everybody-Scream-comparte-la-pista.jpg\",\"contentUrl\":\"https:\/\/web.consaguirre.com.ar\/noticias\/wp-content\/uploads\/2025\/08\/Florence-The-Machine-anuncia-Everybody-Scream-comparte-la-pista.jpg\",\"width\":1440,\"height\":864,\"caption\":\"Florence + The Machine anuncia 'Everybody Scream', comparte la pista del t\u00edtulo\"},{\"@type\":\"BreadcrumbList\",\"@id\":\"https:\/\/web.consaguirre.com.ar\/noticias\/florence-the-machine-anuncia-everybody-scream-comparte-la-pista-del-titulo\/#breadcrumb\",\"itemListElement\":[{\"@type\":\"ListItem\",\"position\":1,\"name\":\"Inicio\",\"item\":\"https:\/\/web.consaguirre.com.ar\/noticias\/\"},{\"@type\":\"ListItem\",\"position\":2,\"name\":\"Florence + The Machine anuncia &#8216;Everybody Scream&#8217;, comparte la pista del t\u00edtulo\"}]},{\"@type\":\"WebSite\",\"@id\":\"https:\/\/web.consaguirre.com.ar\/noticias\/#website\",\"url\":\"https:\/\/web.consaguirre.com.ar\/noticias\/\",\"name\":\"Conservatorio de M\u00fasica Juli\u00e1n Aguirre\",\"description\":\"\",\"publisher\":{\"@id\":\"https:\/\/web.consaguirre.com.ar\/noticias\/#organization\"},\"potentialAction\":[{\"@type\":\"SearchAction\",\"target\":{\"@type\":\"EntryPoint\",\"urlTemplate\":\"https:\/\/web.consaguirre.com.ar\/noticias\/?s={search_term_string}\"},\"query-input\":\"required name=search_term_string\"}],\"inLanguage\":\"es-AR\"},{\"@type\":\"Organization\",\"@id\":\"https:\/\/web.consaguirre.com.ar\/noticias\/#organization\",\"name\":\"Conservatorio de M\u00fasica Juli\u00e1n Aguirre\",\"url\":\"https:\/\/web.consaguirre.com.ar\/noticias\/\",\"logo\":{\"@type\":\"ImageObject\",\"inLanguage\":\"es-AR\",\"@id\":\"https:\/\/web.consaguirre.com.ar\/noticias\/#\/schema\/logo\/image\/\",\"url\":\"https:\/\/web.consaguirre.com.ar\/noticias\/wp-content\/uploads\/2024\/08\/Banner-Aguirre-23.jpg\",\"contentUrl\":\"https:\/\/web.consaguirre.com.ar\/noticias\/wp-content\/uploads\/2024\/08\/Banner-Aguirre-23.jpg\",\"width\":1192,\"height\":600,\"caption\":\"Conservatorio de M\u00fasica Juli\u00e1n Aguirre\"},\"image\":{\"@id\":\"https:\/\/web.consaguirre.com.ar\/noticias\/#\/schema\/logo\/image\/\"}},{\"@type\":\"Person\",\"@id\":\"https:\/\/web.consaguirre.com.ar\/noticias\/#\/schema\/person\/6558b0cfedee7ddc5425602b237d5722\",\"name\":\"Javier Figueroa\",\"image\":{\"@type\":\"ImageObject\",\"inLanguage\":\"es-AR\",\"@id\":\"https:\/\/web.consaguirre.com.ar\/noticias\/#\/schema\/person\/image\/\",\"url\":\"https:\/\/web.consaguirre.com.ar\/noticias\/wp-content\/uploads\/2024\/08\/Consaguirre-scaled.jpg\",\"contentUrl\":\"https:\/\/web.consaguirre.com.ar\/noticias\/wp-content\/uploads\/2024\/08\/Consaguirre-scaled.jpg\",\"caption\":\"Javier Figueroa\"},\"description\":\"Me llamo Javier Figueroa y soy redactor para el sitio oficial del Conservatorio de M\u00fasica Juli\u00e1n Aguirre en Buenos Aires, consaguirre.com. Apasionado por la m\u00fasica y la escritura, me esfuerzo por destacar los talentos y eventos de nuestra prestigiosa instituci\u00f3n. Mi trayectoria se nutre de una profunda admiraci\u00f3n por los artistas, haciendo de cada art\u00edculo una celebraci\u00f3n de la creatividad y la cultura musical.\",\"sameAs\":[\"https:\/\/web.consaguirre.com.ar\/noticias\"]}]}<\/script>\n<!-- \/ Yoast SEO plugin. -->","yoast_head_json":{"title":"Florence + The Machine anuncia 'Everybody Scream', comparte la pista del t\u00edtulo","robots":{"index":"index","follow":"follow","max-snippet":"max-snippet:-1","max-image-preview":"max-image-preview:large","max-video-preview":"max-video-preview:-1"},"canonical":"https:\/\/web.consaguirre.com.ar\/noticias\/florence-the-machine-anuncia-everybody-scream-comparte-la-pista-del-titulo\/","og_locale":"es_ES","og_type":"article","og_title":"Florence + The Machine anuncia 'Everybody Scream', comparte la pista del t\u00edtulo","og_description":"Se ha anunciado el sexto \u00e1lbum de Florence + The Machine. Todos gritan se lanzar\u00e1 el 31 de octubre. La canci\u00f3n principal del \u00e1lbum ya","og_url":"https:\/\/web.consaguirre.com.ar\/noticias\/florence-the-machine-anuncia-everybody-scream-comparte-la-pista-del-titulo\/","og_site_name":"Conservatorio de M\u00fasica Juli\u00e1n Aguirre","article_published_time":"2025-08-21T05:38:25+00:00","article_modified_time":"2025-08-21T05:38:26+00:00","og_image":[{"width":1440,"height":864,"url":"https:\/\/web.consaguirre.com.ar\/noticias\/wp-content\/uploads\/2025\/08\/Florence-The-Machine-anuncia-Everybody-Scream-comparte-la-pista.jpg","type":"image\/jpeg"}],"author":"Javier Figueroa","twitter_card":"summary_large_image","twitter_misc":{"Escrito por":"Javier Figueroa","Tiempo de lectura":"2 minutos"},"schema":{"@context":"https:\/\/schema.org","@graph":[{"@type":"Article","@id":"https:\/\/web.consaguirre.com.ar\/noticias\/florence-the-machine-anuncia-everybody-scream-comparte-la-pista-del-titulo\/#article","isPartOf":{"@id":"https:\/\/web.consaguirre.com.ar\/noticias\/florence-the-machine-anuncia-everybody-scream-comparte-la-pista-del-titulo\/"},"author":{"name":"Javier Figueroa","@id":"https:\/\/web.consaguirre.com.ar\/noticias\/#\/schema\/person\/6558b0cfedee7ddc5425602b237d5722"},"headline":"Florence + The Machine anuncia &#8216;Everybody Scream&#8217;, comparte la pista del t\u00edtulo","datePublished":"2025-08-21T05:38:25+00:00","dateModified":"2025-08-21T05:38:26+00:00","mainEntityOfPage":{"@id":"https:\/\/web.consaguirre.com.ar\/noticias\/florence-the-machine-anuncia-everybody-scream-comparte-la-pista-del-titulo\/"},"wordCount":411,"publisher":{"@id":"https:\/\/web.consaguirre.com.ar\/noticias\/#organization"},"image":{"@id":"https:\/\/web.consaguirre.com.ar\/noticias\/florence-the-machine-anuncia-everybody-scream-comparte-la-pista-del-titulo\/#primaryimage"},"thumbnailUrl":"https:\/\/web.consaguirre.com.ar\/noticias\/wp-content\/uploads\/2025\/08\/Florence-The-Machine-anuncia-Everybody-Scream-comparte-la-pista.jpg","keywords":["anuncia","comparte","del","Florence","Machine","pista","Scream","T\u00edtulo"],"articleSection":["El \u00faltimo"],"inLanguage":"es-AR"},{"@type":"WebPage","@id":"https:\/\/web.consaguirre.com.ar\/noticias\/florence-the-machine-anuncia-everybody-scream-comparte-la-pista-del-titulo\/","url":"https:\/\/web.consaguirre.com.ar\/noticias\/florence-the-machine-anuncia-everybody-scream-comparte-la-pista-del-titulo\/","name":"Florence + The Machine anuncia 'Everybody Scream', comparte la pista del t\u00edtulo","isPartOf":{"@id":"https:\/\/web.consaguirre.com.ar\/noticias\/#website"},"primaryImageOfPage":{"@id":"https:\/\/web.consaguirre.com.ar\/noticias\/florence-the-machine-anuncia-everybody-scream-comparte-la-pista-del-titulo\/#primaryimage"},"image":{"@id":"https:\/\/web.consaguirre.com.ar\/noticias\/florence-the-machine-anuncia-everybody-scream-comparte-la-pista-del-titulo\/#primaryimage"},"thumbnailUrl":"https:\/\/web.consaguirre.com.ar\/noticias\/wp-content\/uploads\/2025\/08\/Florence-The-Machine-anuncia-Everybody-Scream-comparte-la-pista.jpg","datePublished":"2025-08-21T05:38:25+00:00","dateModified":"2025-08-21T05:38:26+00:00","breadcrumb":{"@id":"https:\/\/web.consaguirre.com.ar\/noticias\/florence-the-machine-anuncia-everybody-scream-comparte-la-pista-del-titulo\/#breadcrumb"},"inLanguage":"es-AR","potentialAction":[{"@type":"ReadAction","target":["https:\/\/web.consaguirre.com.ar\/noticias\/florence-the-machine-anuncia-everybody-scream-comparte-la-pista-del-titulo\/"]}]},{"@type":"ImageObject","inLanguage":"es-AR","@id":"https:\/\/web.consaguirre.com.ar\/noticias\/florence-the-machine-anuncia-everybody-scream-comparte-la-pista-del-titulo\/#primaryimage","url":"https:\/\/web.consaguirre.com.ar\/noticias\/wp-content\/uploads\/2025\/08\/Florence-The-Machine-anuncia-Everybody-Scream-comparte-la-pista.jpg","contentUrl":"https:\/\/web.consaguirre.com.ar\/noticias\/wp-content\/uploads\/2025\/08\/Florence-The-Machine-anuncia-Everybody-Scream-comparte-la-pista.jpg","width":1440,"height":864,"caption":"Florence + The Machine anuncia 'Everybody Scream', comparte la pista del t\u00edtulo"},{"@type":"BreadcrumbList","@id":"https:\/\/web.consaguirre.com.ar\/noticias\/florence-the-machine-anuncia-everybody-scream-comparte-la-pista-del-titulo\/#breadcrumb","itemListElement":[{"@type":"ListItem","position":1,"name":"Inicio","item":"https:\/\/web.consaguirre.com.ar\/noticias\/"},{"@type":"ListItem","position":2,"name":"Florence + The Machine anuncia &#8216;Everybody Scream&#8217;, comparte la pista del t\u00edtulo"}]},{"@type":"WebSite","@id":"https:\/\/web.consaguirre.com.ar\/noticias\/#website","url":"https:\/\/web.consaguirre.com.ar\/noticias\/","name":"Conservatorio de M\u00fasica Juli\u00e1n Aguirre","description":"","publisher":{"@id":"https:\/\/web.consaguirre.com.ar\/noticias\/#organization"},"potentialAction":[{"@type":"SearchAction","target":{"@type":"EntryPoint","urlTemplate":"https:\/\/web.consaguirre.com.ar\/noticias\/?s={search_term_string}"},"query-input":"required name=search_term_string"}],"inLanguage":"es-AR"},{"@type":"Organization","@id":"https:\/\/web.consaguirre.com.ar\/noticias\/#organization","name":"Conservatorio de M\u00fasica Juli\u00e1n Aguirre","url":"https:\/\/web.consaguirre.com.ar\/noticias\/","logo":{"@type":"ImageObject","inLanguage":"es-AR","@id":"https:\/\/web.consaguirre.com.ar\/noticias\/#\/schema\/logo\/image\/","url":"https:\/\/web.consaguirre.com.ar\/noticias\/wp-content\/uploads\/2024\/08\/Banner-Aguirre-23.jpg","contentUrl":"https:\/\/web.consaguirre.com.ar\/noticias\/wp-content\/uploads\/2024\/08\/Banner-Aguirre-23.jpg","width":1192,"height":600,"caption":"Conservatorio de M\u00fasica Juli\u00e1n Aguirre"},"image":{"@id":"https:\/\/web.consaguirre.com.ar\/noticias\/#\/schema\/logo\/image\/"}},{"@type":"Person","@id":"https:\/\/web.consaguirre.com.ar\/noticias\/#\/schema\/person\/6558b0cfedee7ddc5425602b237d5722","name":"Javier Figueroa","image":{"@type":"ImageObject","inLanguage":"es-AR","@id":"https:\/\/web.consaguirre.com.ar\/noticias\/#\/schema\/person\/image\/","url":"https:\/\/web.consaguirre.com.ar\/noticias\/wp-content\/uploads\/2024\/08\/Consaguirre-scaled.jpg","contentUrl":"https:\/\/web.consaguirre.com.ar\/noticias\/wp-content\/uploads\/2024\/08\/Consaguirre-scaled.jpg","caption":"Javier Figueroa"},"description":"Me llamo Javier Figueroa y soy redactor para el sitio oficial del Conservatorio de M\u00fasica Juli\u00e1n Aguirre en Buenos Aires, consaguirre.com. Apasionado por la m\u00fasica y la escritura, me esfuerzo por destacar los talentos y eventos de nuestra prestigiosa instituci\u00f3n. Mi trayectoria se nutre de una profunda admiraci\u00f3n por los artistas, haciendo de cada art\u00edculo una celebraci\u00f3n de la creatividad y la cultura musical.","sameAs":["https:\/\/web.consaguirre.com.ar\/noticias"]}]}},"_links":{"self":[{"href":"https:\/\/web.consaguirre.com.ar\/noticias\/wp-json\/wp\/v2\/posts\/3497"}],"collection":[{"href":"https:\/\/web.consaguirre.com.ar\/noticias\/wp-json\/wp\/v2\/posts"}],"about":[{"href":"https:\/\/web.consaguirre.com.ar\/noticias\/wp-json\/wp\/v2\/types\/post"}],"author":[{"embeddable":true,"href":"https:\/\/web.consaguirre.com.ar\/noticias\/wp-json\/wp\/v2\/users\/1"}],"replies":[{"embeddable":true,"href":"https:\/\/web.consaguirre.com.ar\/noticias\/wp-json\/wp\/v2\/comments?post=3497"}],"version-history":[{"count":1,"href":"https:\/\/web.consaguirre.com.ar\/noticias\/wp-json\/wp\/v2\/posts\/3497\/revisions"}],"predecessor-version":[{"id":3499,"href":"https:\/\/web.consaguirre.com.ar\/noticias\/wp-json\/wp\/v2\/posts\/3497\/revisions\/3499"}],"wp:featuredmedia":[{"embeddable":true,"href":"https:\/\/web.consaguirre.com.ar\/noticias\/wp-json\/wp\/v2\/media\/3498"}],"wp:attachment":[{"href":"https:\/\/web.consaguirre.com.ar\/noticias\/wp-json\/wp\/v2\/media?parent=3497"}],"wp:term":[{"taxonomy":"category","embeddable":true,"href":"https:\/\/web.consaguirre.com.ar\/noticias\/wp-json\/wp\/v2\/categories?post=3497"},{"taxonomy":"post_tag","embeddable":true,"href":"https:\/\/web.consaguirre.com.ar\/noticias\/wp-json\/wp\/v2\/tags?post=3497"}],"curies":[{"name":"wp","href":"https:\/\/api.w.org\/{rel}","templated":true}]}}