{"id":3482,"date":"2025-08-19T11:40:22","date_gmt":"2025-08-19T14:40:22","guid":{"rendered":"https:\/\/web.consaguirre.com.ar\/noticias\/alessia-cara-anuncia-fechas-de-gira-2025\/"},"modified":"2025-08-19T11:40:24","modified_gmt":"2025-08-19T14:40:24","slug":"alessia-cara-anuncia-fechas-de-gira-2025","status":"publish","type":"post","link":"https:\/\/web.consaguirre.com.ar\/noticias\/alessia-cara-anuncia-fechas-de-gira-2025\/","title":{"rendered":"Alessia Cara anuncia fechas de gira 2025"},"content":{"rendered":"<p>Alessia Cara tiene grandes planes para el cuarto trimestre. El cantante y compositor pop ha anunciado una serie de espect\u00e1culos en Am\u00e9rica del Norte y del Sur este oto\u00f1o, que comienza en los Estados Unidos, balance\u00e1ndose debajo del ecuador y envolviendo en M\u00e9xico.<\/p>\n<p>El itinerario de Cara comienza justo antes de Halloween con un concierto en el legendario Fillmore de San Francisco el 29 de octubre. Desde all\u00ed, viajar\u00e1 a Los \u00c1ngeles, Denver, Minneapolis, Chicago, Boston, Nueva York, Washington y, finalmente, Filadelfia para un espect\u00e1culo en Keswick para cerrar la primera etapa de la gira.<\/p>\n<p>El 21 y 23 de noviembre, tocar\u00e1 un par de conciertos en Brasil, primero en Vivo R\u00edo en R\u00edo de Janeiro y luego en Espa\u00e7o Unimed en S\u00e3o Paulo. Los espect\u00e1culos en Santiago (26 de noviembre) y Buenos Aires (29 de noviembre) la llevar\u00e1n hasta finales de noviembre, seguido de un show de la Ciudad de M\u00e9xico el 2 de diciembre en el Auditorio Blackberry para concluir sus viajes de 2025.<\/p>\n<p>Antes de comenzar la gira de Cara, tiene dos fechas de festivales en su Canad\u00e1 natal: uno en el Festival de Montgolfieres de Gatineau 2025 en Quebec el 31 de agosto y otro en Rifflandia en Victoria, Columbia Brit\u00e1nica el 14 de septiembre.<\/p>\n<div class=\"uD-YT-container\"><img decoding=\"async\" src=\"https:\/\/web.consaguirre.com.ar\/noticias\/wp-content\/uploads\/2024\/10\/1729629668_332_Alessia-Cara-lanza-nuevo-sencillo-Isnt-It-Obvious.jpg\" alt=\"Video de YouTube\"><br \/>Haga clic para cargar video<\/div>\n<p>Los espect\u00e1culos tendr\u00e1n lugar en un momento hito en la carrera de Cara. Su EP debut <em>Cuatro paredes rosadas<\/em> cumplir\u00e1 10 a\u00f1os el pr\u00f3ximo martes 26 de agosto. El proyecto de cinco canciones presenta &#8220;Here&#8221;, el \u00e9xito avanzado de Cara, que alcanz\u00f3 el Top 5 en los Estados Unidos y marc\u00f3 a Cara como una nueva voz prodigiosa en Pop y R&#038;B.<\/p>\n<p>En febrero de este a\u00f1o, Cara regres\u00f3 con <em>Amor e hip\u00e9rbole<\/em>su cuarto \u00e1lbum de larga duraci\u00f3n. Lanzado en el D\u00eda de San Valent\u00edn, el \u00e1lbum trat\u00f3 sobre los altibajos del romance. &#8220;El cantante y compositor con sede en Toronto, ganador del Grammy, ha visto, y capturado con \u00e9xito, los sentimientos de felicidad que conlleva encontrar &#8216;el \u00fanico'&#8221;, escribi\u00f3 <em>M\u00fasica en choque<\/em>. &#8220;Sin embargo, no todo es arcoiris y mariposas para Alessia, ya que no tiene miedo de profundizar en las emociones m\u00e1s complicadas que el amor puede traer&#8221;.<\/p>\n<p>Compre la m\u00fasica de Alessia Cara en vinilo o CD ahora.<\/p>\n","protected":false},"excerpt":{"rendered":"<p>Alessia Cara tiene grandes planes para el cuarto trimestre. El cantante y compositor pop ha anunciado una serie de espect\u00e1culos en Am\u00e9rica del Norte y<\/p>\n","protected":false},"author":1,"featured_media":3483,"comment_status":"closed","ping_status":"","sticky":false,"template":"","format":"standard","meta":{"footnotes":""},"categories":[50],"tags":[1033,56,1034,1299,492],"class_list":["post-3482","post","type-post","status-publish","format-standard","has-post-thumbnail","hentry","category-el-ultimo","tag-alessia","tag-anuncia","tag-cara","tag-fechas","tag-gira","generate-columns","tablet-grid-50","mobile-grid-100","grid-parent","grid-50"],"yoast_head":"<!-- This site is optimized with the Yoast SEO plugin v23.3 - https:\/\/yoast.com\/wordpress\/plugins\/seo\/ -->\n<title>Alessia Cara anuncia fechas de gira 2025<\/title>\n<meta name=\"robots\" content=\"index, follow, max-snippet:-1, max-image-preview:large, max-video-preview:-1\" \/>\n<link rel=\"canonical\" href=\"https:\/\/web.consaguirre.com.ar\/noticias\/alessia-cara-anuncia-fechas-de-gira-2025\/\" \/>\n<meta property=\"og:locale\" content=\"es_ES\" \/>\n<meta property=\"og:type\" content=\"article\" \/>\n<meta property=\"og:title\" content=\"Alessia Cara anuncia fechas de gira 2025\" \/>\n<meta property=\"og:description\" content=\"Alessia Cara tiene grandes planes para el cuarto trimestre. El cantante y compositor pop ha anunciado una serie de espect\u00e1culos en Am\u00e9rica del Norte y\" \/>\n<meta property=\"og:url\" content=\"https:\/\/web.consaguirre.com.ar\/noticias\/alessia-cara-anuncia-fechas-de-gira-2025\/\" \/>\n<meta property=\"og:site_name\" content=\"Conservatorio de M\u00fasica Juli\u00e1n Aguirre\" \/>\n<meta property=\"article:published_time\" content=\"2025-08-19T14:40:22+00:00\" \/>\n<meta property=\"article:modified_time\" content=\"2025-08-19T14:40:24+00:00\" \/>\n<meta property=\"og:image\" content=\"https:\/\/web.consaguirre.com.ar\/noticias\/wp-content\/uploads\/2025\/08\/Alessia-Cara-anuncia-fechas-de-gira-2025.jpg\" \/>\n\t<meta property=\"og:image:width\" content=\"1280\" \/>\n\t<meta property=\"og:image:height\" content=\"1280\" \/>\n\t<meta property=\"og:image:type\" content=\"image\/jpeg\" \/>\n<meta name=\"author\" content=\"Javier Figueroa\" \/>\n<meta name=\"twitter:card\" content=\"summary_large_image\" \/>\n<meta name=\"twitter:label1\" content=\"Escrito por\" \/>\n\t<meta name=\"twitter:data1\" content=\"Javier Figueroa\" \/>\n\t<meta name=\"twitter:label2\" content=\"Tiempo de lectura\" \/>\n\t<meta name=\"twitter:data2\" content=\"2 minutos\" \/>\n<script type=\"application\/ld+json\" class=\"yoast-schema-graph\">{\"@context\":\"https:\/\/schema.org\",\"@graph\":[{\"@type\":\"Article\",\"@id\":\"https:\/\/web.consaguirre.com.ar\/noticias\/alessia-cara-anuncia-fechas-de-gira-2025\/#article\",\"isPartOf\":{\"@id\":\"https:\/\/web.consaguirre.com.ar\/noticias\/alessia-cara-anuncia-fechas-de-gira-2025\/\"},\"author\":{\"name\":\"Javier Figueroa\",\"@id\":\"https:\/\/web.consaguirre.com.ar\/noticias\/#\/schema\/person\/6558b0cfedee7ddc5425602b237d5722\"},\"headline\":\"Alessia Cara anuncia fechas de gira 2025\",\"datePublished\":\"2025-08-19T14:40:22+00:00\",\"dateModified\":\"2025-08-19T14:40:24+00:00\",\"mainEntityOfPage\":{\"@id\":\"https:\/\/web.consaguirre.com.ar\/noticias\/alessia-cara-anuncia-fechas-de-gira-2025\/\"},\"wordCount\":395,\"publisher\":{\"@id\":\"https:\/\/web.consaguirre.com.ar\/noticias\/#organization\"},\"image\":{\"@id\":\"https:\/\/web.consaguirre.com.ar\/noticias\/alessia-cara-anuncia-fechas-de-gira-2025\/#primaryimage\"},\"thumbnailUrl\":\"https:\/\/web.consaguirre.com.ar\/noticias\/wp-content\/uploads\/2025\/08\/Alessia-Cara-anuncia-fechas-de-gira-2025.jpg\",\"keywords\":[\"Alessia\",\"anuncia\",\"Cara\",\"fechas\",\"gira\"],\"articleSection\":[\"El \u00faltimo\"],\"inLanguage\":\"es-AR\"},{\"@type\":\"WebPage\",\"@id\":\"https:\/\/web.consaguirre.com.ar\/noticias\/alessia-cara-anuncia-fechas-de-gira-2025\/\",\"url\":\"https:\/\/web.consaguirre.com.ar\/noticias\/alessia-cara-anuncia-fechas-de-gira-2025\/\",\"name\":\"Alessia Cara anuncia fechas de gira 2025\",\"isPartOf\":{\"@id\":\"https:\/\/web.consaguirre.com.ar\/noticias\/#website\"},\"primaryImageOfPage\":{\"@id\":\"https:\/\/web.consaguirre.com.ar\/noticias\/alessia-cara-anuncia-fechas-de-gira-2025\/#primaryimage\"},\"image\":{\"@id\":\"https:\/\/web.consaguirre.com.ar\/noticias\/alessia-cara-anuncia-fechas-de-gira-2025\/#primaryimage\"},\"thumbnailUrl\":\"https:\/\/web.consaguirre.com.ar\/noticias\/wp-content\/uploads\/2025\/08\/Alessia-Cara-anuncia-fechas-de-gira-2025.jpg\",\"datePublished\":\"2025-08-19T14:40:22+00:00\",\"dateModified\":\"2025-08-19T14:40:24+00:00\",\"breadcrumb\":{\"@id\":\"https:\/\/web.consaguirre.com.ar\/noticias\/alessia-cara-anuncia-fechas-de-gira-2025\/#breadcrumb\"},\"inLanguage\":\"es-AR\",\"potentialAction\":[{\"@type\":\"ReadAction\",\"target\":[\"https:\/\/web.consaguirre.com.ar\/noticias\/alessia-cara-anuncia-fechas-de-gira-2025\/\"]}]},{\"@type\":\"ImageObject\",\"inLanguage\":\"es-AR\",\"@id\":\"https:\/\/web.consaguirre.com.ar\/noticias\/alessia-cara-anuncia-fechas-de-gira-2025\/#primaryimage\",\"url\":\"https:\/\/web.consaguirre.com.ar\/noticias\/wp-content\/uploads\/2025\/08\/Alessia-Cara-anuncia-fechas-de-gira-2025.jpg\",\"contentUrl\":\"https:\/\/web.consaguirre.com.ar\/noticias\/wp-content\/uploads\/2025\/08\/Alessia-Cara-anuncia-fechas-de-gira-2025.jpg\",\"width\":1280,\"height\":1280,\"caption\":\"Alessia Cara anuncia fechas de gira 2025\"},{\"@type\":\"BreadcrumbList\",\"@id\":\"https:\/\/web.consaguirre.com.ar\/noticias\/alessia-cara-anuncia-fechas-de-gira-2025\/#breadcrumb\",\"itemListElement\":[{\"@type\":\"ListItem\",\"position\":1,\"name\":\"Inicio\",\"item\":\"https:\/\/web.consaguirre.com.ar\/noticias\/\"},{\"@type\":\"ListItem\",\"position\":2,\"name\":\"Alessia Cara anuncia fechas de gira 2025\"}]},{\"@type\":\"WebSite\",\"@id\":\"https:\/\/web.consaguirre.com.ar\/noticias\/#website\",\"url\":\"https:\/\/web.consaguirre.com.ar\/noticias\/\",\"name\":\"Conservatorio de M\u00fasica Juli\u00e1n Aguirre\",\"description\":\"\",\"publisher\":{\"@id\":\"https:\/\/web.consaguirre.com.ar\/noticias\/#organization\"},\"potentialAction\":[{\"@type\":\"SearchAction\",\"target\":{\"@type\":\"EntryPoint\",\"urlTemplate\":\"https:\/\/web.consaguirre.com.ar\/noticias\/?s={search_term_string}\"},\"query-input\":\"required name=search_term_string\"}],\"inLanguage\":\"es-AR\"},{\"@type\":\"Organization\",\"@id\":\"https:\/\/web.consaguirre.com.ar\/noticias\/#organization\",\"name\":\"Conservatorio de M\u00fasica Juli\u00e1n Aguirre\",\"url\":\"https:\/\/web.consaguirre.com.ar\/noticias\/\",\"logo\":{\"@type\":\"ImageObject\",\"inLanguage\":\"es-AR\",\"@id\":\"https:\/\/web.consaguirre.com.ar\/noticias\/#\/schema\/logo\/image\/\",\"url\":\"https:\/\/web.consaguirre.com.ar\/noticias\/wp-content\/uploads\/2024\/08\/Banner-Aguirre-23.jpg\",\"contentUrl\":\"https:\/\/web.consaguirre.com.ar\/noticias\/wp-content\/uploads\/2024\/08\/Banner-Aguirre-23.jpg\",\"width\":1192,\"height\":600,\"caption\":\"Conservatorio de M\u00fasica Juli\u00e1n Aguirre\"},\"image\":{\"@id\":\"https:\/\/web.consaguirre.com.ar\/noticias\/#\/schema\/logo\/image\/\"}},{\"@type\":\"Person\",\"@id\":\"https:\/\/web.consaguirre.com.ar\/noticias\/#\/schema\/person\/6558b0cfedee7ddc5425602b237d5722\",\"name\":\"Javier Figueroa\",\"image\":{\"@type\":\"ImageObject\",\"inLanguage\":\"es-AR\",\"@id\":\"https:\/\/web.consaguirre.com.ar\/noticias\/#\/schema\/person\/image\/\",\"url\":\"https:\/\/web.consaguirre.com.ar\/noticias\/wp-content\/uploads\/2024\/08\/Consaguirre-scaled.jpg\",\"contentUrl\":\"https:\/\/web.consaguirre.com.ar\/noticias\/wp-content\/uploads\/2024\/08\/Consaguirre-scaled.jpg\",\"caption\":\"Javier Figueroa\"},\"description\":\"Me llamo Javier Figueroa y soy redactor para el sitio oficial del Conservatorio de M\u00fasica Juli\u00e1n Aguirre en Buenos Aires, consaguirre.com. Apasionado por la m\u00fasica y la escritura, me esfuerzo por destacar los talentos y eventos de nuestra prestigiosa instituci\u00f3n. Mi trayectoria se nutre de una profunda admiraci\u00f3n por los artistas, haciendo de cada art\u00edculo una celebraci\u00f3n de la creatividad y la cultura musical.\",\"sameAs\":[\"https:\/\/web.consaguirre.com.ar\/noticias\"]}]}<\/script>\n<!-- \/ Yoast SEO plugin. -->","yoast_head_json":{"title":"Alessia Cara anuncia fechas de gira 2025","robots":{"index":"index","follow":"follow","max-snippet":"max-snippet:-1","max-image-preview":"max-image-preview:large","max-video-preview":"max-video-preview:-1"},"canonical":"https:\/\/web.consaguirre.com.ar\/noticias\/alessia-cara-anuncia-fechas-de-gira-2025\/","og_locale":"es_ES","og_type":"article","og_title":"Alessia Cara anuncia fechas de gira 2025","og_description":"Alessia Cara tiene grandes planes para el cuarto trimestre. El cantante y compositor pop ha anunciado una serie de espect\u00e1culos en Am\u00e9rica del Norte y","og_url":"https:\/\/web.consaguirre.com.ar\/noticias\/alessia-cara-anuncia-fechas-de-gira-2025\/","og_site_name":"Conservatorio de M\u00fasica Juli\u00e1n Aguirre","article_published_time":"2025-08-19T14:40:22+00:00","article_modified_time":"2025-08-19T14:40:24+00:00","og_image":[{"width":1280,"height":1280,"url":"https:\/\/web.consaguirre.com.ar\/noticias\/wp-content\/uploads\/2025\/08\/Alessia-Cara-anuncia-fechas-de-gira-2025.jpg","type":"image\/jpeg"}],"author":"Javier Figueroa","twitter_card":"summary_large_image","twitter_misc":{"Escrito por":"Javier Figueroa","Tiempo de lectura":"2 minutos"},"schema":{"@context":"https:\/\/schema.org","@graph":[{"@type":"Article","@id":"https:\/\/web.consaguirre.com.ar\/noticias\/alessia-cara-anuncia-fechas-de-gira-2025\/#article","isPartOf":{"@id":"https:\/\/web.consaguirre.com.ar\/noticias\/alessia-cara-anuncia-fechas-de-gira-2025\/"},"author":{"name":"Javier Figueroa","@id":"https:\/\/web.consaguirre.com.ar\/noticias\/#\/schema\/person\/6558b0cfedee7ddc5425602b237d5722"},"headline":"Alessia Cara anuncia fechas de gira 2025","datePublished":"2025-08-19T14:40:22+00:00","dateModified":"2025-08-19T14:40:24+00:00","mainEntityOfPage":{"@id":"https:\/\/web.consaguirre.com.ar\/noticias\/alessia-cara-anuncia-fechas-de-gira-2025\/"},"wordCount":395,"publisher":{"@id":"https:\/\/web.consaguirre.com.ar\/noticias\/#organization"},"image":{"@id":"https:\/\/web.consaguirre.com.ar\/noticias\/alessia-cara-anuncia-fechas-de-gira-2025\/#primaryimage"},"thumbnailUrl":"https:\/\/web.consaguirre.com.ar\/noticias\/wp-content\/uploads\/2025\/08\/Alessia-Cara-anuncia-fechas-de-gira-2025.jpg","keywords":["Alessia","anuncia","Cara","fechas","gira"],"articleSection":["El \u00faltimo"],"inLanguage":"es-AR"},{"@type":"WebPage","@id":"https:\/\/web.consaguirre.com.ar\/noticias\/alessia-cara-anuncia-fechas-de-gira-2025\/","url":"https:\/\/web.consaguirre.com.ar\/noticias\/alessia-cara-anuncia-fechas-de-gira-2025\/","name":"Alessia Cara anuncia fechas de gira 2025","isPartOf":{"@id":"https:\/\/web.consaguirre.com.ar\/noticias\/#website"},"primaryImageOfPage":{"@id":"https:\/\/web.consaguirre.com.ar\/noticias\/alessia-cara-anuncia-fechas-de-gira-2025\/#primaryimage"},"image":{"@id":"https:\/\/web.consaguirre.com.ar\/noticias\/alessia-cara-anuncia-fechas-de-gira-2025\/#primaryimage"},"thumbnailUrl":"https:\/\/web.consaguirre.com.ar\/noticias\/wp-content\/uploads\/2025\/08\/Alessia-Cara-anuncia-fechas-de-gira-2025.jpg","datePublished":"2025-08-19T14:40:22+00:00","dateModified":"2025-08-19T14:40:24+00:00","breadcrumb":{"@id":"https:\/\/web.consaguirre.com.ar\/noticias\/alessia-cara-anuncia-fechas-de-gira-2025\/#breadcrumb"},"inLanguage":"es-AR","potentialAction":[{"@type":"ReadAction","target":["https:\/\/web.consaguirre.com.ar\/noticias\/alessia-cara-anuncia-fechas-de-gira-2025\/"]}]},{"@type":"ImageObject","inLanguage":"es-AR","@id":"https:\/\/web.consaguirre.com.ar\/noticias\/alessia-cara-anuncia-fechas-de-gira-2025\/#primaryimage","url":"https:\/\/web.consaguirre.com.ar\/noticias\/wp-content\/uploads\/2025\/08\/Alessia-Cara-anuncia-fechas-de-gira-2025.jpg","contentUrl":"https:\/\/web.consaguirre.com.ar\/noticias\/wp-content\/uploads\/2025\/08\/Alessia-Cara-anuncia-fechas-de-gira-2025.jpg","width":1280,"height":1280,"caption":"Alessia Cara anuncia fechas de gira 2025"},{"@type":"BreadcrumbList","@id":"https:\/\/web.consaguirre.com.ar\/noticias\/alessia-cara-anuncia-fechas-de-gira-2025\/#breadcrumb","itemListElement":[{"@type":"ListItem","position":1,"name":"Inicio","item":"https:\/\/web.consaguirre.com.ar\/noticias\/"},{"@type":"ListItem","position":2,"name":"Alessia Cara anuncia fechas de gira 2025"}]},{"@type":"WebSite","@id":"https:\/\/web.consaguirre.com.ar\/noticias\/#website","url":"https:\/\/web.consaguirre.com.ar\/noticias\/","name":"Conservatorio de M\u00fasica Juli\u00e1n Aguirre","description":"","publisher":{"@id":"https:\/\/web.consaguirre.com.ar\/noticias\/#organization"},"potentialAction":[{"@type":"SearchAction","target":{"@type":"EntryPoint","urlTemplate":"https:\/\/web.consaguirre.com.ar\/noticias\/?s={search_term_string}"},"query-input":"required name=search_term_string"}],"inLanguage":"es-AR"},{"@type":"Organization","@id":"https:\/\/web.consaguirre.com.ar\/noticias\/#organization","name":"Conservatorio de M\u00fasica Juli\u00e1n Aguirre","url":"https:\/\/web.consaguirre.com.ar\/noticias\/","logo":{"@type":"ImageObject","inLanguage":"es-AR","@id":"https:\/\/web.consaguirre.com.ar\/noticias\/#\/schema\/logo\/image\/","url":"https:\/\/web.consaguirre.com.ar\/noticias\/wp-content\/uploads\/2024\/08\/Banner-Aguirre-23.jpg","contentUrl":"https:\/\/web.consaguirre.com.ar\/noticias\/wp-content\/uploads\/2024\/08\/Banner-Aguirre-23.jpg","width":1192,"height":600,"caption":"Conservatorio de M\u00fasica Juli\u00e1n Aguirre"},"image":{"@id":"https:\/\/web.consaguirre.com.ar\/noticias\/#\/schema\/logo\/image\/"}},{"@type":"Person","@id":"https:\/\/web.consaguirre.com.ar\/noticias\/#\/schema\/person\/6558b0cfedee7ddc5425602b237d5722","name":"Javier Figueroa","image":{"@type":"ImageObject","inLanguage":"es-AR","@id":"https:\/\/web.consaguirre.com.ar\/noticias\/#\/schema\/person\/image\/","url":"https:\/\/web.consaguirre.com.ar\/noticias\/wp-content\/uploads\/2024\/08\/Consaguirre-scaled.jpg","contentUrl":"https:\/\/web.consaguirre.com.ar\/noticias\/wp-content\/uploads\/2024\/08\/Consaguirre-scaled.jpg","caption":"Javier Figueroa"},"description":"Me llamo Javier Figueroa y soy redactor para el sitio oficial del Conservatorio de M\u00fasica Juli\u00e1n Aguirre en Buenos Aires, consaguirre.com. Apasionado por la m\u00fasica y la escritura, me esfuerzo por destacar los talentos y eventos de nuestra prestigiosa instituci\u00f3n. Mi trayectoria se nutre de una profunda admiraci\u00f3n por los artistas, haciendo de cada art\u00edculo una celebraci\u00f3n de la creatividad y la cultura musical.","sameAs":["https:\/\/web.consaguirre.com.ar\/noticias"]}]}},"_links":{"self":[{"href":"https:\/\/web.consaguirre.com.ar\/noticias\/wp-json\/wp\/v2\/posts\/3482"}],"collection":[{"href":"https:\/\/web.consaguirre.com.ar\/noticias\/wp-json\/wp\/v2\/posts"}],"about":[{"href":"https:\/\/web.consaguirre.com.ar\/noticias\/wp-json\/wp\/v2\/types\/post"}],"author":[{"embeddable":true,"href":"https:\/\/web.consaguirre.com.ar\/noticias\/wp-json\/wp\/v2\/users\/1"}],"replies":[{"embeddable":true,"href":"https:\/\/web.consaguirre.com.ar\/noticias\/wp-json\/wp\/v2\/comments?post=3482"}],"version-history":[{"count":1,"href":"https:\/\/web.consaguirre.com.ar\/noticias\/wp-json\/wp\/v2\/posts\/3482\/revisions"}],"predecessor-version":[{"id":3484,"href":"https:\/\/web.consaguirre.com.ar\/noticias\/wp-json\/wp\/v2\/posts\/3482\/revisions\/3484"}],"wp:featuredmedia":[{"embeddable":true,"href":"https:\/\/web.consaguirre.com.ar\/noticias\/wp-json\/wp\/v2\/media\/3483"}],"wp:attachment":[{"href":"https:\/\/web.consaguirre.com.ar\/noticias\/wp-json\/wp\/v2\/media?parent=3482"}],"wp:term":[{"taxonomy":"category","embeddable":true,"href":"https:\/\/web.consaguirre.com.ar\/noticias\/wp-json\/wp\/v2\/categories?post=3482"},{"taxonomy":"post_tag","embeddable":true,"href":"https:\/\/web.consaguirre.com.ar\/noticias\/wp-json\/wp\/v2\/tags?post=3482"}],"curies":[{"name":"wp","href":"https:\/\/api.w.org\/{rel}","templated":true}]}}