{"id":3467,"date":"2025-08-18T17:38:12","date_gmt":"2025-08-18T20:38:12","guid":{"rendered":"https:\/\/web.consaguirre.com.ar\/noticias\/elvin-jones-puttin-it-together-obtiene-blue-note-classic-vinyl-series-reedic\/"},"modified":"2025-08-18T17:38:14","modified_gmt":"2025-08-18T20:38:14","slug":"elvin-jones-puttin-it-together-obtiene-blue-note-classic-vinyl-series-reedic","status":"publish","type":"post","link":"https:\/\/web.consaguirre.com.ar\/noticias\/elvin-jones-puttin-it-together-obtiene-blue-note-classic-vinyl-series-reedic\/","title":{"rendered":"Elvin Jones &#8221; Puttin &#8216;It Together&#8217; obtiene Blue Note Classic Vinyl Series Reedic"},"content":{"rendered":"<p dir=\"ltr\"><span data-ogsc=\"rgb(0, 0, 0)\">Debut en Blue Note de Elvin Jones de 1968 <\/span><em>Puttin &#8216;juntos<\/em><span data-ogsc=\"rgb(0, 0, 0)\">  est\u00e1 listo para ser reeditado por la etiqueta como parte de su serie cl\u00e1sica de reedici\u00f3n de vinilo. El \u00e1lbum se lanzar\u00e1 el 17 de octubre.<\/span><\/p>\n<p dir=\"ltr\"><em>Puttin &#8216;juntos<\/em><span data-ogsc=\"rgb(0, 0, 0)\">  Marc\u00f3 el comienzo de un nuevo cap\u00edtulo en la carrera del legendario baterista despu\u00e9s de sus seis a\u00f1os con el cuarteto seminal John Coltrane y la muerte de Coltrane en 1967. <\/span><\/p>\n<p dir=\"ltr\"><span data-ogsc=\"rgb(0, 0, 0)\">El \u00e1lbum de tr\u00edo de repuesto encontr\u00f3 a Jones involucrado en un di\u00e1logo a tres v\u00edas con el bajista Jimmy Garrison y el multi-instrumentalista Joe Farrell.<\/span><\/p>\n<p dir=\"ltr\"><em>Puttin &#8216;juntos<\/em><span data-ogsc=\"rgb(0, 0, 0)\">  Marc\u00f3 el comienzo de una carrera estelar para Jones, contribuyendo con sus propios \u00e1lbumes a la rica historia de Blue Note junto con los celebrados discos en los que interpret\u00f3 como Freddie Hubbard&#8217;s <\/span><em>Listo para Freddie<\/em><span data-ogsc=\"rgb(0, 0, 0)\">Wayne Shorter&#8217;s <\/span><em>No hablar mal<\/em><span data-ogsc=\"rgb(0, 0, 0)\">Joe Henderson <\/span><em>Impulso interno<\/em><span data-ogsc=\"rgb(0, 0, 0)\">Larry Young&#8217;s <\/span><em>Unidad<\/em><span data-ogsc=\"rgb(0, 0, 0)\">y McCoy Tyner&#8217;s <\/span><em>El verdadero McCoy<\/em><span data-ogsc=\"rgb(0, 0, 0)\">entre muchos otros. Despu\u00e9s de lanzar <\/span><span data-ogsc=\"rgb(0, 0, 0)\"><em>Puttin &#8216;juntos<\/em>, <\/span><span data-ogsc=\"rgb(0, 0, 0)\">Comenz\u00f3 a grabar una serie de \u00e1lbumes notables para el sello a principios de la d\u00e9cada de 1970 que inclu\u00eda <\/span><em>Lo \u00faltimo<\/em><span data-ogsc=\"rgb(0, 0, 0)\">, <\/span><span data-ogsc=\"rgb(0, 0, 0)\"><em>Poli-corriente<\/em>s<\/span><span data-ogsc=\"rgb(0, 0, 0)\">, <\/span><em>G\u00e9nesis<\/em><span data-ogsc=\"rgb(0, 0, 0)\">y <\/span><em>Sr. Jones<\/em><span data-ogsc=\"rgb(0, 0, 0)\">.<\/span><\/p>\n<p dir=\"ltr\">En una entrevista de 2002 con <em>Times de jazz<\/em><span data-ogsc=\"rgb(0, 0, 0)\">Jones reflexion\u00f3 sobre su discograf\u00eda y algunos de sus lanzamientos favoritos. Explic\u00f3 c\u00f3mo siempre ha sido parcial <\/span><em>Puttin &#8216;juntos<\/em><span data-ogsc=\"rgb(0, 0, 0)\">: &#8220;Me gustan todos, pero con mi horario, simplemente no tengo tiempo para sentarme y darme cuenta de lo que he hecho, un r\u00e9cord en comparaci\u00f3n con los otros &#8230; pero hay dos o tres que me gusta especialmente. Me gusta el primero que hice en Blue Note, <\/span><em>Puttin &#8216;juntos<\/em><span data-ogsc=\"rgb(0, 0, 0)\">  (1968) &#8211; Con el tr\u00edo de m\u00ed, Joe Farrell y Jimmy Garrison. Siempre me gust\u00f3 eso &#8220;.<\/span><\/p>\n<p dir=\"ltr\"><span data-ogsc=\"rgb(0, 0, 0)\">En esa misma entrevista, Jones tambi\u00e9n reflexion\u00f3 sobre su enfoque para tocar la bater\u00eda, un estilo que reverbera a trav\u00e9s de \u00e1lbumes cl\u00e1sicos como <\/span><em>Puttin &#8216;juntos<\/em><span data-ogsc=\"rgb(0, 0, 0)\">. \u00c9l explic\u00f3: &#8220;Lo \u00fanico que se me ocurre es que cuando toco la bater\u00eda, trato de tocarlos como un instrumento. No estoy tratando de tocar solo un estilo. Solo trato de interpretar la m\u00fasica como viene. Podr\u00eda tocar, si quisiera, en una banda de rock &#8216;n&#8217; Roll. Tocar\u00e9 la bater\u00eda &#8230; pero no voy a tocar la guitarra o algo as\u00ed&#8221;.<\/span><\/p>\n<p dir=\"ltr\">Compre la serie cl\u00e1sica de vinilo cl\u00e1sica de Blue Note ahora.<\/p>\n","protected":false},"excerpt":{"rendered":"<p>Debut en Blue Note de Elvin Jones de 1968 Puttin &#8216;juntos est\u00e1 listo para ser reeditado por la etiqueta como parte de su serie cl\u00e1sica<\/p>\n","protected":false},"author":1,"featured_media":3468,"comment_status":"closed","ping_status":"","sticky":false,"template":"","format":"standard","meta":{"footnotes":""},"categories":[50],"tags":[498,2436,3023,290,1238,800,3024,2851,1346,1997],"class_list":["post-3467","post","type-post","status-publish","format-standard","has-post-thumbnail","hentry","category-el-ultimo","tag-blue","tag-classic","tag-elvin","tag-jones","tag-note","tag-obtiene","tag-puttin","tag-reedic","tag-series","tag-vinyl","generate-columns","tablet-grid-50","mobile-grid-100","grid-parent","grid-50"],"yoast_head":"<!-- This site is optimized with the Yoast SEO plugin v23.3 - https:\/\/yoast.com\/wordpress\/plugins\/seo\/ -->\n<title>Elvin Jones &#039;&#039; Puttin &#039;It Together&#039; obtiene Blue Note Classic Vinyl Series Reedic<\/title>\n<meta name=\"robots\" content=\"index, follow, max-snippet:-1, max-image-preview:large, max-video-preview:-1\" \/>\n<link rel=\"canonical\" href=\"https:\/\/web.consaguirre.com.ar\/noticias\/elvin-jones-puttin-it-together-obtiene-blue-note-classic-vinyl-series-reedic\/\" \/>\n<meta property=\"og:locale\" content=\"es_ES\" \/>\n<meta property=\"og:type\" content=\"article\" \/>\n<meta property=\"og:title\" content=\"Elvin Jones &#039;&#039; Puttin &#039;It Together&#039; obtiene Blue Note Classic Vinyl Series Reedic\" \/>\n<meta property=\"og:description\" content=\"Debut en Blue Note de Elvin Jones de 1968 Puttin &#8216;juntos est\u00e1 listo para ser reeditado por la etiqueta como parte de su serie cl\u00e1sica\" \/>\n<meta property=\"og:url\" content=\"https:\/\/web.consaguirre.com.ar\/noticias\/elvin-jones-puttin-it-together-obtiene-blue-note-classic-vinyl-series-reedic\/\" \/>\n<meta property=\"og:site_name\" content=\"Conservatorio de M\u00fasica Juli\u00e1n Aguirre\" \/>\n<meta property=\"article:published_time\" content=\"2025-08-18T20:38:12+00:00\" \/>\n<meta property=\"article:modified_time\" content=\"2025-08-18T20:38:14+00:00\" \/>\n<meta property=\"og:image\" content=\"https:\/\/web.consaguirre.com.ar\/noticias\/wp-content\/uploads\/2025\/08\/1755549493_Elvin-Jones-Puttin-It-Together-obtiene-Blue-Note-Classic-Vinyl.jpg\" \/>\n\t<meta property=\"og:image:width\" content=\"1440\" \/>\n\t<meta property=\"og:image:height\" content=\"864\" \/>\n\t<meta property=\"og:image:type\" content=\"image\/jpeg\" \/>\n<meta name=\"author\" content=\"Javier Figueroa\" \/>\n<meta name=\"twitter:card\" content=\"summary_large_image\" \/>\n<meta name=\"twitter:label1\" content=\"Escrito por\" \/>\n\t<meta name=\"twitter:data1\" content=\"Javier Figueroa\" \/>\n\t<meta name=\"twitter:label2\" content=\"Tiempo de lectura\" \/>\n\t<meta name=\"twitter:data2\" content=\"2 minutos\" \/>\n<script type=\"application\/ld+json\" class=\"yoast-schema-graph\">{\"@context\":\"https:\/\/schema.org\",\"@graph\":[{\"@type\":\"Article\",\"@id\":\"https:\/\/web.consaguirre.com.ar\/noticias\/elvin-jones-puttin-it-together-obtiene-blue-note-classic-vinyl-series-reedic\/#article\",\"isPartOf\":{\"@id\":\"https:\/\/web.consaguirre.com.ar\/noticias\/elvin-jones-puttin-it-together-obtiene-blue-note-classic-vinyl-series-reedic\/\"},\"author\":{\"name\":\"Javier Figueroa\",\"@id\":\"https:\/\/web.consaguirre.com.ar\/noticias\/#\/schema\/person\/6558b0cfedee7ddc5425602b237d5722\"},\"headline\":\"Elvin Jones &#8221; Puttin &#8216;It Together&#8217; obtiene Blue Note Classic Vinyl Series Reedic\",\"datePublished\":\"2025-08-18T20:38:12+00:00\",\"dateModified\":\"2025-08-18T20:38:14+00:00\",\"mainEntityOfPage\":{\"@id\":\"https:\/\/web.consaguirre.com.ar\/noticias\/elvin-jones-puttin-it-together-obtiene-blue-note-classic-vinyl-series-reedic\/\"},\"wordCount\":413,\"publisher\":{\"@id\":\"https:\/\/web.consaguirre.com.ar\/noticias\/#organization\"},\"image\":{\"@id\":\"https:\/\/web.consaguirre.com.ar\/noticias\/elvin-jones-puttin-it-together-obtiene-blue-note-classic-vinyl-series-reedic\/#primaryimage\"},\"thumbnailUrl\":\"https:\/\/web.consaguirre.com.ar\/noticias\/wp-content\/uploads\/2025\/08\/1755549493_Elvin-Jones-Puttin-It-Together-obtiene-Blue-Note-Classic-Vinyl.jpg\",\"keywords\":[\"Blue\",\"Classic\",\"Elvin\",\"Jones\",\"Note\",\"obtiene\",\"Puttin\",\"Reedic\",\"series\",\"Vinyl\"],\"articleSection\":[\"El \u00faltimo\"],\"inLanguage\":\"es-AR\"},{\"@type\":\"WebPage\",\"@id\":\"https:\/\/web.consaguirre.com.ar\/noticias\/elvin-jones-puttin-it-together-obtiene-blue-note-classic-vinyl-series-reedic\/\",\"url\":\"https:\/\/web.consaguirre.com.ar\/noticias\/elvin-jones-puttin-it-together-obtiene-blue-note-classic-vinyl-series-reedic\/\",\"name\":\"Elvin Jones '' Puttin 'It Together' obtiene Blue Note Classic Vinyl Series Reedic\",\"isPartOf\":{\"@id\":\"https:\/\/web.consaguirre.com.ar\/noticias\/#website\"},\"primaryImageOfPage\":{\"@id\":\"https:\/\/web.consaguirre.com.ar\/noticias\/elvin-jones-puttin-it-together-obtiene-blue-note-classic-vinyl-series-reedic\/#primaryimage\"},\"image\":{\"@id\":\"https:\/\/web.consaguirre.com.ar\/noticias\/elvin-jones-puttin-it-together-obtiene-blue-note-classic-vinyl-series-reedic\/#primaryimage\"},\"thumbnailUrl\":\"https:\/\/web.consaguirre.com.ar\/noticias\/wp-content\/uploads\/2025\/08\/1755549493_Elvin-Jones-Puttin-It-Together-obtiene-Blue-Note-Classic-Vinyl.jpg\",\"datePublished\":\"2025-08-18T20:38:12+00:00\",\"dateModified\":\"2025-08-18T20:38:14+00:00\",\"breadcrumb\":{\"@id\":\"https:\/\/web.consaguirre.com.ar\/noticias\/elvin-jones-puttin-it-together-obtiene-blue-note-classic-vinyl-series-reedic\/#breadcrumb\"},\"inLanguage\":\"es-AR\",\"potentialAction\":[{\"@type\":\"ReadAction\",\"target\":[\"https:\/\/web.consaguirre.com.ar\/noticias\/elvin-jones-puttin-it-together-obtiene-blue-note-classic-vinyl-series-reedic\/\"]}]},{\"@type\":\"ImageObject\",\"inLanguage\":\"es-AR\",\"@id\":\"https:\/\/web.consaguirre.com.ar\/noticias\/elvin-jones-puttin-it-together-obtiene-blue-note-classic-vinyl-series-reedic\/#primaryimage\",\"url\":\"https:\/\/web.consaguirre.com.ar\/noticias\/wp-content\/uploads\/2025\/08\/1755549493_Elvin-Jones-Puttin-It-Together-obtiene-Blue-Note-Classic-Vinyl.jpg\",\"contentUrl\":\"https:\/\/web.consaguirre.com.ar\/noticias\/wp-content\/uploads\/2025\/08\/1755549493_Elvin-Jones-Puttin-It-Together-obtiene-Blue-Note-Classic-Vinyl.jpg\",\"width\":1440,\"height\":864,\"caption\":\"Elvin Jones '' Puttin 'It Together' obtiene Blue Note Classic Vinyl Series Reedic\"},{\"@type\":\"BreadcrumbList\",\"@id\":\"https:\/\/web.consaguirre.com.ar\/noticias\/elvin-jones-puttin-it-together-obtiene-blue-note-classic-vinyl-series-reedic\/#breadcrumb\",\"itemListElement\":[{\"@type\":\"ListItem\",\"position\":1,\"name\":\"Inicio\",\"item\":\"https:\/\/web.consaguirre.com.ar\/noticias\/\"},{\"@type\":\"ListItem\",\"position\":2,\"name\":\"Elvin Jones &#8221; Puttin &#8216;It Together&#8217; obtiene Blue Note Classic Vinyl Series Reedic\"}]},{\"@type\":\"WebSite\",\"@id\":\"https:\/\/web.consaguirre.com.ar\/noticias\/#website\",\"url\":\"https:\/\/web.consaguirre.com.ar\/noticias\/\",\"name\":\"Conservatorio de M\u00fasica Juli\u00e1n Aguirre\",\"description\":\"\",\"publisher\":{\"@id\":\"https:\/\/web.consaguirre.com.ar\/noticias\/#organization\"},\"potentialAction\":[{\"@type\":\"SearchAction\",\"target\":{\"@type\":\"EntryPoint\",\"urlTemplate\":\"https:\/\/web.consaguirre.com.ar\/noticias\/?s={search_term_string}\"},\"query-input\":\"required name=search_term_string\"}],\"inLanguage\":\"es-AR\"},{\"@type\":\"Organization\",\"@id\":\"https:\/\/web.consaguirre.com.ar\/noticias\/#organization\",\"name\":\"Conservatorio de M\u00fasica Juli\u00e1n Aguirre\",\"url\":\"https:\/\/web.consaguirre.com.ar\/noticias\/\",\"logo\":{\"@type\":\"ImageObject\",\"inLanguage\":\"es-AR\",\"@id\":\"https:\/\/web.consaguirre.com.ar\/noticias\/#\/schema\/logo\/image\/\",\"url\":\"https:\/\/web.consaguirre.com.ar\/noticias\/wp-content\/uploads\/2024\/08\/Banner-Aguirre-23.jpg\",\"contentUrl\":\"https:\/\/web.consaguirre.com.ar\/noticias\/wp-content\/uploads\/2024\/08\/Banner-Aguirre-23.jpg\",\"width\":1192,\"height\":600,\"caption\":\"Conservatorio de M\u00fasica Juli\u00e1n Aguirre\"},\"image\":{\"@id\":\"https:\/\/web.consaguirre.com.ar\/noticias\/#\/schema\/logo\/image\/\"}},{\"@type\":\"Person\",\"@id\":\"https:\/\/web.consaguirre.com.ar\/noticias\/#\/schema\/person\/6558b0cfedee7ddc5425602b237d5722\",\"name\":\"Javier Figueroa\",\"image\":{\"@type\":\"ImageObject\",\"inLanguage\":\"es-AR\",\"@id\":\"https:\/\/web.consaguirre.com.ar\/noticias\/#\/schema\/person\/image\/\",\"url\":\"https:\/\/web.consaguirre.com.ar\/noticias\/wp-content\/uploads\/2024\/08\/Consaguirre-scaled.jpg\",\"contentUrl\":\"https:\/\/web.consaguirre.com.ar\/noticias\/wp-content\/uploads\/2024\/08\/Consaguirre-scaled.jpg\",\"caption\":\"Javier Figueroa\"},\"description\":\"Me llamo Javier Figueroa y soy redactor para el sitio oficial del Conservatorio de M\u00fasica Juli\u00e1n Aguirre en Buenos Aires, consaguirre.com. Apasionado por la m\u00fasica y la escritura, me esfuerzo por destacar los talentos y eventos de nuestra prestigiosa instituci\u00f3n. Mi trayectoria se nutre de una profunda admiraci\u00f3n por los artistas, haciendo de cada art\u00edculo una celebraci\u00f3n de la creatividad y la cultura musical.\",\"sameAs\":[\"https:\/\/web.consaguirre.com.ar\/noticias\"]}]}<\/script>\n<!-- \/ Yoast SEO plugin. -->","yoast_head_json":{"title":"Elvin Jones '' Puttin 'It Together' obtiene Blue Note Classic Vinyl Series Reedic","robots":{"index":"index","follow":"follow","max-snippet":"max-snippet:-1","max-image-preview":"max-image-preview:large","max-video-preview":"max-video-preview:-1"},"canonical":"https:\/\/web.consaguirre.com.ar\/noticias\/elvin-jones-puttin-it-together-obtiene-blue-note-classic-vinyl-series-reedic\/","og_locale":"es_ES","og_type":"article","og_title":"Elvin Jones '' Puttin 'It Together' obtiene Blue Note Classic Vinyl Series Reedic","og_description":"Debut en Blue Note de Elvin Jones de 1968 Puttin &#8216;juntos est\u00e1 listo para ser reeditado por la etiqueta como parte de su serie cl\u00e1sica","og_url":"https:\/\/web.consaguirre.com.ar\/noticias\/elvin-jones-puttin-it-together-obtiene-blue-note-classic-vinyl-series-reedic\/","og_site_name":"Conservatorio de M\u00fasica Juli\u00e1n Aguirre","article_published_time":"2025-08-18T20:38:12+00:00","article_modified_time":"2025-08-18T20:38:14+00:00","og_image":[{"width":1440,"height":864,"url":"https:\/\/web.consaguirre.com.ar\/noticias\/wp-content\/uploads\/2025\/08\/1755549493_Elvin-Jones-Puttin-It-Together-obtiene-Blue-Note-Classic-Vinyl.jpg","type":"image\/jpeg"}],"author":"Javier Figueroa","twitter_card":"summary_large_image","twitter_misc":{"Escrito por":"Javier Figueroa","Tiempo de lectura":"2 minutos"},"schema":{"@context":"https:\/\/schema.org","@graph":[{"@type":"Article","@id":"https:\/\/web.consaguirre.com.ar\/noticias\/elvin-jones-puttin-it-together-obtiene-blue-note-classic-vinyl-series-reedic\/#article","isPartOf":{"@id":"https:\/\/web.consaguirre.com.ar\/noticias\/elvin-jones-puttin-it-together-obtiene-blue-note-classic-vinyl-series-reedic\/"},"author":{"name":"Javier Figueroa","@id":"https:\/\/web.consaguirre.com.ar\/noticias\/#\/schema\/person\/6558b0cfedee7ddc5425602b237d5722"},"headline":"Elvin Jones &#8221; Puttin &#8216;It Together&#8217; obtiene Blue Note Classic Vinyl Series Reedic","datePublished":"2025-08-18T20:38:12+00:00","dateModified":"2025-08-18T20:38:14+00:00","mainEntityOfPage":{"@id":"https:\/\/web.consaguirre.com.ar\/noticias\/elvin-jones-puttin-it-together-obtiene-blue-note-classic-vinyl-series-reedic\/"},"wordCount":413,"publisher":{"@id":"https:\/\/web.consaguirre.com.ar\/noticias\/#organization"},"image":{"@id":"https:\/\/web.consaguirre.com.ar\/noticias\/elvin-jones-puttin-it-together-obtiene-blue-note-classic-vinyl-series-reedic\/#primaryimage"},"thumbnailUrl":"https:\/\/web.consaguirre.com.ar\/noticias\/wp-content\/uploads\/2025\/08\/1755549493_Elvin-Jones-Puttin-It-Together-obtiene-Blue-Note-Classic-Vinyl.jpg","keywords":["Blue","Classic","Elvin","Jones","Note","obtiene","Puttin","Reedic","series","Vinyl"],"articleSection":["El \u00faltimo"],"inLanguage":"es-AR"},{"@type":"WebPage","@id":"https:\/\/web.consaguirre.com.ar\/noticias\/elvin-jones-puttin-it-together-obtiene-blue-note-classic-vinyl-series-reedic\/","url":"https:\/\/web.consaguirre.com.ar\/noticias\/elvin-jones-puttin-it-together-obtiene-blue-note-classic-vinyl-series-reedic\/","name":"Elvin Jones '' Puttin 'It Together' obtiene Blue Note Classic Vinyl Series Reedic","isPartOf":{"@id":"https:\/\/web.consaguirre.com.ar\/noticias\/#website"},"primaryImageOfPage":{"@id":"https:\/\/web.consaguirre.com.ar\/noticias\/elvin-jones-puttin-it-together-obtiene-blue-note-classic-vinyl-series-reedic\/#primaryimage"},"image":{"@id":"https:\/\/web.consaguirre.com.ar\/noticias\/elvin-jones-puttin-it-together-obtiene-blue-note-classic-vinyl-series-reedic\/#primaryimage"},"thumbnailUrl":"https:\/\/web.consaguirre.com.ar\/noticias\/wp-content\/uploads\/2025\/08\/1755549493_Elvin-Jones-Puttin-It-Together-obtiene-Blue-Note-Classic-Vinyl.jpg","datePublished":"2025-08-18T20:38:12+00:00","dateModified":"2025-08-18T20:38:14+00:00","breadcrumb":{"@id":"https:\/\/web.consaguirre.com.ar\/noticias\/elvin-jones-puttin-it-together-obtiene-blue-note-classic-vinyl-series-reedic\/#breadcrumb"},"inLanguage":"es-AR","potentialAction":[{"@type":"ReadAction","target":["https:\/\/web.consaguirre.com.ar\/noticias\/elvin-jones-puttin-it-together-obtiene-blue-note-classic-vinyl-series-reedic\/"]}]},{"@type":"ImageObject","inLanguage":"es-AR","@id":"https:\/\/web.consaguirre.com.ar\/noticias\/elvin-jones-puttin-it-together-obtiene-blue-note-classic-vinyl-series-reedic\/#primaryimage","url":"https:\/\/web.consaguirre.com.ar\/noticias\/wp-content\/uploads\/2025\/08\/1755549493_Elvin-Jones-Puttin-It-Together-obtiene-Blue-Note-Classic-Vinyl.jpg","contentUrl":"https:\/\/web.consaguirre.com.ar\/noticias\/wp-content\/uploads\/2025\/08\/1755549493_Elvin-Jones-Puttin-It-Together-obtiene-Blue-Note-Classic-Vinyl.jpg","width":1440,"height":864,"caption":"Elvin Jones '' Puttin 'It Together' obtiene Blue Note Classic Vinyl Series Reedic"},{"@type":"BreadcrumbList","@id":"https:\/\/web.consaguirre.com.ar\/noticias\/elvin-jones-puttin-it-together-obtiene-blue-note-classic-vinyl-series-reedic\/#breadcrumb","itemListElement":[{"@type":"ListItem","position":1,"name":"Inicio","item":"https:\/\/web.consaguirre.com.ar\/noticias\/"},{"@type":"ListItem","position":2,"name":"Elvin Jones &#8221; Puttin &#8216;It Together&#8217; obtiene Blue Note Classic Vinyl Series Reedic"}]},{"@type":"WebSite","@id":"https:\/\/web.consaguirre.com.ar\/noticias\/#website","url":"https:\/\/web.consaguirre.com.ar\/noticias\/","name":"Conservatorio de M\u00fasica Juli\u00e1n Aguirre","description":"","publisher":{"@id":"https:\/\/web.consaguirre.com.ar\/noticias\/#organization"},"potentialAction":[{"@type":"SearchAction","target":{"@type":"EntryPoint","urlTemplate":"https:\/\/web.consaguirre.com.ar\/noticias\/?s={search_term_string}"},"query-input":"required name=search_term_string"}],"inLanguage":"es-AR"},{"@type":"Organization","@id":"https:\/\/web.consaguirre.com.ar\/noticias\/#organization","name":"Conservatorio de M\u00fasica Juli\u00e1n Aguirre","url":"https:\/\/web.consaguirre.com.ar\/noticias\/","logo":{"@type":"ImageObject","inLanguage":"es-AR","@id":"https:\/\/web.consaguirre.com.ar\/noticias\/#\/schema\/logo\/image\/","url":"https:\/\/web.consaguirre.com.ar\/noticias\/wp-content\/uploads\/2024\/08\/Banner-Aguirre-23.jpg","contentUrl":"https:\/\/web.consaguirre.com.ar\/noticias\/wp-content\/uploads\/2024\/08\/Banner-Aguirre-23.jpg","width":1192,"height":600,"caption":"Conservatorio de M\u00fasica Juli\u00e1n Aguirre"},"image":{"@id":"https:\/\/web.consaguirre.com.ar\/noticias\/#\/schema\/logo\/image\/"}},{"@type":"Person","@id":"https:\/\/web.consaguirre.com.ar\/noticias\/#\/schema\/person\/6558b0cfedee7ddc5425602b237d5722","name":"Javier Figueroa","image":{"@type":"ImageObject","inLanguage":"es-AR","@id":"https:\/\/web.consaguirre.com.ar\/noticias\/#\/schema\/person\/image\/","url":"https:\/\/web.consaguirre.com.ar\/noticias\/wp-content\/uploads\/2024\/08\/Consaguirre-scaled.jpg","contentUrl":"https:\/\/web.consaguirre.com.ar\/noticias\/wp-content\/uploads\/2024\/08\/Consaguirre-scaled.jpg","caption":"Javier Figueroa"},"description":"Me llamo Javier Figueroa y soy redactor para el sitio oficial del Conservatorio de M\u00fasica Juli\u00e1n Aguirre en Buenos Aires, consaguirre.com. Apasionado por la m\u00fasica y la escritura, me esfuerzo por destacar los talentos y eventos de nuestra prestigiosa instituci\u00f3n. Mi trayectoria se nutre de una profunda admiraci\u00f3n por los artistas, haciendo de cada art\u00edculo una celebraci\u00f3n de la creatividad y la cultura musical.","sameAs":["https:\/\/web.consaguirre.com.ar\/noticias"]}]}},"_links":{"self":[{"href":"https:\/\/web.consaguirre.com.ar\/noticias\/wp-json\/wp\/v2\/posts\/3467"}],"collection":[{"href":"https:\/\/web.consaguirre.com.ar\/noticias\/wp-json\/wp\/v2\/posts"}],"about":[{"href":"https:\/\/web.consaguirre.com.ar\/noticias\/wp-json\/wp\/v2\/types\/post"}],"author":[{"embeddable":true,"href":"https:\/\/web.consaguirre.com.ar\/noticias\/wp-json\/wp\/v2\/users\/1"}],"replies":[{"embeddable":true,"href":"https:\/\/web.consaguirre.com.ar\/noticias\/wp-json\/wp\/v2\/comments?post=3467"}],"version-history":[{"count":1,"href":"https:\/\/web.consaguirre.com.ar\/noticias\/wp-json\/wp\/v2\/posts\/3467\/revisions"}],"predecessor-version":[{"id":3469,"href":"https:\/\/web.consaguirre.com.ar\/noticias\/wp-json\/wp\/v2\/posts\/3467\/revisions\/3469"}],"wp:featuredmedia":[{"embeddable":true,"href":"https:\/\/web.consaguirre.com.ar\/noticias\/wp-json\/wp\/v2\/media\/3468"}],"wp:attachment":[{"href":"https:\/\/web.consaguirre.com.ar\/noticias\/wp-json\/wp\/v2\/media?parent=3467"}],"wp:term":[{"taxonomy":"category","embeddable":true,"href":"https:\/\/web.consaguirre.com.ar\/noticias\/wp-json\/wp\/v2\/categories?post=3467"},{"taxonomy":"post_tag","embeddable":true,"href":"https:\/\/web.consaguirre.com.ar\/noticias\/wp-json\/wp\/v2\/tags?post=3467"}],"curies":[{"name":"wp","href":"https:\/\/api.w.org\/{rel}","templated":true}]}}