{"id":3464,"date":"2025-08-18T14:38:18","date_gmt":"2025-08-18T17:38:18","guid":{"rendered":"https:\/\/web.consaguirre.com.ar\/noticias\/bastille-comparte-conclusion-a-la-serie-amperandand\/"},"modified":"2025-08-18T14:38:19","modified_gmt":"2025-08-18T17:38:19","slug":"bastille-comparte-conclusion-a-la-serie-amperandand","status":"publish","type":"post","link":"https:\/\/web.consaguirre.com.ar\/noticias\/bastille-comparte-conclusion-a-la-serie-amperandand\/","title":{"rendered":"Bastille comparte conclusi\u00f3n a la serie &#8216;amperandand&#8217;"},"content":{"rendered":"<p>Bastille ha compartido una nueva colecci\u00f3n de canciones. <em>&#8220;&#038;&#8221; (Ampersand), Parte Cuatro<\/em> es la conclusi\u00f3n de una serie de que Dan Smith comenz\u00f3 en 2024. El proyecto tiene como objetivo contar historias sobre vidas entrelazadas, personas que se unen de la manera que honra a los ampers y a s\u00ed mismo.<\/p>\n<p>El EP presenta &#8220;Aburrido y Overboard (Pandora&#8217;s Box)&#8221;, un confesionario envuelto en el mito. Otras pistas incluyen &#8220;Bonnie &#038; Clyde&#8221;, un romance moderno de Outlaw, un recuento b\u00edblico en &#8220;Bathsheba &#038; Him&#8221; y la introspectiva &#8220;My Head &#038; the Glass&#8221;. <em>Cuarta parte<\/em> Incluye grabaciones en vivo de Bonus de las sesiones de la Galer\u00eda Intimate Turner de Arte.<\/p>\n<p>&#8220;Aunque es un \u00e1lbum sobre otras personas, sigue siendo un \u00e1lbum realmente personal para m\u00ed&#8221;, dijo Smith a <em>Choque<\/em>. &#8220;Es como una verdadera instant\u00e1nea en un momento de mi vida y la idea detr\u00e1s de todo el proyecto era hacer algo que se incline en los bits que me encantan, que est\u00e1 escribiendo, y el tipo de aislamiento que viene con eso y tambi\u00e9n con la imaginaci\u00f3n, el proceso de investigaci\u00f3n, y luego poner eso a un lado y realmente inclinarse en la parte colaborativa del proceso&#8221;.<\/p>\n<div class=\"uD-YT-container\"><img decoding=\"async\" src=\"https:\/\/web.consaguirre.com.ar\/noticias\/wp-content\/uploads\/2025\/08\/1755538698_506_Bastille-comparte-conclusion-a-la-serie-amperandand.jpg\" alt=\"Video de YouTube\"><br \/>Haga clic para cargar video<\/div>\n<p>El a\u00f1o pasado, como parte del <em>&#8220;&#038;&#8221; (Ampersand)<\/em> Proyecto, Bastille lanz\u00f3 &#8220;Eve &#038; Paradise Lost&#8221;, una canci\u00f3n que explora la injusticia y el desequilibrio fundamental en el amor entre Eva y Ad\u00e1n. El video musical est\u00e1 protagonizado por la actriz brit\u00e1nica Simone Ashley (<em>Bridgerton<\/em>, <em>Educaci\u00f3n sexual<\/em>) y est\u00e1 dirigido por el director, escritor y actor galardonado de BAFTA, Dominic Savage.<\/p>\n<p>Smith comenz\u00f3 a desarrollar <em>&#8220;&#038;&#8221; (Ampersand)<\/em> En 2020, sentirse motivado para seguir un proyecto m\u00e1s gentil. El proceso de escritura lo llev\u00f3 de regreso a un momento antes del debut de Bastille 2013 <em>Mala sangre<\/em>en la que escribi\u00f3 todas las canciones en solitario. <em>&#038; (Ampersand)<\/em> Lleg\u00f3 con un podcast co-anfitri\u00f3n por Smith y la acad\u00e9mica Emma Nagouse. <em>Musas: un podcast &#8216;Ampersand&#8217;<\/em> Explora las figuras hist\u00f3ricas presentadas en la m\u00fasica, incluida el pintor Edvard Munch, Leonard Cohen y Marianne Ihlen, y la propia familia de Smith.<\/p><\/p>\n","protected":false},"excerpt":{"rendered":"<p>Bastille ha compartido una nueva colecci\u00f3n de canciones. &#8220;&#038;&#8221; (Ampersand), Parte Cuatro es la conclusi\u00f3n de una serie de que Dan Smith comenz\u00f3 en 2024.<\/p>\n","protected":false},"author":1,"featured_media":3465,"comment_status":"closed","ping_status":"","sticky":false,"template":"","format":"standard","meta":{"footnotes":""},"categories":[50],"tags":[3022,1352,201,3021,220],"class_list":["post-3464","post","type-post","status-publish","format-standard","has-post-thumbnail","hentry","category-el-ultimo","tag-amperandand","tag-bastille","tag-comparte","tag-conclusion","tag-serie","generate-columns","tablet-grid-50","mobile-grid-100","grid-parent","grid-50"],"yoast_head":"<!-- This site is optimized with the Yoast SEO plugin v23.3 - https:\/\/yoast.com\/wordpress\/plugins\/seo\/ -->\n<title>Bastille comparte conclusi\u00f3n a la serie &#039;amperandand&#039;<\/title>\n<meta name=\"robots\" content=\"index, follow, max-snippet:-1, max-image-preview:large, max-video-preview:-1\" \/>\n<link rel=\"canonical\" href=\"https:\/\/web.consaguirre.com.ar\/noticias\/bastille-comparte-conclusion-a-la-serie-amperandand\/\" \/>\n<meta property=\"og:locale\" content=\"es_ES\" \/>\n<meta property=\"og:type\" content=\"article\" \/>\n<meta property=\"og:title\" content=\"Bastille comparte conclusi\u00f3n a la serie &#039;amperandand&#039;\" \/>\n<meta property=\"og:description\" content=\"Bastille ha compartido una nueva colecci\u00f3n de canciones. &#8220;&#038;&#8221; (Ampersand), Parte Cuatro es la conclusi\u00f3n de una serie de que Dan Smith comenz\u00f3 en 2024.\" \/>\n<meta property=\"og:url\" content=\"https:\/\/web.consaguirre.com.ar\/noticias\/bastille-comparte-conclusion-a-la-serie-amperandand\/\" \/>\n<meta property=\"og:site_name\" content=\"Conservatorio de M\u00fasica Juli\u00e1n Aguirre\" \/>\n<meta property=\"article:published_time\" content=\"2025-08-18T17:38:18+00:00\" \/>\n<meta property=\"article:modified_time\" content=\"2025-08-18T17:38:19+00:00\" \/>\n<meta property=\"og:image\" content=\"https:\/\/web.consaguirre.com.ar\/noticias\/wp-content\/uploads\/2025\/08\/1755538698_Bastille-comparte-conclusion-a-la-serie-amperandand.jpg\" \/>\n\t<meta property=\"og:image:width\" content=\"1280\" \/>\n\t<meta property=\"og:image:height\" content=\"1280\" \/>\n\t<meta property=\"og:image:type\" content=\"image\/jpeg\" \/>\n<meta name=\"author\" content=\"Javier Figueroa\" \/>\n<meta name=\"twitter:card\" content=\"summary_large_image\" \/>\n<meta name=\"twitter:label1\" content=\"Escrito por\" \/>\n\t<meta name=\"twitter:data1\" content=\"Javier Figueroa\" \/>\n\t<meta name=\"twitter:label2\" content=\"Tiempo de lectura\" \/>\n\t<meta name=\"twitter:data2\" content=\"2 minutos\" \/>\n<script type=\"application\/ld+json\" class=\"yoast-schema-graph\">{\"@context\":\"https:\/\/schema.org\",\"@graph\":[{\"@type\":\"Article\",\"@id\":\"https:\/\/web.consaguirre.com.ar\/noticias\/bastille-comparte-conclusion-a-la-serie-amperandand\/#article\",\"isPartOf\":{\"@id\":\"https:\/\/web.consaguirre.com.ar\/noticias\/bastille-comparte-conclusion-a-la-serie-amperandand\/\"},\"author\":{\"name\":\"Javier Figueroa\",\"@id\":\"https:\/\/web.consaguirre.com.ar\/noticias\/#\/schema\/person\/6558b0cfedee7ddc5425602b237d5722\"},\"headline\":\"Bastille comparte conclusi\u00f3n a la serie &#8216;amperandand&#8217;\",\"datePublished\":\"2025-08-18T17:38:18+00:00\",\"dateModified\":\"2025-08-18T17:38:19+00:00\",\"mainEntityOfPage\":{\"@id\":\"https:\/\/web.consaguirre.com.ar\/noticias\/bastille-comparte-conclusion-a-la-serie-amperandand\/\"},\"wordCount\":363,\"publisher\":{\"@id\":\"https:\/\/web.consaguirre.com.ar\/noticias\/#organization\"},\"image\":{\"@id\":\"https:\/\/web.consaguirre.com.ar\/noticias\/bastille-comparte-conclusion-a-la-serie-amperandand\/#primaryimage\"},\"thumbnailUrl\":\"https:\/\/web.consaguirre.com.ar\/noticias\/wp-content\/uploads\/2025\/08\/1755538698_Bastille-comparte-conclusion-a-la-serie-amperandand.jpg\",\"keywords\":[\"amperandand\",\"Bastille\",\"comparte\",\"conclusi\u00f3n\",\"serie\"],\"articleSection\":[\"El \u00faltimo\"],\"inLanguage\":\"es-AR\"},{\"@type\":\"WebPage\",\"@id\":\"https:\/\/web.consaguirre.com.ar\/noticias\/bastille-comparte-conclusion-a-la-serie-amperandand\/\",\"url\":\"https:\/\/web.consaguirre.com.ar\/noticias\/bastille-comparte-conclusion-a-la-serie-amperandand\/\",\"name\":\"Bastille comparte conclusi\u00f3n a la serie 'amperandand'\",\"isPartOf\":{\"@id\":\"https:\/\/web.consaguirre.com.ar\/noticias\/#website\"},\"primaryImageOfPage\":{\"@id\":\"https:\/\/web.consaguirre.com.ar\/noticias\/bastille-comparte-conclusion-a-la-serie-amperandand\/#primaryimage\"},\"image\":{\"@id\":\"https:\/\/web.consaguirre.com.ar\/noticias\/bastille-comparte-conclusion-a-la-serie-amperandand\/#primaryimage\"},\"thumbnailUrl\":\"https:\/\/web.consaguirre.com.ar\/noticias\/wp-content\/uploads\/2025\/08\/1755538698_Bastille-comparte-conclusion-a-la-serie-amperandand.jpg\",\"datePublished\":\"2025-08-18T17:38:18+00:00\",\"dateModified\":\"2025-08-18T17:38:19+00:00\",\"breadcrumb\":{\"@id\":\"https:\/\/web.consaguirre.com.ar\/noticias\/bastille-comparte-conclusion-a-la-serie-amperandand\/#breadcrumb\"},\"inLanguage\":\"es-AR\",\"potentialAction\":[{\"@type\":\"ReadAction\",\"target\":[\"https:\/\/web.consaguirre.com.ar\/noticias\/bastille-comparte-conclusion-a-la-serie-amperandand\/\"]}]},{\"@type\":\"ImageObject\",\"inLanguage\":\"es-AR\",\"@id\":\"https:\/\/web.consaguirre.com.ar\/noticias\/bastille-comparte-conclusion-a-la-serie-amperandand\/#primaryimage\",\"url\":\"https:\/\/web.consaguirre.com.ar\/noticias\/wp-content\/uploads\/2025\/08\/1755538698_Bastille-comparte-conclusion-a-la-serie-amperandand.jpg\",\"contentUrl\":\"https:\/\/web.consaguirre.com.ar\/noticias\/wp-content\/uploads\/2025\/08\/1755538698_Bastille-comparte-conclusion-a-la-serie-amperandand.jpg\",\"width\":1280,\"height\":1280,\"caption\":\"Bastille comparte conclusi\u00f3n a la serie 'amperandand'\"},{\"@type\":\"BreadcrumbList\",\"@id\":\"https:\/\/web.consaguirre.com.ar\/noticias\/bastille-comparte-conclusion-a-la-serie-amperandand\/#breadcrumb\",\"itemListElement\":[{\"@type\":\"ListItem\",\"position\":1,\"name\":\"Inicio\",\"item\":\"https:\/\/web.consaguirre.com.ar\/noticias\/\"},{\"@type\":\"ListItem\",\"position\":2,\"name\":\"Bastille comparte conclusi\u00f3n a la serie &#8216;amperandand&#8217;\"}]},{\"@type\":\"WebSite\",\"@id\":\"https:\/\/web.consaguirre.com.ar\/noticias\/#website\",\"url\":\"https:\/\/web.consaguirre.com.ar\/noticias\/\",\"name\":\"Conservatorio de M\u00fasica Juli\u00e1n Aguirre\",\"description\":\"\",\"publisher\":{\"@id\":\"https:\/\/web.consaguirre.com.ar\/noticias\/#organization\"},\"potentialAction\":[{\"@type\":\"SearchAction\",\"target\":{\"@type\":\"EntryPoint\",\"urlTemplate\":\"https:\/\/web.consaguirre.com.ar\/noticias\/?s={search_term_string}\"},\"query-input\":\"required name=search_term_string\"}],\"inLanguage\":\"es-AR\"},{\"@type\":\"Organization\",\"@id\":\"https:\/\/web.consaguirre.com.ar\/noticias\/#organization\",\"name\":\"Conservatorio de M\u00fasica Juli\u00e1n Aguirre\",\"url\":\"https:\/\/web.consaguirre.com.ar\/noticias\/\",\"logo\":{\"@type\":\"ImageObject\",\"inLanguage\":\"es-AR\",\"@id\":\"https:\/\/web.consaguirre.com.ar\/noticias\/#\/schema\/logo\/image\/\",\"url\":\"https:\/\/web.consaguirre.com.ar\/noticias\/wp-content\/uploads\/2024\/08\/Banner-Aguirre-23.jpg\",\"contentUrl\":\"https:\/\/web.consaguirre.com.ar\/noticias\/wp-content\/uploads\/2024\/08\/Banner-Aguirre-23.jpg\",\"width\":1192,\"height\":600,\"caption\":\"Conservatorio de M\u00fasica Juli\u00e1n Aguirre\"},\"image\":{\"@id\":\"https:\/\/web.consaguirre.com.ar\/noticias\/#\/schema\/logo\/image\/\"}},{\"@type\":\"Person\",\"@id\":\"https:\/\/web.consaguirre.com.ar\/noticias\/#\/schema\/person\/6558b0cfedee7ddc5425602b237d5722\",\"name\":\"Javier Figueroa\",\"image\":{\"@type\":\"ImageObject\",\"inLanguage\":\"es-AR\",\"@id\":\"https:\/\/web.consaguirre.com.ar\/noticias\/#\/schema\/person\/image\/\",\"url\":\"https:\/\/web.consaguirre.com.ar\/noticias\/wp-content\/uploads\/2024\/08\/Consaguirre-scaled.jpg\",\"contentUrl\":\"https:\/\/web.consaguirre.com.ar\/noticias\/wp-content\/uploads\/2024\/08\/Consaguirre-scaled.jpg\",\"caption\":\"Javier Figueroa\"},\"description\":\"Me llamo Javier Figueroa y soy redactor para el sitio oficial del Conservatorio de M\u00fasica Juli\u00e1n Aguirre en Buenos Aires, consaguirre.com. Apasionado por la m\u00fasica y la escritura, me esfuerzo por destacar los talentos y eventos de nuestra prestigiosa instituci\u00f3n. Mi trayectoria se nutre de una profunda admiraci\u00f3n por los artistas, haciendo de cada art\u00edculo una celebraci\u00f3n de la creatividad y la cultura musical.\",\"sameAs\":[\"https:\/\/web.consaguirre.com.ar\/noticias\"]}]}<\/script>\n<!-- \/ Yoast SEO plugin. -->","yoast_head_json":{"title":"Bastille comparte conclusi\u00f3n a la serie 'amperandand'","robots":{"index":"index","follow":"follow","max-snippet":"max-snippet:-1","max-image-preview":"max-image-preview:large","max-video-preview":"max-video-preview:-1"},"canonical":"https:\/\/web.consaguirre.com.ar\/noticias\/bastille-comparte-conclusion-a-la-serie-amperandand\/","og_locale":"es_ES","og_type":"article","og_title":"Bastille comparte conclusi\u00f3n a la serie 'amperandand'","og_description":"Bastille ha compartido una nueva colecci\u00f3n de canciones. &#8220;&#038;&#8221; (Ampersand), Parte Cuatro es la conclusi\u00f3n de una serie de que Dan Smith comenz\u00f3 en 2024.","og_url":"https:\/\/web.consaguirre.com.ar\/noticias\/bastille-comparte-conclusion-a-la-serie-amperandand\/","og_site_name":"Conservatorio de M\u00fasica Juli\u00e1n Aguirre","article_published_time":"2025-08-18T17:38:18+00:00","article_modified_time":"2025-08-18T17:38:19+00:00","og_image":[{"width":1280,"height":1280,"url":"https:\/\/web.consaguirre.com.ar\/noticias\/wp-content\/uploads\/2025\/08\/1755538698_Bastille-comparte-conclusion-a-la-serie-amperandand.jpg","type":"image\/jpeg"}],"author":"Javier Figueroa","twitter_card":"summary_large_image","twitter_misc":{"Escrito por":"Javier Figueroa","Tiempo de lectura":"2 minutos"},"schema":{"@context":"https:\/\/schema.org","@graph":[{"@type":"Article","@id":"https:\/\/web.consaguirre.com.ar\/noticias\/bastille-comparte-conclusion-a-la-serie-amperandand\/#article","isPartOf":{"@id":"https:\/\/web.consaguirre.com.ar\/noticias\/bastille-comparte-conclusion-a-la-serie-amperandand\/"},"author":{"name":"Javier Figueroa","@id":"https:\/\/web.consaguirre.com.ar\/noticias\/#\/schema\/person\/6558b0cfedee7ddc5425602b237d5722"},"headline":"Bastille comparte conclusi\u00f3n a la serie &#8216;amperandand&#8217;","datePublished":"2025-08-18T17:38:18+00:00","dateModified":"2025-08-18T17:38:19+00:00","mainEntityOfPage":{"@id":"https:\/\/web.consaguirre.com.ar\/noticias\/bastille-comparte-conclusion-a-la-serie-amperandand\/"},"wordCount":363,"publisher":{"@id":"https:\/\/web.consaguirre.com.ar\/noticias\/#organization"},"image":{"@id":"https:\/\/web.consaguirre.com.ar\/noticias\/bastille-comparte-conclusion-a-la-serie-amperandand\/#primaryimage"},"thumbnailUrl":"https:\/\/web.consaguirre.com.ar\/noticias\/wp-content\/uploads\/2025\/08\/1755538698_Bastille-comparte-conclusion-a-la-serie-amperandand.jpg","keywords":["amperandand","Bastille","comparte","conclusi\u00f3n","serie"],"articleSection":["El \u00faltimo"],"inLanguage":"es-AR"},{"@type":"WebPage","@id":"https:\/\/web.consaguirre.com.ar\/noticias\/bastille-comparte-conclusion-a-la-serie-amperandand\/","url":"https:\/\/web.consaguirre.com.ar\/noticias\/bastille-comparte-conclusion-a-la-serie-amperandand\/","name":"Bastille comparte conclusi\u00f3n a la serie 'amperandand'","isPartOf":{"@id":"https:\/\/web.consaguirre.com.ar\/noticias\/#website"},"primaryImageOfPage":{"@id":"https:\/\/web.consaguirre.com.ar\/noticias\/bastille-comparte-conclusion-a-la-serie-amperandand\/#primaryimage"},"image":{"@id":"https:\/\/web.consaguirre.com.ar\/noticias\/bastille-comparte-conclusion-a-la-serie-amperandand\/#primaryimage"},"thumbnailUrl":"https:\/\/web.consaguirre.com.ar\/noticias\/wp-content\/uploads\/2025\/08\/1755538698_Bastille-comparte-conclusion-a-la-serie-amperandand.jpg","datePublished":"2025-08-18T17:38:18+00:00","dateModified":"2025-08-18T17:38:19+00:00","breadcrumb":{"@id":"https:\/\/web.consaguirre.com.ar\/noticias\/bastille-comparte-conclusion-a-la-serie-amperandand\/#breadcrumb"},"inLanguage":"es-AR","potentialAction":[{"@type":"ReadAction","target":["https:\/\/web.consaguirre.com.ar\/noticias\/bastille-comparte-conclusion-a-la-serie-amperandand\/"]}]},{"@type":"ImageObject","inLanguage":"es-AR","@id":"https:\/\/web.consaguirre.com.ar\/noticias\/bastille-comparte-conclusion-a-la-serie-amperandand\/#primaryimage","url":"https:\/\/web.consaguirre.com.ar\/noticias\/wp-content\/uploads\/2025\/08\/1755538698_Bastille-comparte-conclusion-a-la-serie-amperandand.jpg","contentUrl":"https:\/\/web.consaguirre.com.ar\/noticias\/wp-content\/uploads\/2025\/08\/1755538698_Bastille-comparte-conclusion-a-la-serie-amperandand.jpg","width":1280,"height":1280,"caption":"Bastille comparte conclusi\u00f3n a la serie 'amperandand'"},{"@type":"BreadcrumbList","@id":"https:\/\/web.consaguirre.com.ar\/noticias\/bastille-comparte-conclusion-a-la-serie-amperandand\/#breadcrumb","itemListElement":[{"@type":"ListItem","position":1,"name":"Inicio","item":"https:\/\/web.consaguirre.com.ar\/noticias\/"},{"@type":"ListItem","position":2,"name":"Bastille comparte conclusi\u00f3n a la serie &#8216;amperandand&#8217;"}]},{"@type":"WebSite","@id":"https:\/\/web.consaguirre.com.ar\/noticias\/#website","url":"https:\/\/web.consaguirre.com.ar\/noticias\/","name":"Conservatorio de M\u00fasica Juli\u00e1n Aguirre","description":"","publisher":{"@id":"https:\/\/web.consaguirre.com.ar\/noticias\/#organization"},"potentialAction":[{"@type":"SearchAction","target":{"@type":"EntryPoint","urlTemplate":"https:\/\/web.consaguirre.com.ar\/noticias\/?s={search_term_string}"},"query-input":"required name=search_term_string"}],"inLanguage":"es-AR"},{"@type":"Organization","@id":"https:\/\/web.consaguirre.com.ar\/noticias\/#organization","name":"Conservatorio de M\u00fasica Juli\u00e1n Aguirre","url":"https:\/\/web.consaguirre.com.ar\/noticias\/","logo":{"@type":"ImageObject","inLanguage":"es-AR","@id":"https:\/\/web.consaguirre.com.ar\/noticias\/#\/schema\/logo\/image\/","url":"https:\/\/web.consaguirre.com.ar\/noticias\/wp-content\/uploads\/2024\/08\/Banner-Aguirre-23.jpg","contentUrl":"https:\/\/web.consaguirre.com.ar\/noticias\/wp-content\/uploads\/2024\/08\/Banner-Aguirre-23.jpg","width":1192,"height":600,"caption":"Conservatorio de M\u00fasica Juli\u00e1n Aguirre"},"image":{"@id":"https:\/\/web.consaguirre.com.ar\/noticias\/#\/schema\/logo\/image\/"}},{"@type":"Person","@id":"https:\/\/web.consaguirre.com.ar\/noticias\/#\/schema\/person\/6558b0cfedee7ddc5425602b237d5722","name":"Javier Figueroa","image":{"@type":"ImageObject","inLanguage":"es-AR","@id":"https:\/\/web.consaguirre.com.ar\/noticias\/#\/schema\/person\/image\/","url":"https:\/\/web.consaguirre.com.ar\/noticias\/wp-content\/uploads\/2024\/08\/Consaguirre-scaled.jpg","contentUrl":"https:\/\/web.consaguirre.com.ar\/noticias\/wp-content\/uploads\/2024\/08\/Consaguirre-scaled.jpg","caption":"Javier Figueroa"},"description":"Me llamo Javier Figueroa y soy redactor para el sitio oficial del Conservatorio de M\u00fasica Juli\u00e1n Aguirre en Buenos Aires, consaguirre.com. Apasionado por la m\u00fasica y la escritura, me esfuerzo por destacar los talentos y eventos de nuestra prestigiosa instituci\u00f3n. Mi trayectoria se nutre de una profunda admiraci\u00f3n por los artistas, haciendo de cada art\u00edculo una celebraci\u00f3n de la creatividad y la cultura musical.","sameAs":["https:\/\/web.consaguirre.com.ar\/noticias"]}]}},"_links":{"self":[{"href":"https:\/\/web.consaguirre.com.ar\/noticias\/wp-json\/wp\/v2\/posts\/3464"}],"collection":[{"href":"https:\/\/web.consaguirre.com.ar\/noticias\/wp-json\/wp\/v2\/posts"}],"about":[{"href":"https:\/\/web.consaguirre.com.ar\/noticias\/wp-json\/wp\/v2\/types\/post"}],"author":[{"embeddable":true,"href":"https:\/\/web.consaguirre.com.ar\/noticias\/wp-json\/wp\/v2\/users\/1"}],"replies":[{"embeddable":true,"href":"https:\/\/web.consaguirre.com.ar\/noticias\/wp-json\/wp\/v2\/comments?post=3464"}],"version-history":[{"count":1,"href":"https:\/\/web.consaguirre.com.ar\/noticias\/wp-json\/wp\/v2\/posts\/3464\/revisions"}],"predecessor-version":[{"id":3466,"href":"https:\/\/web.consaguirre.com.ar\/noticias\/wp-json\/wp\/v2\/posts\/3464\/revisions\/3466"}],"wp:featuredmedia":[{"embeddable":true,"href":"https:\/\/web.consaguirre.com.ar\/noticias\/wp-json\/wp\/v2\/media\/3465"}],"wp:attachment":[{"href":"https:\/\/web.consaguirre.com.ar\/noticias\/wp-json\/wp\/v2\/media?parent=3464"}],"wp:term":[{"taxonomy":"category","embeddable":true,"href":"https:\/\/web.consaguirre.com.ar\/noticias\/wp-json\/wp\/v2\/categories?post=3464"},{"taxonomy":"post_tag","embeddable":true,"href":"https:\/\/web.consaguirre.com.ar\/noticias\/wp-json\/wp\/v2\/tags?post=3464"}],"curies":[{"name":"wp","href":"https:\/\/api.w.org\/{rel}","templated":true}]}}