{"id":3456,"date":"2025-08-15T20:38:23","date_gmt":"2025-08-15T23:38:23","guid":{"rendered":"https:\/\/web.consaguirre.com.ar\/noticias\/louis-naidorf-arquitecto-que-diseno-capitol-records-building-muere-a-96\/"},"modified":"2025-08-15T20:38:24","modified_gmt":"2025-08-15T23:38:24","slug":"louis-naidorf-arquitecto-que-diseno-capitol-records-building-muere-a-96","status":"publish","type":"post","link":"https:\/\/web.consaguirre.com.ar\/noticias\/louis-naidorf-arquitecto-que-diseno-capitol-records-building-muere-a-96\/","title":{"rendered":"Louis Naidorf, arquitecto que dise\u00f1\u00f3 Capitol Records Building, muere a 96"},"content":{"rendered":"<p dir=\"ltr\">Louis Naidorf, el arquitecto detr\u00e1s del ic\u00f3nico edificio de Capitol Records de Los \u00c1ngeles, muri\u00f3 el mi\u00e9rcoles por la noche a la edad de 96 a\u00f1os. Su muerte, confirmada por un amigo de toda la vida. <span data-ogsc=\"rgb(51, 51, 51)\">Mike Harkins se atribuy\u00f3 a causas naturales. Pamela Chelin lo inform\u00f3 por primera vez para el <em>Times LA<\/em>.<\/span><\/p>\n<p dir=\"ltr\"><span data-ogsc=\"rgb(51, 51, 51)\">Aunque Naidorf es mejor conocido por su trabajo en el edificio de los registros del Capitolio, que se erigi\u00f3 en 1956 y fue designado oficialmente un monumento cultural hist\u00f3rico de Los \u00c1ngeles en 2006, tambi\u00e9n es la mente detr\u00e1s de innumerables puntos de referencia de Los \u00c1ngeles. Estos incluyen el Auditorio C\u00edvico de Santa M\u00f3nica, el ahora demolido La Memorial Sports Arena, el Beverly Center, el Hotel Beverly Hilton y el Edificio Estatal Ronald Reagan. Su licencia de arquitectura, que obtuvo en 1952, es la licencia activa m\u00e1s antigua de California <\/span><\/p>\n<p dir=\"ltr\"><span data-ogsc=\"rgb(51, 51, 51)\">Su trabajo e influencia tambi\u00e9n se extendieron mucho m\u00e1s all\u00e1 de Los \u00c1ngeles. Naidorf encabez\u00f3 la restauraci\u00f3n de seis a\u00f1os del Capitolio del Estado de California en Sacramento, y dise\u00f1\u00f3 al ex presidente Gerald Ford y Rancho Mirage Residence de la primera dama Betty Ford. Dise\u00f1\u00f3 la torre Chase de Phoenix, el edificio del Banco Nacional FKA Valley, que es la estructura m\u00e1s alta de Arizona, as\u00ed como el Hyatt Regency Dallas y su torre de reuni\u00f3n adyacente. <\/span><\/p>\n<p dir=\"ltr\"><span data-ogsc=\"rgb(51, 51, 51)\">Como inform\u00f3 Chelin, Naidorf naci\u00f3 en Los \u00c1ngeles el 15 de agosto de 1928 de los padres Jack y Meriam Naidorf. Louis comenz\u00f3 a dibujar a las ciudades de su propio dise\u00f1o a partir de los 8 a\u00f1os, y recibi\u00f3 su primer conjunto de herramientas de redacci\u00f3n para su cumplea\u00f1os n\u00famero 13. <\/span><span data-ogsc=\"rgb(51, 51, 51)\">A los 21 a\u00f1os, fue contratado reci\u00e9n salido de la escuela en la estimada firma Welton Becket and Associates. Tres a\u00f1os despu\u00e9s, la empresa lo llev\u00f3 a un &#8220;Proyecto X&#8221; secreto, que result\u00f3 ser el desarrollo del edificio de registros del Capitolio. Propuso un edificio redondo, afirmando a\u00fan m\u00e1s que esperaba dise\u00f1ar un &#8220;edificio feliz&#8221; tanto para sus habitantes como para los espectadores ciudadanos. Su carrera con Welton Becket y Associates lo vio ganar m\u00faltiples honores, incluido el AIA California Lifetime Achievement Award en 2009<\/span><\/p>\n<p dir=\"ltr\"><span data-ogsc=\"rgb(51, 51, 51)\">Mucho despu\u00e9s de que se estableci\u00f3 como una figura clave en la arquitectura, Naidorf continu\u00f3 guiando a la pr\u00f3xima generaci\u00f3n, sirviendo como profesor invitado en UCLA, USC, Cal Poly Pomona y Sci-arc. En 1990 se uni\u00f3 a la Escuela de Arquitectura de la Universidad de Woodbury, comenzando como presidente antes de convertirse en decano. Fue nombrado maestro y miembro de la facultad del a\u00f1o por la escuela varias veces. <\/span><\/p>\n<p dir=\"ltr\"><span data-ogsc=\"rgb(51, 51, 51)\">Un lector voraz, propietario de gatos, viajero mundial, padre y dos veces sobreviviente de c\u00e1ncer, Naidorf lanz\u00f3 una memoria, <\/span><em>M\u00e1s humano: una memoria arquitect\u00f3nica<\/em><span data-ogsc=\"rgb(51, 51, 51)\">en 2018. En 2000, se mud\u00f3 de Los \u00c1ngeles a Santa Rosa en el norte de California, donde trabaj\u00f3 como arquitecto del campus para Woodbury y tambi\u00e9n colabor\u00f3 con City Vision Santa Rosa sobre mejoras en el centro de la ciudad. <\/span><\/p>\n<p dir=\"ltr\"><span data-ogsc=\"rgb(51, 51, 51)\">A Naidorf le sobreviven su hija, Victoria; cuatro hijastros; 11 nietos; y seis bisnietos.<\/span><\/p>\n","protected":false},"excerpt":{"rendered":"<p>Louis Naidorf, el arquitecto detr\u00e1s del ic\u00f3nico edificio de Capitol Records de Los \u00c1ngeles, muri\u00f3 el mi\u00e9rcoles por la noche a la edad de 96<\/p>\n","protected":false},"author":1,"featured_media":3457,"comment_status":"closed","ping_status":"","sticky":false,"template":"","format":"standard","meta":{"footnotes":""},"categories":[50],"tags":[3016,314,1224,3017,3014,564,3015,256],"class_list":["post-3456","post","type-post","status-publish","format-standard","has-post-thumbnail","hentry","category-el-ultimo","tag-arquitecto","tag-building","tag-capitol","tag-diseno","tag-louis","tag-muere","tag-naidorf","tag-records","generate-columns","tablet-grid-50","mobile-grid-100","grid-parent","grid-50"],"yoast_head":"<!-- This site is optimized with the Yoast SEO plugin v23.3 - https:\/\/yoast.com\/wordpress\/plugins\/seo\/ -->\n<title>Louis Naidorf, arquitecto que dise\u00f1\u00f3 Capitol Records Building, muere a 96<\/title>\n<meta name=\"robots\" content=\"index, follow, max-snippet:-1, max-image-preview:large, max-video-preview:-1\" \/>\n<link rel=\"canonical\" href=\"https:\/\/web.consaguirre.com.ar\/noticias\/louis-naidorf-arquitecto-que-diseno-capitol-records-building-muere-a-96\/\" \/>\n<meta property=\"og:locale\" content=\"es_ES\" \/>\n<meta property=\"og:type\" content=\"article\" \/>\n<meta property=\"og:title\" content=\"Louis Naidorf, arquitecto que dise\u00f1\u00f3 Capitol Records Building, muere a 96\" \/>\n<meta property=\"og:description\" content=\"Louis Naidorf, el arquitecto detr\u00e1s del ic\u00f3nico edificio de Capitol Records de Los \u00c1ngeles, muri\u00f3 el mi\u00e9rcoles por la noche a la edad de 96\" \/>\n<meta property=\"og:url\" content=\"https:\/\/web.consaguirre.com.ar\/noticias\/louis-naidorf-arquitecto-que-diseno-capitol-records-building-muere-a-96\/\" \/>\n<meta property=\"og:site_name\" content=\"Conservatorio de M\u00fasica Juli\u00e1n Aguirre\" \/>\n<meta property=\"article:published_time\" content=\"2025-08-15T23:38:23+00:00\" \/>\n<meta property=\"article:modified_time\" content=\"2025-08-15T23:38:24+00:00\" \/>\n<meta property=\"og:image\" content=\"https:\/\/web.consaguirre.com.ar\/noticias\/wp-content\/uploads\/2025\/08\/Louis-Naidorf-arquitecto-que-diseno-Capitol-Records-Building-muere-a.jpg\" \/>\n\t<meta property=\"og:image:width\" content=\"1440\" \/>\n\t<meta property=\"og:image:height\" content=\"864\" \/>\n\t<meta property=\"og:image:type\" content=\"image\/jpeg\" \/>\n<meta name=\"author\" content=\"Javier Figueroa\" \/>\n<meta name=\"twitter:card\" content=\"summary_large_image\" \/>\n<meta name=\"twitter:label1\" content=\"Escrito por\" \/>\n\t<meta name=\"twitter:data1\" content=\"Javier Figueroa\" \/>\n\t<meta name=\"twitter:label2\" content=\"Tiempo de lectura\" \/>\n\t<meta name=\"twitter:data2\" content=\"3 minutos\" \/>\n<script type=\"application\/ld+json\" class=\"yoast-schema-graph\">{\"@context\":\"https:\/\/schema.org\",\"@graph\":[{\"@type\":\"Article\",\"@id\":\"https:\/\/web.consaguirre.com.ar\/noticias\/louis-naidorf-arquitecto-que-diseno-capitol-records-building-muere-a-96\/#article\",\"isPartOf\":{\"@id\":\"https:\/\/web.consaguirre.com.ar\/noticias\/louis-naidorf-arquitecto-que-diseno-capitol-records-building-muere-a-96\/\"},\"author\":{\"name\":\"Javier Figueroa\",\"@id\":\"https:\/\/web.consaguirre.com.ar\/noticias\/#\/schema\/person\/6558b0cfedee7ddc5425602b237d5722\"},\"headline\":\"Louis Naidorf, arquitecto que dise\u00f1\u00f3 Capitol Records Building, muere a 96\",\"datePublished\":\"2025-08-15T23:38:23+00:00\",\"dateModified\":\"2025-08-15T23:38:24+00:00\",\"mainEntityOfPage\":{\"@id\":\"https:\/\/web.consaguirre.com.ar\/noticias\/louis-naidorf-arquitecto-que-diseno-capitol-records-building-muere-a-96\/\"},\"wordCount\":541,\"publisher\":{\"@id\":\"https:\/\/web.consaguirre.com.ar\/noticias\/#organization\"},\"image\":{\"@id\":\"https:\/\/web.consaguirre.com.ar\/noticias\/louis-naidorf-arquitecto-que-diseno-capitol-records-building-muere-a-96\/#primaryimage\"},\"thumbnailUrl\":\"https:\/\/web.consaguirre.com.ar\/noticias\/wp-content\/uploads\/2025\/08\/Louis-Naidorf-arquitecto-que-diseno-Capitol-Records-Building-muere-a.jpg\",\"keywords\":[\"arquitecto\",\"Building\",\"Capitol\",\"dise\u00f1\u00f3\",\"Louis\",\"muere\",\"Naidorf\",\"Records\"],\"articleSection\":[\"El \u00faltimo\"],\"inLanguage\":\"es-AR\"},{\"@type\":\"WebPage\",\"@id\":\"https:\/\/web.consaguirre.com.ar\/noticias\/louis-naidorf-arquitecto-que-diseno-capitol-records-building-muere-a-96\/\",\"url\":\"https:\/\/web.consaguirre.com.ar\/noticias\/louis-naidorf-arquitecto-que-diseno-capitol-records-building-muere-a-96\/\",\"name\":\"Louis Naidorf, arquitecto que dise\u00f1\u00f3 Capitol Records Building, muere a 96\",\"isPartOf\":{\"@id\":\"https:\/\/web.consaguirre.com.ar\/noticias\/#website\"},\"primaryImageOfPage\":{\"@id\":\"https:\/\/web.consaguirre.com.ar\/noticias\/louis-naidorf-arquitecto-que-diseno-capitol-records-building-muere-a-96\/#primaryimage\"},\"image\":{\"@id\":\"https:\/\/web.consaguirre.com.ar\/noticias\/louis-naidorf-arquitecto-que-diseno-capitol-records-building-muere-a-96\/#primaryimage\"},\"thumbnailUrl\":\"https:\/\/web.consaguirre.com.ar\/noticias\/wp-content\/uploads\/2025\/08\/Louis-Naidorf-arquitecto-que-diseno-Capitol-Records-Building-muere-a.jpg\",\"datePublished\":\"2025-08-15T23:38:23+00:00\",\"dateModified\":\"2025-08-15T23:38:24+00:00\",\"breadcrumb\":{\"@id\":\"https:\/\/web.consaguirre.com.ar\/noticias\/louis-naidorf-arquitecto-que-diseno-capitol-records-building-muere-a-96\/#breadcrumb\"},\"inLanguage\":\"es-AR\",\"potentialAction\":[{\"@type\":\"ReadAction\",\"target\":[\"https:\/\/web.consaguirre.com.ar\/noticias\/louis-naidorf-arquitecto-que-diseno-capitol-records-building-muere-a-96\/\"]}]},{\"@type\":\"ImageObject\",\"inLanguage\":\"es-AR\",\"@id\":\"https:\/\/web.consaguirre.com.ar\/noticias\/louis-naidorf-arquitecto-que-diseno-capitol-records-building-muere-a-96\/#primaryimage\",\"url\":\"https:\/\/web.consaguirre.com.ar\/noticias\/wp-content\/uploads\/2025\/08\/Louis-Naidorf-arquitecto-que-diseno-Capitol-Records-Building-muere-a.jpg\",\"contentUrl\":\"https:\/\/web.consaguirre.com.ar\/noticias\/wp-content\/uploads\/2025\/08\/Louis-Naidorf-arquitecto-que-diseno-Capitol-Records-Building-muere-a.jpg\",\"width\":1440,\"height\":864,\"caption\":\"Louis Naidorf, arquitecto que dise\u00f1\u00f3 Capitol Records Building, muere a 96\"},{\"@type\":\"BreadcrumbList\",\"@id\":\"https:\/\/web.consaguirre.com.ar\/noticias\/louis-naidorf-arquitecto-que-diseno-capitol-records-building-muere-a-96\/#breadcrumb\",\"itemListElement\":[{\"@type\":\"ListItem\",\"position\":1,\"name\":\"Inicio\",\"item\":\"https:\/\/web.consaguirre.com.ar\/noticias\/\"},{\"@type\":\"ListItem\",\"position\":2,\"name\":\"Louis Naidorf, arquitecto que dise\u00f1\u00f3 Capitol Records Building, muere a 96\"}]},{\"@type\":\"WebSite\",\"@id\":\"https:\/\/web.consaguirre.com.ar\/noticias\/#website\",\"url\":\"https:\/\/web.consaguirre.com.ar\/noticias\/\",\"name\":\"Conservatorio de M\u00fasica Juli\u00e1n Aguirre\",\"description\":\"\",\"publisher\":{\"@id\":\"https:\/\/web.consaguirre.com.ar\/noticias\/#organization\"},\"potentialAction\":[{\"@type\":\"SearchAction\",\"target\":{\"@type\":\"EntryPoint\",\"urlTemplate\":\"https:\/\/web.consaguirre.com.ar\/noticias\/?s={search_term_string}\"},\"query-input\":\"required name=search_term_string\"}],\"inLanguage\":\"es-AR\"},{\"@type\":\"Organization\",\"@id\":\"https:\/\/web.consaguirre.com.ar\/noticias\/#organization\",\"name\":\"Conservatorio de M\u00fasica Juli\u00e1n Aguirre\",\"url\":\"https:\/\/web.consaguirre.com.ar\/noticias\/\",\"logo\":{\"@type\":\"ImageObject\",\"inLanguage\":\"es-AR\",\"@id\":\"https:\/\/web.consaguirre.com.ar\/noticias\/#\/schema\/logo\/image\/\",\"url\":\"https:\/\/web.consaguirre.com.ar\/noticias\/wp-content\/uploads\/2024\/08\/Banner-Aguirre-23.jpg\",\"contentUrl\":\"https:\/\/web.consaguirre.com.ar\/noticias\/wp-content\/uploads\/2024\/08\/Banner-Aguirre-23.jpg\",\"width\":1192,\"height\":600,\"caption\":\"Conservatorio de M\u00fasica Juli\u00e1n Aguirre\"},\"image\":{\"@id\":\"https:\/\/web.consaguirre.com.ar\/noticias\/#\/schema\/logo\/image\/\"}},{\"@type\":\"Person\",\"@id\":\"https:\/\/web.consaguirre.com.ar\/noticias\/#\/schema\/person\/6558b0cfedee7ddc5425602b237d5722\",\"name\":\"Javier Figueroa\",\"image\":{\"@type\":\"ImageObject\",\"inLanguage\":\"es-AR\",\"@id\":\"https:\/\/web.consaguirre.com.ar\/noticias\/#\/schema\/person\/image\/\",\"url\":\"https:\/\/web.consaguirre.com.ar\/noticias\/wp-content\/uploads\/2024\/08\/Consaguirre-scaled.jpg\",\"contentUrl\":\"https:\/\/web.consaguirre.com.ar\/noticias\/wp-content\/uploads\/2024\/08\/Consaguirre-scaled.jpg\",\"caption\":\"Javier Figueroa\"},\"description\":\"Me llamo Javier Figueroa y soy redactor para el sitio oficial del Conservatorio de M\u00fasica Juli\u00e1n Aguirre en Buenos Aires, consaguirre.com. Apasionado por la m\u00fasica y la escritura, me esfuerzo por destacar los talentos y eventos de nuestra prestigiosa instituci\u00f3n. Mi trayectoria se nutre de una profunda admiraci\u00f3n por los artistas, haciendo de cada art\u00edculo una celebraci\u00f3n de la creatividad y la cultura musical.\",\"sameAs\":[\"https:\/\/web.consaguirre.com.ar\/noticias\"]}]}<\/script>\n<!-- \/ Yoast SEO plugin. -->","yoast_head_json":{"title":"Louis Naidorf, arquitecto que dise\u00f1\u00f3 Capitol Records Building, muere a 96","robots":{"index":"index","follow":"follow","max-snippet":"max-snippet:-1","max-image-preview":"max-image-preview:large","max-video-preview":"max-video-preview:-1"},"canonical":"https:\/\/web.consaguirre.com.ar\/noticias\/louis-naidorf-arquitecto-que-diseno-capitol-records-building-muere-a-96\/","og_locale":"es_ES","og_type":"article","og_title":"Louis Naidorf, arquitecto que dise\u00f1\u00f3 Capitol Records Building, muere a 96","og_description":"Louis Naidorf, el arquitecto detr\u00e1s del ic\u00f3nico edificio de Capitol Records de Los \u00c1ngeles, muri\u00f3 el mi\u00e9rcoles por la noche a la edad de 96","og_url":"https:\/\/web.consaguirre.com.ar\/noticias\/louis-naidorf-arquitecto-que-diseno-capitol-records-building-muere-a-96\/","og_site_name":"Conservatorio de M\u00fasica Juli\u00e1n Aguirre","article_published_time":"2025-08-15T23:38:23+00:00","article_modified_time":"2025-08-15T23:38:24+00:00","og_image":[{"width":1440,"height":864,"url":"https:\/\/web.consaguirre.com.ar\/noticias\/wp-content\/uploads\/2025\/08\/Louis-Naidorf-arquitecto-que-diseno-Capitol-Records-Building-muere-a.jpg","type":"image\/jpeg"}],"author":"Javier Figueroa","twitter_card":"summary_large_image","twitter_misc":{"Escrito por":"Javier Figueroa","Tiempo de lectura":"3 minutos"},"schema":{"@context":"https:\/\/schema.org","@graph":[{"@type":"Article","@id":"https:\/\/web.consaguirre.com.ar\/noticias\/louis-naidorf-arquitecto-que-diseno-capitol-records-building-muere-a-96\/#article","isPartOf":{"@id":"https:\/\/web.consaguirre.com.ar\/noticias\/louis-naidorf-arquitecto-que-diseno-capitol-records-building-muere-a-96\/"},"author":{"name":"Javier Figueroa","@id":"https:\/\/web.consaguirre.com.ar\/noticias\/#\/schema\/person\/6558b0cfedee7ddc5425602b237d5722"},"headline":"Louis Naidorf, arquitecto que dise\u00f1\u00f3 Capitol Records Building, muere a 96","datePublished":"2025-08-15T23:38:23+00:00","dateModified":"2025-08-15T23:38:24+00:00","mainEntityOfPage":{"@id":"https:\/\/web.consaguirre.com.ar\/noticias\/louis-naidorf-arquitecto-que-diseno-capitol-records-building-muere-a-96\/"},"wordCount":541,"publisher":{"@id":"https:\/\/web.consaguirre.com.ar\/noticias\/#organization"},"image":{"@id":"https:\/\/web.consaguirre.com.ar\/noticias\/louis-naidorf-arquitecto-que-diseno-capitol-records-building-muere-a-96\/#primaryimage"},"thumbnailUrl":"https:\/\/web.consaguirre.com.ar\/noticias\/wp-content\/uploads\/2025\/08\/Louis-Naidorf-arquitecto-que-diseno-Capitol-Records-Building-muere-a.jpg","keywords":["arquitecto","Building","Capitol","dise\u00f1\u00f3","Louis","muere","Naidorf","Records"],"articleSection":["El \u00faltimo"],"inLanguage":"es-AR"},{"@type":"WebPage","@id":"https:\/\/web.consaguirre.com.ar\/noticias\/louis-naidorf-arquitecto-que-diseno-capitol-records-building-muere-a-96\/","url":"https:\/\/web.consaguirre.com.ar\/noticias\/louis-naidorf-arquitecto-que-diseno-capitol-records-building-muere-a-96\/","name":"Louis Naidorf, arquitecto que dise\u00f1\u00f3 Capitol Records Building, muere a 96","isPartOf":{"@id":"https:\/\/web.consaguirre.com.ar\/noticias\/#website"},"primaryImageOfPage":{"@id":"https:\/\/web.consaguirre.com.ar\/noticias\/louis-naidorf-arquitecto-que-diseno-capitol-records-building-muere-a-96\/#primaryimage"},"image":{"@id":"https:\/\/web.consaguirre.com.ar\/noticias\/louis-naidorf-arquitecto-que-diseno-capitol-records-building-muere-a-96\/#primaryimage"},"thumbnailUrl":"https:\/\/web.consaguirre.com.ar\/noticias\/wp-content\/uploads\/2025\/08\/Louis-Naidorf-arquitecto-que-diseno-Capitol-Records-Building-muere-a.jpg","datePublished":"2025-08-15T23:38:23+00:00","dateModified":"2025-08-15T23:38:24+00:00","breadcrumb":{"@id":"https:\/\/web.consaguirre.com.ar\/noticias\/louis-naidorf-arquitecto-que-diseno-capitol-records-building-muere-a-96\/#breadcrumb"},"inLanguage":"es-AR","potentialAction":[{"@type":"ReadAction","target":["https:\/\/web.consaguirre.com.ar\/noticias\/louis-naidorf-arquitecto-que-diseno-capitol-records-building-muere-a-96\/"]}]},{"@type":"ImageObject","inLanguage":"es-AR","@id":"https:\/\/web.consaguirre.com.ar\/noticias\/louis-naidorf-arquitecto-que-diseno-capitol-records-building-muere-a-96\/#primaryimage","url":"https:\/\/web.consaguirre.com.ar\/noticias\/wp-content\/uploads\/2025\/08\/Louis-Naidorf-arquitecto-que-diseno-Capitol-Records-Building-muere-a.jpg","contentUrl":"https:\/\/web.consaguirre.com.ar\/noticias\/wp-content\/uploads\/2025\/08\/Louis-Naidorf-arquitecto-que-diseno-Capitol-Records-Building-muere-a.jpg","width":1440,"height":864,"caption":"Louis Naidorf, arquitecto que dise\u00f1\u00f3 Capitol Records Building, muere a 96"},{"@type":"BreadcrumbList","@id":"https:\/\/web.consaguirre.com.ar\/noticias\/louis-naidorf-arquitecto-que-diseno-capitol-records-building-muere-a-96\/#breadcrumb","itemListElement":[{"@type":"ListItem","position":1,"name":"Inicio","item":"https:\/\/web.consaguirre.com.ar\/noticias\/"},{"@type":"ListItem","position":2,"name":"Louis Naidorf, arquitecto que dise\u00f1\u00f3 Capitol Records Building, muere a 96"}]},{"@type":"WebSite","@id":"https:\/\/web.consaguirre.com.ar\/noticias\/#website","url":"https:\/\/web.consaguirre.com.ar\/noticias\/","name":"Conservatorio de M\u00fasica Juli\u00e1n Aguirre","description":"","publisher":{"@id":"https:\/\/web.consaguirre.com.ar\/noticias\/#organization"},"potentialAction":[{"@type":"SearchAction","target":{"@type":"EntryPoint","urlTemplate":"https:\/\/web.consaguirre.com.ar\/noticias\/?s={search_term_string}"},"query-input":"required name=search_term_string"}],"inLanguage":"es-AR"},{"@type":"Organization","@id":"https:\/\/web.consaguirre.com.ar\/noticias\/#organization","name":"Conservatorio de M\u00fasica Juli\u00e1n Aguirre","url":"https:\/\/web.consaguirre.com.ar\/noticias\/","logo":{"@type":"ImageObject","inLanguage":"es-AR","@id":"https:\/\/web.consaguirre.com.ar\/noticias\/#\/schema\/logo\/image\/","url":"https:\/\/web.consaguirre.com.ar\/noticias\/wp-content\/uploads\/2024\/08\/Banner-Aguirre-23.jpg","contentUrl":"https:\/\/web.consaguirre.com.ar\/noticias\/wp-content\/uploads\/2024\/08\/Banner-Aguirre-23.jpg","width":1192,"height":600,"caption":"Conservatorio de M\u00fasica Juli\u00e1n Aguirre"},"image":{"@id":"https:\/\/web.consaguirre.com.ar\/noticias\/#\/schema\/logo\/image\/"}},{"@type":"Person","@id":"https:\/\/web.consaguirre.com.ar\/noticias\/#\/schema\/person\/6558b0cfedee7ddc5425602b237d5722","name":"Javier Figueroa","image":{"@type":"ImageObject","inLanguage":"es-AR","@id":"https:\/\/web.consaguirre.com.ar\/noticias\/#\/schema\/person\/image\/","url":"https:\/\/web.consaguirre.com.ar\/noticias\/wp-content\/uploads\/2024\/08\/Consaguirre-scaled.jpg","contentUrl":"https:\/\/web.consaguirre.com.ar\/noticias\/wp-content\/uploads\/2024\/08\/Consaguirre-scaled.jpg","caption":"Javier Figueroa"},"description":"Me llamo Javier Figueroa y soy redactor para el sitio oficial del Conservatorio de M\u00fasica Juli\u00e1n Aguirre en Buenos Aires, consaguirre.com. Apasionado por la m\u00fasica y la escritura, me esfuerzo por destacar los talentos y eventos de nuestra prestigiosa instituci\u00f3n. Mi trayectoria se nutre de una profunda admiraci\u00f3n por los artistas, haciendo de cada art\u00edculo una celebraci\u00f3n de la creatividad y la cultura musical.","sameAs":["https:\/\/web.consaguirre.com.ar\/noticias"]}]}},"_links":{"self":[{"href":"https:\/\/web.consaguirre.com.ar\/noticias\/wp-json\/wp\/v2\/posts\/3456"}],"collection":[{"href":"https:\/\/web.consaguirre.com.ar\/noticias\/wp-json\/wp\/v2\/posts"}],"about":[{"href":"https:\/\/web.consaguirre.com.ar\/noticias\/wp-json\/wp\/v2\/types\/post"}],"author":[{"embeddable":true,"href":"https:\/\/web.consaguirre.com.ar\/noticias\/wp-json\/wp\/v2\/users\/1"}],"replies":[{"embeddable":true,"href":"https:\/\/web.consaguirre.com.ar\/noticias\/wp-json\/wp\/v2\/comments?post=3456"}],"version-history":[{"count":1,"href":"https:\/\/web.consaguirre.com.ar\/noticias\/wp-json\/wp\/v2\/posts\/3456\/revisions"}],"predecessor-version":[{"id":3458,"href":"https:\/\/web.consaguirre.com.ar\/noticias\/wp-json\/wp\/v2\/posts\/3456\/revisions\/3458"}],"wp:featuredmedia":[{"embeddable":true,"href":"https:\/\/web.consaguirre.com.ar\/noticias\/wp-json\/wp\/v2\/media\/3457"}],"wp:attachment":[{"href":"https:\/\/web.consaguirre.com.ar\/noticias\/wp-json\/wp\/v2\/media?parent=3456"}],"wp:term":[{"taxonomy":"category","embeddable":true,"href":"https:\/\/web.consaguirre.com.ar\/noticias\/wp-json\/wp\/v2\/categories?post=3456"},{"taxonomy":"post_tag","embeddable":true,"href":"https:\/\/web.consaguirre.com.ar\/noticias\/wp-json\/wp\/v2\/tags?post=3456"}],"curies":[{"name":"wp","href":"https:\/\/api.w.org\/{rel}","templated":true}]}}