{"id":3453,"date":"2025-08-15T17:38:41","date_gmt":"2025-08-15T20:38:41","guid":{"rendered":"https:\/\/web.consaguirre.com.ar\/noticias\/olivia-dean-comparte-el-nuevo-sencillo-hombre-que-necesito\/"},"modified":"2025-08-15T17:38:43","modified_gmt":"2025-08-15T20:38:43","slug":"olivia-dean-comparte-el-nuevo-sencillo-hombre-que-necesito","status":"publish","type":"post","link":"https:\/\/web.consaguirre.com.ar\/noticias\/olivia-dean-comparte-el-nuevo-sencillo-hombre-que-necesito\/","title":{"rendered":"Olivia Dean comparte el nuevo sencillo &#8216;hombre que necesito&#8217;"},"content":{"rendered":"<p dir=\"ltr\">Olivia Dean ha anunciado su pr\u00f3ximo \u00e1lbum. <em>El arte de amar<\/em>que marca el segundo \u00e1lbum de estudio del cantante y compositor brit\u00e1nico, saldr\u00e1 el 26 de septiembre.<\/p>\n<p dir=\"ltr\">Hoy, Dean tambi\u00e9n lanz\u00f3 un nuevo sencillo del disco, &#8216;Man I Need&#8217;, acompa\u00f1ado de un video musical dirigido por Jake Erland. En el clip, Dean debate c\u00f3mo podr\u00eda verse su hombre perfecto, ya que m\u00faltiples pretendientes diferentes compiten por sus afecciones contra el tel\u00f3n de fondo de un lote de estudio. <\/p>\n<p dir=\"ltr\">&#8220;&#8216;Man I Need&#8217; es una canci\u00f3n sobre saber c\u00f3mo mereces ser amado y no tener miedo de pedirlo&#8221;, comparti\u00f3 Dean en un comunicado. &#8220;\u00a1Es adelante, sexy, divertido! \u00a1Est\u00e1 hecho para bailar!&#8221;<\/p>\n<p dir=\"ltr\">&#8216;Man I Need&#8217; es el tercer lanzamiento de T<em>El arte de amar<\/em>siguiendo &#8216;amables el uno con el otro&#8217; y &#8216;Lady Lady&#8217;. A principios de este mes, Dean tambi\u00e9n comparti\u00f3 una lista de canciones completa para el disco, que compila 12 canciones en total. Grab\u00f3 la mayor parte del r\u00e9cord en el este de Londres, como detall\u00f3 en una publicaci\u00f3n de Instagram. <\/p>\n<p dir=\"ltr\">&#8220;Hicimos la mayor parte de este \u00e1lbum en un estudio que construimos en una casa en el este de Londres&#8221;, escribi\u00f3 en Instagram. &#8220;\u00a1Durante 8 semanas vivimos en la casa del amor! Traje mi piano de casa y a todas mis personas favoritas e intent\u00e9 crear cosas que se sintieron como calidez. \u00a1Aqu\u00ed tienes un pedazo de mi coraz\u00f3n!&#8221;<\/p>\n<p dir=\"ltr\">Dean lanz\u00f3 su \u00e1lbum debut, <em>Desordenado<\/em>en 2023. En su carrera, tambi\u00e9n lanz\u00f3 cinco EPS y colabor\u00f3 con personajes como Sam Fender, Rudimental y Loyle Carner. <\/p>\n<p>Stream &#8216;Man I Need&#8217; y Pre-Save <em>El arte de amar<\/em> aqu\u00ed.<\/p>\n","protected":false},"excerpt":{"rendered":"<p>Olivia Dean ha anunciado su pr\u00f3ximo \u00e1lbum. El arte de amarque marca el segundo \u00e1lbum de estudio del cantante y compositor brit\u00e1nico, saldr\u00e1 el 26<\/p>\n","protected":false},"author":1,"featured_media":3454,"comment_status":"closed","ping_status":"","sticky":false,"template":"","format":"standard","meta":{"footnotes":""},"categories":[50],"tags":[201,551,1631,3013,146,877,204],"class_list":["post-3453","post","type-post","status-publish","format-standard","has-post-thumbnail","hentry","category-el-ultimo","tag-comparte","tag-dean","tag-hombre","tag-necesito","tag-nuevo","tag-olivia","tag-sencillo","generate-columns","tablet-grid-50","mobile-grid-100","grid-parent","grid-50"],"yoast_head":"<!-- This site is optimized with the Yoast SEO plugin v23.3 - https:\/\/yoast.com\/wordpress\/plugins\/seo\/ -->\n<title>Olivia Dean comparte el nuevo sencillo &#039;hombre que necesito&#039;<\/title>\n<meta name=\"robots\" content=\"index, follow, max-snippet:-1, max-image-preview:large, max-video-preview:-1\" \/>\n<link rel=\"canonical\" href=\"https:\/\/web.consaguirre.com.ar\/noticias\/olivia-dean-comparte-el-nuevo-sencillo-hombre-que-necesito\/\" \/>\n<meta property=\"og:locale\" content=\"es_ES\" \/>\n<meta property=\"og:type\" content=\"article\" \/>\n<meta property=\"og:title\" content=\"Olivia Dean comparte el nuevo sencillo &#039;hombre que necesito&#039;\" \/>\n<meta property=\"og:description\" content=\"Olivia Dean ha anunciado su pr\u00f3ximo \u00e1lbum. El arte de amarque marca el segundo \u00e1lbum de estudio del cantante y compositor brit\u00e1nico, saldr\u00e1 el 26\" \/>\n<meta property=\"og:url\" content=\"https:\/\/web.consaguirre.com.ar\/noticias\/olivia-dean-comparte-el-nuevo-sencillo-hombre-que-necesito\/\" \/>\n<meta property=\"og:site_name\" content=\"Conservatorio de M\u00fasica Juli\u00e1n Aguirre\" \/>\n<meta property=\"article:published_time\" content=\"2025-08-15T20:38:41+00:00\" \/>\n<meta property=\"article:modified_time\" content=\"2025-08-15T20:38:43+00:00\" \/>\n<meta property=\"og:image\" content=\"https:\/\/web.consaguirre.com.ar\/noticias\/wp-content\/uploads\/2025\/08\/Olivia-Dean-comparte-el-nuevo-sencillo-hombre-que-necesito.jpg\" \/>\n\t<meta property=\"og:image:width\" content=\"1280\" \/>\n\t<meta property=\"og:image:height\" content=\"1280\" \/>\n\t<meta property=\"og:image:type\" content=\"image\/jpeg\" \/>\n<meta name=\"author\" content=\"Javier Figueroa\" \/>\n<meta name=\"twitter:card\" content=\"summary_large_image\" \/>\n<meta name=\"twitter:label1\" content=\"Escrito por\" \/>\n\t<meta name=\"twitter:data1\" content=\"Javier Figueroa\" \/>\n\t<meta name=\"twitter:label2\" content=\"Tiempo de lectura\" \/>\n\t<meta name=\"twitter:data2\" content=\"1 minuto\" \/>\n<script type=\"application\/ld+json\" class=\"yoast-schema-graph\">{\"@context\":\"https:\/\/schema.org\",\"@graph\":[{\"@type\":\"Article\",\"@id\":\"https:\/\/web.consaguirre.com.ar\/noticias\/olivia-dean-comparte-el-nuevo-sencillo-hombre-que-necesito\/#article\",\"isPartOf\":{\"@id\":\"https:\/\/web.consaguirre.com.ar\/noticias\/olivia-dean-comparte-el-nuevo-sencillo-hombre-que-necesito\/\"},\"author\":{\"name\":\"Javier Figueroa\",\"@id\":\"https:\/\/web.consaguirre.com.ar\/noticias\/#\/schema\/person\/6558b0cfedee7ddc5425602b237d5722\"},\"headline\":\"Olivia Dean comparte el nuevo sencillo &#8216;hombre que necesito&#8217;\",\"datePublished\":\"2025-08-15T20:38:41+00:00\",\"dateModified\":\"2025-08-15T20:38:43+00:00\",\"mainEntityOfPage\":{\"@id\":\"https:\/\/web.consaguirre.com.ar\/noticias\/olivia-dean-comparte-el-nuevo-sencillo-hombre-que-necesito\/\"},\"wordCount\":285,\"publisher\":{\"@id\":\"https:\/\/web.consaguirre.com.ar\/noticias\/#organization\"},\"image\":{\"@id\":\"https:\/\/web.consaguirre.com.ar\/noticias\/olivia-dean-comparte-el-nuevo-sencillo-hombre-que-necesito\/#primaryimage\"},\"thumbnailUrl\":\"https:\/\/web.consaguirre.com.ar\/noticias\/wp-content\/uploads\/2025\/08\/Olivia-Dean-comparte-el-nuevo-sencillo-hombre-que-necesito.jpg\",\"keywords\":[\"comparte\",\"Dean\",\"hombre\",\"necesito\",\"nuevo\",\"Olivia\",\"sencillo\"],\"articleSection\":[\"El \u00faltimo\"],\"inLanguage\":\"es-AR\"},{\"@type\":\"WebPage\",\"@id\":\"https:\/\/web.consaguirre.com.ar\/noticias\/olivia-dean-comparte-el-nuevo-sencillo-hombre-que-necesito\/\",\"url\":\"https:\/\/web.consaguirre.com.ar\/noticias\/olivia-dean-comparte-el-nuevo-sencillo-hombre-que-necesito\/\",\"name\":\"Olivia Dean comparte el nuevo sencillo 'hombre que necesito'\",\"isPartOf\":{\"@id\":\"https:\/\/web.consaguirre.com.ar\/noticias\/#website\"},\"primaryImageOfPage\":{\"@id\":\"https:\/\/web.consaguirre.com.ar\/noticias\/olivia-dean-comparte-el-nuevo-sencillo-hombre-que-necesito\/#primaryimage\"},\"image\":{\"@id\":\"https:\/\/web.consaguirre.com.ar\/noticias\/olivia-dean-comparte-el-nuevo-sencillo-hombre-que-necesito\/#primaryimage\"},\"thumbnailUrl\":\"https:\/\/web.consaguirre.com.ar\/noticias\/wp-content\/uploads\/2025\/08\/Olivia-Dean-comparte-el-nuevo-sencillo-hombre-que-necesito.jpg\",\"datePublished\":\"2025-08-15T20:38:41+00:00\",\"dateModified\":\"2025-08-15T20:38:43+00:00\",\"breadcrumb\":{\"@id\":\"https:\/\/web.consaguirre.com.ar\/noticias\/olivia-dean-comparte-el-nuevo-sencillo-hombre-que-necesito\/#breadcrumb\"},\"inLanguage\":\"es-AR\",\"potentialAction\":[{\"@type\":\"ReadAction\",\"target\":[\"https:\/\/web.consaguirre.com.ar\/noticias\/olivia-dean-comparte-el-nuevo-sencillo-hombre-que-necesito\/\"]}]},{\"@type\":\"ImageObject\",\"inLanguage\":\"es-AR\",\"@id\":\"https:\/\/web.consaguirre.com.ar\/noticias\/olivia-dean-comparte-el-nuevo-sencillo-hombre-que-necesito\/#primaryimage\",\"url\":\"https:\/\/web.consaguirre.com.ar\/noticias\/wp-content\/uploads\/2025\/08\/Olivia-Dean-comparte-el-nuevo-sencillo-hombre-que-necesito.jpg\",\"contentUrl\":\"https:\/\/web.consaguirre.com.ar\/noticias\/wp-content\/uploads\/2025\/08\/Olivia-Dean-comparte-el-nuevo-sencillo-hombre-que-necesito.jpg\",\"width\":1280,\"height\":1280,\"caption\":\"Olivia Dean comparte el nuevo sencillo 'hombre que necesito'\"},{\"@type\":\"BreadcrumbList\",\"@id\":\"https:\/\/web.consaguirre.com.ar\/noticias\/olivia-dean-comparte-el-nuevo-sencillo-hombre-que-necesito\/#breadcrumb\",\"itemListElement\":[{\"@type\":\"ListItem\",\"position\":1,\"name\":\"Inicio\",\"item\":\"https:\/\/web.consaguirre.com.ar\/noticias\/\"},{\"@type\":\"ListItem\",\"position\":2,\"name\":\"Olivia Dean comparte el nuevo sencillo &#8216;hombre que necesito&#8217;\"}]},{\"@type\":\"WebSite\",\"@id\":\"https:\/\/web.consaguirre.com.ar\/noticias\/#website\",\"url\":\"https:\/\/web.consaguirre.com.ar\/noticias\/\",\"name\":\"Conservatorio de M\u00fasica Juli\u00e1n Aguirre\",\"description\":\"\",\"publisher\":{\"@id\":\"https:\/\/web.consaguirre.com.ar\/noticias\/#organization\"},\"potentialAction\":[{\"@type\":\"SearchAction\",\"target\":{\"@type\":\"EntryPoint\",\"urlTemplate\":\"https:\/\/web.consaguirre.com.ar\/noticias\/?s={search_term_string}\"},\"query-input\":\"required name=search_term_string\"}],\"inLanguage\":\"es-AR\"},{\"@type\":\"Organization\",\"@id\":\"https:\/\/web.consaguirre.com.ar\/noticias\/#organization\",\"name\":\"Conservatorio de M\u00fasica Juli\u00e1n Aguirre\",\"url\":\"https:\/\/web.consaguirre.com.ar\/noticias\/\",\"logo\":{\"@type\":\"ImageObject\",\"inLanguage\":\"es-AR\",\"@id\":\"https:\/\/web.consaguirre.com.ar\/noticias\/#\/schema\/logo\/image\/\",\"url\":\"https:\/\/web.consaguirre.com.ar\/noticias\/wp-content\/uploads\/2024\/08\/Banner-Aguirre-23.jpg\",\"contentUrl\":\"https:\/\/web.consaguirre.com.ar\/noticias\/wp-content\/uploads\/2024\/08\/Banner-Aguirre-23.jpg\",\"width\":1192,\"height\":600,\"caption\":\"Conservatorio de M\u00fasica Juli\u00e1n Aguirre\"},\"image\":{\"@id\":\"https:\/\/web.consaguirre.com.ar\/noticias\/#\/schema\/logo\/image\/\"}},{\"@type\":\"Person\",\"@id\":\"https:\/\/web.consaguirre.com.ar\/noticias\/#\/schema\/person\/6558b0cfedee7ddc5425602b237d5722\",\"name\":\"Javier Figueroa\",\"image\":{\"@type\":\"ImageObject\",\"inLanguage\":\"es-AR\",\"@id\":\"https:\/\/web.consaguirre.com.ar\/noticias\/#\/schema\/person\/image\/\",\"url\":\"https:\/\/web.consaguirre.com.ar\/noticias\/wp-content\/uploads\/2024\/08\/Consaguirre-scaled.jpg\",\"contentUrl\":\"https:\/\/web.consaguirre.com.ar\/noticias\/wp-content\/uploads\/2024\/08\/Consaguirre-scaled.jpg\",\"caption\":\"Javier Figueroa\"},\"description\":\"Me llamo Javier Figueroa y soy redactor para el sitio oficial del Conservatorio de M\u00fasica Juli\u00e1n Aguirre en Buenos Aires, consaguirre.com. Apasionado por la m\u00fasica y la escritura, me esfuerzo por destacar los talentos y eventos de nuestra prestigiosa instituci\u00f3n. Mi trayectoria se nutre de una profunda admiraci\u00f3n por los artistas, haciendo de cada art\u00edculo una celebraci\u00f3n de la creatividad y la cultura musical.\",\"sameAs\":[\"https:\/\/web.consaguirre.com.ar\/noticias\"]}]}<\/script>\n<!-- \/ Yoast SEO plugin. -->","yoast_head_json":{"title":"Olivia Dean comparte el nuevo sencillo 'hombre que necesito'","robots":{"index":"index","follow":"follow","max-snippet":"max-snippet:-1","max-image-preview":"max-image-preview:large","max-video-preview":"max-video-preview:-1"},"canonical":"https:\/\/web.consaguirre.com.ar\/noticias\/olivia-dean-comparte-el-nuevo-sencillo-hombre-que-necesito\/","og_locale":"es_ES","og_type":"article","og_title":"Olivia Dean comparte el nuevo sencillo 'hombre que necesito'","og_description":"Olivia Dean ha anunciado su pr\u00f3ximo \u00e1lbum. El arte de amarque marca el segundo \u00e1lbum de estudio del cantante y compositor brit\u00e1nico, saldr\u00e1 el 26","og_url":"https:\/\/web.consaguirre.com.ar\/noticias\/olivia-dean-comparte-el-nuevo-sencillo-hombre-que-necesito\/","og_site_name":"Conservatorio de M\u00fasica Juli\u00e1n Aguirre","article_published_time":"2025-08-15T20:38:41+00:00","article_modified_time":"2025-08-15T20:38:43+00:00","og_image":[{"width":1280,"height":1280,"url":"https:\/\/web.consaguirre.com.ar\/noticias\/wp-content\/uploads\/2025\/08\/Olivia-Dean-comparte-el-nuevo-sencillo-hombre-que-necesito.jpg","type":"image\/jpeg"}],"author":"Javier Figueroa","twitter_card":"summary_large_image","twitter_misc":{"Escrito por":"Javier Figueroa","Tiempo de lectura":"1 minuto"},"schema":{"@context":"https:\/\/schema.org","@graph":[{"@type":"Article","@id":"https:\/\/web.consaguirre.com.ar\/noticias\/olivia-dean-comparte-el-nuevo-sencillo-hombre-que-necesito\/#article","isPartOf":{"@id":"https:\/\/web.consaguirre.com.ar\/noticias\/olivia-dean-comparte-el-nuevo-sencillo-hombre-que-necesito\/"},"author":{"name":"Javier Figueroa","@id":"https:\/\/web.consaguirre.com.ar\/noticias\/#\/schema\/person\/6558b0cfedee7ddc5425602b237d5722"},"headline":"Olivia Dean comparte el nuevo sencillo &#8216;hombre que necesito&#8217;","datePublished":"2025-08-15T20:38:41+00:00","dateModified":"2025-08-15T20:38:43+00:00","mainEntityOfPage":{"@id":"https:\/\/web.consaguirre.com.ar\/noticias\/olivia-dean-comparte-el-nuevo-sencillo-hombre-que-necesito\/"},"wordCount":285,"publisher":{"@id":"https:\/\/web.consaguirre.com.ar\/noticias\/#organization"},"image":{"@id":"https:\/\/web.consaguirre.com.ar\/noticias\/olivia-dean-comparte-el-nuevo-sencillo-hombre-que-necesito\/#primaryimage"},"thumbnailUrl":"https:\/\/web.consaguirre.com.ar\/noticias\/wp-content\/uploads\/2025\/08\/Olivia-Dean-comparte-el-nuevo-sencillo-hombre-que-necesito.jpg","keywords":["comparte","Dean","hombre","necesito","nuevo","Olivia","sencillo"],"articleSection":["El \u00faltimo"],"inLanguage":"es-AR"},{"@type":"WebPage","@id":"https:\/\/web.consaguirre.com.ar\/noticias\/olivia-dean-comparte-el-nuevo-sencillo-hombre-que-necesito\/","url":"https:\/\/web.consaguirre.com.ar\/noticias\/olivia-dean-comparte-el-nuevo-sencillo-hombre-que-necesito\/","name":"Olivia Dean comparte el nuevo sencillo 'hombre que necesito'","isPartOf":{"@id":"https:\/\/web.consaguirre.com.ar\/noticias\/#website"},"primaryImageOfPage":{"@id":"https:\/\/web.consaguirre.com.ar\/noticias\/olivia-dean-comparte-el-nuevo-sencillo-hombre-que-necesito\/#primaryimage"},"image":{"@id":"https:\/\/web.consaguirre.com.ar\/noticias\/olivia-dean-comparte-el-nuevo-sencillo-hombre-que-necesito\/#primaryimage"},"thumbnailUrl":"https:\/\/web.consaguirre.com.ar\/noticias\/wp-content\/uploads\/2025\/08\/Olivia-Dean-comparte-el-nuevo-sencillo-hombre-que-necesito.jpg","datePublished":"2025-08-15T20:38:41+00:00","dateModified":"2025-08-15T20:38:43+00:00","breadcrumb":{"@id":"https:\/\/web.consaguirre.com.ar\/noticias\/olivia-dean-comparte-el-nuevo-sencillo-hombre-que-necesito\/#breadcrumb"},"inLanguage":"es-AR","potentialAction":[{"@type":"ReadAction","target":["https:\/\/web.consaguirre.com.ar\/noticias\/olivia-dean-comparte-el-nuevo-sencillo-hombre-que-necesito\/"]}]},{"@type":"ImageObject","inLanguage":"es-AR","@id":"https:\/\/web.consaguirre.com.ar\/noticias\/olivia-dean-comparte-el-nuevo-sencillo-hombre-que-necesito\/#primaryimage","url":"https:\/\/web.consaguirre.com.ar\/noticias\/wp-content\/uploads\/2025\/08\/Olivia-Dean-comparte-el-nuevo-sencillo-hombre-que-necesito.jpg","contentUrl":"https:\/\/web.consaguirre.com.ar\/noticias\/wp-content\/uploads\/2025\/08\/Olivia-Dean-comparte-el-nuevo-sencillo-hombre-que-necesito.jpg","width":1280,"height":1280,"caption":"Olivia Dean comparte el nuevo sencillo 'hombre que necesito'"},{"@type":"BreadcrumbList","@id":"https:\/\/web.consaguirre.com.ar\/noticias\/olivia-dean-comparte-el-nuevo-sencillo-hombre-que-necesito\/#breadcrumb","itemListElement":[{"@type":"ListItem","position":1,"name":"Inicio","item":"https:\/\/web.consaguirre.com.ar\/noticias\/"},{"@type":"ListItem","position":2,"name":"Olivia Dean comparte el nuevo sencillo &#8216;hombre que necesito&#8217;"}]},{"@type":"WebSite","@id":"https:\/\/web.consaguirre.com.ar\/noticias\/#website","url":"https:\/\/web.consaguirre.com.ar\/noticias\/","name":"Conservatorio de M\u00fasica Juli\u00e1n Aguirre","description":"","publisher":{"@id":"https:\/\/web.consaguirre.com.ar\/noticias\/#organization"},"potentialAction":[{"@type":"SearchAction","target":{"@type":"EntryPoint","urlTemplate":"https:\/\/web.consaguirre.com.ar\/noticias\/?s={search_term_string}"},"query-input":"required name=search_term_string"}],"inLanguage":"es-AR"},{"@type":"Organization","@id":"https:\/\/web.consaguirre.com.ar\/noticias\/#organization","name":"Conservatorio de M\u00fasica Juli\u00e1n Aguirre","url":"https:\/\/web.consaguirre.com.ar\/noticias\/","logo":{"@type":"ImageObject","inLanguage":"es-AR","@id":"https:\/\/web.consaguirre.com.ar\/noticias\/#\/schema\/logo\/image\/","url":"https:\/\/web.consaguirre.com.ar\/noticias\/wp-content\/uploads\/2024\/08\/Banner-Aguirre-23.jpg","contentUrl":"https:\/\/web.consaguirre.com.ar\/noticias\/wp-content\/uploads\/2024\/08\/Banner-Aguirre-23.jpg","width":1192,"height":600,"caption":"Conservatorio de M\u00fasica Juli\u00e1n Aguirre"},"image":{"@id":"https:\/\/web.consaguirre.com.ar\/noticias\/#\/schema\/logo\/image\/"}},{"@type":"Person","@id":"https:\/\/web.consaguirre.com.ar\/noticias\/#\/schema\/person\/6558b0cfedee7ddc5425602b237d5722","name":"Javier Figueroa","image":{"@type":"ImageObject","inLanguage":"es-AR","@id":"https:\/\/web.consaguirre.com.ar\/noticias\/#\/schema\/person\/image\/","url":"https:\/\/web.consaguirre.com.ar\/noticias\/wp-content\/uploads\/2024\/08\/Consaguirre-scaled.jpg","contentUrl":"https:\/\/web.consaguirre.com.ar\/noticias\/wp-content\/uploads\/2024\/08\/Consaguirre-scaled.jpg","caption":"Javier Figueroa"},"description":"Me llamo Javier Figueroa y soy redactor para el sitio oficial del Conservatorio de M\u00fasica Juli\u00e1n Aguirre en Buenos Aires, consaguirre.com. Apasionado por la m\u00fasica y la escritura, me esfuerzo por destacar los talentos y eventos de nuestra prestigiosa instituci\u00f3n. Mi trayectoria se nutre de una profunda admiraci\u00f3n por los artistas, haciendo de cada art\u00edculo una celebraci\u00f3n de la creatividad y la cultura musical.","sameAs":["https:\/\/web.consaguirre.com.ar\/noticias"]}]}},"_links":{"self":[{"href":"https:\/\/web.consaguirre.com.ar\/noticias\/wp-json\/wp\/v2\/posts\/3453"}],"collection":[{"href":"https:\/\/web.consaguirre.com.ar\/noticias\/wp-json\/wp\/v2\/posts"}],"about":[{"href":"https:\/\/web.consaguirre.com.ar\/noticias\/wp-json\/wp\/v2\/types\/post"}],"author":[{"embeddable":true,"href":"https:\/\/web.consaguirre.com.ar\/noticias\/wp-json\/wp\/v2\/users\/1"}],"replies":[{"embeddable":true,"href":"https:\/\/web.consaguirre.com.ar\/noticias\/wp-json\/wp\/v2\/comments?post=3453"}],"version-history":[{"count":1,"href":"https:\/\/web.consaguirre.com.ar\/noticias\/wp-json\/wp\/v2\/posts\/3453\/revisions"}],"predecessor-version":[{"id":3455,"href":"https:\/\/web.consaguirre.com.ar\/noticias\/wp-json\/wp\/v2\/posts\/3453\/revisions\/3455"}],"wp:featuredmedia":[{"embeddable":true,"href":"https:\/\/web.consaguirre.com.ar\/noticias\/wp-json\/wp\/v2\/media\/3454"}],"wp:attachment":[{"href":"https:\/\/web.consaguirre.com.ar\/noticias\/wp-json\/wp\/v2\/media?parent=3453"}],"wp:term":[{"taxonomy":"category","embeddable":true,"href":"https:\/\/web.consaguirre.com.ar\/noticias\/wp-json\/wp\/v2\/categories?post=3453"},{"taxonomy":"post_tag","embeddable":true,"href":"https:\/\/web.consaguirre.com.ar\/noticias\/wp-json\/wp\/v2\/tags?post=3453"}],"curies":[{"name":"wp","href":"https:\/\/api.w.org\/{rel}","templated":true}]}}