{"id":3447,"date":"2025-08-15T11:41:11","date_gmt":"2025-08-15T14:41:11","guid":{"rendered":"https:\/\/web.consaguirre.com.ar\/noticias\/mumford-sons-reedicion-wilder-mind\/"},"modified":"2025-08-15T11:41:12","modified_gmt":"2025-08-15T14:41:12","slug":"mumford-sons-reedicion-wilder-mind","status":"publish","type":"post","link":"https:\/\/web.consaguirre.com.ar\/noticias\/mumford-sons-reedicion-wilder-mind\/","title":{"rendered":"Mumford &#038; Sons reedici\u00f3n &#8216;Wilder Mind&#8217;"},"content":{"rendered":"<p>Mumford &#038; Sons ha anunciado una edici\u00f3n del d\u00e9cimo aniversario de su tercer \u00e1lbum, <em>Mente m\u00e1s salvaje<\/em>. La primera liberaci\u00f3n de vinilo de color del disco se materializar\u00e1 como un LP de edici\u00f3n limitada, 100% reciclado en un color azul ecol\u00f3gico. <em>Mente m\u00e1s salvaje<\/em> sale el 29 de agosto a trav\u00e9s de UMR\/isla.<\/p>\n<p>El vinilo ecol\u00f3gico es un compuesto 100% reciclado hecho de flash recortado y sobras que de otro modo no pueden reutilizarse. Estas piezas se reciclan y se reutilizan para la producci\u00f3n de discos futuros. Cada disco ecol\u00f3gico es diferente al \u00faltimo.<\/p>\n<p>Lanzado originalmente el 4 de mayo de 2015, <em>Mente m\u00e1s salvaje<\/em> fue el seguimiento de la banda folk rock a la de 2012 <em>Babel<\/em>que gan\u00f3 el \u00e1lbum del a\u00f1o en los Premios Grammy. La banda brit\u00e1nica se agot\u00f3 de las giras sin parar desde el lanzamiento de su debut en 2009 <em>Suspiro no m\u00e1s<\/em> y decidi\u00f3 cambiar algunas cosas, reemplazando elementos de firma ac\u00fastica con guitarras y sintetizadores el\u00e9ctricos del tama\u00f1o de una arena.<\/p>\n<div class=\"uD-YT-container\"><img decoding=\"async\" src=\"https:\/\/web.consaguirre.com.ar\/noticias\/wp-content\/uploads\/2025\/08\/1755268871_18_Mumford-Sons-reedicion-Wilder-Mind.jpg\" alt=\"Video de YouTube\"><br \/>Haga clic para cargar video<\/div>\n<p>&#8220;Sentimos que hacer lo mismo, o la misma instrumentaci\u00f3n nuevamente, simplemente no era para nosotros&#8221;, dijo el l\u00edder Marcus Mumford. <em>Piedra rodante<\/em>. &#8220;Tenemos un sabor m\u00e1s amplio en la m\u00fasica que solo eso&#8221;. Seg\u00fan el bajista Ted Dwane, \u201cNinguno de nosotros ten\u00eda realmente ning\u00fan inter\u00e9s en hacer una especie de <em>Babel<\/em> 2. Siempre iba a ser diferente &#8220;.<\/p>\n<p>Despu\u00e9s de unos d\u00edas en el estudio de Dwane en Londres, la banda se dirigi\u00f3 a Brooklyn para escribir y demostrar m\u00fasica en el estudio local de Aaron Dessner de National. La ciudad es un tema recurrente en todo el \u00e1lbum: singles como &#8220;Ditmas&#8221; y &#8220;Tompkins Square Park&#8221; asienten a vecindarios y puntos de referencia locales. Otros singles en el \u00e1lbum de 12 pistas son &#8220;Believe&#8221;, &#8220;The Wolf&#8221; y &#8220;Just Smoke&#8221;. La banda finalmente grab\u00f3 <em>Mente m\u00e1s salvaje<\/em> en Air Studios en Londres con el productor James Ford.<\/p>\n<p><em>Mente m\u00e1s salvaje<\/em> Cubri\u00f3 las listas en siete pa\u00edses, incluida la lista de \u00e1lbumes del Reino Unido y el Billboard 200 de EE. UU., Y est\u00e1 certificada Platinum.<\/p>\n<p>Comprar Mumford &#038; Sons &#8216; <em>Mente m\u00e1s salvaje<\/em> en vinilo ahora.<\/p>\n","protected":false},"excerpt":{"rendered":"<p>Mumford &#038; Sons ha anunciado una edici\u00f3n del d\u00e9cimo aniversario de su tercer \u00e1lbum, Mente m\u00e1s salvaje. La primera liberaci\u00f3n de vinilo de color del<\/p>\n","protected":false},"author":1,"featured_media":3448,"comment_status":"closed","ping_status":"","sticky":false,"template":"","format":"standard","meta":{"footnotes":""},"categories":[50],"tags":[353,674,117,675,3010],"class_list":["post-3447","post","type-post","status-publish","format-standard","has-post-thumbnail","hentry","category-el-ultimo","tag-mind","tag-mumford","tag-reedicion","tag-sons","tag-wilder","generate-columns","tablet-grid-50","mobile-grid-100","grid-parent","grid-50"],"yoast_head":"<!-- This site is optimized with the Yoast SEO plugin v23.3 - https:\/\/yoast.com\/wordpress\/plugins\/seo\/ -->\n<title>Mumford &amp; Sons reedici\u00f3n &#039;Wilder Mind&#039;<\/title>\n<meta name=\"robots\" content=\"index, follow, max-snippet:-1, max-image-preview:large, max-video-preview:-1\" \/>\n<link rel=\"canonical\" href=\"https:\/\/web.consaguirre.com.ar\/noticias\/mumford-sons-reedicion-wilder-mind\/\" \/>\n<meta property=\"og:locale\" content=\"es_ES\" \/>\n<meta property=\"og:type\" content=\"article\" \/>\n<meta property=\"og:title\" content=\"Mumford &amp; Sons reedici\u00f3n &#039;Wilder Mind&#039;\" \/>\n<meta property=\"og:description\" content=\"Mumford &#038; Sons ha anunciado una edici\u00f3n del d\u00e9cimo aniversario de su tercer \u00e1lbum, Mente m\u00e1s salvaje. La primera liberaci\u00f3n de vinilo de color del\" \/>\n<meta property=\"og:url\" content=\"https:\/\/web.consaguirre.com.ar\/noticias\/mumford-sons-reedicion-wilder-mind\/\" \/>\n<meta property=\"og:site_name\" content=\"Conservatorio de M\u00fasica Juli\u00e1n Aguirre\" \/>\n<meta property=\"article:published_time\" content=\"2025-08-15T14:41:11+00:00\" \/>\n<meta property=\"article:modified_time\" content=\"2025-08-15T14:41:12+00:00\" \/>\n<meta property=\"og:image\" content=\"https:\/\/web.consaguirre.com.ar\/noticias\/wp-content\/uploads\/2025\/08\/Mumford-Sons-reedicion-Wilder-Mind.jpg\" \/>\n\t<meta property=\"og:image:width\" content=\"1440\" \/>\n\t<meta property=\"og:image:height\" content=\"864\" \/>\n\t<meta property=\"og:image:type\" content=\"image\/jpeg\" \/>\n<meta name=\"author\" content=\"Javier Figueroa\" \/>\n<meta name=\"twitter:card\" content=\"summary_large_image\" \/>\n<meta name=\"twitter:label1\" content=\"Escrito por\" \/>\n\t<meta name=\"twitter:data1\" content=\"Javier Figueroa\" \/>\n\t<meta name=\"twitter:label2\" content=\"Tiempo de lectura\" \/>\n\t<meta name=\"twitter:data2\" content=\"2 minutos\" \/>\n<script type=\"application\/ld+json\" class=\"yoast-schema-graph\">{\"@context\":\"https:\/\/schema.org\",\"@graph\":[{\"@type\":\"Article\",\"@id\":\"https:\/\/web.consaguirre.com.ar\/noticias\/mumford-sons-reedicion-wilder-mind\/#article\",\"isPartOf\":{\"@id\":\"https:\/\/web.consaguirre.com.ar\/noticias\/mumford-sons-reedicion-wilder-mind\/\"},\"author\":{\"name\":\"Javier Figueroa\",\"@id\":\"https:\/\/web.consaguirre.com.ar\/noticias\/#\/schema\/person\/6558b0cfedee7ddc5425602b237d5722\"},\"headline\":\"Mumford &#038; Sons reedici\u00f3n &#8216;Wilder Mind&#8217;\",\"datePublished\":\"2025-08-15T14:41:11+00:00\",\"dateModified\":\"2025-08-15T14:41:12+00:00\",\"mainEntityOfPage\":{\"@id\":\"https:\/\/web.consaguirre.com.ar\/noticias\/mumford-sons-reedicion-wilder-mind\/\"},\"wordCount\":384,\"publisher\":{\"@id\":\"https:\/\/web.consaguirre.com.ar\/noticias\/#organization\"},\"image\":{\"@id\":\"https:\/\/web.consaguirre.com.ar\/noticias\/mumford-sons-reedicion-wilder-mind\/#primaryimage\"},\"thumbnailUrl\":\"https:\/\/web.consaguirre.com.ar\/noticias\/wp-content\/uploads\/2025\/08\/Mumford-Sons-reedicion-Wilder-Mind.jpg\",\"keywords\":[\"Mind\",\"Mumford\",\"reedici\u00f3n\",\"Sons\",\"Wilder\"],\"articleSection\":[\"El \u00faltimo\"],\"inLanguage\":\"es-AR\"},{\"@type\":\"WebPage\",\"@id\":\"https:\/\/web.consaguirre.com.ar\/noticias\/mumford-sons-reedicion-wilder-mind\/\",\"url\":\"https:\/\/web.consaguirre.com.ar\/noticias\/mumford-sons-reedicion-wilder-mind\/\",\"name\":\"Mumford & Sons reedici\u00f3n 'Wilder Mind'\",\"isPartOf\":{\"@id\":\"https:\/\/web.consaguirre.com.ar\/noticias\/#website\"},\"primaryImageOfPage\":{\"@id\":\"https:\/\/web.consaguirre.com.ar\/noticias\/mumford-sons-reedicion-wilder-mind\/#primaryimage\"},\"image\":{\"@id\":\"https:\/\/web.consaguirre.com.ar\/noticias\/mumford-sons-reedicion-wilder-mind\/#primaryimage\"},\"thumbnailUrl\":\"https:\/\/web.consaguirre.com.ar\/noticias\/wp-content\/uploads\/2025\/08\/Mumford-Sons-reedicion-Wilder-Mind.jpg\",\"datePublished\":\"2025-08-15T14:41:11+00:00\",\"dateModified\":\"2025-08-15T14:41:12+00:00\",\"breadcrumb\":{\"@id\":\"https:\/\/web.consaguirre.com.ar\/noticias\/mumford-sons-reedicion-wilder-mind\/#breadcrumb\"},\"inLanguage\":\"es-AR\",\"potentialAction\":[{\"@type\":\"ReadAction\",\"target\":[\"https:\/\/web.consaguirre.com.ar\/noticias\/mumford-sons-reedicion-wilder-mind\/\"]}]},{\"@type\":\"ImageObject\",\"inLanguage\":\"es-AR\",\"@id\":\"https:\/\/web.consaguirre.com.ar\/noticias\/mumford-sons-reedicion-wilder-mind\/#primaryimage\",\"url\":\"https:\/\/web.consaguirre.com.ar\/noticias\/wp-content\/uploads\/2025\/08\/Mumford-Sons-reedicion-Wilder-Mind.jpg\",\"contentUrl\":\"https:\/\/web.consaguirre.com.ar\/noticias\/wp-content\/uploads\/2025\/08\/Mumford-Sons-reedicion-Wilder-Mind.jpg\",\"width\":1440,\"height\":864,\"caption\":\"Mumford & Sons reedici\u00f3n 'Wilder Mind'\"},{\"@type\":\"BreadcrumbList\",\"@id\":\"https:\/\/web.consaguirre.com.ar\/noticias\/mumford-sons-reedicion-wilder-mind\/#breadcrumb\",\"itemListElement\":[{\"@type\":\"ListItem\",\"position\":1,\"name\":\"Inicio\",\"item\":\"https:\/\/web.consaguirre.com.ar\/noticias\/\"},{\"@type\":\"ListItem\",\"position\":2,\"name\":\"Mumford &#038; Sons reedici\u00f3n &#8216;Wilder Mind&#8217;\"}]},{\"@type\":\"WebSite\",\"@id\":\"https:\/\/web.consaguirre.com.ar\/noticias\/#website\",\"url\":\"https:\/\/web.consaguirre.com.ar\/noticias\/\",\"name\":\"Conservatorio de M\u00fasica Juli\u00e1n Aguirre\",\"description\":\"\",\"publisher\":{\"@id\":\"https:\/\/web.consaguirre.com.ar\/noticias\/#organization\"},\"potentialAction\":[{\"@type\":\"SearchAction\",\"target\":{\"@type\":\"EntryPoint\",\"urlTemplate\":\"https:\/\/web.consaguirre.com.ar\/noticias\/?s={search_term_string}\"},\"query-input\":\"required name=search_term_string\"}],\"inLanguage\":\"es-AR\"},{\"@type\":\"Organization\",\"@id\":\"https:\/\/web.consaguirre.com.ar\/noticias\/#organization\",\"name\":\"Conservatorio de M\u00fasica Juli\u00e1n Aguirre\",\"url\":\"https:\/\/web.consaguirre.com.ar\/noticias\/\",\"logo\":{\"@type\":\"ImageObject\",\"inLanguage\":\"es-AR\",\"@id\":\"https:\/\/web.consaguirre.com.ar\/noticias\/#\/schema\/logo\/image\/\",\"url\":\"https:\/\/web.consaguirre.com.ar\/noticias\/wp-content\/uploads\/2024\/08\/Banner-Aguirre-23.jpg\",\"contentUrl\":\"https:\/\/web.consaguirre.com.ar\/noticias\/wp-content\/uploads\/2024\/08\/Banner-Aguirre-23.jpg\",\"width\":1192,\"height\":600,\"caption\":\"Conservatorio de M\u00fasica Juli\u00e1n Aguirre\"},\"image\":{\"@id\":\"https:\/\/web.consaguirre.com.ar\/noticias\/#\/schema\/logo\/image\/\"}},{\"@type\":\"Person\",\"@id\":\"https:\/\/web.consaguirre.com.ar\/noticias\/#\/schema\/person\/6558b0cfedee7ddc5425602b237d5722\",\"name\":\"Javier Figueroa\",\"image\":{\"@type\":\"ImageObject\",\"inLanguage\":\"es-AR\",\"@id\":\"https:\/\/web.consaguirre.com.ar\/noticias\/#\/schema\/person\/image\/\",\"url\":\"https:\/\/web.consaguirre.com.ar\/noticias\/wp-content\/uploads\/2024\/08\/Consaguirre-scaled.jpg\",\"contentUrl\":\"https:\/\/web.consaguirre.com.ar\/noticias\/wp-content\/uploads\/2024\/08\/Consaguirre-scaled.jpg\",\"caption\":\"Javier Figueroa\"},\"description\":\"Me llamo Javier Figueroa y soy redactor para el sitio oficial del Conservatorio de M\u00fasica Juli\u00e1n Aguirre en Buenos Aires, consaguirre.com. Apasionado por la m\u00fasica y la escritura, me esfuerzo por destacar los talentos y eventos de nuestra prestigiosa instituci\u00f3n. Mi trayectoria se nutre de una profunda admiraci\u00f3n por los artistas, haciendo de cada art\u00edculo una celebraci\u00f3n de la creatividad y la cultura musical.\",\"sameAs\":[\"https:\/\/web.consaguirre.com.ar\/noticias\"]}]}<\/script>\n<!-- \/ Yoast SEO plugin. -->","yoast_head_json":{"title":"Mumford & Sons reedici\u00f3n 'Wilder Mind'","robots":{"index":"index","follow":"follow","max-snippet":"max-snippet:-1","max-image-preview":"max-image-preview:large","max-video-preview":"max-video-preview:-1"},"canonical":"https:\/\/web.consaguirre.com.ar\/noticias\/mumford-sons-reedicion-wilder-mind\/","og_locale":"es_ES","og_type":"article","og_title":"Mumford & Sons reedici\u00f3n 'Wilder Mind'","og_description":"Mumford &#038; Sons ha anunciado una edici\u00f3n del d\u00e9cimo aniversario de su tercer \u00e1lbum, Mente m\u00e1s salvaje. La primera liberaci\u00f3n de vinilo de color del","og_url":"https:\/\/web.consaguirre.com.ar\/noticias\/mumford-sons-reedicion-wilder-mind\/","og_site_name":"Conservatorio de M\u00fasica Juli\u00e1n Aguirre","article_published_time":"2025-08-15T14:41:11+00:00","article_modified_time":"2025-08-15T14:41:12+00:00","og_image":[{"width":1440,"height":864,"url":"https:\/\/web.consaguirre.com.ar\/noticias\/wp-content\/uploads\/2025\/08\/Mumford-Sons-reedicion-Wilder-Mind.jpg","type":"image\/jpeg"}],"author":"Javier Figueroa","twitter_card":"summary_large_image","twitter_misc":{"Escrito por":"Javier Figueroa","Tiempo de lectura":"2 minutos"},"schema":{"@context":"https:\/\/schema.org","@graph":[{"@type":"Article","@id":"https:\/\/web.consaguirre.com.ar\/noticias\/mumford-sons-reedicion-wilder-mind\/#article","isPartOf":{"@id":"https:\/\/web.consaguirre.com.ar\/noticias\/mumford-sons-reedicion-wilder-mind\/"},"author":{"name":"Javier Figueroa","@id":"https:\/\/web.consaguirre.com.ar\/noticias\/#\/schema\/person\/6558b0cfedee7ddc5425602b237d5722"},"headline":"Mumford &#038; Sons reedici\u00f3n &#8216;Wilder Mind&#8217;","datePublished":"2025-08-15T14:41:11+00:00","dateModified":"2025-08-15T14:41:12+00:00","mainEntityOfPage":{"@id":"https:\/\/web.consaguirre.com.ar\/noticias\/mumford-sons-reedicion-wilder-mind\/"},"wordCount":384,"publisher":{"@id":"https:\/\/web.consaguirre.com.ar\/noticias\/#organization"},"image":{"@id":"https:\/\/web.consaguirre.com.ar\/noticias\/mumford-sons-reedicion-wilder-mind\/#primaryimage"},"thumbnailUrl":"https:\/\/web.consaguirre.com.ar\/noticias\/wp-content\/uploads\/2025\/08\/Mumford-Sons-reedicion-Wilder-Mind.jpg","keywords":["Mind","Mumford","reedici\u00f3n","Sons","Wilder"],"articleSection":["El \u00faltimo"],"inLanguage":"es-AR"},{"@type":"WebPage","@id":"https:\/\/web.consaguirre.com.ar\/noticias\/mumford-sons-reedicion-wilder-mind\/","url":"https:\/\/web.consaguirre.com.ar\/noticias\/mumford-sons-reedicion-wilder-mind\/","name":"Mumford & Sons reedici\u00f3n 'Wilder Mind'","isPartOf":{"@id":"https:\/\/web.consaguirre.com.ar\/noticias\/#website"},"primaryImageOfPage":{"@id":"https:\/\/web.consaguirre.com.ar\/noticias\/mumford-sons-reedicion-wilder-mind\/#primaryimage"},"image":{"@id":"https:\/\/web.consaguirre.com.ar\/noticias\/mumford-sons-reedicion-wilder-mind\/#primaryimage"},"thumbnailUrl":"https:\/\/web.consaguirre.com.ar\/noticias\/wp-content\/uploads\/2025\/08\/Mumford-Sons-reedicion-Wilder-Mind.jpg","datePublished":"2025-08-15T14:41:11+00:00","dateModified":"2025-08-15T14:41:12+00:00","breadcrumb":{"@id":"https:\/\/web.consaguirre.com.ar\/noticias\/mumford-sons-reedicion-wilder-mind\/#breadcrumb"},"inLanguage":"es-AR","potentialAction":[{"@type":"ReadAction","target":["https:\/\/web.consaguirre.com.ar\/noticias\/mumford-sons-reedicion-wilder-mind\/"]}]},{"@type":"ImageObject","inLanguage":"es-AR","@id":"https:\/\/web.consaguirre.com.ar\/noticias\/mumford-sons-reedicion-wilder-mind\/#primaryimage","url":"https:\/\/web.consaguirre.com.ar\/noticias\/wp-content\/uploads\/2025\/08\/Mumford-Sons-reedicion-Wilder-Mind.jpg","contentUrl":"https:\/\/web.consaguirre.com.ar\/noticias\/wp-content\/uploads\/2025\/08\/Mumford-Sons-reedicion-Wilder-Mind.jpg","width":1440,"height":864,"caption":"Mumford & Sons reedici\u00f3n 'Wilder Mind'"},{"@type":"BreadcrumbList","@id":"https:\/\/web.consaguirre.com.ar\/noticias\/mumford-sons-reedicion-wilder-mind\/#breadcrumb","itemListElement":[{"@type":"ListItem","position":1,"name":"Inicio","item":"https:\/\/web.consaguirre.com.ar\/noticias\/"},{"@type":"ListItem","position":2,"name":"Mumford &#038; Sons reedici\u00f3n &#8216;Wilder Mind&#8217;"}]},{"@type":"WebSite","@id":"https:\/\/web.consaguirre.com.ar\/noticias\/#website","url":"https:\/\/web.consaguirre.com.ar\/noticias\/","name":"Conservatorio de M\u00fasica Juli\u00e1n Aguirre","description":"","publisher":{"@id":"https:\/\/web.consaguirre.com.ar\/noticias\/#organization"},"potentialAction":[{"@type":"SearchAction","target":{"@type":"EntryPoint","urlTemplate":"https:\/\/web.consaguirre.com.ar\/noticias\/?s={search_term_string}"},"query-input":"required name=search_term_string"}],"inLanguage":"es-AR"},{"@type":"Organization","@id":"https:\/\/web.consaguirre.com.ar\/noticias\/#organization","name":"Conservatorio de M\u00fasica Juli\u00e1n Aguirre","url":"https:\/\/web.consaguirre.com.ar\/noticias\/","logo":{"@type":"ImageObject","inLanguage":"es-AR","@id":"https:\/\/web.consaguirre.com.ar\/noticias\/#\/schema\/logo\/image\/","url":"https:\/\/web.consaguirre.com.ar\/noticias\/wp-content\/uploads\/2024\/08\/Banner-Aguirre-23.jpg","contentUrl":"https:\/\/web.consaguirre.com.ar\/noticias\/wp-content\/uploads\/2024\/08\/Banner-Aguirre-23.jpg","width":1192,"height":600,"caption":"Conservatorio de M\u00fasica Juli\u00e1n Aguirre"},"image":{"@id":"https:\/\/web.consaguirre.com.ar\/noticias\/#\/schema\/logo\/image\/"}},{"@type":"Person","@id":"https:\/\/web.consaguirre.com.ar\/noticias\/#\/schema\/person\/6558b0cfedee7ddc5425602b237d5722","name":"Javier Figueroa","image":{"@type":"ImageObject","inLanguage":"es-AR","@id":"https:\/\/web.consaguirre.com.ar\/noticias\/#\/schema\/person\/image\/","url":"https:\/\/web.consaguirre.com.ar\/noticias\/wp-content\/uploads\/2024\/08\/Consaguirre-scaled.jpg","contentUrl":"https:\/\/web.consaguirre.com.ar\/noticias\/wp-content\/uploads\/2024\/08\/Consaguirre-scaled.jpg","caption":"Javier Figueroa"},"description":"Me llamo Javier Figueroa y soy redactor para el sitio oficial del Conservatorio de M\u00fasica Juli\u00e1n Aguirre en Buenos Aires, consaguirre.com. Apasionado por la m\u00fasica y la escritura, me esfuerzo por destacar los talentos y eventos de nuestra prestigiosa instituci\u00f3n. Mi trayectoria se nutre de una profunda admiraci\u00f3n por los artistas, haciendo de cada art\u00edculo una celebraci\u00f3n de la creatividad y la cultura musical.","sameAs":["https:\/\/web.consaguirre.com.ar\/noticias"]}]}},"_links":{"self":[{"href":"https:\/\/web.consaguirre.com.ar\/noticias\/wp-json\/wp\/v2\/posts\/3447"}],"collection":[{"href":"https:\/\/web.consaguirre.com.ar\/noticias\/wp-json\/wp\/v2\/posts"}],"about":[{"href":"https:\/\/web.consaguirre.com.ar\/noticias\/wp-json\/wp\/v2\/types\/post"}],"author":[{"embeddable":true,"href":"https:\/\/web.consaguirre.com.ar\/noticias\/wp-json\/wp\/v2\/users\/1"}],"replies":[{"embeddable":true,"href":"https:\/\/web.consaguirre.com.ar\/noticias\/wp-json\/wp\/v2\/comments?post=3447"}],"version-history":[{"count":1,"href":"https:\/\/web.consaguirre.com.ar\/noticias\/wp-json\/wp\/v2\/posts\/3447\/revisions"}],"predecessor-version":[{"id":3449,"href":"https:\/\/web.consaguirre.com.ar\/noticias\/wp-json\/wp\/v2\/posts\/3447\/revisions\/3449"}],"wp:featuredmedia":[{"embeddable":true,"href":"https:\/\/web.consaguirre.com.ar\/noticias\/wp-json\/wp\/v2\/media\/3448"}],"wp:attachment":[{"href":"https:\/\/web.consaguirre.com.ar\/noticias\/wp-json\/wp\/v2\/media?parent=3447"}],"wp:term":[{"taxonomy":"category","embeddable":true,"href":"https:\/\/web.consaguirre.com.ar\/noticias\/wp-json\/wp\/v2\/categories?post=3447"},{"taxonomy":"post_tag","embeddable":true,"href":"https:\/\/web.consaguirre.com.ar\/noticias\/wp-json\/wp\/v2\/tags?post=3447"}],"curies":[{"name":"wp","href":"https:\/\/api.w.org\/{rel}","templated":true}]}}