{"id":3444,"date":"2025-08-14T20:39:43","date_gmt":"2025-08-14T23:39:43","guid":{"rendered":"https:\/\/web.consaguirre.com.ar\/noticias\/justin-bieber-comparte-video-musical-para-primer-lugar\/"},"modified":"2025-08-14T20:39:44","modified_gmt":"2025-08-14T23:39:44","slug":"justin-bieber-comparte-video-musical-para-primer-lugar","status":"publish","type":"post","link":"https:\/\/web.consaguirre.com.ar\/noticias\/justin-bieber-comparte-video-musical-para-primer-lugar\/","title":{"rendered":"Justin Bieber comparte video musical para &#8216;Primer lugar&#8217;"},"content":{"rendered":"<p dir=\"ltr\"><span data-ogsc=\"rgb(0, 0, 0)\">Justin Bieber ofrece a los fan\u00e1ticos una idea de su proceso de grabaci\u00f3n en su nuevo video musical para &#8216;Primer lugar&#8217;. El clip en blanco y negro, dirigido por Rory Kramer, muestra a la estrella del pop que abraza la naturaleza en Islandia y se aleja de la agitada vida de la ciudad para centrarse en su m\u00fasica.<\/span><\/p>\n<p dir=\"ltr\"><span data-ogsc=\"rgb(0, 0, 0)\">A lo largo del video, \u00e9l y sus colaboradores musicales graban &#8216;primer lugar&#8217; en una caba\u00f1a en las profundidades de las monta\u00f1as. Durante su tiempo de inactividad, Bieber disfruta de un chapuz\u00f3n en una ba\u00f1era de hidromasaje antes de hacer una ca\u00edda fr\u00eda, camina junto a un lago, toma el paisaje mientras est\u00e1 sentado en una azotea y se snowboard. <\/span><\/p>\n<p dir=\"ltr\"><span data-ogsc=\"rgb(0, 0, 0)\">La canci\u00f3n discute los altibajos de una relaci\u00f3n, con Bieber cantando: &#8220;Nos dimos la cabeza y bajamos de nuevo \/ vamos a la vuelta y volvemos a donde pasamos \/ y los d\u00edas pasan, las noches, nunca terminan \/ lo hacen todo de nuevo&#8221;.<\/span><\/p>\n<p dir=\"ltr\"><span data-ogsc=\"rgb(0, 0, 0)\">Un clip muestra a Bieber desnud\u00e1ndose a sus calzoncillos blancos para nadar nocturno, donde parece estar temblando cuando sale. Bieber se\u00f1al\u00f3 descaradamente la escena, escribiendo en el subt\u00edtulo de YouTube del video, &#8220;Perdona mis piernas de pollo&#8221;.<\/span><\/p>\n<div class=\"uD-YT-container\"><img decoding=\"async\" src=\"https:\/\/web.consaguirre.com.ar\/noticias\/wp-content\/uploads\/2025\/08\/1755214783_952_Justin-Bieber-comparte-video-musical-para-Primer-lugar.jpg\" alt=\"Video de YouTube\"><br \/>Haga clic para cargar video<\/div>\n<p dir=\"ltr\"><span data-ogsc=\"rgb(0, 0, 0)\">&#8216;First Place&#8217; es el \u00faltimo sencillo del \u00e1lbum de Bieber <\/span><em>Bot\u00edn<\/em><span data-ogsc=\"rgb(0, 0, 0)\">siguiendo &#8216;Daises y&#8217; Yukon &#8216;. Marcando el s\u00e9ptimo \u00e1lbum de la estrella del pop y el primero desde 2021 <\/span><em>Justicia<\/em><span data-ogsc=\"rgb(0, 0, 0)\">produjo el \u00e1lbum junto con un equipo de colaboradores, incluidos Carter Lang, Dylan Wiggins, Daniel Caesar, Dijon, Mk.Gee, Daniel Chetrit, Eddie Benjamin, Knox Fortune y m\u00e1s. <\/span><\/p>\n<p dir=\"ltr\"><span data-ogsc=\"rgb(0, 0, 0)\">Las caracter\u00edsticas de los invitados incluyen Gunna, Dijon, Lil B, Sexyy Red, Cash Cobain, Eddie Benjamin y el comediante Druski. <\/span><em>Bot\u00edn<\/em><span data-ogsc=\"rgb(0, 0, 0)\">que se inspir\u00f3 en las nuevas experiencias de Bieber como esposo y padre,<\/span> <span data-ogsc=\"rgb(0, 0, 0)\">Debut\u00f3 en el n\u00famero 2 en la lista de \u00e1lbumes de Billboard 200.<\/span><\/p>\n<p dir=\"ltr\">Compre el cat\u00e1logo de Justin Bieber en CD y vinilo aqu\u00ed.<\/p>\n","protected":false},"excerpt":{"rendered":"<p>Justin Bieber ofrece a los fan\u00e1ticos una idea de su proceso de grabaci\u00f3n en su nuevo video musical para &#8216;Primer lugar&#8217;. El clip en blanco<\/p>\n","protected":false},"author":1,"featured_media":3445,"comment_status":"closed","ping_status":"","sticky":false,"template":"","format":"standard","meta":{"footnotes":""},"categories":[50],"tags":[65,201,64,3009,203,154,730,202],"class_list":["post-3444","post","type-post","status-publish","format-standard","has-post-thumbnail","hentry","category-el-ultimo","tag-bieber","tag-comparte","tag-justin","tag-lugar","tag-musical","tag-para","tag-primer","tag-video","generate-columns","tablet-grid-50","mobile-grid-100","grid-parent","grid-50"],"yoast_head":"<!-- This site is optimized with the Yoast SEO plugin v23.3 - https:\/\/yoast.com\/wordpress\/plugins\/seo\/ -->\n<title>Justin Bieber comparte video musical para &#039;Primer lugar&#039;<\/title>\n<meta name=\"robots\" content=\"index, follow, max-snippet:-1, max-image-preview:large, max-video-preview:-1\" \/>\n<link rel=\"canonical\" href=\"https:\/\/web.consaguirre.com.ar\/noticias\/justin-bieber-comparte-video-musical-para-primer-lugar\/\" \/>\n<meta property=\"og:locale\" content=\"es_ES\" \/>\n<meta property=\"og:type\" content=\"article\" \/>\n<meta property=\"og:title\" content=\"Justin Bieber comparte video musical para &#039;Primer lugar&#039;\" \/>\n<meta property=\"og:description\" content=\"Justin Bieber ofrece a los fan\u00e1ticos una idea de su proceso de grabaci\u00f3n en su nuevo video musical para &#8216;Primer lugar&#8217;. El clip en blanco\" \/>\n<meta property=\"og:url\" content=\"https:\/\/web.consaguirre.com.ar\/noticias\/justin-bieber-comparte-video-musical-para-primer-lugar\/\" \/>\n<meta property=\"og:site_name\" content=\"Conservatorio de M\u00fasica Juli\u00e1n Aguirre\" \/>\n<meta property=\"article:published_time\" content=\"2025-08-14T23:39:43+00:00\" \/>\n<meta property=\"article:modified_time\" content=\"2025-08-14T23:39:44+00:00\" \/>\n<meta property=\"og:image\" content=\"https:\/\/web.consaguirre.com.ar\/noticias\/wp-content\/uploads\/2025\/08\/Justin-Bieber-comparte-video-musical-para-Primer-lugar.jpg\" \/>\n\t<meta property=\"og:image:width\" content=\"1440\" \/>\n\t<meta property=\"og:image:height\" content=\"864\" \/>\n\t<meta property=\"og:image:type\" content=\"image\/jpeg\" \/>\n<meta name=\"author\" content=\"Javier Figueroa\" \/>\n<meta name=\"twitter:card\" content=\"summary_large_image\" \/>\n<meta name=\"twitter:label1\" content=\"Escrito por\" \/>\n\t<meta name=\"twitter:data1\" content=\"Javier Figueroa\" \/>\n\t<meta name=\"twitter:label2\" content=\"Tiempo de lectura\" \/>\n\t<meta name=\"twitter:data2\" content=\"2 minutos\" \/>\n<script type=\"application\/ld+json\" class=\"yoast-schema-graph\">{\"@context\":\"https:\/\/schema.org\",\"@graph\":[{\"@type\":\"Article\",\"@id\":\"https:\/\/web.consaguirre.com.ar\/noticias\/justin-bieber-comparte-video-musical-para-primer-lugar\/#article\",\"isPartOf\":{\"@id\":\"https:\/\/web.consaguirre.com.ar\/noticias\/justin-bieber-comparte-video-musical-para-primer-lugar\/\"},\"author\":{\"name\":\"Javier Figueroa\",\"@id\":\"https:\/\/web.consaguirre.com.ar\/noticias\/#\/schema\/person\/6558b0cfedee7ddc5425602b237d5722\"},\"headline\":\"Justin Bieber comparte video musical para &#8216;Primer lugar&#8217;\",\"datePublished\":\"2025-08-14T23:39:43+00:00\",\"dateModified\":\"2025-08-14T23:39:44+00:00\",\"mainEntityOfPage\":{\"@id\":\"https:\/\/web.consaguirre.com.ar\/noticias\/justin-bieber-comparte-video-musical-para-primer-lugar\/\"},\"wordCount\":343,\"publisher\":{\"@id\":\"https:\/\/web.consaguirre.com.ar\/noticias\/#organization\"},\"image\":{\"@id\":\"https:\/\/web.consaguirre.com.ar\/noticias\/justin-bieber-comparte-video-musical-para-primer-lugar\/#primaryimage\"},\"thumbnailUrl\":\"https:\/\/web.consaguirre.com.ar\/noticias\/wp-content\/uploads\/2025\/08\/Justin-Bieber-comparte-video-musical-para-Primer-lugar.jpg\",\"keywords\":[\"Bieber\",\"comparte\",\"Justin\",\"lugar\",\"musical\",\"para\",\"primer\",\"v\u00eddeo\"],\"articleSection\":[\"El \u00faltimo\"],\"inLanguage\":\"es-AR\"},{\"@type\":\"WebPage\",\"@id\":\"https:\/\/web.consaguirre.com.ar\/noticias\/justin-bieber-comparte-video-musical-para-primer-lugar\/\",\"url\":\"https:\/\/web.consaguirre.com.ar\/noticias\/justin-bieber-comparte-video-musical-para-primer-lugar\/\",\"name\":\"Justin Bieber comparte video musical para 'Primer lugar'\",\"isPartOf\":{\"@id\":\"https:\/\/web.consaguirre.com.ar\/noticias\/#website\"},\"primaryImageOfPage\":{\"@id\":\"https:\/\/web.consaguirre.com.ar\/noticias\/justin-bieber-comparte-video-musical-para-primer-lugar\/#primaryimage\"},\"image\":{\"@id\":\"https:\/\/web.consaguirre.com.ar\/noticias\/justin-bieber-comparte-video-musical-para-primer-lugar\/#primaryimage\"},\"thumbnailUrl\":\"https:\/\/web.consaguirre.com.ar\/noticias\/wp-content\/uploads\/2025\/08\/Justin-Bieber-comparte-video-musical-para-Primer-lugar.jpg\",\"datePublished\":\"2025-08-14T23:39:43+00:00\",\"dateModified\":\"2025-08-14T23:39:44+00:00\",\"breadcrumb\":{\"@id\":\"https:\/\/web.consaguirre.com.ar\/noticias\/justin-bieber-comparte-video-musical-para-primer-lugar\/#breadcrumb\"},\"inLanguage\":\"es-AR\",\"potentialAction\":[{\"@type\":\"ReadAction\",\"target\":[\"https:\/\/web.consaguirre.com.ar\/noticias\/justin-bieber-comparte-video-musical-para-primer-lugar\/\"]}]},{\"@type\":\"ImageObject\",\"inLanguage\":\"es-AR\",\"@id\":\"https:\/\/web.consaguirre.com.ar\/noticias\/justin-bieber-comparte-video-musical-para-primer-lugar\/#primaryimage\",\"url\":\"https:\/\/web.consaguirre.com.ar\/noticias\/wp-content\/uploads\/2025\/08\/Justin-Bieber-comparte-video-musical-para-Primer-lugar.jpg\",\"contentUrl\":\"https:\/\/web.consaguirre.com.ar\/noticias\/wp-content\/uploads\/2025\/08\/Justin-Bieber-comparte-video-musical-para-Primer-lugar.jpg\",\"width\":1440,\"height\":864,\"caption\":\"Justin Bieber comparte video musical para 'Primer lugar'\"},{\"@type\":\"BreadcrumbList\",\"@id\":\"https:\/\/web.consaguirre.com.ar\/noticias\/justin-bieber-comparte-video-musical-para-primer-lugar\/#breadcrumb\",\"itemListElement\":[{\"@type\":\"ListItem\",\"position\":1,\"name\":\"Inicio\",\"item\":\"https:\/\/web.consaguirre.com.ar\/noticias\/\"},{\"@type\":\"ListItem\",\"position\":2,\"name\":\"Justin Bieber comparte video musical para &#8216;Primer lugar&#8217;\"}]},{\"@type\":\"WebSite\",\"@id\":\"https:\/\/web.consaguirre.com.ar\/noticias\/#website\",\"url\":\"https:\/\/web.consaguirre.com.ar\/noticias\/\",\"name\":\"Conservatorio de M\u00fasica Juli\u00e1n Aguirre\",\"description\":\"\",\"publisher\":{\"@id\":\"https:\/\/web.consaguirre.com.ar\/noticias\/#organization\"},\"potentialAction\":[{\"@type\":\"SearchAction\",\"target\":{\"@type\":\"EntryPoint\",\"urlTemplate\":\"https:\/\/web.consaguirre.com.ar\/noticias\/?s={search_term_string}\"},\"query-input\":\"required name=search_term_string\"}],\"inLanguage\":\"es-AR\"},{\"@type\":\"Organization\",\"@id\":\"https:\/\/web.consaguirre.com.ar\/noticias\/#organization\",\"name\":\"Conservatorio de M\u00fasica Juli\u00e1n Aguirre\",\"url\":\"https:\/\/web.consaguirre.com.ar\/noticias\/\",\"logo\":{\"@type\":\"ImageObject\",\"inLanguage\":\"es-AR\",\"@id\":\"https:\/\/web.consaguirre.com.ar\/noticias\/#\/schema\/logo\/image\/\",\"url\":\"https:\/\/web.consaguirre.com.ar\/noticias\/wp-content\/uploads\/2024\/08\/Banner-Aguirre-23.jpg\",\"contentUrl\":\"https:\/\/web.consaguirre.com.ar\/noticias\/wp-content\/uploads\/2024\/08\/Banner-Aguirre-23.jpg\",\"width\":1192,\"height\":600,\"caption\":\"Conservatorio de M\u00fasica Juli\u00e1n Aguirre\"},\"image\":{\"@id\":\"https:\/\/web.consaguirre.com.ar\/noticias\/#\/schema\/logo\/image\/\"}},{\"@type\":\"Person\",\"@id\":\"https:\/\/web.consaguirre.com.ar\/noticias\/#\/schema\/person\/6558b0cfedee7ddc5425602b237d5722\",\"name\":\"Javier Figueroa\",\"image\":{\"@type\":\"ImageObject\",\"inLanguage\":\"es-AR\",\"@id\":\"https:\/\/web.consaguirre.com.ar\/noticias\/#\/schema\/person\/image\/\",\"url\":\"https:\/\/web.consaguirre.com.ar\/noticias\/wp-content\/uploads\/2024\/08\/Consaguirre-scaled.jpg\",\"contentUrl\":\"https:\/\/web.consaguirre.com.ar\/noticias\/wp-content\/uploads\/2024\/08\/Consaguirre-scaled.jpg\",\"caption\":\"Javier Figueroa\"},\"description\":\"Me llamo Javier Figueroa y soy redactor para el sitio oficial del Conservatorio de M\u00fasica Juli\u00e1n Aguirre en Buenos Aires, consaguirre.com. Apasionado por la m\u00fasica y la escritura, me esfuerzo por destacar los talentos y eventos de nuestra prestigiosa instituci\u00f3n. Mi trayectoria se nutre de una profunda admiraci\u00f3n por los artistas, haciendo de cada art\u00edculo una celebraci\u00f3n de la creatividad y la cultura musical.\",\"sameAs\":[\"https:\/\/web.consaguirre.com.ar\/noticias\"]}]}<\/script>\n<!-- \/ Yoast SEO plugin. -->","yoast_head_json":{"title":"Justin Bieber comparte video musical para 'Primer lugar'","robots":{"index":"index","follow":"follow","max-snippet":"max-snippet:-1","max-image-preview":"max-image-preview:large","max-video-preview":"max-video-preview:-1"},"canonical":"https:\/\/web.consaguirre.com.ar\/noticias\/justin-bieber-comparte-video-musical-para-primer-lugar\/","og_locale":"es_ES","og_type":"article","og_title":"Justin Bieber comparte video musical para 'Primer lugar'","og_description":"Justin Bieber ofrece a los fan\u00e1ticos una idea de su proceso de grabaci\u00f3n en su nuevo video musical para &#8216;Primer lugar&#8217;. El clip en blanco","og_url":"https:\/\/web.consaguirre.com.ar\/noticias\/justin-bieber-comparte-video-musical-para-primer-lugar\/","og_site_name":"Conservatorio de M\u00fasica Juli\u00e1n Aguirre","article_published_time":"2025-08-14T23:39:43+00:00","article_modified_time":"2025-08-14T23:39:44+00:00","og_image":[{"width":1440,"height":864,"url":"https:\/\/web.consaguirre.com.ar\/noticias\/wp-content\/uploads\/2025\/08\/Justin-Bieber-comparte-video-musical-para-Primer-lugar.jpg","type":"image\/jpeg"}],"author":"Javier Figueroa","twitter_card":"summary_large_image","twitter_misc":{"Escrito por":"Javier Figueroa","Tiempo de lectura":"2 minutos"},"schema":{"@context":"https:\/\/schema.org","@graph":[{"@type":"Article","@id":"https:\/\/web.consaguirre.com.ar\/noticias\/justin-bieber-comparte-video-musical-para-primer-lugar\/#article","isPartOf":{"@id":"https:\/\/web.consaguirre.com.ar\/noticias\/justin-bieber-comparte-video-musical-para-primer-lugar\/"},"author":{"name":"Javier Figueroa","@id":"https:\/\/web.consaguirre.com.ar\/noticias\/#\/schema\/person\/6558b0cfedee7ddc5425602b237d5722"},"headline":"Justin Bieber comparte video musical para &#8216;Primer lugar&#8217;","datePublished":"2025-08-14T23:39:43+00:00","dateModified":"2025-08-14T23:39:44+00:00","mainEntityOfPage":{"@id":"https:\/\/web.consaguirre.com.ar\/noticias\/justin-bieber-comparte-video-musical-para-primer-lugar\/"},"wordCount":343,"publisher":{"@id":"https:\/\/web.consaguirre.com.ar\/noticias\/#organization"},"image":{"@id":"https:\/\/web.consaguirre.com.ar\/noticias\/justin-bieber-comparte-video-musical-para-primer-lugar\/#primaryimage"},"thumbnailUrl":"https:\/\/web.consaguirre.com.ar\/noticias\/wp-content\/uploads\/2025\/08\/Justin-Bieber-comparte-video-musical-para-Primer-lugar.jpg","keywords":["Bieber","comparte","Justin","lugar","musical","para","primer","v\u00eddeo"],"articleSection":["El \u00faltimo"],"inLanguage":"es-AR"},{"@type":"WebPage","@id":"https:\/\/web.consaguirre.com.ar\/noticias\/justin-bieber-comparte-video-musical-para-primer-lugar\/","url":"https:\/\/web.consaguirre.com.ar\/noticias\/justin-bieber-comparte-video-musical-para-primer-lugar\/","name":"Justin Bieber comparte video musical para 'Primer lugar'","isPartOf":{"@id":"https:\/\/web.consaguirre.com.ar\/noticias\/#website"},"primaryImageOfPage":{"@id":"https:\/\/web.consaguirre.com.ar\/noticias\/justin-bieber-comparte-video-musical-para-primer-lugar\/#primaryimage"},"image":{"@id":"https:\/\/web.consaguirre.com.ar\/noticias\/justin-bieber-comparte-video-musical-para-primer-lugar\/#primaryimage"},"thumbnailUrl":"https:\/\/web.consaguirre.com.ar\/noticias\/wp-content\/uploads\/2025\/08\/Justin-Bieber-comparte-video-musical-para-Primer-lugar.jpg","datePublished":"2025-08-14T23:39:43+00:00","dateModified":"2025-08-14T23:39:44+00:00","breadcrumb":{"@id":"https:\/\/web.consaguirre.com.ar\/noticias\/justin-bieber-comparte-video-musical-para-primer-lugar\/#breadcrumb"},"inLanguage":"es-AR","potentialAction":[{"@type":"ReadAction","target":["https:\/\/web.consaguirre.com.ar\/noticias\/justin-bieber-comparte-video-musical-para-primer-lugar\/"]}]},{"@type":"ImageObject","inLanguage":"es-AR","@id":"https:\/\/web.consaguirre.com.ar\/noticias\/justin-bieber-comparte-video-musical-para-primer-lugar\/#primaryimage","url":"https:\/\/web.consaguirre.com.ar\/noticias\/wp-content\/uploads\/2025\/08\/Justin-Bieber-comparte-video-musical-para-Primer-lugar.jpg","contentUrl":"https:\/\/web.consaguirre.com.ar\/noticias\/wp-content\/uploads\/2025\/08\/Justin-Bieber-comparte-video-musical-para-Primer-lugar.jpg","width":1440,"height":864,"caption":"Justin Bieber comparte video musical para 'Primer lugar'"},{"@type":"BreadcrumbList","@id":"https:\/\/web.consaguirre.com.ar\/noticias\/justin-bieber-comparte-video-musical-para-primer-lugar\/#breadcrumb","itemListElement":[{"@type":"ListItem","position":1,"name":"Inicio","item":"https:\/\/web.consaguirre.com.ar\/noticias\/"},{"@type":"ListItem","position":2,"name":"Justin Bieber comparte video musical para &#8216;Primer lugar&#8217;"}]},{"@type":"WebSite","@id":"https:\/\/web.consaguirre.com.ar\/noticias\/#website","url":"https:\/\/web.consaguirre.com.ar\/noticias\/","name":"Conservatorio de M\u00fasica Juli\u00e1n Aguirre","description":"","publisher":{"@id":"https:\/\/web.consaguirre.com.ar\/noticias\/#organization"},"potentialAction":[{"@type":"SearchAction","target":{"@type":"EntryPoint","urlTemplate":"https:\/\/web.consaguirre.com.ar\/noticias\/?s={search_term_string}"},"query-input":"required name=search_term_string"}],"inLanguage":"es-AR"},{"@type":"Organization","@id":"https:\/\/web.consaguirre.com.ar\/noticias\/#organization","name":"Conservatorio de M\u00fasica Juli\u00e1n Aguirre","url":"https:\/\/web.consaguirre.com.ar\/noticias\/","logo":{"@type":"ImageObject","inLanguage":"es-AR","@id":"https:\/\/web.consaguirre.com.ar\/noticias\/#\/schema\/logo\/image\/","url":"https:\/\/web.consaguirre.com.ar\/noticias\/wp-content\/uploads\/2024\/08\/Banner-Aguirre-23.jpg","contentUrl":"https:\/\/web.consaguirre.com.ar\/noticias\/wp-content\/uploads\/2024\/08\/Banner-Aguirre-23.jpg","width":1192,"height":600,"caption":"Conservatorio de M\u00fasica Juli\u00e1n Aguirre"},"image":{"@id":"https:\/\/web.consaguirre.com.ar\/noticias\/#\/schema\/logo\/image\/"}},{"@type":"Person","@id":"https:\/\/web.consaguirre.com.ar\/noticias\/#\/schema\/person\/6558b0cfedee7ddc5425602b237d5722","name":"Javier Figueroa","image":{"@type":"ImageObject","inLanguage":"es-AR","@id":"https:\/\/web.consaguirre.com.ar\/noticias\/#\/schema\/person\/image\/","url":"https:\/\/web.consaguirre.com.ar\/noticias\/wp-content\/uploads\/2024\/08\/Consaguirre-scaled.jpg","contentUrl":"https:\/\/web.consaguirre.com.ar\/noticias\/wp-content\/uploads\/2024\/08\/Consaguirre-scaled.jpg","caption":"Javier Figueroa"},"description":"Me llamo Javier Figueroa y soy redactor para el sitio oficial del Conservatorio de M\u00fasica Juli\u00e1n Aguirre en Buenos Aires, consaguirre.com. Apasionado por la m\u00fasica y la escritura, me esfuerzo por destacar los talentos y eventos de nuestra prestigiosa instituci\u00f3n. Mi trayectoria se nutre de una profunda admiraci\u00f3n por los artistas, haciendo de cada art\u00edculo una celebraci\u00f3n de la creatividad y la cultura musical.","sameAs":["https:\/\/web.consaguirre.com.ar\/noticias"]}]}},"_links":{"self":[{"href":"https:\/\/web.consaguirre.com.ar\/noticias\/wp-json\/wp\/v2\/posts\/3444"}],"collection":[{"href":"https:\/\/web.consaguirre.com.ar\/noticias\/wp-json\/wp\/v2\/posts"}],"about":[{"href":"https:\/\/web.consaguirre.com.ar\/noticias\/wp-json\/wp\/v2\/types\/post"}],"author":[{"embeddable":true,"href":"https:\/\/web.consaguirre.com.ar\/noticias\/wp-json\/wp\/v2\/users\/1"}],"replies":[{"embeddable":true,"href":"https:\/\/web.consaguirre.com.ar\/noticias\/wp-json\/wp\/v2\/comments?post=3444"}],"version-history":[{"count":1,"href":"https:\/\/web.consaguirre.com.ar\/noticias\/wp-json\/wp\/v2\/posts\/3444\/revisions"}],"predecessor-version":[{"id":3446,"href":"https:\/\/web.consaguirre.com.ar\/noticias\/wp-json\/wp\/v2\/posts\/3444\/revisions\/3446"}],"wp:featuredmedia":[{"embeddable":true,"href":"https:\/\/web.consaguirre.com.ar\/noticias\/wp-json\/wp\/v2\/media\/3445"}],"wp:attachment":[{"href":"https:\/\/web.consaguirre.com.ar\/noticias\/wp-json\/wp\/v2\/media?parent=3444"}],"wp:term":[{"taxonomy":"category","embeddable":true,"href":"https:\/\/web.consaguirre.com.ar\/noticias\/wp-json\/wp\/v2\/categories?post=3444"},{"taxonomy":"post_tag","embeddable":true,"href":"https:\/\/web.consaguirre.com.ar\/noticias\/wp-json\/wp\/v2\/tags?post=3444"}],"curies":[{"name":"wp","href":"https:\/\/api.w.org\/{rel}","templated":true}]}}