{"id":3435,"date":"2025-08-14T11:40:57","date_gmt":"2025-08-14T14:40:57","guid":{"rendered":"https:\/\/web.consaguirre.com.ar\/noticias\/nuevo-set-de-caja-cronica-de-activismo-musical-de-john-lennon-yoko-ono\/"},"modified":"2025-08-14T11:40:59","modified_gmt":"2025-08-14T14:40:59","slug":"nuevo-set-de-caja-cronica-de-activismo-musical-de-john-lennon-yoko-ono","status":"publish","type":"post","link":"https:\/\/web.consaguirre.com.ar\/noticias\/nuevo-set-de-caja-cronica-de-activismo-musical-de-john-lennon-yoko-ono\/","title":{"rendered":"Nuevo set de caja cr\u00f3nica de activismo musical de John Lennon &#038; Yoko Ono"},"content":{"rendered":"<p>La historia de activismo pol\u00edtico de John Lennon y Yoko Ono es extensa, y un nuevo conjunto de cajas que narra ese elemento de la asociaci\u00f3n de la pareja es adecuadamente masivo. Saldr\u00e1 el 10 de octubre, <em>Poder para la gente (edici\u00f3n s\u00faper de lujo)<\/em> abarca 123 canciones en 12 discos, nueve CD y tres Blu-rays, incluidas 90 pistas in\u00e9ditas o nunca antes escuchadas. Un libro Hardback de 204 p\u00e1ginas dise\u00f1ado y editado por Simon Hilton, con una historia oral sobre toda la m\u00fasica incluida, completa el paquete espectacular.<\/p>\n<p>El equipo dirigido por Lennon y el hijo de Ono, Sean Ono Lennon, quien gan\u00f3 el Grammy de este a\u00f1o por el mejor set en caja o el paquete especial de edici\u00f3n limitada por su trabajo en John Lennon&#8217;s <em>Mind Games &#8211; The Ultimate Collection (Super Deluxe Edition)<\/em><span data-ogsc=\"rgb(0, 0, 0)\"><span data-ogsc=\"rgb(0, 0, 0)\">volvi\u00f3 a la acci\u00f3n por <em>Poder para la gente (edici\u00f3n s\u00faper de lujo)<\/em>. Adem\u00e1s de un tesoro de demostraciones, grabaciones caseras, sesiones de mermelada, cortes en vivo y mezclas alternativas, el proyecto incluye material como &#8220;Give Peace A Chance&#8221; de Plastic Ono Band, el himno anti-guerra de 1969 asociado con Lennon y &#8220;Bed-in&#8221; de Ono, y una nueva versi\u00f3n del \u00e1lbum de 1972 del grupo de 1972. <em>En alg\u00fan momento de la ciudad de Nueva York<\/em>grabado despu\u00e9s de su mudanza galvanizante a Greenwich Village. <\/span><\/span><\/p>\n<p><span data-ogsc=\"rgb(0, 0, 0)\"><span data-ogsc=\"rgb(0, 0, 0)\">Tambi\u00e9n en la lista de canciones: una grabaci\u00f3n de los conciertos One to One de 1972 en el Madison Square Garden, los \u00fanicos conciertos completos de Lennon despu\u00e9s de dejar a los Beatles. Los espect\u00e1culos hist\u00f3ricos se duplic\u00f3 cuando los \u00faltimos conciertos John y Yoko realizaron juntos. A ra\u00edz, Lennon le dijo <em>Nme<\/em> Fue lo m\u00e1s divertido que hab\u00eda tenido tocando m\u00fasica en vivo desde los primeros shows de The Beatles &#8216;Raucous Firm en Inglaterra y Alemania.<\/span><\/span><\/p>\n<div class=\"uD-YT-container\"><img decoding=\"async\" src=\"https:\/\/web.consaguirre.com.ar\/noticias\/wp-content\/uploads\/2025\/08\/1755182457_312_Nuevo-set-de-caja-cronica-de-activismo-musical-de-John.jpg\" alt=\"Video de YouTube\"><br \/>Haga clic para cargar video<\/div>\n<p><span data-ogsc=\"rgb(0, 0, 0)\">En el prefacio a <em>Poder para la gente<\/em>Ono escribe: &#8220;El concierto de uno a uno fue nuestro esfuerzo en la pol\u00edtica de base. Encarn\u00f3 lo que John y yo cre\u00edamos firmemente: rockear para la paz y la iluminaci\u00f3n. \u00a1Y este en Madison Square Garden result\u00f3 ser el \u00faltimo concierto que John y yo hicimos juntos. Imagine la paz. La paz es poder. <\/span><\/p>\n<p><span data-ogsc=\"rgb(0, 0, 0)\">Para Sean Ono Lennon, reunir este proyecto en expansi\u00f3n fue un trabajo de amor. &#8220;Estaba completamente aturdido juntando esta colecci\u00f3n y poder remezclar los conciertos y escuchar todo el material in\u00e9dito del archivo de mis padres por primera vez&#8221;, dice. &#8220;La gente puede no darse cuenta de lo especial que es para m\u00ed escuchar a mi padre hablar o verlo. Crec\u00ed con un n\u00famero establecido de im\u00e1genes y clips de audio con los que todos est\u00e1n familiarizados. Por lo tanto, encontrar cosas que nunca he visto o escuchado son realmente profundas para m\u00ed, porque es casi como tener m\u00e1s tiempo con mi padre&#8221;. <\/span><\/p>\n<p><span data-ogsc=\"rgb(0, 0, 0)\">Ono Lennon agrega: &#8220;Para los conciertos, Paul Hicks y Simon Hilton y yo pasamos mucho tiempo encontrando el mejor equilibrio posible para mantener la sensaci\u00f3n de un programa en vivo mientras refinamos el sonido general tanto como sea posible y Sam Gannon hice un trabajo meticuloso y milagroso con la restauraci\u00f3n de audio. No revelar\u00e9 todas nuestras t\u00e9cnicas, pero se requer\u00eda una&#8221; magia de pel\u00edculas &#8220;, y creo que en el fin de los shows, el sonido de los shows, el sonido de los shows, no lo revelar\u00e9. <\/span><\/p>\n<p><span data-ogsc=\"rgb(0, 0, 0)\">Comprar el <em>Poder para la gente (edici\u00f3n s\u00faper de lujo)<\/em> caja establecida aqu\u00ed.<\/span><\/p>\n","protected":false},"excerpt":{"rendered":"<p>La historia de activismo pol\u00edtico de John Lennon y Yoko Ono es extensa, y un nuevo conjunto de cajas que narra ese elemento de la<\/p>\n","protected":false},"author":1,"featured_media":3436,"comment_status":"closed","ping_status":"","sticky":false,"template":"","format":"standard","meta":{"footnotes":""},"categories":[50],"tags":[3007,1198,3006,91,349,203,146,348,465,2114],"class_list":["post-3435","post","type-post","status-publish","format-standard","has-post-thumbnail","hentry","category-el-ultimo","tag-activismo","tag-caja","tag-cronica","tag-john","tag-lennon","tag-musical","tag-nuevo","tag-ono","tag-set","tag-yoko","generate-columns","tablet-grid-50","mobile-grid-100","grid-parent","grid-50"],"yoast_head":"<!-- This site is optimized with the Yoast SEO plugin v23.3 - https:\/\/yoast.com\/wordpress\/plugins\/seo\/ -->\n<title>Nuevo set de caja cr\u00f3nica de activismo musical de John Lennon &amp; Yoko Ono<\/title>\n<meta name=\"robots\" content=\"index, follow, max-snippet:-1, max-image-preview:large, max-video-preview:-1\" \/>\n<link rel=\"canonical\" href=\"https:\/\/web.consaguirre.com.ar\/noticias\/nuevo-set-de-caja-cronica-de-activismo-musical-de-john-lennon-yoko-ono\/\" \/>\n<meta property=\"og:locale\" content=\"es_ES\" \/>\n<meta property=\"og:type\" content=\"article\" \/>\n<meta property=\"og:title\" content=\"Nuevo set de caja cr\u00f3nica de activismo musical de John Lennon &amp; Yoko Ono\" \/>\n<meta property=\"og:description\" content=\"La historia de activismo pol\u00edtico de John Lennon y Yoko Ono es extensa, y un nuevo conjunto de cajas que narra ese elemento de la\" \/>\n<meta property=\"og:url\" content=\"https:\/\/web.consaguirre.com.ar\/noticias\/nuevo-set-de-caja-cronica-de-activismo-musical-de-john-lennon-yoko-ono\/\" \/>\n<meta property=\"og:site_name\" content=\"Conservatorio de M\u00fasica Juli\u00e1n Aguirre\" \/>\n<meta property=\"article:published_time\" content=\"2025-08-14T14:40:57+00:00\" \/>\n<meta property=\"article:modified_time\" content=\"2025-08-14T14:40:59+00:00\" \/>\n<meta property=\"og:image\" content=\"https:\/\/web.consaguirre.com.ar\/noticias\/wp-content\/uploads\/2025\/08\/Nuevo-set-de-caja-cronica-de-activismo-musical-de-John.jpg\" \/>\n\t<meta property=\"og:image:width\" content=\"1280\" \/>\n\t<meta property=\"og:image:height\" content=\"1280\" \/>\n\t<meta property=\"og:image:type\" content=\"image\/jpeg\" \/>\n<meta name=\"author\" content=\"Javier Figueroa\" \/>\n<meta name=\"twitter:card\" content=\"summary_large_image\" \/>\n<meta name=\"twitter:label1\" content=\"Escrito por\" \/>\n\t<meta name=\"twitter:data1\" content=\"Javier Figueroa\" \/>\n\t<meta name=\"twitter:label2\" content=\"Tiempo de lectura\" \/>\n\t<meta name=\"twitter:data2\" content=\"3 minutos\" \/>\n<script type=\"application\/ld+json\" class=\"yoast-schema-graph\">{\"@context\":\"https:\/\/schema.org\",\"@graph\":[{\"@type\":\"Article\",\"@id\":\"https:\/\/web.consaguirre.com.ar\/noticias\/nuevo-set-de-caja-cronica-de-activismo-musical-de-john-lennon-yoko-ono\/#article\",\"isPartOf\":{\"@id\":\"https:\/\/web.consaguirre.com.ar\/noticias\/nuevo-set-de-caja-cronica-de-activismo-musical-de-john-lennon-yoko-ono\/\"},\"author\":{\"name\":\"Javier Figueroa\",\"@id\":\"https:\/\/web.consaguirre.com.ar\/noticias\/#\/schema\/person\/6558b0cfedee7ddc5425602b237d5722\"},\"headline\":\"Nuevo set de caja cr\u00f3nica de activismo musical de John Lennon &#038; Yoko Ono\",\"datePublished\":\"2025-08-14T14:40:57+00:00\",\"dateModified\":\"2025-08-14T14:40:59+00:00\",\"mainEntityOfPage\":{\"@id\":\"https:\/\/web.consaguirre.com.ar\/noticias\/nuevo-set-de-caja-cronica-de-activismo-musical-de-john-lennon-yoko-ono\/\"},\"wordCount\":617,\"publisher\":{\"@id\":\"https:\/\/web.consaguirre.com.ar\/noticias\/#organization\"},\"image\":{\"@id\":\"https:\/\/web.consaguirre.com.ar\/noticias\/nuevo-set-de-caja-cronica-de-activismo-musical-de-john-lennon-yoko-ono\/#primaryimage\"},\"thumbnailUrl\":\"https:\/\/web.consaguirre.com.ar\/noticias\/wp-content\/uploads\/2025\/08\/Nuevo-set-de-caja-cronica-de-activismo-musical-de-John.jpg\",\"keywords\":[\"activismo\",\"caja\",\"cr\u00f3nica\",\"John\",\"Lennon\",\"musical\",\"nuevo\",\"Ono\",\"set\",\"Yoko\"],\"articleSection\":[\"El \u00faltimo\"],\"inLanguage\":\"es-AR\"},{\"@type\":\"WebPage\",\"@id\":\"https:\/\/web.consaguirre.com.ar\/noticias\/nuevo-set-de-caja-cronica-de-activismo-musical-de-john-lennon-yoko-ono\/\",\"url\":\"https:\/\/web.consaguirre.com.ar\/noticias\/nuevo-set-de-caja-cronica-de-activismo-musical-de-john-lennon-yoko-ono\/\",\"name\":\"Nuevo set de caja cr\u00f3nica de activismo musical de John Lennon & Yoko Ono\",\"isPartOf\":{\"@id\":\"https:\/\/web.consaguirre.com.ar\/noticias\/#website\"},\"primaryImageOfPage\":{\"@id\":\"https:\/\/web.consaguirre.com.ar\/noticias\/nuevo-set-de-caja-cronica-de-activismo-musical-de-john-lennon-yoko-ono\/#primaryimage\"},\"image\":{\"@id\":\"https:\/\/web.consaguirre.com.ar\/noticias\/nuevo-set-de-caja-cronica-de-activismo-musical-de-john-lennon-yoko-ono\/#primaryimage\"},\"thumbnailUrl\":\"https:\/\/web.consaguirre.com.ar\/noticias\/wp-content\/uploads\/2025\/08\/Nuevo-set-de-caja-cronica-de-activismo-musical-de-John.jpg\",\"datePublished\":\"2025-08-14T14:40:57+00:00\",\"dateModified\":\"2025-08-14T14:40:59+00:00\",\"breadcrumb\":{\"@id\":\"https:\/\/web.consaguirre.com.ar\/noticias\/nuevo-set-de-caja-cronica-de-activismo-musical-de-john-lennon-yoko-ono\/#breadcrumb\"},\"inLanguage\":\"es-AR\",\"potentialAction\":[{\"@type\":\"ReadAction\",\"target\":[\"https:\/\/web.consaguirre.com.ar\/noticias\/nuevo-set-de-caja-cronica-de-activismo-musical-de-john-lennon-yoko-ono\/\"]}]},{\"@type\":\"ImageObject\",\"inLanguage\":\"es-AR\",\"@id\":\"https:\/\/web.consaguirre.com.ar\/noticias\/nuevo-set-de-caja-cronica-de-activismo-musical-de-john-lennon-yoko-ono\/#primaryimage\",\"url\":\"https:\/\/web.consaguirre.com.ar\/noticias\/wp-content\/uploads\/2025\/08\/Nuevo-set-de-caja-cronica-de-activismo-musical-de-John.jpg\",\"contentUrl\":\"https:\/\/web.consaguirre.com.ar\/noticias\/wp-content\/uploads\/2025\/08\/Nuevo-set-de-caja-cronica-de-activismo-musical-de-John.jpg\",\"width\":1280,\"height\":1280,\"caption\":\"Nuevo set de caja cr\u00f3nica de activismo musical de John Lennon & Yoko Ono\"},{\"@type\":\"BreadcrumbList\",\"@id\":\"https:\/\/web.consaguirre.com.ar\/noticias\/nuevo-set-de-caja-cronica-de-activismo-musical-de-john-lennon-yoko-ono\/#breadcrumb\",\"itemListElement\":[{\"@type\":\"ListItem\",\"position\":1,\"name\":\"Inicio\",\"item\":\"https:\/\/web.consaguirre.com.ar\/noticias\/\"},{\"@type\":\"ListItem\",\"position\":2,\"name\":\"Nuevo set de caja cr\u00f3nica de activismo musical de John Lennon &#038; Yoko Ono\"}]},{\"@type\":\"WebSite\",\"@id\":\"https:\/\/web.consaguirre.com.ar\/noticias\/#website\",\"url\":\"https:\/\/web.consaguirre.com.ar\/noticias\/\",\"name\":\"Conservatorio de M\u00fasica Juli\u00e1n Aguirre\",\"description\":\"\",\"publisher\":{\"@id\":\"https:\/\/web.consaguirre.com.ar\/noticias\/#organization\"},\"potentialAction\":[{\"@type\":\"SearchAction\",\"target\":{\"@type\":\"EntryPoint\",\"urlTemplate\":\"https:\/\/web.consaguirre.com.ar\/noticias\/?s={search_term_string}\"},\"query-input\":\"required name=search_term_string\"}],\"inLanguage\":\"es-AR\"},{\"@type\":\"Organization\",\"@id\":\"https:\/\/web.consaguirre.com.ar\/noticias\/#organization\",\"name\":\"Conservatorio de M\u00fasica Juli\u00e1n Aguirre\",\"url\":\"https:\/\/web.consaguirre.com.ar\/noticias\/\",\"logo\":{\"@type\":\"ImageObject\",\"inLanguage\":\"es-AR\",\"@id\":\"https:\/\/web.consaguirre.com.ar\/noticias\/#\/schema\/logo\/image\/\",\"url\":\"https:\/\/web.consaguirre.com.ar\/noticias\/wp-content\/uploads\/2024\/08\/Banner-Aguirre-23.jpg\",\"contentUrl\":\"https:\/\/web.consaguirre.com.ar\/noticias\/wp-content\/uploads\/2024\/08\/Banner-Aguirre-23.jpg\",\"width\":1192,\"height\":600,\"caption\":\"Conservatorio de M\u00fasica Juli\u00e1n Aguirre\"},\"image\":{\"@id\":\"https:\/\/web.consaguirre.com.ar\/noticias\/#\/schema\/logo\/image\/\"}},{\"@type\":\"Person\",\"@id\":\"https:\/\/web.consaguirre.com.ar\/noticias\/#\/schema\/person\/6558b0cfedee7ddc5425602b237d5722\",\"name\":\"Javier Figueroa\",\"image\":{\"@type\":\"ImageObject\",\"inLanguage\":\"es-AR\",\"@id\":\"https:\/\/web.consaguirre.com.ar\/noticias\/#\/schema\/person\/image\/\",\"url\":\"https:\/\/web.consaguirre.com.ar\/noticias\/wp-content\/uploads\/2024\/08\/Consaguirre-scaled.jpg\",\"contentUrl\":\"https:\/\/web.consaguirre.com.ar\/noticias\/wp-content\/uploads\/2024\/08\/Consaguirre-scaled.jpg\",\"caption\":\"Javier Figueroa\"},\"description\":\"Me llamo Javier Figueroa y soy redactor para el sitio oficial del Conservatorio de M\u00fasica Juli\u00e1n Aguirre en Buenos Aires, consaguirre.com. Apasionado por la m\u00fasica y la escritura, me esfuerzo por destacar los talentos y eventos de nuestra prestigiosa instituci\u00f3n. Mi trayectoria se nutre de una profunda admiraci\u00f3n por los artistas, haciendo de cada art\u00edculo una celebraci\u00f3n de la creatividad y la cultura musical.\",\"sameAs\":[\"https:\/\/web.consaguirre.com.ar\/noticias\"]}]}<\/script>\n<!-- \/ Yoast SEO plugin. -->","yoast_head_json":{"title":"Nuevo set de caja cr\u00f3nica de activismo musical de John Lennon & Yoko Ono","robots":{"index":"index","follow":"follow","max-snippet":"max-snippet:-1","max-image-preview":"max-image-preview:large","max-video-preview":"max-video-preview:-1"},"canonical":"https:\/\/web.consaguirre.com.ar\/noticias\/nuevo-set-de-caja-cronica-de-activismo-musical-de-john-lennon-yoko-ono\/","og_locale":"es_ES","og_type":"article","og_title":"Nuevo set de caja cr\u00f3nica de activismo musical de John Lennon & Yoko Ono","og_description":"La historia de activismo pol\u00edtico de John Lennon y Yoko Ono es extensa, y un nuevo conjunto de cajas que narra ese elemento de la","og_url":"https:\/\/web.consaguirre.com.ar\/noticias\/nuevo-set-de-caja-cronica-de-activismo-musical-de-john-lennon-yoko-ono\/","og_site_name":"Conservatorio de M\u00fasica Juli\u00e1n Aguirre","article_published_time":"2025-08-14T14:40:57+00:00","article_modified_time":"2025-08-14T14:40:59+00:00","og_image":[{"width":1280,"height":1280,"url":"https:\/\/web.consaguirre.com.ar\/noticias\/wp-content\/uploads\/2025\/08\/Nuevo-set-de-caja-cronica-de-activismo-musical-de-John.jpg","type":"image\/jpeg"}],"author":"Javier Figueroa","twitter_card":"summary_large_image","twitter_misc":{"Escrito por":"Javier Figueroa","Tiempo de lectura":"3 minutos"},"schema":{"@context":"https:\/\/schema.org","@graph":[{"@type":"Article","@id":"https:\/\/web.consaguirre.com.ar\/noticias\/nuevo-set-de-caja-cronica-de-activismo-musical-de-john-lennon-yoko-ono\/#article","isPartOf":{"@id":"https:\/\/web.consaguirre.com.ar\/noticias\/nuevo-set-de-caja-cronica-de-activismo-musical-de-john-lennon-yoko-ono\/"},"author":{"name":"Javier Figueroa","@id":"https:\/\/web.consaguirre.com.ar\/noticias\/#\/schema\/person\/6558b0cfedee7ddc5425602b237d5722"},"headline":"Nuevo set de caja cr\u00f3nica de activismo musical de John Lennon &#038; Yoko Ono","datePublished":"2025-08-14T14:40:57+00:00","dateModified":"2025-08-14T14:40:59+00:00","mainEntityOfPage":{"@id":"https:\/\/web.consaguirre.com.ar\/noticias\/nuevo-set-de-caja-cronica-de-activismo-musical-de-john-lennon-yoko-ono\/"},"wordCount":617,"publisher":{"@id":"https:\/\/web.consaguirre.com.ar\/noticias\/#organization"},"image":{"@id":"https:\/\/web.consaguirre.com.ar\/noticias\/nuevo-set-de-caja-cronica-de-activismo-musical-de-john-lennon-yoko-ono\/#primaryimage"},"thumbnailUrl":"https:\/\/web.consaguirre.com.ar\/noticias\/wp-content\/uploads\/2025\/08\/Nuevo-set-de-caja-cronica-de-activismo-musical-de-John.jpg","keywords":["activismo","caja","cr\u00f3nica","John","Lennon","musical","nuevo","Ono","set","Yoko"],"articleSection":["El \u00faltimo"],"inLanguage":"es-AR"},{"@type":"WebPage","@id":"https:\/\/web.consaguirre.com.ar\/noticias\/nuevo-set-de-caja-cronica-de-activismo-musical-de-john-lennon-yoko-ono\/","url":"https:\/\/web.consaguirre.com.ar\/noticias\/nuevo-set-de-caja-cronica-de-activismo-musical-de-john-lennon-yoko-ono\/","name":"Nuevo set de caja cr\u00f3nica de activismo musical de John Lennon & Yoko Ono","isPartOf":{"@id":"https:\/\/web.consaguirre.com.ar\/noticias\/#website"},"primaryImageOfPage":{"@id":"https:\/\/web.consaguirre.com.ar\/noticias\/nuevo-set-de-caja-cronica-de-activismo-musical-de-john-lennon-yoko-ono\/#primaryimage"},"image":{"@id":"https:\/\/web.consaguirre.com.ar\/noticias\/nuevo-set-de-caja-cronica-de-activismo-musical-de-john-lennon-yoko-ono\/#primaryimage"},"thumbnailUrl":"https:\/\/web.consaguirre.com.ar\/noticias\/wp-content\/uploads\/2025\/08\/Nuevo-set-de-caja-cronica-de-activismo-musical-de-John.jpg","datePublished":"2025-08-14T14:40:57+00:00","dateModified":"2025-08-14T14:40:59+00:00","breadcrumb":{"@id":"https:\/\/web.consaguirre.com.ar\/noticias\/nuevo-set-de-caja-cronica-de-activismo-musical-de-john-lennon-yoko-ono\/#breadcrumb"},"inLanguage":"es-AR","potentialAction":[{"@type":"ReadAction","target":["https:\/\/web.consaguirre.com.ar\/noticias\/nuevo-set-de-caja-cronica-de-activismo-musical-de-john-lennon-yoko-ono\/"]}]},{"@type":"ImageObject","inLanguage":"es-AR","@id":"https:\/\/web.consaguirre.com.ar\/noticias\/nuevo-set-de-caja-cronica-de-activismo-musical-de-john-lennon-yoko-ono\/#primaryimage","url":"https:\/\/web.consaguirre.com.ar\/noticias\/wp-content\/uploads\/2025\/08\/Nuevo-set-de-caja-cronica-de-activismo-musical-de-John.jpg","contentUrl":"https:\/\/web.consaguirre.com.ar\/noticias\/wp-content\/uploads\/2025\/08\/Nuevo-set-de-caja-cronica-de-activismo-musical-de-John.jpg","width":1280,"height":1280,"caption":"Nuevo set de caja cr\u00f3nica de activismo musical de John Lennon & Yoko Ono"},{"@type":"BreadcrumbList","@id":"https:\/\/web.consaguirre.com.ar\/noticias\/nuevo-set-de-caja-cronica-de-activismo-musical-de-john-lennon-yoko-ono\/#breadcrumb","itemListElement":[{"@type":"ListItem","position":1,"name":"Inicio","item":"https:\/\/web.consaguirre.com.ar\/noticias\/"},{"@type":"ListItem","position":2,"name":"Nuevo set de caja cr\u00f3nica de activismo musical de John Lennon &#038; Yoko Ono"}]},{"@type":"WebSite","@id":"https:\/\/web.consaguirre.com.ar\/noticias\/#website","url":"https:\/\/web.consaguirre.com.ar\/noticias\/","name":"Conservatorio de M\u00fasica Juli\u00e1n Aguirre","description":"","publisher":{"@id":"https:\/\/web.consaguirre.com.ar\/noticias\/#organization"},"potentialAction":[{"@type":"SearchAction","target":{"@type":"EntryPoint","urlTemplate":"https:\/\/web.consaguirre.com.ar\/noticias\/?s={search_term_string}"},"query-input":"required name=search_term_string"}],"inLanguage":"es-AR"},{"@type":"Organization","@id":"https:\/\/web.consaguirre.com.ar\/noticias\/#organization","name":"Conservatorio de M\u00fasica Juli\u00e1n Aguirre","url":"https:\/\/web.consaguirre.com.ar\/noticias\/","logo":{"@type":"ImageObject","inLanguage":"es-AR","@id":"https:\/\/web.consaguirre.com.ar\/noticias\/#\/schema\/logo\/image\/","url":"https:\/\/web.consaguirre.com.ar\/noticias\/wp-content\/uploads\/2024\/08\/Banner-Aguirre-23.jpg","contentUrl":"https:\/\/web.consaguirre.com.ar\/noticias\/wp-content\/uploads\/2024\/08\/Banner-Aguirre-23.jpg","width":1192,"height":600,"caption":"Conservatorio de M\u00fasica Juli\u00e1n Aguirre"},"image":{"@id":"https:\/\/web.consaguirre.com.ar\/noticias\/#\/schema\/logo\/image\/"}},{"@type":"Person","@id":"https:\/\/web.consaguirre.com.ar\/noticias\/#\/schema\/person\/6558b0cfedee7ddc5425602b237d5722","name":"Javier Figueroa","image":{"@type":"ImageObject","inLanguage":"es-AR","@id":"https:\/\/web.consaguirre.com.ar\/noticias\/#\/schema\/person\/image\/","url":"https:\/\/web.consaguirre.com.ar\/noticias\/wp-content\/uploads\/2024\/08\/Consaguirre-scaled.jpg","contentUrl":"https:\/\/web.consaguirre.com.ar\/noticias\/wp-content\/uploads\/2024\/08\/Consaguirre-scaled.jpg","caption":"Javier Figueroa"},"description":"Me llamo Javier Figueroa y soy redactor para el sitio oficial del Conservatorio de M\u00fasica Juli\u00e1n Aguirre en Buenos Aires, consaguirre.com. Apasionado por la m\u00fasica y la escritura, me esfuerzo por destacar los talentos y eventos de nuestra prestigiosa instituci\u00f3n. Mi trayectoria se nutre de una profunda admiraci\u00f3n por los artistas, haciendo de cada art\u00edculo una celebraci\u00f3n de la creatividad y la cultura musical.","sameAs":["https:\/\/web.consaguirre.com.ar\/noticias"]}]}},"_links":{"self":[{"href":"https:\/\/web.consaguirre.com.ar\/noticias\/wp-json\/wp\/v2\/posts\/3435"}],"collection":[{"href":"https:\/\/web.consaguirre.com.ar\/noticias\/wp-json\/wp\/v2\/posts"}],"about":[{"href":"https:\/\/web.consaguirre.com.ar\/noticias\/wp-json\/wp\/v2\/types\/post"}],"author":[{"embeddable":true,"href":"https:\/\/web.consaguirre.com.ar\/noticias\/wp-json\/wp\/v2\/users\/1"}],"replies":[{"embeddable":true,"href":"https:\/\/web.consaguirre.com.ar\/noticias\/wp-json\/wp\/v2\/comments?post=3435"}],"version-history":[{"count":1,"href":"https:\/\/web.consaguirre.com.ar\/noticias\/wp-json\/wp\/v2\/posts\/3435\/revisions"}],"predecessor-version":[{"id":3437,"href":"https:\/\/web.consaguirre.com.ar\/noticias\/wp-json\/wp\/v2\/posts\/3435\/revisions\/3437"}],"wp:featuredmedia":[{"embeddable":true,"href":"https:\/\/web.consaguirre.com.ar\/noticias\/wp-json\/wp\/v2\/media\/3436"}],"wp:attachment":[{"href":"https:\/\/web.consaguirre.com.ar\/noticias\/wp-json\/wp\/v2\/media?parent=3435"}],"wp:term":[{"taxonomy":"category","embeddable":true,"href":"https:\/\/web.consaguirre.com.ar\/noticias\/wp-json\/wp\/v2\/categories?post=3435"},{"taxonomy":"post_tag","embeddable":true,"href":"https:\/\/web.consaguirre.com.ar\/noticias\/wp-json\/wp\/v2\/tags?post=3435"}],"curies":[{"name":"wp","href":"https:\/\/api.w.org\/{rel}","templated":true}]}}