{"id":3426,"date":"2025-08-13T14:38:12","date_gmt":"2025-08-13T17:38:12","guid":{"rendered":"https:\/\/web.consaguirre.com.ar\/noticias\/olivia-rodrigo-anuncia-el-libro-de-la-gira-world-guts\/"},"modified":"2025-08-13T14:38:13","modified_gmt":"2025-08-13T17:38:13","slug":"olivia-rodrigo-anuncia-el-libro-de-la-gira-world-guts","status":"publish","type":"post","link":"https:\/\/web.consaguirre.com.ar\/noticias\/olivia-rodrigo-anuncia-el-libro-de-la-gira-world-guts\/","title":{"rendered":"Olivia Rodrigo anuncia el &#8216;Libro de la gira World Guts&#8217;"},"content":{"rendered":"<p dir=\"ltr\"><span data-ogsc=\"rgb(0, 0, 0)\">Olivia Rodrigo ha anunciado el lanzamiento de la <\/span><em>Libro de tour de Guts World<\/em><span data-ogsc=\"rgb(0, 0, 0)\">conmemorando la gira mundial de la superestrella del pop. Los pedidos anticipados est\u00e1n disponibles ahora. <\/span><\/p>\n<p dir=\"ltr\"><span data-ogsc=\"rgb(0, 0, 0)\">Rodrigo actu\u00f3 a m\u00e1s de 1.6 millones de fan\u00e1ticos en el transcurso de 100 shows de titulares con entradas agotadas en 64 ciudades en sus aclamadas <\/span><em>V\u00cdSCERAS<\/em><span data-ogsc=\"rgb(0, 0, 0)\">  Tour mundial. Adem\u00e1s, encabez\u00f3 18 festivales en todo el mundo, culminando en Montreal en el Festival Osheaga.<\/span><\/p>\n<p dir=\"ltr\"><span data-ogsc=\"rgb(0, 0, 0)\">Disponible exclusivamente en la tienda de Rodrigo, <\/span><em>Libro de tour de Guts World<\/em><span data-ogsc=\"rgb(0, 0, 0)\">  Ofrece una mirada detr\u00e1s de escena de la gira y el proceso creativo de Rodrigo con fotos exclusivas de Paula Busnovetsky, Miles Leavitt, Jesse Deflorio, Rahul Bhatt y Jess Gleeson. El libro de tapa dura de m\u00e1s de 100 p\u00e1ginas con un estuche de troquelado personalizado tambi\u00e9n cuenta con una l\u00ednea de tiempo que traza Rodrigo&#8217;s <\/span><em>V\u00cdSCERAS<\/em><span data-ogsc=\"rgb(0, 0, 0)\">  y la gira posterior, un itinerario integral, lista de canciones, fotos de invitados y fan\u00e1ticos especiales, detalles sobre el dise\u00f1o del escenario y el video, y una nota personal de Olivia. Los extras exclusivos incluyen un doble lado <\/span><em>V\u00cdSCERAS<\/em><span data-ogsc=\"rgb(0, 0, 0)\">  P\u00f3ster desplegable World Tour, tarjetas comerciales y dos hojas de pegatinas.<\/span><\/p>\n<p dir=\"ltr\"><span data-ogsc=\"rgb(0, 0, 0)\">Olivia don\u00f3 m\u00e1s de dos millones de d\u00f3lares de sus ingresos netos de la <\/span><em>V\u00cdSCERAS<\/em><span data-ogsc=\"rgb(0, 0, 0)\">  World Tour a organizaciones ben\u00e9ficas de todo el mundo. La donaci\u00f3n se distribuy\u00f3 a trav\u00e9s de Rodrigo&#8217;s Fund 4 Good, una iniciativa global comprometida a construir un futuro equitativo y justo para todas las mujeres y ni\u00f1as a trav\u00e9s del apoyo directo de organizaciones sin fines de lucro comunitarias que defienden la educaci\u00f3n de las ni\u00f1as, apoyan los derechos reproductivos y evitan la violencia de g\u00e9nero.<\/span><\/p>\n<p dir=\"ltr\"><span data-ogsc=\"rgb(0, 0, 0)\">Alabando la gira, <\/span><em>Piedra rodante<\/em><span data-ogsc=\"rgb(0, 0, 0)\">  dijo: &#8220;Rodrigo consolid\u00f3 su posici\u00f3n en la cultura pop como artista que define la generaci\u00f3n. Como una estrella de rock&#8221;. <\/span><em>Variedad<\/em><span data-ogsc=\"rgb(0, 0, 0)\">  se\u00f1al\u00f3: &#8220;Es un espect\u00e1culo de rock &#8216;n&#8217; roll, por cierto, tal vez la mejor gira de rock que obtendremos todo el a\u00f1o &#8230; Olivia fue nombrada artista de gira del a\u00f1o por <\/span><em>Cartelera<\/em><span data-ogsc=\"rgb(0, 0, 0)\">apareciendo en la portada de octubre de 2024 de su emisi\u00f3n de gira.<\/span><\/p>\n<p dir=\"ltr\"><em>V\u00cdSCERAS<\/em><span data-ogsc=\"rgb(0, 0, 0)\">el seguimiento del \u00e1lbum debut r\u00e9cord de Rodrigo <\/span><em>AGRIO<\/em><span data-ogsc=\"rgb(0, 0, 0)\">fue lanzado por Geffen Records el 8 de septiembre de 2023, y r\u00e1pidamente dispar\u00f3 a la cima de las listas de todo el mundo. <\/span><em>V\u00cdSCERAS<\/em><span data-ogsc=\"rgb(0, 0, 0)\">  debut\u00f3 en el n\u00famero 1 en el <em>Cartelera<\/em> 200, coincidiendo con el sencillo principal &#8216;Vampire&#8217; que regresa al primer puesto en el <em>Cartelera<\/em> Hot 100 y el ranking n\u00famero 1 de Rodrigo en el artista 100, d\u00e1ndole un triple de la lista.<\/span><\/p>\n<p dir=\"ltr\">Compre el libro de giras de Guts World aqu\u00ed.<\/p>\n<p dir=\"ltr\">Compre Olivia Rodrigo en vinilo o CD aqu\u00ed.<\/p>\n","protected":false},"excerpt":{"rendered":"<p>Olivia Rodrigo ha anunciado el lanzamiento de la Libro de tour de Guts Worldconmemorando la gira mundial de la superestrella del pop. Los pedidos anticipados<\/p>\n","protected":false},"author":1,"featured_media":3427,"comment_status":"closed","ping_status":"","sticky":false,"template":"","format":"standard","meta":{"footnotes":""},"categories":[50],"tags":[56,492,876,750,877,878,84],"class_list":["post-3426","post","type-post","status-publish","format-standard","has-post-thumbnail","hentry","category-el-ultimo","tag-anuncia","tag-gira","tag-guts","tag-libro","tag-olivia","tag-rodrigo","tag-world","generate-columns","tablet-grid-50","mobile-grid-100","grid-parent","grid-50"],"yoast_head":"<!-- This site is optimized with the Yoast SEO plugin v23.3 - https:\/\/yoast.com\/wordpress\/plugins\/seo\/ -->\n<title>Olivia Rodrigo anuncia el &#039;Libro de la gira World Guts&#039;<\/title>\n<meta name=\"robots\" content=\"index, follow, max-snippet:-1, max-image-preview:large, max-video-preview:-1\" \/>\n<link rel=\"canonical\" href=\"https:\/\/web.consaguirre.com.ar\/noticias\/olivia-rodrigo-anuncia-el-libro-de-la-gira-world-guts\/\" \/>\n<meta property=\"og:locale\" content=\"es_ES\" \/>\n<meta property=\"og:type\" content=\"article\" \/>\n<meta property=\"og:title\" content=\"Olivia Rodrigo anuncia el &#039;Libro de la gira World Guts&#039;\" \/>\n<meta property=\"og:description\" content=\"Olivia Rodrigo ha anunciado el lanzamiento de la Libro de tour de Guts Worldconmemorando la gira mundial de la superestrella del pop. Los pedidos anticipados\" \/>\n<meta property=\"og:url\" content=\"https:\/\/web.consaguirre.com.ar\/noticias\/olivia-rodrigo-anuncia-el-libro-de-la-gira-world-guts\/\" \/>\n<meta property=\"og:site_name\" content=\"Conservatorio de M\u00fasica Juli\u00e1n Aguirre\" \/>\n<meta property=\"article:published_time\" content=\"2025-08-13T17:38:12+00:00\" \/>\n<meta property=\"article:modified_time\" content=\"2025-08-13T17:38:13+00:00\" \/>\n<meta property=\"og:image\" content=\"https:\/\/web.consaguirre.com.ar\/noticias\/wp-content\/uploads\/2025\/08\/Olivia-Rodrigo-anuncia-el-Libro-de-la-gira-World-Guts.jpg\" \/>\n\t<meta property=\"og:image:width\" content=\"1280\" \/>\n\t<meta property=\"og:image:height\" content=\"1280\" \/>\n\t<meta property=\"og:image:type\" content=\"image\/jpeg\" \/>\n<meta name=\"author\" content=\"Javier Figueroa\" \/>\n<meta name=\"twitter:card\" content=\"summary_large_image\" \/>\n<meta name=\"twitter:label1\" content=\"Escrito por\" \/>\n\t<meta name=\"twitter:data1\" content=\"Javier Figueroa\" \/>\n\t<meta name=\"twitter:label2\" content=\"Tiempo de lectura\" \/>\n\t<meta name=\"twitter:data2\" content=\"2 minutos\" \/>\n<script type=\"application\/ld+json\" class=\"yoast-schema-graph\">{\"@context\":\"https:\/\/schema.org\",\"@graph\":[{\"@type\":\"Article\",\"@id\":\"https:\/\/web.consaguirre.com.ar\/noticias\/olivia-rodrigo-anuncia-el-libro-de-la-gira-world-guts\/#article\",\"isPartOf\":{\"@id\":\"https:\/\/web.consaguirre.com.ar\/noticias\/olivia-rodrigo-anuncia-el-libro-de-la-gira-world-guts\/\"},\"author\":{\"name\":\"Javier Figueroa\",\"@id\":\"https:\/\/web.consaguirre.com.ar\/noticias\/#\/schema\/person\/6558b0cfedee7ddc5425602b237d5722\"},\"headline\":\"Olivia Rodrigo anuncia el &#8216;Libro de la gira World Guts&#8217;\",\"datePublished\":\"2025-08-13T17:38:12+00:00\",\"dateModified\":\"2025-08-13T17:38:13+00:00\",\"mainEntityOfPage\":{\"@id\":\"https:\/\/web.consaguirre.com.ar\/noticias\/olivia-rodrigo-anuncia-el-libro-de-la-gira-world-guts\/\"},\"wordCount\":477,\"publisher\":{\"@id\":\"https:\/\/web.consaguirre.com.ar\/noticias\/#organization\"},\"image\":{\"@id\":\"https:\/\/web.consaguirre.com.ar\/noticias\/olivia-rodrigo-anuncia-el-libro-de-la-gira-world-guts\/#primaryimage\"},\"thumbnailUrl\":\"https:\/\/web.consaguirre.com.ar\/noticias\/wp-content\/uploads\/2025\/08\/Olivia-Rodrigo-anuncia-el-Libro-de-la-gira-World-Guts.jpg\",\"keywords\":[\"anuncia\",\"gira\",\"GUTS\",\"libro\",\"Olivia\",\"Rodrigo\",\"World\"],\"articleSection\":[\"El \u00faltimo\"],\"inLanguage\":\"es-AR\"},{\"@type\":\"WebPage\",\"@id\":\"https:\/\/web.consaguirre.com.ar\/noticias\/olivia-rodrigo-anuncia-el-libro-de-la-gira-world-guts\/\",\"url\":\"https:\/\/web.consaguirre.com.ar\/noticias\/olivia-rodrigo-anuncia-el-libro-de-la-gira-world-guts\/\",\"name\":\"Olivia Rodrigo anuncia el 'Libro de la gira World Guts'\",\"isPartOf\":{\"@id\":\"https:\/\/web.consaguirre.com.ar\/noticias\/#website\"},\"primaryImageOfPage\":{\"@id\":\"https:\/\/web.consaguirre.com.ar\/noticias\/olivia-rodrigo-anuncia-el-libro-de-la-gira-world-guts\/#primaryimage\"},\"image\":{\"@id\":\"https:\/\/web.consaguirre.com.ar\/noticias\/olivia-rodrigo-anuncia-el-libro-de-la-gira-world-guts\/#primaryimage\"},\"thumbnailUrl\":\"https:\/\/web.consaguirre.com.ar\/noticias\/wp-content\/uploads\/2025\/08\/Olivia-Rodrigo-anuncia-el-Libro-de-la-gira-World-Guts.jpg\",\"datePublished\":\"2025-08-13T17:38:12+00:00\",\"dateModified\":\"2025-08-13T17:38:13+00:00\",\"breadcrumb\":{\"@id\":\"https:\/\/web.consaguirre.com.ar\/noticias\/olivia-rodrigo-anuncia-el-libro-de-la-gira-world-guts\/#breadcrumb\"},\"inLanguage\":\"es-AR\",\"potentialAction\":[{\"@type\":\"ReadAction\",\"target\":[\"https:\/\/web.consaguirre.com.ar\/noticias\/olivia-rodrigo-anuncia-el-libro-de-la-gira-world-guts\/\"]}]},{\"@type\":\"ImageObject\",\"inLanguage\":\"es-AR\",\"@id\":\"https:\/\/web.consaguirre.com.ar\/noticias\/olivia-rodrigo-anuncia-el-libro-de-la-gira-world-guts\/#primaryimage\",\"url\":\"https:\/\/web.consaguirre.com.ar\/noticias\/wp-content\/uploads\/2025\/08\/Olivia-Rodrigo-anuncia-el-Libro-de-la-gira-World-Guts.jpg\",\"contentUrl\":\"https:\/\/web.consaguirre.com.ar\/noticias\/wp-content\/uploads\/2025\/08\/Olivia-Rodrigo-anuncia-el-Libro-de-la-gira-World-Guts.jpg\",\"width\":1280,\"height\":1280,\"caption\":\"Olivia Rodrigo anuncia el 'Libro de la gira World Guts'\"},{\"@type\":\"BreadcrumbList\",\"@id\":\"https:\/\/web.consaguirre.com.ar\/noticias\/olivia-rodrigo-anuncia-el-libro-de-la-gira-world-guts\/#breadcrumb\",\"itemListElement\":[{\"@type\":\"ListItem\",\"position\":1,\"name\":\"Inicio\",\"item\":\"https:\/\/web.consaguirre.com.ar\/noticias\/\"},{\"@type\":\"ListItem\",\"position\":2,\"name\":\"Olivia Rodrigo anuncia el &#8216;Libro de la gira World Guts&#8217;\"}]},{\"@type\":\"WebSite\",\"@id\":\"https:\/\/web.consaguirre.com.ar\/noticias\/#website\",\"url\":\"https:\/\/web.consaguirre.com.ar\/noticias\/\",\"name\":\"Conservatorio de M\u00fasica Juli\u00e1n Aguirre\",\"description\":\"\",\"publisher\":{\"@id\":\"https:\/\/web.consaguirre.com.ar\/noticias\/#organization\"},\"potentialAction\":[{\"@type\":\"SearchAction\",\"target\":{\"@type\":\"EntryPoint\",\"urlTemplate\":\"https:\/\/web.consaguirre.com.ar\/noticias\/?s={search_term_string}\"},\"query-input\":\"required name=search_term_string\"}],\"inLanguage\":\"es-AR\"},{\"@type\":\"Organization\",\"@id\":\"https:\/\/web.consaguirre.com.ar\/noticias\/#organization\",\"name\":\"Conservatorio de M\u00fasica Juli\u00e1n Aguirre\",\"url\":\"https:\/\/web.consaguirre.com.ar\/noticias\/\",\"logo\":{\"@type\":\"ImageObject\",\"inLanguage\":\"es-AR\",\"@id\":\"https:\/\/web.consaguirre.com.ar\/noticias\/#\/schema\/logo\/image\/\",\"url\":\"https:\/\/web.consaguirre.com.ar\/noticias\/wp-content\/uploads\/2024\/08\/Banner-Aguirre-23.jpg\",\"contentUrl\":\"https:\/\/web.consaguirre.com.ar\/noticias\/wp-content\/uploads\/2024\/08\/Banner-Aguirre-23.jpg\",\"width\":1192,\"height\":600,\"caption\":\"Conservatorio de M\u00fasica Juli\u00e1n Aguirre\"},\"image\":{\"@id\":\"https:\/\/web.consaguirre.com.ar\/noticias\/#\/schema\/logo\/image\/\"}},{\"@type\":\"Person\",\"@id\":\"https:\/\/web.consaguirre.com.ar\/noticias\/#\/schema\/person\/6558b0cfedee7ddc5425602b237d5722\",\"name\":\"Javier Figueroa\",\"image\":{\"@type\":\"ImageObject\",\"inLanguage\":\"es-AR\",\"@id\":\"https:\/\/web.consaguirre.com.ar\/noticias\/#\/schema\/person\/image\/\",\"url\":\"https:\/\/web.consaguirre.com.ar\/noticias\/wp-content\/uploads\/2024\/08\/Consaguirre-scaled.jpg\",\"contentUrl\":\"https:\/\/web.consaguirre.com.ar\/noticias\/wp-content\/uploads\/2024\/08\/Consaguirre-scaled.jpg\",\"caption\":\"Javier Figueroa\"},\"description\":\"Me llamo Javier Figueroa y soy redactor para el sitio oficial del Conservatorio de M\u00fasica Juli\u00e1n Aguirre en Buenos Aires, consaguirre.com. Apasionado por la m\u00fasica y la escritura, me esfuerzo por destacar los talentos y eventos de nuestra prestigiosa instituci\u00f3n. Mi trayectoria se nutre de una profunda admiraci\u00f3n por los artistas, haciendo de cada art\u00edculo una celebraci\u00f3n de la creatividad y la cultura musical.\",\"sameAs\":[\"https:\/\/web.consaguirre.com.ar\/noticias\"]}]}<\/script>\n<!-- \/ Yoast SEO plugin. -->","yoast_head_json":{"title":"Olivia Rodrigo anuncia el 'Libro de la gira World Guts'","robots":{"index":"index","follow":"follow","max-snippet":"max-snippet:-1","max-image-preview":"max-image-preview:large","max-video-preview":"max-video-preview:-1"},"canonical":"https:\/\/web.consaguirre.com.ar\/noticias\/olivia-rodrigo-anuncia-el-libro-de-la-gira-world-guts\/","og_locale":"es_ES","og_type":"article","og_title":"Olivia Rodrigo anuncia el 'Libro de la gira World Guts'","og_description":"Olivia Rodrigo ha anunciado el lanzamiento de la Libro de tour de Guts Worldconmemorando la gira mundial de la superestrella del pop. Los pedidos anticipados","og_url":"https:\/\/web.consaguirre.com.ar\/noticias\/olivia-rodrigo-anuncia-el-libro-de-la-gira-world-guts\/","og_site_name":"Conservatorio de M\u00fasica Juli\u00e1n Aguirre","article_published_time":"2025-08-13T17:38:12+00:00","article_modified_time":"2025-08-13T17:38:13+00:00","og_image":[{"width":1280,"height":1280,"url":"https:\/\/web.consaguirre.com.ar\/noticias\/wp-content\/uploads\/2025\/08\/Olivia-Rodrigo-anuncia-el-Libro-de-la-gira-World-Guts.jpg","type":"image\/jpeg"}],"author":"Javier Figueroa","twitter_card":"summary_large_image","twitter_misc":{"Escrito por":"Javier Figueroa","Tiempo de lectura":"2 minutos"},"schema":{"@context":"https:\/\/schema.org","@graph":[{"@type":"Article","@id":"https:\/\/web.consaguirre.com.ar\/noticias\/olivia-rodrigo-anuncia-el-libro-de-la-gira-world-guts\/#article","isPartOf":{"@id":"https:\/\/web.consaguirre.com.ar\/noticias\/olivia-rodrigo-anuncia-el-libro-de-la-gira-world-guts\/"},"author":{"name":"Javier Figueroa","@id":"https:\/\/web.consaguirre.com.ar\/noticias\/#\/schema\/person\/6558b0cfedee7ddc5425602b237d5722"},"headline":"Olivia Rodrigo anuncia el &#8216;Libro de la gira World Guts&#8217;","datePublished":"2025-08-13T17:38:12+00:00","dateModified":"2025-08-13T17:38:13+00:00","mainEntityOfPage":{"@id":"https:\/\/web.consaguirre.com.ar\/noticias\/olivia-rodrigo-anuncia-el-libro-de-la-gira-world-guts\/"},"wordCount":477,"publisher":{"@id":"https:\/\/web.consaguirre.com.ar\/noticias\/#organization"},"image":{"@id":"https:\/\/web.consaguirre.com.ar\/noticias\/olivia-rodrigo-anuncia-el-libro-de-la-gira-world-guts\/#primaryimage"},"thumbnailUrl":"https:\/\/web.consaguirre.com.ar\/noticias\/wp-content\/uploads\/2025\/08\/Olivia-Rodrigo-anuncia-el-Libro-de-la-gira-World-Guts.jpg","keywords":["anuncia","gira","GUTS","libro","Olivia","Rodrigo","World"],"articleSection":["El \u00faltimo"],"inLanguage":"es-AR"},{"@type":"WebPage","@id":"https:\/\/web.consaguirre.com.ar\/noticias\/olivia-rodrigo-anuncia-el-libro-de-la-gira-world-guts\/","url":"https:\/\/web.consaguirre.com.ar\/noticias\/olivia-rodrigo-anuncia-el-libro-de-la-gira-world-guts\/","name":"Olivia Rodrigo anuncia el 'Libro de la gira World Guts'","isPartOf":{"@id":"https:\/\/web.consaguirre.com.ar\/noticias\/#website"},"primaryImageOfPage":{"@id":"https:\/\/web.consaguirre.com.ar\/noticias\/olivia-rodrigo-anuncia-el-libro-de-la-gira-world-guts\/#primaryimage"},"image":{"@id":"https:\/\/web.consaguirre.com.ar\/noticias\/olivia-rodrigo-anuncia-el-libro-de-la-gira-world-guts\/#primaryimage"},"thumbnailUrl":"https:\/\/web.consaguirre.com.ar\/noticias\/wp-content\/uploads\/2025\/08\/Olivia-Rodrigo-anuncia-el-Libro-de-la-gira-World-Guts.jpg","datePublished":"2025-08-13T17:38:12+00:00","dateModified":"2025-08-13T17:38:13+00:00","breadcrumb":{"@id":"https:\/\/web.consaguirre.com.ar\/noticias\/olivia-rodrigo-anuncia-el-libro-de-la-gira-world-guts\/#breadcrumb"},"inLanguage":"es-AR","potentialAction":[{"@type":"ReadAction","target":["https:\/\/web.consaguirre.com.ar\/noticias\/olivia-rodrigo-anuncia-el-libro-de-la-gira-world-guts\/"]}]},{"@type":"ImageObject","inLanguage":"es-AR","@id":"https:\/\/web.consaguirre.com.ar\/noticias\/olivia-rodrigo-anuncia-el-libro-de-la-gira-world-guts\/#primaryimage","url":"https:\/\/web.consaguirre.com.ar\/noticias\/wp-content\/uploads\/2025\/08\/Olivia-Rodrigo-anuncia-el-Libro-de-la-gira-World-Guts.jpg","contentUrl":"https:\/\/web.consaguirre.com.ar\/noticias\/wp-content\/uploads\/2025\/08\/Olivia-Rodrigo-anuncia-el-Libro-de-la-gira-World-Guts.jpg","width":1280,"height":1280,"caption":"Olivia Rodrigo anuncia el 'Libro de la gira World Guts'"},{"@type":"BreadcrumbList","@id":"https:\/\/web.consaguirre.com.ar\/noticias\/olivia-rodrigo-anuncia-el-libro-de-la-gira-world-guts\/#breadcrumb","itemListElement":[{"@type":"ListItem","position":1,"name":"Inicio","item":"https:\/\/web.consaguirre.com.ar\/noticias\/"},{"@type":"ListItem","position":2,"name":"Olivia Rodrigo anuncia el &#8216;Libro de la gira World Guts&#8217;"}]},{"@type":"WebSite","@id":"https:\/\/web.consaguirre.com.ar\/noticias\/#website","url":"https:\/\/web.consaguirre.com.ar\/noticias\/","name":"Conservatorio de M\u00fasica Juli\u00e1n Aguirre","description":"","publisher":{"@id":"https:\/\/web.consaguirre.com.ar\/noticias\/#organization"},"potentialAction":[{"@type":"SearchAction","target":{"@type":"EntryPoint","urlTemplate":"https:\/\/web.consaguirre.com.ar\/noticias\/?s={search_term_string}"},"query-input":"required name=search_term_string"}],"inLanguage":"es-AR"},{"@type":"Organization","@id":"https:\/\/web.consaguirre.com.ar\/noticias\/#organization","name":"Conservatorio de M\u00fasica Juli\u00e1n Aguirre","url":"https:\/\/web.consaguirre.com.ar\/noticias\/","logo":{"@type":"ImageObject","inLanguage":"es-AR","@id":"https:\/\/web.consaguirre.com.ar\/noticias\/#\/schema\/logo\/image\/","url":"https:\/\/web.consaguirre.com.ar\/noticias\/wp-content\/uploads\/2024\/08\/Banner-Aguirre-23.jpg","contentUrl":"https:\/\/web.consaguirre.com.ar\/noticias\/wp-content\/uploads\/2024\/08\/Banner-Aguirre-23.jpg","width":1192,"height":600,"caption":"Conservatorio de M\u00fasica Juli\u00e1n Aguirre"},"image":{"@id":"https:\/\/web.consaguirre.com.ar\/noticias\/#\/schema\/logo\/image\/"}},{"@type":"Person","@id":"https:\/\/web.consaguirre.com.ar\/noticias\/#\/schema\/person\/6558b0cfedee7ddc5425602b237d5722","name":"Javier Figueroa","image":{"@type":"ImageObject","inLanguage":"es-AR","@id":"https:\/\/web.consaguirre.com.ar\/noticias\/#\/schema\/person\/image\/","url":"https:\/\/web.consaguirre.com.ar\/noticias\/wp-content\/uploads\/2024\/08\/Consaguirre-scaled.jpg","contentUrl":"https:\/\/web.consaguirre.com.ar\/noticias\/wp-content\/uploads\/2024\/08\/Consaguirre-scaled.jpg","caption":"Javier Figueroa"},"description":"Me llamo Javier Figueroa y soy redactor para el sitio oficial del Conservatorio de M\u00fasica Juli\u00e1n Aguirre en Buenos Aires, consaguirre.com. Apasionado por la m\u00fasica y la escritura, me esfuerzo por destacar los talentos y eventos de nuestra prestigiosa instituci\u00f3n. Mi trayectoria se nutre de una profunda admiraci\u00f3n por los artistas, haciendo de cada art\u00edculo una celebraci\u00f3n de la creatividad y la cultura musical.","sameAs":["https:\/\/web.consaguirre.com.ar\/noticias"]}]}},"_links":{"self":[{"href":"https:\/\/web.consaguirre.com.ar\/noticias\/wp-json\/wp\/v2\/posts\/3426"}],"collection":[{"href":"https:\/\/web.consaguirre.com.ar\/noticias\/wp-json\/wp\/v2\/posts"}],"about":[{"href":"https:\/\/web.consaguirre.com.ar\/noticias\/wp-json\/wp\/v2\/types\/post"}],"author":[{"embeddable":true,"href":"https:\/\/web.consaguirre.com.ar\/noticias\/wp-json\/wp\/v2\/users\/1"}],"replies":[{"embeddable":true,"href":"https:\/\/web.consaguirre.com.ar\/noticias\/wp-json\/wp\/v2\/comments?post=3426"}],"version-history":[{"count":1,"href":"https:\/\/web.consaguirre.com.ar\/noticias\/wp-json\/wp\/v2\/posts\/3426\/revisions"}],"predecessor-version":[{"id":3428,"href":"https:\/\/web.consaguirre.com.ar\/noticias\/wp-json\/wp\/v2\/posts\/3426\/revisions\/3428"}],"wp:featuredmedia":[{"embeddable":true,"href":"https:\/\/web.consaguirre.com.ar\/noticias\/wp-json\/wp\/v2\/media\/3427"}],"wp:attachment":[{"href":"https:\/\/web.consaguirre.com.ar\/noticias\/wp-json\/wp\/v2\/media?parent=3426"}],"wp:term":[{"taxonomy":"category","embeddable":true,"href":"https:\/\/web.consaguirre.com.ar\/noticias\/wp-json\/wp\/v2\/categories?post=3426"},{"taxonomy":"post_tag","embeddable":true,"href":"https:\/\/web.consaguirre.com.ar\/noticias\/wp-json\/wp\/v2\/tags?post=3426"}],"curies":[{"name":"wp","href":"https:\/\/api.w.org\/{rel}","templated":true}]}}