{"id":3408,"date":"2025-08-11T14:38:07","date_gmt":"2025-08-11T17:38:07","guid":{"rendered":"https:\/\/web.consaguirre.com.ar\/noticias\/matteo-bocelli-anuncia-el-album-de-segundo-ano\/"},"modified":"2025-08-11T14:38:09","modified_gmt":"2025-08-11T17:38:09","slug":"matteo-bocelli-anuncia-el-album-de-segundo-ano","status":"publish","type":"post","link":"https:\/\/web.consaguirre.com.ar\/noticias\/matteo-bocelli-anuncia-el-album-de-segundo-ano\/","title":{"rendered":"Matteo Bocelli anuncia el \u00e1lbum de segundo a\u00f1o"},"content":{"rendered":"<p>Matteo Bocelli ha anunciado un nuevo \u00e1lbum. <em>Enamorarse<\/em> Ser\u00e1 el r\u00e9cord de segundo a\u00f1o del cantante italiano. El \u00e1lbum combina canciones cl\u00e1sicas con pop moderno y romance atemporal. <em>Enamorarse<\/em> Se debe entre el 12 de septiembre a trav\u00e9s de Decca Records.<\/p>\n<p><em>Enamorarse<\/em> fue grabado en la ciudad natal de Bocelli de Toscana con el productor Martin Terefe (Shawn Mendes, Jason Mraz) y un conjunto de clase mundial. Bocelli coescribi\u00f3 todas las canciones originales del \u00e1lbum, colaborando con aclamados compositores, incluidos Terefe, Toby Gad (Beyonc\u00e9, John Legend), Iain Archer (Snow Patrol) y Johan Carlsson (Ariana Grande).<\/p>\n<p><em>Enamorarse<\/em> est\u00e1 dirigido por el sencillo &#8216;Mi Historia Entre Tus Dedosi&#8217;, un d\u00fao con el legendario int\u00e9rprete italiano Gianluca Grignani. La reinvenci\u00f3n del \u00e9xito de la lista de 1995 de Grignani honra las ra\u00edces italianas de Bocelli y une dos generaciones musicales.<\/p>\n<div class=\"uD-YT-container\"><img decoding=\"async\" src=\"https:\/\/web.consaguirre.com.ar\/noticias\/wp-content\/uploads\/2025\/08\/1754933887_991_Matteo-Bocelli-anuncia-el-album-de-segundo-ano.jpg\" alt=\"Video de YouTube\"><br \/>Haga clic para cargar video<\/div>\n<p>A principios de este a\u00f1o, Bocelli contact\u00f3 a Grignani para solicitar personalmente permiso para grabar una versi\u00f3n de la querida canci\u00f3n, que a menudo se cubre pero que nunca se ha imaginado como un d\u00fao con Grignani. La pareja debut\u00f3 al dueto en vivo por primera vez el mes pasado durante una presentaci\u00f3n hito en el Teatro del Silenzio de Toscania, una serie de conciertos anual fundada por el padre de Matteo, el \u00edcono de la \u00f3pera Andrea Bocelli. La aparici\u00f3n de Matteo marc\u00f3 su primera actuaci\u00f3n en solitario en el lugar hist\u00f3rico, agregando resonancia adicional a una noche ya hist\u00f3rica.<\/p>\n<p>&#8220;Este ni\u00f1o tiene una verdad en su voz. Un talento que no se puede ense\u00f1ar. Cuando escribi\u00f3 para decirme que quer\u00eda grabar una de mis canciones, sonre\u00ed. Y cuando me invit\u00f3 a subir al escenario con \u00e9l, en el Teatro del Silenzio, para cantarlo juntos &#8230; bueno, no pod\u00eda decir que no&#8221;.<\/p>\n<p>Gianluca Grignani dijo en un comunicado. &#8220;Nunca me habr\u00eda mostrado antes del lanzamiento de mi nuevo disco. Pero esta &#8230; esta es una de esas excepciones que te trae de vuelta a por qu\u00e9 haces m\u00fasica&#8221;. Bocelli regresar\u00e1 a los Estados Unidos por su <em>Enamorarse<\/em> Tour mundial. Las fechas de los Estados Unidos comienzan en la ciudad de Nueva York en el Teatro Gramercy el 11 de septiembre e incluir\u00e1n 14 fechas en todo el pa\u00eds, incluida una parada en The Sun Rose en Los \u00c1ngeles el 16 de septiembre.<\/p><\/p>\n","protected":false},"excerpt":{"rendered":"<p>Matteo Bocelli ha anunciado un nuevo \u00e1lbum. Enamorarse Ser\u00e1 el r\u00e9cord de segundo a\u00f1o del cantante italiano. El \u00e1lbum combina canciones cl\u00e1sicas con pop moderno<\/p>\n","protected":false},"author":1,"featured_media":3409,"comment_status":"closed","ping_status":"","sticky":false,"template":"","format":"standard","meta":{"footnotes":""},"categories":[50],"tags":[147,470,56,637,2990,981],"class_list":["post-3408","post","type-post","status-publish","format-standard","has-post-thumbnail","hentry","category-el-ultimo","tag-album","tag-ano","tag-anuncia","tag-bocelli","tag-matteo","tag-segundo","generate-columns","tablet-grid-50","mobile-grid-100","grid-parent","grid-50"],"yoast_head":"<!-- This site is optimized with the Yoast SEO plugin v23.3 - https:\/\/yoast.com\/wordpress\/plugins\/seo\/ -->\n<title>Matteo Bocelli anuncia el \u00e1lbum de segundo a\u00f1o<\/title>\n<meta name=\"robots\" content=\"index, follow, max-snippet:-1, max-image-preview:large, max-video-preview:-1\" \/>\n<link rel=\"canonical\" href=\"https:\/\/web.consaguirre.com.ar\/noticias\/matteo-bocelli-anuncia-el-album-de-segundo-ano\/\" \/>\n<meta property=\"og:locale\" content=\"es_ES\" \/>\n<meta property=\"og:type\" content=\"article\" \/>\n<meta property=\"og:title\" content=\"Matteo Bocelli anuncia el \u00e1lbum de segundo a\u00f1o\" \/>\n<meta property=\"og:description\" content=\"Matteo Bocelli ha anunciado un nuevo \u00e1lbum. Enamorarse Ser\u00e1 el r\u00e9cord de segundo a\u00f1o del cantante italiano. El \u00e1lbum combina canciones cl\u00e1sicas con pop moderno\" \/>\n<meta property=\"og:url\" content=\"https:\/\/web.consaguirre.com.ar\/noticias\/matteo-bocelli-anuncia-el-album-de-segundo-ano\/\" \/>\n<meta property=\"og:site_name\" content=\"Conservatorio de M\u00fasica Juli\u00e1n Aguirre\" \/>\n<meta property=\"article:published_time\" content=\"2025-08-11T17:38:07+00:00\" \/>\n<meta property=\"article:modified_time\" content=\"2025-08-11T17:38:09+00:00\" \/>\n<meta property=\"og:image\" content=\"https:\/\/web.consaguirre.com.ar\/noticias\/wp-content\/uploads\/2025\/08\/Matteo-Bocelli-anuncia-el-album-de-segundo-ano.jpg\" \/>\n\t<meta property=\"og:image:width\" content=\"1280\" \/>\n\t<meta property=\"og:image:height\" content=\"1280\" \/>\n\t<meta property=\"og:image:type\" content=\"image\/jpeg\" \/>\n<meta name=\"author\" content=\"Javier Figueroa\" \/>\n<meta name=\"twitter:card\" content=\"summary_large_image\" \/>\n<meta name=\"twitter:label1\" content=\"Escrito por\" \/>\n\t<meta name=\"twitter:data1\" content=\"Javier Figueroa\" \/>\n\t<meta name=\"twitter:label2\" content=\"Tiempo de lectura\" \/>\n\t<meta name=\"twitter:data2\" content=\"2 minutos\" \/>\n<script type=\"application\/ld+json\" class=\"yoast-schema-graph\">{\"@context\":\"https:\/\/schema.org\",\"@graph\":[{\"@type\":\"Article\",\"@id\":\"https:\/\/web.consaguirre.com.ar\/noticias\/matteo-bocelli-anuncia-el-album-de-segundo-ano\/#article\",\"isPartOf\":{\"@id\":\"https:\/\/web.consaguirre.com.ar\/noticias\/matteo-bocelli-anuncia-el-album-de-segundo-ano\/\"},\"author\":{\"name\":\"Javier Figueroa\",\"@id\":\"https:\/\/web.consaguirre.com.ar\/noticias\/#\/schema\/person\/6558b0cfedee7ddc5425602b237d5722\"},\"headline\":\"Matteo Bocelli anuncia el \u00e1lbum de segundo a\u00f1o\",\"datePublished\":\"2025-08-11T17:38:07+00:00\",\"dateModified\":\"2025-08-11T17:38:09+00:00\",\"mainEntityOfPage\":{\"@id\":\"https:\/\/web.consaguirre.com.ar\/noticias\/matteo-bocelli-anuncia-el-album-de-segundo-ano\/\"},\"wordCount\":412,\"publisher\":{\"@id\":\"https:\/\/web.consaguirre.com.ar\/noticias\/#organization\"},\"image\":{\"@id\":\"https:\/\/web.consaguirre.com.ar\/noticias\/matteo-bocelli-anuncia-el-album-de-segundo-ano\/#primaryimage\"},\"thumbnailUrl\":\"https:\/\/web.consaguirre.com.ar\/noticias\/wp-content\/uploads\/2025\/08\/Matteo-Bocelli-anuncia-el-album-de-segundo-ano.jpg\",\"keywords\":[\"\u00e1lbum\",\"a\u00f1o\",\"anuncia\",\"Bocelli\",\"Matteo\",\"segundo\"],\"articleSection\":[\"El \u00faltimo\"],\"inLanguage\":\"es-AR\"},{\"@type\":\"WebPage\",\"@id\":\"https:\/\/web.consaguirre.com.ar\/noticias\/matteo-bocelli-anuncia-el-album-de-segundo-ano\/\",\"url\":\"https:\/\/web.consaguirre.com.ar\/noticias\/matteo-bocelli-anuncia-el-album-de-segundo-ano\/\",\"name\":\"Matteo Bocelli anuncia el \u00e1lbum de segundo a\u00f1o\",\"isPartOf\":{\"@id\":\"https:\/\/web.consaguirre.com.ar\/noticias\/#website\"},\"primaryImageOfPage\":{\"@id\":\"https:\/\/web.consaguirre.com.ar\/noticias\/matteo-bocelli-anuncia-el-album-de-segundo-ano\/#primaryimage\"},\"image\":{\"@id\":\"https:\/\/web.consaguirre.com.ar\/noticias\/matteo-bocelli-anuncia-el-album-de-segundo-ano\/#primaryimage\"},\"thumbnailUrl\":\"https:\/\/web.consaguirre.com.ar\/noticias\/wp-content\/uploads\/2025\/08\/Matteo-Bocelli-anuncia-el-album-de-segundo-ano.jpg\",\"datePublished\":\"2025-08-11T17:38:07+00:00\",\"dateModified\":\"2025-08-11T17:38:09+00:00\",\"breadcrumb\":{\"@id\":\"https:\/\/web.consaguirre.com.ar\/noticias\/matteo-bocelli-anuncia-el-album-de-segundo-ano\/#breadcrumb\"},\"inLanguage\":\"es-AR\",\"potentialAction\":[{\"@type\":\"ReadAction\",\"target\":[\"https:\/\/web.consaguirre.com.ar\/noticias\/matteo-bocelli-anuncia-el-album-de-segundo-ano\/\"]}]},{\"@type\":\"ImageObject\",\"inLanguage\":\"es-AR\",\"@id\":\"https:\/\/web.consaguirre.com.ar\/noticias\/matteo-bocelli-anuncia-el-album-de-segundo-ano\/#primaryimage\",\"url\":\"https:\/\/web.consaguirre.com.ar\/noticias\/wp-content\/uploads\/2025\/08\/Matteo-Bocelli-anuncia-el-album-de-segundo-ano.jpg\",\"contentUrl\":\"https:\/\/web.consaguirre.com.ar\/noticias\/wp-content\/uploads\/2025\/08\/Matteo-Bocelli-anuncia-el-album-de-segundo-ano.jpg\",\"width\":1280,\"height\":1280,\"caption\":\"Matteo Bocelli anuncia el \u00e1lbum de segundo a\u00f1o\"},{\"@type\":\"BreadcrumbList\",\"@id\":\"https:\/\/web.consaguirre.com.ar\/noticias\/matteo-bocelli-anuncia-el-album-de-segundo-ano\/#breadcrumb\",\"itemListElement\":[{\"@type\":\"ListItem\",\"position\":1,\"name\":\"Inicio\",\"item\":\"https:\/\/web.consaguirre.com.ar\/noticias\/\"},{\"@type\":\"ListItem\",\"position\":2,\"name\":\"Matteo Bocelli anuncia el \u00e1lbum de segundo a\u00f1o\"}]},{\"@type\":\"WebSite\",\"@id\":\"https:\/\/web.consaguirre.com.ar\/noticias\/#website\",\"url\":\"https:\/\/web.consaguirre.com.ar\/noticias\/\",\"name\":\"Conservatorio de M\u00fasica Juli\u00e1n Aguirre\",\"description\":\"\",\"publisher\":{\"@id\":\"https:\/\/web.consaguirre.com.ar\/noticias\/#organization\"},\"potentialAction\":[{\"@type\":\"SearchAction\",\"target\":{\"@type\":\"EntryPoint\",\"urlTemplate\":\"https:\/\/web.consaguirre.com.ar\/noticias\/?s={search_term_string}\"},\"query-input\":\"required name=search_term_string\"}],\"inLanguage\":\"es-AR\"},{\"@type\":\"Organization\",\"@id\":\"https:\/\/web.consaguirre.com.ar\/noticias\/#organization\",\"name\":\"Conservatorio de M\u00fasica Juli\u00e1n Aguirre\",\"url\":\"https:\/\/web.consaguirre.com.ar\/noticias\/\",\"logo\":{\"@type\":\"ImageObject\",\"inLanguage\":\"es-AR\",\"@id\":\"https:\/\/web.consaguirre.com.ar\/noticias\/#\/schema\/logo\/image\/\",\"url\":\"https:\/\/web.consaguirre.com.ar\/noticias\/wp-content\/uploads\/2024\/08\/Banner-Aguirre-23.jpg\",\"contentUrl\":\"https:\/\/web.consaguirre.com.ar\/noticias\/wp-content\/uploads\/2024\/08\/Banner-Aguirre-23.jpg\",\"width\":1192,\"height\":600,\"caption\":\"Conservatorio de M\u00fasica Juli\u00e1n Aguirre\"},\"image\":{\"@id\":\"https:\/\/web.consaguirre.com.ar\/noticias\/#\/schema\/logo\/image\/\"}},{\"@type\":\"Person\",\"@id\":\"https:\/\/web.consaguirre.com.ar\/noticias\/#\/schema\/person\/6558b0cfedee7ddc5425602b237d5722\",\"name\":\"Javier Figueroa\",\"image\":{\"@type\":\"ImageObject\",\"inLanguage\":\"es-AR\",\"@id\":\"https:\/\/web.consaguirre.com.ar\/noticias\/#\/schema\/person\/image\/\",\"url\":\"https:\/\/web.consaguirre.com.ar\/noticias\/wp-content\/uploads\/2024\/08\/Consaguirre-scaled.jpg\",\"contentUrl\":\"https:\/\/web.consaguirre.com.ar\/noticias\/wp-content\/uploads\/2024\/08\/Consaguirre-scaled.jpg\",\"caption\":\"Javier Figueroa\"},\"description\":\"Me llamo Javier Figueroa y soy redactor para el sitio oficial del Conservatorio de M\u00fasica Juli\u00e1n Aguirre en Buenos Aires, consaguirre.com. Apasionado por la m\u00fasica y la escritura, me esfuerzo por destacar los talentos y eventos de nuestra prestigiosa instituci\u00f3n. Mi trayectoria se nutre de una profunda admiraci\u00f3n por los artistas, haciendo de cada art\u00edculo una celebraci\u00f3n de la creatividad y la cultura musical.\",\"sameAs\":[\"https:\/\/web.consaguirre.com.ar\/noticias\"]}]}<\/script>\n<!-- \/ Yoast SEO plugin. -->","yoast_head_json":{"title":"Matteo Bocelli anuncia el \u00e1lbum de segundo a\u00f1o","robots":{"index":"index","follow":"follow","max-snippet":"max-snippet:-1","max-image-preview":"max-image-preview:large","max-video-preview":"max-video-preview:-1"},"canonical":"https:\/\/web.consaguirre.com.ar\/noticias\/matteo-bocelli-anuncia-el-album-de-segundo-ano\/","og_locale":"es_ES","og_type":"article","og_title":"Matteo Bocelli anuncia el \u00e1lbum de segundo a\u00f1o","og_description":"Matteo Bocelli ha anunciado un nuevo \u00e1lbum. Enamorarse Ser\u00e1 el r\u00e9cord de segundo a\u00f1o del cantante italiano. El \u00e1lbum combina canciones cl\u00e1sicas con pop moderno","og_url":"https:\/\/web.consaguirre.com.ar\/noticias\/matteo-bocelli-anuncia-el-album-de-segundo-ano\/","og_site_name":"Conservatorio de M\u00fasica Juli\u00e1n Aguirre","article_published_time":"2025-08-11T17:38:07+00:00","article_modified_time":"2025-08-11T17:38:09+00:00","og_image":[{"width":1280,"height":1280,"url":"https:\/\/web.consaguirre.com.ar\/noticias\/wp-content\/uploads\/2025\/08\/Matteo-Bocelli-anuncia-el-album-de-segundo-ano.jpg","type":"image\/jpeg"}],"author":"Javier Figueroa","twitter_card":"summary_large_image","twitter_misc":{"Escrito por":"Javier Figueroa","Tiempo de lectura":"2 minutos"},"schema":{"@context":"https:\/\/schema.org","@graph":[{"@type":"Article","@id":"https:\/\/web.consaguirre.com.ar\/noticias\/matteo-bocelli-anuncia-el-album-de-segundo-ano\/#article","isPartOf":{"@id":"https:\/\/web.consaguirre.com.ar\/noticias\/matteo-bocelli-anuncia-el-album-de-segundo-ano\/"},"author":{"name":"Javier Figueroa","@id":"https:\/\/web.consaguirre.com.ar\/noticias\/#\/schema\/person\/6558b0cfedee7ddc5425602b237d5722"},"headline":"Matteo Bocelli anuncia el \u00e1lbum de segundo a\u00f1o","datePublished":"2025-08-11T17:38:07+00:00","dateModified":"2025-08-11T17:38:09+00:00","mainEntityOfPage":{"@id":"https:\/\/web.consaguirre.com.ar\/noticias\/matteo-bocelli-anuncia-el-album-de-segundo-ano\/"},"wordCount":412,"publisher":{"@id":"https:\/\/web.consaguirre.com.ar\/noticias\/#organization"},"image":{"@id":"https:\/\/web.consaguirre.com.ar\/noticias\/matteo-bocelli-anuncia-el-album-de-segundo-ano\/#primaryimage"},"thumbnailUrl":"https:\/\/web.consaguirre.com.ar\/noticias\/wp-content\/uploads\/2025\/08\/Matteo-Bocelli-anuncia-el-album-de-segundo-ano.jpg","keywords":["\u00e1lbum","a\u00f1o","anuncia","Bocelli","Matteo","segundo"],"articleSection":["El \u00faltimo"],"inLanguage":"es-AR"},{"@type":"WebPage","@id":"https:\/\/web.consaguirre.com.ar\/noticias\/matteo-bocelli-anuncia-el-album-de-segundo-ano\/","url":"https:\/\/web.consaguirre.com.ar\/noticias\/matteo-bocelli-anuncia-el-album-de-segundo-ano\/","name":"Matteo Bocelli anuncia el \u00e1lbum de segundo a\u00f1o","isPartOf":{"@id":"https:\/\/web.consaguirre.com.ar\/noticias\/#website"},"primaryImageOfPage":{"@id":"https:\/\/web.consaguirre.com.ar\/noticias\/matteo-bocelli-anuncia-el-album-de-segundo-ano\/#primaryimage"},"image":{"@id":"https:\/\/web.consaguirre.com.ar\/noticias\/matteo-bocelli-anuncia-el-album-de-segundo-ano\/#primaryimage"},"thumbnailUrl":"https:\/\/web.consaguirre.com.ar\/noticias\/wp-content\/uploads\/2025\/08\/Matteo-Bocelli-anuncia-el-album-de-segundo-ano.jpg","datePublished":"2025-08-11T17:38:07+00:00","dateModified":"2025-08-11T17:38:09+00:00","breadcrumb":{"@id":"https:\/\/web.consaguirre.com.ar\/noticias\/matteo-bocelli-anuncia-el-album-de-segundo-ano\/#breadcrumb"},"inLanguage":"es-AR","potentialAction":[{"@type":"ReadAction","target":["https:\/\/web.consaguirre.com.ar\/noticias\/matteo-bocelli-anuncia-el-album-de-segundo-ano\/"]}]},{"@type":"ImageObject","inLanguage":"es-AR","@id":"https:\/\/web.consaguirre.com.ar\/noticias\/matteo-bocelli-anuncia-el-album-de-segundo-ano\/#primaryimage","url":"https:\/\/web.consaguirre.com.ar\/noticias\/wp-content\/uploads\/2025\/08\/Matteo-Bocelli-anuncia-el-album-de-segundo-ano.jpg","contentUrl":"https:\/\/web.consaguirre.com.ar\/noticias\/wp-content\/uploads\/2025\/08\/Matteo-Bocelli-anuncia-el-album-de-segundo-ano.jpg","width":1280,"height":1280,"caption":"Matteo Bocelli anuncia el \u00e1lbum de segundo a\u00f1o"},{"@type":"BreadcrumbList","@id":"https:\/\/web.consaguirre.com.ar\/noticias\/matteo-bocelli-anuncia-el-album-de-segundo-ano\/#breadcrumb","itemListElement":[{"@type":"ListItem","position":1,"name":"Inicio","item":"https:\/\/web.consaguirre.com.ar\/noticias\/"},{"@type":"ListItem","position":2,"name":"Matteo Bocelli anuncia el \u00e1lbum de segundo a\u00f1o"}]},{"@type":"WebSite","@id":"https:\/\/web.consaguirre.com.ar\/noticias\/#website","url":"https:\/\/web.consaguirre.com.ar\/noticias\/","name":"Conservatorio de M\u00fasica Juli\u00e1n Aguirre","description":"","publisher":{"@id":"https:\/\/web.consaguirre.com.ar\/noticias\/#organization"},"potentialAction":[{"@type":"SearchAction","target":{"@type":"EntryPoint","urlTemplate":"https:\/\/web.consaguirre.com.ar\/noticias\/?s={search_term_string}"},"query-input":"required name=search_term_string"}],"inLanguage":"es-AR"},{"@type":"Organization","@id":"https:\/\/web.consaguirre.com.ar\/noticias\/#organization","name":"Conservatorio de M\u00fasica Juli\u00e1n Aguirre","url":"https:\/\/web.consaguirre.com.ar\/noticias\/","logo":{"@type":"ImageObject","inLanguage":"es-AR","@id":"https:\/\/web.consaguirre.com.ar\/noticias\/#\/schema\/logo\/image\/","url":"https:\/\/web.consaguirre.com.ar\/noticias\/wp-content\/uploads\/2024\/08\/Banner-Aguirre-23.jpg","contentUrl":"https:\/\/web.consaguirre.com.ar\/noticias\/wp-content\/uploads\/2024\/08\/Banner-Aguirre-23.jpg","width":1192,"height":600,"caption":"Conservatorio de M\u00fasica Juli\u00e1n Aguirre"},"image":{"@id":"https:\/\/web.consaguirre.com.ar\/noticias\/#\/schema\/logo\/image\/"}},{"@type":"Person","@id":"https:\/\/web.consaguirre.com.ar\/noticias\/#\/schema\/person\/6558b0cfedee7ddc5425602b237d5722","name":"Javier Figueroa","image":{"@type":"ImageObject","inLanguage":"es-AR","@id":"https:\/\/web.consaguirre.com.ar\/noticias\/#\/schema\/person\/image\/","url":"https:\/\/web.consaguirre.com.ar\/noticias\/wp-content\/uploads\/2024\/08\/Consaguirre-scaled.jpg","contentUrl":"https:\/\/web.consaguirre.com.ar\/noticias\/wp-content\/uploads\/2024\/08\/Consaguirre-scaled.jpg","caption":"Javier Figueroa"},"description":"Me llamo Javier Figueroa y soy redactor para el sitio oficial del Conservatorio de M\u00fasica Juli\u00e1n Aguirre en Buenos Aires, consaguirre.com. Apasionado por la m\u00fasica y la escritura, me esfuerzo por destacar los talentos y eventos de nuestra prestigiosa instituci\u00f3n. Mi trayectoria se nutre de una profunda admiraci\u00f3n por los artistas, haciendo de cada art\u00edculo una celebraci\u00f3n de la creatividad y la cultura musical.","sameAs":["https:\/\/web.consaguirre.com.ar\/noticias"]}]}},"_links":{"self":[{"href":"https:\/\/web.consaguirre.com.ar\/noticias\/wp-json\/wp\/v2\/posts\/3408"}],"collection":[{"href":"https:\/\/web.consaguirre.com.ar\/noticias\/wp-json\/wp\/v2\/posts"}],"about":[{"href":"https:\/\/web.consaguirre.com.ar\/noticias\/wp-json\/wp\/v2\/types\/post"}],"author":[{"embeddable":true,"href":"https:\/\/web.consaguirre.com.ar\/noticias\/wp-json\/wp\/v2\/users\/1"}],"replies":[{"embeddable":true,"href":"https:\/\/web.consaguirre.com.ar\/noticias\/wp-json\/wp\/v2\/comments?post=3408"}],"version-history":[{"count":1,"href":"https:\/\/web.consaguirre.com.ar\/noticias\/wp-json\/wp\/v2\/posts\/3408\/revisions"}],"predecessor-version":[{"id":3410,"href":"https:\/\/web.consaguirre.com.ar\/noticias\/wp-json\/wp\/v2\/posts\/3408\/revisions\/3410"}],"wp:featuredmedia":[{"embeddable":true,"href":"https:\/\/web.consaguirre.com.ar\/noticias\/wp-json\/wp\/v2\/media\/3409"}],"wp:attachment":[{"href":"https:\/\/web.consaguirre.com.ar\/noticias\/wp-json\/wp\/v2\/media?parent=3408"}],"wp:term":[{"taxonomy":"category","embeddable":true,"href":"https:\/\/web.consaguirre.com.ar\/noticias\/wp-json\/wp\/v2\/categories?post=3408"},{"taxonomy":"post_tag","embeddable":true,"href":"https:\/\/web.consaguirre.com.ar\/noticias\/wp-json\/wp\/v2\/tags?post=3408"}],"curies":[{"name":"wp","href":"https:\/\/api.w.org\/{rel}","templated":true}]}}