{"id":3402,"date":"2025-08-09T05:38:17","date_gmt":"2025-08-09T08:38:17","guid":{"rendered":"https:\/\/web.consaguirre.com.ar\/noticias\/verve-reisues-gerry-mulligan-se-encuentra-con-johnny-hodges\/"},"modified":"2025-08-09T05:38:19","modified_gmt":"2025-08-09T08:38:19","slug":"verve-reisues-gerry-mulligan-se-encuentra-con-johnny-hodges","status":"publish","type":"post","link":"https:\/\/web.consaguirre.com.ar\/noticias\/verve-reisues-gerry-mulligan-se-encuentra-con-johnny-hodges\/","title":{"rendered":"Verve Reisues &#8216;Gerry Mulligan se encuentra con Johnny Hodges&#8217;"},"content":{"rendered":"<p>El r\u00e9cord de 1959 <em>Gerry Mulligan<\/em><em> Se encuentra con Johnny Hodges<\/em>una colaboraci\u00f3n entre los dos grandes saxofonistas de jazz, ha sido reeditado como el \u00faltimo lanzamiento de la serie Acoustic Sounds de Verve. El \u00e1lbum fue dominado por las cintas anal\u00f3gicas originales y presionado en vinilo de 180 gramos en el paquete de gatefold de lujo.<\/p>\n<p>Grabado el 17 de noviembre de 1959, <em>Gerry Mulligan se encuentra con Johnny Hodges<\/em> ha sido anunciado como una de las mejores colaboraciones de Mulligan con otros instrumentistas. En esta fecha, a los dos saxofonistas se unieron por una secci\u00f3n de ritmo s\u00f3lido de Claude Williamson (piano), Buddy Clark (bajo) y Mel Lewis (bater\u00eda).<\/p>\n<div class=\"uD-YT-container\"><img decoding=\"async\" src=\"https:\/\/web.consaguirre.com.ar\/noticias\/wp-content\/uploads\/2025\/08\/1754728697_342_Verve-Reisues-Gerry-Mulligan-se-encuentra-con-Johnny-Hodges.jpg\" alt=\"Video de YouTube\"><br \/>Haga clic para cargar video<\/div>\n<p>La lista de canciones sale de los repertorios de ambos artistas, con tres originales de Mulligan y Hodges. Los dos complementan al otro en todo momento con la excepci\u00f3n de &#8220;What&#8217;s the Rush&#8221; de Mulligan, donde el baritonista se sienta por completo a favor de que Hodges se sienta en el centro de atenci\u00f3n.<\/p>\n<p><em>Gerry Mulligan se encuentra con Johnny Hodges<\/em> es la segunda colaboraci\u00f3n de Hodges que se reedita por Verve. A principios de este a\u00f1o, los sonidos ac\u00fasticos relanzados <em>Juntos<\/em>uno de los dos LP de 1959 que grab\u00f3 con Duke Ellington. La pareja era colaboradores desde hace mucho tiempo, con Hodges uni\u00e9ndose por primera vez a la orquesta de Duke Ellington en 1928. Hodges dej\u00f3 la banda de Ellington en 1951 para realizar un trabajo grupal m\u00e1s peque\u00f1o, pero los dos se reunieron como pares para los registros de 1959.<\/p>\n<p>La serie Acoustic Sounds ha estado en curso desde 2020, reeditando una vasta colecci\u00f3n de registros del Archivo Rich de Verve\/Ume. Los artistas presentados han incluido \u00edconos como Billie Holiday, Louis Armstrong, Ella Fiztgerald, Nina Simone y muchos m\u00e1s.<\/p>\n<p>Tras el CEO de la serie &#8216;Acoustic Sounds&#8217; Chad Kassem comparti\u00f3 que cre\u00eda que el proyecto producir\u00eda &#8220;las reediciones de la m\u00e1s alta calidad de algunos de los mejores \u00e1lbumes de jazz del mundo&#8221;. Adem\u00e1s, comparti\u00f3: &#8220;Cada paso en nuestro proceso de producci\u00f3n, desde la selecci\u00f3n de t\u00edtulos hasta el dominio, la presionamiento y el embalaje, est\u00e1 dise\u00f1ado para cumplir con los m\u00e1s altos est\u00e1ndares, y queremos que todos los que escuchen estos \u00e1lbumes sientan el amor y el trabajo duro que ponemos en todo lo que hacemos&#8221;.<\/p>\n<p>Compre la serie Verve ac\u00fastica Sounds Vinyl.<\/p>\n","protected":false},"excerpt":{"rendered":"<p>El r\u00e9cord de 1959 Gerry Mulligan Se encuentra con Johnny Hodgesuna colaboraci\u00f3n entre los dos grandes saxofonistas de jazz, ha sido reeditado como el \u00faltimo<\/p>\n","protected":false},"author":1,"featured_media":3403,"comment_status":"closed","ping_status":"","sticky":false,"template":"","format":"standard","meta":{"footnotes":""},"categories":[50],"tags":[32,2984,2982,2022,1674,2983,2981,1182],"class_list":["post-3402","post","type-post","status-publish","format-standard","has-post-thumbnail","hentry","category-el-ultimo","tag-con","tag-encuentra","tag-gerry","tag-hodges","tag-johnny","tag-mulligan","tag-reisues","tag-verve","generate-columns","tablet-grid-50","mobile-grid-100","grid-parent","grid-50"],"yoast_head":"<!-- This site is optimized with the Yoast SEO plugin v23.3 - https:\/\/yoast.com\/wordpress\/plugins\/seo\/ -->\n<title>Verve Reisues &#039;Gerry Mulligan se encuentra con Johnny Hodges&#039;<\/title>\n<meta name=\"robots\" content=\"index, follow, max-snippet:-1, max-image-preview:large, max-video-preview:-1\" \/>\n<link rel=\"canonical\" href=\"https:\/\/web.consaguirre.com.ar\/noticias\/verve-reisues-gerry-mulligan-se-encuentra-con-johnny-hodges\/\" \/>\n<meta property=\"og:locale\" content=\"es_ES\" \/>\n<meta property=\"og:type\" content=\"article\" \/>\n<meta property=\"og:title\" content=\"Verve Reisues &#039;Gerry Mulligan se encuentra con Johnny Hodges&#039;\" \/>\n<meta property=\"og:description\" content=\"El r\u00e9cord de 1959 Gerry Mulligan Se encuentra con Johnny Hodgesuna colaboraci\u00f3n entre los dos grandes saxofonistas de jazz, ha sido reeditado como el \u00faltimo\" \/>\n<meta property=\"og:url\" content=\"https:\/\/web.consaguirre.com.ar\/noticias\/verve-reisues-gerry-mulligan-se-encuentra-con-johnny-hodges\/\" \/>\n<meta property=\"og:site_name\" content=\"Conservatorio de M\u00fasica Juli\u00e1n Aguirre\" \/>\n<meta property=\"article:published_time\" content=\"2025-08-09T08:38:17+00:00\" \/>\n<meta property=\"article:modified_time\" content=\"2025-08-09T08:38:19+00:00\" \/>\n<meta property=\"og:image\" content=\"https:\/\/web.consaguirre.com.ar\/noticias\/wp-content\/uploads\/2025\/08\/Verve-Reisues-Gerry-Mulligan-se-encuentra-con-Johnny-Hodges.jpg\" \/>\n\t<meta property=\"og:image:width\" content=\"1440\" \/>\n\t<meta property=\"og:image:height\" content=\"864\" \/>\n\t<meta property=\"og:image:type\" content=\"image\/jpeg\" \/>\n<meta name=\"author\" content=\"Javier Figueroa\" \/>\n<meta name=\"twitter:card\" content=\"summary_large_image\" \/>\n<meta name=\"twitter:label1\" content=\"Escrito por\" \/>\n\t<meta name=\"twitter:data1\" content=\"Javier Figueroa\" \/>\n\t<meta name=\"twitter:label2\" content=\"Tiempo de lectura\" \/>\n\t<meta name=\"twitter:data2\" content=\"2 minutos\" \/>\n<script type=\"application\/ld+json\" class=\"yoast-schema-graph\">{\"@context\":\"https:\/\/schema.org\",\"@graph\":[{\"@type\":\"Article\",\"@id\":\"https:\/\/web.consaguirre.com.ar\/noticias\/verve-reisues-gerry-mulligan-se-encuentra-con-johnny-hodges\/#article\",\"isPartOf\":{\"@id\":\"https:\/\/web.consaguirre.com.ar\/noticias\/verve-reisues-gerry-mulligan-se-encuentra-con-johnny-hodges\/\"},\"author\":{\"name\":\"Javier Figueroa\",\"@id\":\"https:\/\/web.consaguirre.com.ar\/noticias\/#\/schema\/person\/6558b0cfedee7ddc5425602b237d5722\"},\"headline\":\"Verve Reisues &#8216;Gerry Mulligan se encuentra con Johnny Hodges&#8217;\",\"datePublished\":\"2025-08-09T08:38:17+00:00\",\"dateModified\":\"2025-08-09T08:38:19+00:00\",\"mainEntityOfPage\":{\"@id\":\"https:\/\/web.consaguirre.com.ar\/noticias\/verve-reisues-gerry-mulligan-se-encuentra-con-johnny-hodges\/\"},\"wordCount\":420,\"publisher\":{\"@id\":\"https:\/\/web.consaguirre.com.ar\/noticias\/#organization\"},\"image\":{\"@id\":\"https:\/\/web.consaguirre.com.ar\/noticias\/verve-reisues-gerry-mulligan-se-encuentra-con-johnny-hodges\/#primaryimage\"},\"thumbnailUrl\":\"https:\/\/web.consaguirre.com.ar\/noticias\/wp-content\/uploads\/2025\/08\/Verve-Reisues-Gerry-Mulligan-se-encuentra-con-Johnny-Hodges.jpg\",\"keywords\":[\"con\",\"encuentra\",\"Gerry\",\"Hodges\",\"Johnny\",\"Mulligan\",\"Reisues\",\"Verve\"],\"articleSection\":[\"El \u00faltimo\"],\"inLanguage\":\"es-AR\"},{\"@type\":\"WebPage\",\"@id\":\"https:\/\/web.consaguirre.com.ar\/noticias\/verve-reisues-gerry-mulligan-se-encuentra-con-johnny-hodges\/\",\"url\":\"https:\/\/web.consaguirre.com.ar\/noticias\/verve-reisues-gerry-mulligan-se-encuentra-con-johnny-hodges\/\",\"name\":\"Verve Reisues 'Gerry Mulligan se encuentra con Johnny Hodges'\",\"isPartOf\":{\"@id\":\"https:\/\/web.consaguirre.com.ar\/noticias\/#website\"},\"primaryImageOfPage\":{\"@id\":\"https:\/\/web.consaguirre.com.ar\/noticias\/verve-reisues-gerry-mulligan-se-encuentra-con-johnny-hodges\/#primaryimage\"},\"image\":{\"@id\":\"https:\/\/web.consaguirre.com.ar\/noticias\/verve-reisues-gerry-mulligan-se-encuentra-con-johnny-hodges\/#primaryimage\"},\"thumbnailUrl\":\"https:\/\/web.consaguirre.com.ar\/noticias\/wp-content\/uploads\/2025\/08\/Verve-Reisues-Gerry-Mulligan-se-encuentra-con-Johnny-Hodges.jpg\",\"datePublished\":\"2025-08-09T08:38:17+00:00\",\"dateModified\":\"2025-08-09T08:38:19+00:00\",\"breadcrumb\":{\"@id\":\"https:\/\/web.consaguirre.com.ar\/noticias\/verve-reisues-gerry-mulligan-se-encuentra-con-johnny-hodges\/#breadcrumb\"},\"inLanguage\":\"es-AR\",\"potentialAction\":[{\"@type\":\"ReadAction\",\"target\":[\"https:\/\/web.consaguirre.com.ar\/noticias\/verve-reisues-gerry-mulligan-se-encuentra-con-johnny-hodges\/\"]}]},{\"@type\":\"ImageObject\",\"inLanguage\":\"es-AR\",\"@id\":\"https:\/\/web.consaguirre.com.ar\/noticias\/verve-reisues-gerry-mulligan-se-encuentra-con-johnny-hodges\/#primaryimage\",\"url\":\"https:\/\/web.consaguirre.com.ar\/noticias\/wp-content\/uploads\/2025\/08\/Verve-Reisues-Gerry-Mulligan-se-encuentra-con-Johnny-Hodges.jpg\",\"contentUrl\":\"https:\/\/web.consaguirre.com.ar\/noticias\/wp-content\/uploads\/2025\/08\/Verve-Reisues-Gerry-Mulligan-se-encuentra-con-Johnny-Hodges.jpg\",\"width\":1440,\"height\":864,\"caption\":\"Verve Reisues 'Gerry Mulligan se encuentra con Johnny Hodges'\"},{\"@type\":\"BreadcrumbList\",\"@id\":\"https:\/\/web.consaguirre.com.ar\/noticias\/verve-reisues-gerry-mulligan-se-encuentra-con-johnny-hodges\/#breadcrumb\",\"itemListElement\":[{\"@type\":\"ListItem\",\"position\":1,\"name\":\"Inicio\",\"item\":\"https:\/\/web.consaguirre.com.ar\/noticias\/\"},{\"@type\":\"ListItem\",\"position\":2,\"name\":\"Verve Reisues &#8216;Gerry Mulligan se encuentra con Johnny Hodges&#8217;\"}]},{\"@type\":\"WebSite\",\"@id\":\"https:\/\/web.consaguirre.com.ar\/noticias\/#website\",\"url\":\"https:\/\/web.consaguirre.com.ar\/noticias\/\",\"name\":\"Conservatorio de M\u00fasica Juli\u00e1n Aguirre\",\"description\":\"\",\"publisher\":{\"@id\":\"https:\/\/web.consaguirre.com.ar\/noticias\/#organization\"},\"potentialAction\":[{\"@type\":\"SearchAction\",\"target\":{\"@type\":\"EntryPoint\",\"urlTemplate\":\"https:\/\/web.consaguirre.com.ar\/noticias\/?s={search_term_string}\"},\"query-input\":\"required name=search_term_string\"}],\"inLanguage\":\"es-AR\"},{\"@type\":\"Organization\",\"@id\":\"https:\/\/web.consaguirre.com.ar\/noticias\/#organization\",\"name\":\"Conservatorio de M\u00fasica Juli\u00e1n Aguirre\",\"url\":\"https:\/\/web.consaguirre.com.ar\/noticias\/\",\"logo\":{\"@type\":\"ImageObject\",\"inLanguage\":\"es-AR\",\"@id\":\"https:\/\/web.consaguirre.com.ar\/noticias\/#\/schema\/logo\/image\/\",\"url\":\"https:\/\/web.consaguirre.com.ar\/noticias\/wp-content\/uploads\/2024\/08\/Banner-Aguirre-23.jpg\",\"contentUrl\":\"https:\/\/web.consaguirre.com.ar\/noticias\/wp-content\/uploads\/2024\/08\/Banner-Aguirre-23.jpg\",\"width\":1192,\"height\":600,\"caption\":\"Conservatorio de M\u00fasica Juli\u00e1n Aguirre\"},\"image\":{\"@id\":\"https:\/\/web.consaguirre.com.ar\/noticias\/#\/schema\/logo\/image\/\"}},{\"@type\":\"Person\",\"@id\":\"https:\/\/web.consaguirre.com.ar\/noticias\/#\/schema\/person\/6558b0cfedee7ddc5425602b237d5722\",\"name\":\"Javier Figueroa\",\"image\":{\"@type\":\"ImageObject\",\"inLanguage\":\"es-AR\",\"@id\":\"https:\/\/web.consaguirre.com.ar\/noticias\/#\/schema\/person\/image\/\",\"url\":\"https:\/\/web.consaguirre.com.ar\/noticias\/wp-content\/uploads\/2024\/08\/Consaguirre-scaled.jpg\",\"contentUrl\":\"https:\/\/web.consaguirre.com.ar\/noticias\/wp-content\/uploads\/2024\/08\/Consaguirre-scaled.jpg\",\"caption\":\"Javier Figueroa\"},\"description\":\"Me llamo Javier Figueroa y soy redactor para el sitio oficial del Conservatorio de M\u00fasica Juli\u00e1n Aguirre en Buenos Aires, consaguirre.com. Apasionado por la m\u00fasica y la escritura, me esfuerzo por destacar los talentos y eventos de nuestra prestigiosa instituci\u00f3n. Mi trayectoria se nutre de una profunda admiraci\u00f3n por los artistas, haciendo de cada art\u00edculo una celebraci\u00f3n de la creatividad y la cultura musical.\",\"sameAs\":[\"https:\/\/web.consaguirre.com.ar\/noticias\"]}]}<\/script>\n<!-- \/ Yoast SEO plugin. -->","yoast_head_json":{"title":"Verve Reisues 'Gerry Mulligan se encuentra con Johnny Hodges'","robots":{"index":"index","follow":"follow","max-snippet":"max-snippet:-1","max-image-preview":"max-image-preview:large","max-video-preview":"max-video-preview:-1"},"canonical":"https:\/\/web.consaguirre.com.ar\/noticias\/verve-reisues-gerry-mulligan-se-encuentra-con-johnny-hodges\/","og_locale":"es_ES","og_type":"article","og_title":"Verve Reisues 'Gerry Mulligan se encuentra con Johnny Hodges'","og_description":"El r\u00e9cord de 1959 Gerry Mulligan Se encuentra con Johnny Hodgesuna colaboraci\u00f3n entre los dos grandes saxofonistas de jazz, ha sido reeditado como el \u00faltimo","og_url":"https:\/\/web.consaguirre.com.ar\/noticias\/verve-reisues-gerry-mulligan-se-encuentra-con-johnny-hodges\/","og_site_name":"Conservatorio de M\u00fasica Juli\u00e1n Aguirre","article_published_time":"2025-08-09T08:38:17+00:00","article_modified_time":"2025-08-09T08:38:19+00:00","og_image":[{"width":1440,"height":864,"url":"https:\/\/web.consaguirre.com.ar\/noticias\/wp-content\/uploads\/2025\/08\/Verve-Reisues-Gerry-Mulligan-se-encuentra-con-Johnny-Hodges.jpg","type":"image\/jpeg"}],"author":"Javier Figueroa","twitter_card":"summary_large_image","twitter_misc":{"Escrito por":"Javier Figueroa","Tiempo de lectura":"2 minutos"},"schema":{"@context":"https:\/\/schema.org","@graph":[{"@type":"Article","@id":"https:\/\/web.consaguirre.com.ar\/noticias\/verve-reisues-gerry-mulligan-se-encuentra-con-johnny-hodges\/#article","isPartOf":{"@id":"https:\/\/web.consaguirre.com.ar\/noticias\/verve-reisues-gerry-mulligan-se-encuentra-con-johnny-hodges\/"},"author":{"name":"Javier Figueroa","@id":"https:\/\/web.consaguirre.com.ar\/noticias\/#\/schema\/person\/6558b0cfedee7ddc5425602b237d5722"},"headline":"Verve Reisues &#8216;Gerry Mulligan se encuentra con Johnny Hodges&#8217;","datePublished":"2025-08-09T08:38:17+00:00","dateModified":"2025-08-09T08:38:19+00:00","mainEntityOfPage":{"@id":"https:\/\/web.consaguirre.com.ar\/noticias\/verve-reisues-gerry-mulligan-se-encuentra-con-johnny-hodges\/"},"wordCount":420,"publisher":{"@id":"https:\/\/web.consaguirre.com.ar\/noticias\/#organization"},"image":{"@id":"https:\/\/web.consaguirre.com.ar\/noticias\/verve-reisues-gerry-mulligan-se-encuentra-con-johnny-hodges\/#primaryimage"},"thumbnailUrl":"https:\/\/web.consaguirre.com.ar\/noticias\/wp-content\/uploads\/2025\/08\/Verve-Reisues-Gerry-Mulligan-se-encuentra-con-Johnny-Hodges.jpg","keywords":["con","encuentra","Gerry","Hodges","Johnny","Mulligan","Reisues","Verve"],"articleSection":["El \u00faltimo"],"inLanguage":"es-AR"},{"@type":"WebPage","@id":"https:\/\/web.consaguirre.com.ar\/noticias\/verve-reisues-gerry-mulligan-se-encuentra-con-johnny-hodges\/","url":"https:\/\/web.consaguirre.com.ar\/noticias\/verve-reisues-gerry-mulligan-se-encuentra-con-johnny-hodges\/","name":"Verve Reisues 'Gerry Mulligan se encuentra con Johnny Hodges'","isPartOf":{"@id":"https:\/\/web.consaguirre.com.ar\/noticias\/#website"},"primaryImageOfPage":{"@id":"https:\/\/web.consaguirre.com.ar\/noticias\/verve-reisues-gerry-mulligan-se-encuentra-con-johnny-hodges\/#primaryimage"},"image":{"@id":"https:\/\/web.consaguirre.com.ar\/noticias\/verve-reisues-gerry-mulligan-se-encuentra-con-johnny-hodges\/#primaryimage"},"thumbnailUrl":"https:\/\/web.consaguirre.com.ar\/noticias\/wp-content\/uploads\/2025\/08\/Verve-Reisues-Gerry-Mulligan-se-encuentra-con-Johnny-Hodges.jpg","datePublished":"2025-08-09T08:38:17+00:00","dateModified":"2025-08-09T08:38:19+00:00","breadcrumb":{"@id":"https:\/\/web.consaguirre.com.ar\/noticias\/verve-reisues-gerry-mulligan-se-encuentra-con-johnny-hodges\/#breadcrumb"},"inLanguage":"es-AR","potentialAction":[{"@type":"ReadAction","target":["https:\/\/web.consaguirre.com.ar\/noticias\/verve-reisues-gerry-mulligan-se-encuentra-con-johnny-hodges\/"]}]},{"@type":"ImageObject","inLanguage":"es-AR","@id":"https:\/\/web.consaguirre.com.ar\/noticias\/verve-reisues-gerry-mulligan-se-encuentra-con-johnny-hodges\/#primaryimage","url":"https:\/\/web.consaguirre.com.ar\/noticias\/wp-content\/uploads\/2025\/08\/Verve-Reisues-Gerry-Mulligan-se-encuentra-con-Johnny-Hodges.jpg","contentUrl":"https:\/\/web.consaguirre.com.ar\/noticias\/wp-content\/uploads\/2025\/08\/Verve-Reisues-Gerry-Mulligan-se-encuentra-con-Johnny-Hodges.jpg","width":1440,"height":864,"caption":"Verve Reisues 'Gerry Mulligan se encuentra con Johnny Hodges'"},{"@type":"BreadcrumbList","@id":"https:\/\/web.consaguirre.com.ar\/noticias\/verve-reisues-gerry-mulligan-se-encuentra-con-johnny-hodges\/#breadcrumb","itemListElement":[{"@type":"ListItem","position":1,"name":"Inicio","item":"https:\/\/web.consaguirre.com.ar\/noticias\/"},{"@type":"ListItem","position":2,"name":"Verve Reisues &#8216;Gerry Mulligan se encuentra con Johnny Hodges&#8217;"}]},{"@type":"WebSite","@id":"https:\/\/web.consaguirre.com.ar\/noticias\/#website","url":"https:\/\/web.consaguirre.com.ar\/noticias\/","name":"Conservatorio de M\u00fasica Juli\u00e1n Aguirre","description":"","publisher":{"@id":"https:\/\/web.consaguirre.com.ar\/noticias\/#organization"},"potentialAction":[{"@type":"SearchAction","target":{"@type":"EntryPoint","urlTemplate":"https:\/\/web.consaguirre.com.ar\/noticias\/?s={search_term_string}"},"query-input":"required name=search_term_string"}],"inLanguage":"es-AR"},{"@type":"Organization","@id":"https:\/\/web.consaguirre.com.ar\/noticias\/#organization","name":"Conservatorio de M\u00fasica Juli\u00e1n Aguirre","url":"https:\/\/web.consaguirre.com.ar\/noticias\/","logo":{"@type":"ImageObject","inLanguage":"es-AR","@id":"https:\/\/web.consaguirre.com.ar\/noticias\/#\/schema\/logo\/image\/","url":"https:\/\/web.consaguirre.com.ar\/noticias\/wp-content\/uploads\/2024\/08\/Banner-Aguirre-23.jpg","contentUrl":"https:\/\/web.consaguirre.com.ar\/noticias\/wp-content\/uploads\/2024\/08\/Banner-Aguirre-23.jpg","width":1192,"height":600,"caption":"Conservatorio de M\u00fasica Juli\u00e1n Aguirre"},"image":{"@id":"https:\/\/web.consaguirre.com.ar\/noticias\/#\/schema\/logo\/image\/"}},{"@type":"Person","@id":"https:\/\/web.consaguirre.com.ar\/noticias\/#\/schema\/person\/6558b0cfedee7ddc5425602b237d5722","name":"Javier Figueroa","image":{"@type":"ImageObject","inLanguage":"es-AR","@id":"https:\/\/web.consaguirre.com.ar\/noticias\/#\/schema\/person\/image\/","url":"https:\/\/web.consaguirre.com.ar\/noticias\/wp-content\/uploads\/2024\/08\/Consaguirre-scaled.jpg","contentUrl":"https:\/\/web.consaguirre.com.ar\/noticias\/wp-content\/uploads\/2024\/08\/Consaguirre-scaled.jpg","caption":"Javier Figueroa"},"description":"Me llamo Javier Figueroa y soy redactor para el sitio oficial del Conservatorio de M\u00fasica Juli\u00e1n Aguirre en Buenos Aires, consaguirre.com. Apasionado por la m\u00fasica y la escritura, me esfuerzo por destacar los talentos y eventos de nuestra prestigiosa instituci\u00f3n. Mi trayectoria se nutre de una profunda admiraci\u00f3n por los artistas, haciendo de cada art\u00edculo una celebraci\u00f3n de la creatividad y la cultura musical.","sameAs":["https:\/\/web.consaguirre.com.ar\/noticias"]}]}},"_links":{"self":[{"href":"https:\/\/web.consaguirre.com.ar\/noticias\/wp-json\/wp\/v2\/posts\/3402"}],"collection":[{"href":"https:\/\/web.consaguirre.com.ar\/noticias\/wp-json\/wp\/v2\/posts"}],"about":[{"href":"https:\/\/web.consaguirre.com.ar\/noticias\/wp-json\/wp\/v2\/types\/post"}],"author":[{"embeddable":true,"href":"https:\/\/web.consaguirre.com.ar\/noticias\/wp-json\/wp\/v2\/users\/1"}],"replies":[{"embeddable":true,"href":"https:\/\/web.consaguirre.com.ar\/noticias\/wp-json\/wp\/v2\/comments?post=3402"}],"version-history":[{"count":1,"href":"https:\/\/web.consaguirre.com.ar\/noticias\/wp-json\/wp\/v2\/posts\/3402\/revisions"}],"predecessor-version":[{"id":3404,"href":"https:\/\/web.consaguirre.com.ar\/noticias\/wp-json\/wp\/v2\/posts\/3402\/revisions\/3404"}],"wp:featuredmedia":[{"embeddable":true,"href":"https:\/\/web.consaguirre.com.ar\/noticias\/wp-json\/wp\/v2\/media\/3403"}],"wp:attachment":[{"href":"https:\/\/web.consaguirre.com.ar\/noticias\/wp-json\/wp\/v2\/media?parent=3402"}],"wp:term":[{"taxonomy":"category","embeddable":true,"href":"https:\/\/web.consaguirre.com.ar\/noticias\/wp-json\/wp\/v2\/categories?post=3402"},{"taxonomy":"post_tag","embeddable":true,"href":"https:\/\/web.consaguirre.com.ar\/noticias\/wp-json\/wp\/v2\/tags?post=3402"}],"curies":[{"name":"wp","href":"https:\/\/api.w.org\/{rel}","templated":true}]}}