{"id":3399,"date":"2025-08-09T02:40:26","date_gmt":"2025-08-09T05:40:26","guid":{"rendered":"https:\/\/web.consaguirre.com.ar\/noticias\/el-clasico-de-dream-pop-ciego-de-los-domingos-recibe-reedicion-de-vinilo\/"},"modified":"2025-08-09T02:40:29","modified_gmt":"2025-08-09T05:40:29","slug":"el-clasico-de-dream-pop-ciego-de-los-domingos-recibe-reedicion-de-vinilo","status":"publish","type":"post","link":"https:\/\/web.consaguirre.com.ar\/noticias\/el-clasico-de-dream-pop-ciego-de-los-domingos-recibe-reedicion-de-vinilo\/","title":{"rendered":"El cl\u00e1sico de Dream Pop &#8216;ciego&#8217; de los domingos recibe reedici\u00f3n de vinilo"},"content":{"rendered":"<p>El segundo \u00e1lbum de los domingos, <em>Ciego<\/em>Lanzado originalmente en 1992, llegar\u00e1 al vinilo.<\/p>\n<p>El \u00e1lbum est\u00e1 destacado por la inquietante voz de Harriet Wheeler y el trabajo de guitarra de David Gavurin, mientras la banda explora temas de anhelo, incertidumbre y vulnerabilidad emocional.<\/p>\n<p>El relanzamiento, que se remasteriz\u00f3 y se cort\u00f3 a 45 rpm, incluye singles destacados como &#8220;Love&#8221;, &#8220;Goodbye&#8221;, &#8220;On Earth&#8221; y la versi\u00f3n Bonus Track Cover de &#8220;Wild Horses&#8221; de Rolling Stones. Esta nueva edici\u00f3n confirma la influencia de los domingos en los mundos del pop y el indie rock de los sue\u00f1os, tan conmovedor hoy como lo fue en su lanzamiento.<\/p>\n<div class=\"uD-YT-container\"><img decoding=\"async\" src=\"https:\/\/web.consaguirre.com.ar\/noticias\/wp-content\/uploads\/2025\/08\/1754718026_2_El-clasico-de-Dream-Pop-ciego-de-los-domingos-recibe.jpg\" alt=\"Video de YouTube\"><br \/>Haga clic para cargar video<\/div>\n<p>Tras su lanzamiento, el \u00e1lbum fue un \u00e9xito instant\u00e1neo, aterrizando en las 20 principales listas del Reino Unido y tambi\u00e9n con una presencia constante en el Billboard 200. <em>Ciego<\/em> Lleg\u00f3 en un momento interesante para la m\u00fasica rock brit\u00e1nica. Como <em>Pop cl\u00e1sico<\/em> Observ\u00f3 en una funci\u00f3n de 2025 los domingos: &#8220;Cuando surgieron en 1988-89, el pop y el pop en general del Indie Pop y el Reino Unido, estaban experimentando algo de giro.<\/p>\n<p>La banda se form\u00f3 en 1988 y fue solo un mes despu\u00e9s de su primer show que obtuvieron un puesto en el famoso lugar de Camden The Falcon. <em>Fabricante de melod\u00edas<\/em>Chris Roberts ofreci\u00f3 elogios efusivos, diciendo que los domingos fueron &#8220;lo mejor que he escuchado&#8221;.<\/p>\n<p>M\u00e1s recientemente, en mayo de 2025, el \u00e1lbum de 1997 de la banda, <em>Est\u00e1tica y silencio<\/em>tambi\u00e9n fue reeditado. Fue remasterizado por Justin Perkins en Mystery Room Mastering y ese lanzamiento lleg\u00f3 con una manga impresa con forrado de poli con letras originales del \u00e1lbum. Lanzado originalmente en los Estados Unidos el 23 de septiembre de 1997, <em>Est\u00e1tica y silencio<\/em> fue el tercer \u00e1lbum del grupo. El \u00e1lbum present\u00f3 a los singles &#8220;Summertime&#8221; y &#8220;Cry&#8221;, as\u00ed como otros favoritos de los fan\u00e1ticos como &#8220;Monochrome&#8221; y &#8220;When I&#8217;m pensando en ti&#8221;.<\/p>\n<p>Compre la m\u00fasica de los domingos en vinilo ahora.<\/p>\n","protected":false},"excerpt":{"rendered":"<p>El segundo \u00e1lbum de los domingos, CiegoLanzado originalmente en 1992, llegar\u00e1 al vinilo. El \u00e1lbum est\u00e1 destacado por la inquietante voz de Harriet Wheeler y<\/p>\n","protected":false},"author":1,"featured_media":3400,"comment_status":"closed","ping_status":"","sticky":false,"template":"","format":"standard","meta":{"footnotes":""},"categories":[50],"tags":[2980,580,402,1359,180,1861,177,117,87],"class_list":["post-3399","post","type-post","status-publish","format-standard","has-post-thumbnail","hentry","category-el-ultimo","tag-ciego","tag-clasico","tag-domingos","tag-dream","tag-los","tag-pop","tag-recibe","tag-reedicion","tag-vinilo","generate-columns","tablet-grid-50","mobile-grid-100","grid-parent","grid-50"],"yoast_head":"<!-- This site is optimized with the Yoast SEO plugin v23.3 - https:\/\/yoast.com\/wordpress\/plugins\/seo\/ -->\n<title>El cl\u00e1sico de Dream Pop &#039;ciego&#039; de los domingos recibe reedici\u00f3n de vinilo<\/title>\n<meta name=\"robots\" content=\"index, follow, max-snippet:-1, max-image-preview:large, max-video-preview:-1\" \/>\n<link rel=\"canonical\" href=\"https:\/\/web.consaguirre.com.ar\/noticias\/el-clasico-de-dream-pop-ciego-de-los-domingos-recibe-reedicion-de-vinilo\/\" \/>\n<meta property=\"og:locale\" content=\"es_ES\" \/>\n<meta property=\"og:type\" content=\"article\" \/>\n<meta property=\"og:title\" content=\"El cl\u00e1sico de Dream Pop &#039;ciego&#039; de los domingos recibe reedici\u00f3n de vinilo\" \/>\n<meta property=\"og:description\" content=\"El segundo \u00e1lbum de los domingos, CiegoLanzado originalmente en 1992, llegar\u00e1 al vinilo. El \u00e1lbum est\u00e1 destacado por la inquietante voz de Harriet Wheeler y\" \/>\n<meta property=\"og:url\" content=\"https:\/\/web.consaguirre.com.ar\/noticias\/el-clasico-de-dream-pop-ciego-de-los-domingos-recibe-reedicion-de-vinilo\/\" \/>\n<meta property=\"og:site_name\" content=\"Conservatorio de M\u00fasica Juli\u00e1n Aguirre\" \/>\n<meta property=\"article:published_time\" content=\"2025-08-09T05:40:26+00:00\" \/>\n<meta property=\"article:modified_time\" content=\"2025-08-09T05:40:29+00:00\" \/>\n<meta property=\"og:image\" content=\"https:\/\/web.consaguirre.com.ar\/noticias\/wp-content\/uploads\/2025\/08\/El-clasico-de-Dream-Pop-ciego-de-los-domingos-recibe.jpg\" \/>\n\t<meta property=\"og:image:width\" content=\"1280\" \/>\n\t<meta property=\"og:image:height\" content=\"1280\" \/>\n\t<meta property=\"og:image:type\" content=\"image\/jpeg\" \/>\n<meta name=\"author\" content=\"Javier Figueroa\" \/>\n<meta name=\"twitter:card\" content=\"summary_large_image\" \/>\n<meta name=\"twitter:label1\" content=\"Escrito por\" \/>\n\t<meta name=\"twitter:data1\" content=\"Javier Figueroa\" \/>\n\t<meta name=\"twitter:label2\" content=\"Tiempo de lectura\" \/>\n\t<meta name=\"twitter:data2\" content=\"2 minutos\" \/>\n<script type=\"application\/ld+json\" class=\"yoast-schema-graph\">{\"@context\":\"https:\/\/schema.org\",\"@graph\":[{\"@type\":\"Article\",\"@id\":\"https:\/\/web.consaguirre.com.ar\/noticias\/el-clasico-de-dream-pop-ciego-de-los-domingos-recibe-reedicion-de-vinilo\/#article\",\"isPartOf\":{\"@id\":\"https:\/\/web.consaguirre.com.ar\/noticias\/el-clasico-de-dream-pop-ciego-de-los-domingos-recibe-reedicion-de-vinilo\/\"},\"author\":{\"name\":\"Javier Figueroa\",\"@id\":\"https:\/\/web.consaguirre.com.ar\/noticias\/#\/schema\/person\/6558b0cfedee7ddc5425602b237d5722\"},\"headline\":\"El cl\u00e1sico de Dream Pop &#8216;ciego&#8217; de los domingos recibe reedici\u00f3n de vinilo\",\"datePublished\":\"2025-08-09T05:40:26+00:00\",\"dateModified\":\"2025-08-09T05:40:29+00:00\",\"mainEntityOfPage\":{\"@id\":\"https:\/\/web.consaguirre.com.ar\/noticias\/el-clasico-de-dream-pop-ciego-de-los-domingos-recibe-reedicion-de-vinilo\/\"},\"wordCount\":348,\"publisher\":{\"@id\":\"https:\/\/web.consaguirre.com.ar\/noticias\/#organization\"},\"image\":{\"@id\":\"https:\/\/web.consaguirre.com.ar\/noticias\/el-clasico-de-dream-pop-ciego-de-los-domingos-recibe-reedicion-de-vinilo\/#primaryimage\"},\"thumbnailUrl\":\"https:\/\/web.consaguirre.com.ar\/noticias\/wp-content\/uploads\/2025\/08\/El-clasico-de-Dream-Pop-ciego-de-los-domingos-recibe.jpg\",\"keywords\":[\"ciego\",\"cl\u00e1sico\",\"Domingos\",\"Dream\",\"los\",\"pop\",\"recibe\",\"reedici\u00f3n\",\"vinilo\"],\"articleSection\":[\"El \u00faltimo\"],\"inLanguage\":\"es-AR\"},{\"@type\":\"WebPage\",\"@id\":\"https:\/\/web.consaguirre.com.ar\/noticias\/el-clasico-de-dream-pop-ciego-de-los-domingos-recibe-reedicion-de-vinilo\/\",\"url\":\"https:\/\/web.consaguirre.com.ar\/noticias\/el-clasico-de-dream-pop-ciego-de-los-domingos-recibe-reedicion-de-vinilo\/\",\"name\":\"El cl\u00e1sico de Dream Pop 'ciego' de los domingos recibe reedici\u00f3n de vinilo\",\"isPartOf\":{\"@id\":\"https:\/\/web.consaguirre.com.ar\/noticias\/#website\"},\"primaryImageOfPage\":{\"@id\":\"https:\/\/web.consaguirre.com.ar\/noticias\/el-clasico-de-dream-pop-ciego-de-los-domingos-recibe-reedicion-de-vinilo\/#primaryimage\"},\"image\":{\"@id\":\"https:\/\/web.consaguirre.com.ar\/noticias\/el-clasico-de-dream-pop-ciego-de-los-domingos-recibe-reedicion-de-vinilo\/#primaryimage\"},\"thumbnailUrl\":\"https:\/\/web.consaguirre.com.ar\/noticias\/wp-content\/uploads\/2025\/08\/El-clasico-de-Dream-Pop-ciego-de-los-domingos-recibe.jpg\",\"datePublished\":\"2025-08-09T05:40:26+00:00\",\"dateModified\":\"2025-08-09T05:40:29+00:00\",\"breadcrumb\":{\"@id\":\"https:\/\/web.consaguirre.com.ar\/noticias\/el-clasico-de-dream-pop-ciego-de-los-domingos-recibe-reedicion-de-vinilo\/#breadcrumb\"},\"inLanguage\":\"es-AR\",\"potentialAction\":[{\"@type\":\"ReadAction\",\"target\":[\"https:\/\/web.consaguirre.com.ar\/noticias\/el-clasico-de-dream-pop-ciego-de-los-domingos-recibe-reedicion-de-vinilo\/\"]}]},{\"@type\":\"ImageObject\",\"inLanguage\":\"es-AR\",\"@id\":\"https:\/\/web.consaguirre.com.ar\/noticias\/el-clasico-de-dream-pop-ciego-de-los-domingos-recibe-reedicion-de-vinilo\/#primaryimage\",\"url\":\"https:\/\/web.consaguirre.com.ar\/noticias\/wp-content\/uploads\/2025\/08\/El-clasico-de-Dream-Pop-ciego-de-los-domingos-recibe.jpg\",\"contentUrl\":\"https:\/\/web.consaguirre.com.ar\/noticias\/wp-content\/uploads\/2025\/08\/El-clasico-de-Dream-Pop-ciego-de-los-domingos-recibe.jpg\",\"width\":1280,\"height\":1280,\"caption\":\"El cl\u00e1sico de Dream Pop 'ciego' de los domingos recibe reedici\u00f3n de vinilo\"},{\"@type\":\"BreadcrumbList\",\"@id\":\"https:\/\/web.consaguirre.com.ar\/noticias\/el-clasico-de-dream-pop-ciego-de-los-domingos-recibe-reedicion-de-vinilo\/#breadcrumb\",\"itemListElement\":[{\"@type\":\"ListItem\",\"position\":1,\"name\":\"Inicio\",\"item\":\"https:\/\/web.consaguirre.com.ar\/noticias\/\"},{\"@type\":\"ListItem\",\"position\":2,\"name\":\"El cl\u00e1sico de Dream Pop &#8216;ciego&#8217; de los domingos recibe reedici\u00f3n de vinilo\"}]},{\"@type\":\"WebSite\",\"@id\":\"https:\/\/web.consaguirre.com.ar\/noticias\/#website\",\"url\":\"https:\/\/web.consaguirre.com.ar\/noticias\/\",\"name\":\"Conservatorio de M\u00fasica Juli\u00e1n Aguirre\",\"description\":\"\",\"publisher\":{\"@id\":\"https:\/\/web.consaguirre.com.ar\/noticias\/#organization\"},\"potentialAction\":[{\"@type\":\"SearchAction\",\"target\":{\"@type\":\"EntryPoint\",\"urlTemplate\":\"https:\/\/web.consaguirre.com.ar\/noticias\/?s={search_term_string}\"},\"query-input\":\"required name=search_term_string\"}],\"inLanguage\":\"es-AR\"},{\"@type\":\"Organization\",\"@id\":\"https:\/\/web.consaguirre.com.ar\/noticias\/#organization\",\"name\":\"Conservatorio de M\u00fasica Juli\u00e1n Aguirre\",\"url\":\"https:\/\/web.consaguirre.com.ar\/noticias\/\",\"logo\":{\"@type\":\"ImageObject\",\"inLanguage\":\"es-AR\",\"@id\":\"https:\/\/web.consaguirre.com.ar\/noticias\/#\/schema\/logo\/image\/\",\"url\":\"https:\/\/web.consaguirre.com.ar\/noticias\/wp-content\/uploads\/2024\/08\/Banner-Aguirre-23.jpg\",\"contentUrl\":\"https:\/\/web.consaguirre.com.ar\/noticias\/wp-content\/uploads\/2024\/08\/Banner-Aguirre-23.jpg\",\"width\":1192,\"height\":600,\"caption\":\"Conservatorio de M\u00fasica Juli\u00e1n Aguirre\"},\"image\":{\"@id\":\"https:\/\/web.consaguirre.com.ar\/noticias\/#\/schema\/logo\/image\/\"}},{\"@type\":\"Person\",\"@id\":\"https:\/\/web.consaguirre.com.ar\/noticias\/#\/schema\/person\/6558b0cfedee7ddc5425602b237d5722\",\"name\":\"Javier Figueroa\",\"image\":{\"@type\":\"ImageObject\",\"inLanguage\":\"es-AR\",\"@id\":\"https:\/\/web.consaguirre.com.ar\/noticias\/#\/schema\/person\/image\/\",\"url\":\"https:\/\/web.consaguirre.com.ar\/noticias\/wp-content\/uploads\/2024\/08\/Consaguirre-scaled.jpg\",\"contentUrl\":\"https:\/\/web.consaguirre.com.ar\/noticias\/wp-content\/uploads\/2024\/08\/Consaguirre-scaled.jpg\",\"caption\":\"Javier Figueroa\"},\"description\":\"Me llamo Javier Figueroa y soy redactor para el sitio oficial del Conservatorio de M\u00fasica Juli\u00e1n Aguirre en Buenos Aires, consaguirre.com. Apasionado por la m\u00fasica y la escritura, me esfuerzo por destacar los talentos y eventos de nuestra prestigiosa instituci\u00f3n. Mi trayectoria se nutre de una profunda admiraci\u00f3n por los artistas, haciendo de cada art\u00edculo una celebraci\u00f3n de la creatividad y la cultura musical.\",\"sameAs\":[\"https:\/\/web.consaguirre.com.ar\/noticias\"]}]}<\/script>\n<!-- \/ Yoast SEO plugin. -->","yoast_head_json":{"title":"El cl\u00e1sico de Dream Pop 'ciego' de los domingos recibe reedici\u00f3n de vinilo","robots":{"index":"index","follow":"follow","max-snippet":"max-snippet:-1","max-image-preview":"max-image-preview:large","max-video-preview":"max-video-preview:-1"},"canonical":"https:\/\/web.consaguirre.com.ar\/noticias\/el-clasico-de-dream-pop-ciego-de-los-domingos-recibe-reedicion-de-vinilo\/","og_locale":"es_ES","og_type":"article","og_title":"El cl\u00e1sico de Dream Pop 'ciego' de los domingos recibe reedici\u00f3n de vinilo","og_description":"El segundo \u00e1lbum de los domingos, CiegoLanzado originalmente en 1992, llegar\u00e1 al vinilo. El \u00e1lbum est\u00e1 destacado por la inquietante voz de Harriet Wheeler y","og_url":"https:\/\/web.consaguirre.com.ar\/noticias\/el-clasico-de-dream-pop-ciego-de-los-domingos-recibe-reedicion-de-vinilo\/","og_site_name":"Conservatorio de M\u00fasica Juli\u00e1n Aguirre","article_published_time":"2025-08-09T05:40:26+00:00","article_modified_time":"2025-08-09T05:40:29+00:00","og_image":[{"width":1280,"height":1280,"url":"https:\/\/web.consaguirre.com.ar\/noticias\/wp-content\/uploads\/2025\/08\/El-clasico-de-Dream-Pop-ciego-de-los-domingos-recibe.jpg","type":"image\/jpeg"}],"author":"Javier Figueroa","twitter_card":"summary_large_image","twitter_misc":{"Escrito por":"Javier Figueroa","Tiempo de lectura":"2 minutos"},"schema":{"@context":"https:\/\/schema.org","@graph":[{"@type":"Article","@id":"https:\/\/web.consaguirre.com.ar\/noticias\/el-clasico-de-dream-pop-ciego-de-los-domingos-recibe-reedicion-de-vinilo\/#article","isPartOf":{"@id":"https:\/\/web.consaguirre.com.ar\/noticias\/el-clasico-de-dream-pop-ciego-de-los-domingos-recibe-reedicion-de-vinilo\/"},"author":{"name":"Javier Figueroa","@id":"https:\/\/web.consaguirre.com.ar\/noticias\/#\/schema\/person\/6558b0cfedee7ddc5425602b237d5722"},"headline":"El cl\u00e1sico de Dream Pop &#8216;ciego&#8217; de los domingos recibe reedici\u00f3n de vinilo","datePublished":"2025-08-09T05:40:26+00:00","dateModified":"2025-08-09T05:40:29+00:00","mainEntityOfPage":{"@id":"https:\/\/web.consaguirre.com.ar\/noticias\/el-clasico-de-dream-pop-ciego-de-los-domingos-recibe-reedicion-de-vinilo\/"},"wordCount":348,"publisher":{"@id":"https:\/\/web.consaguirre.com.ar\/noticias\/#organization"},"image":{"@id":"https:\/\/web.consaguirre.com.ar\/noticias\/el-clasico-de-dream-pop-ciego-de-los-domingos-recibe-reedicion-de-vinilo\/#primaryimage"},"thumbnailUrl":"https:\/\/web.consaguirre.com.ar\/noticias\/wp-content\/uploads\/2025\/08\/El-clasico-de-Dream-Pop-ciego-de-los-domingos-recibe.jpg","keywords":["ciego","cl\u00e1sico","Domingos","Dream","los","pop","recibe","reedici\u00f3n","vinilo"],"articleSection":["El \u00faltimo"],"inLanguage":"es-AR"},{"@type":"WebPage","@id":"https:\/\/web.consaguirre.com.ar\/noticias\/el-clasico-de-dream-pop-ciego-de-los-domingos-recibe-reedicion-de-vinilo\/","url":"https:\/\/web.consaguirre.com.ar\/noticias\/el-clasico-de-dream-pop-ciego-de-los-domingos-recibe-reedicion-de-vinilo\/","name":"El cl\u00e1sico de Dream Pop 'ciego' de los domingos recibe reedici\u00f3n de vinilo","isPartOf":{"@id":"https:\/\/web.consaguirre.com.ar\/noticias\/#website"},"primaryImageOfPage":{"@id":"https:\/\/web.consaguirre.com.ar\/noticias\/el-clasico-de-dream-pop-ciego-de-los-domingos-recibe-reedicion-de-vinilo\/#primaryimage"},"image":{"@id":"https:\/\/web.consaguirre.com.ar\/noticias\/el-clasico-de-dream-pop-ciego-de-los-domingos-recibe-reedicion-de-vinilo\/#primaryimage"},"thumbnailUrl":"https:\/\/web.consaguirre.com.ar\/noticias\/wp-content\/uploads\/2025\/08\/El-clasico-de-Dream-Pop-ciego-de-los-domingos-recibe.jpg","datePublished":"2025-08-09T05:40:26+00:00","dateModified":"2025-08-09T05:40:29+00:00","breadcrumb":{"@id":"https:\/\/web.consaguirre.com.ar\/noticias\/el-clasico-de-dream-pop-ciego-de-los-domingos-recibe-reedicion-de-vinilo\/#breadcrumb"},"inLanguage":"es-AR","potentialAction":[{"@type":"ReadAction","target":["https:\/\/web.consaguirre.com.ar\/noticias\/el-clasico-de-dream-pop-ciego-de-los-domingos-recibe-reedicion-de-vinilo\/"]}]},{"@type":"ImageObject","inLanguage":"es-AR","@id":"https:\/\/web.consaguirre.com.ar\/noticias\/el-clasico-de-dream-pop-ciego-de-los-domingos-recibe-reedicion-de-vinilo\/#primaryimage","url":"https:\/\/web.consaguirre.com.ar\/noticias\/wp-content\/uploads\/2025\/08\/El-clasico-de-Dream-Pop-ciego-de-los-domingos-recibe.jpg","contentUrl":"https:\/\/web.consaguirre.com.ar\/noticias\/wp-content\/uploads\/2025\/08\/El-clasico-de-Dream-Pop-ciego-de-los-domingos-recibe.jpg","width":1280,"height":1280,"caption":"El cl\u00e1sico de Dream Pop 'ciego' de los domingos recibe reedici\u00f3n de vinilo"},{"@type":"BreadcrumbList","@id":"https:\/\/web.consaguirre.com.ar\/noticias\/el-clasico-de-dream-pop-ciego-de-los-domingos-recibe-reedicion-de-vinilo\/#breadcrumb","itemListElement":[{"@type":"ListItem","position":1,"name":"Inicio","item":"https:\/\/web.consaguirre.com.ar\/noticias\/"},{"@type":"ListItem","position":2,"name":"El cl\u00e1sico de Dream Pop &#8216;ciego&#8217; de los domingos recibe reedici\u00f3n de vinilo"}]},{"@type":"WebSite","@id":"https:\/\/web.consaguirre.com.ar\/noticias\/#website","url":"https:\/\/web.consaguirre.com.ar\/noticias\/","name":"Conservatorio de M\u00fasica Juli\u00e1n Aguirre","description":"","publisher":{"@id":"https:\/\/web.consaguirre.com.ar\/noticias\/#organization"},"potentialAction":[{"@type":"SearchAction","target":{"@type":"EntryPoint","urlTemplate":"https:\/\/web.consaguirre.com.ar\/noticias\/?s={search_term_string}"},"query-input":"required name=search_term_string"}],"inLanguage":"es-AR"},{"@type":"Organization","@id":"https:\/\/web.consaguirre.com.ar\/noticias\/#organization","name":"Conservatorio de M\u00fasica Juli\u00e1n Aguirre","url":"https:\/\/web.consaguirre.com.ar\/noticias\/","logo":{"@type":"ImageObject","inLanguage":"es-AR","@id":"https:\/\/web.consaguirre.com.ar\/noticias\/#\/schema\/logo\/image\/","url":"https:\/\/web.consaguirre.com.ar\/noticias\/wp-content\/uploads\/2024\/08\/Banner-Aguirre-23.jpg","contentUrl":"https:\/\/web.consaguirre.com.ar\/noticias\/wp-content\/uploads\/2024\/08\/Banner-Aguirre-23.jpg","width":1192,"height":600,"caption":"Conservatorio de M\u00fasica Juli\u00e1n Aguirre"},"image":{"@id":"https:\/\/web.consaguirre.com.ar\/noticias\/#\/schema\/logo\/image\/"}},{"@type":"Person","@id":"https:\/\/web.consaguirre.com.ar\/noticias\/#\/schema\/person\/6558b0cfedee7ddc5425602b237d5722","name":"Javier Figueroa","image":{"@type":"ImageObject","inLanguage":"es-AR","@id":"https:\/\/web.consaguirre.com.ar\/noticias\/#\/schema\/person\/image\/","url":"https:\/\/web.consaguirre.com.ar\/noticias\/wp-content\/uploads\/2024\/08\/Consaguirre-scaled.jpg","contentUrl":"https:\/\/web.consaguirre.com.ar\/noticias\/wp-content\/uploads\/2024\/08\/Consaguirre-scaled.jpg","caption":"Javier Figueroa"},"description":"Me llamo Javier Figueroa y soy redactor para el sitio oficial del Conservatorio de M\u00fasica Juli\u00e1n Aguirre en Buenos Aires, consaguirre.com. Apasionado por la m\u00fasica y la escritura, me esfuerzo por destacar los talentos y eventos de nuestra prestigiosa instituci\u00f3n. Mi trayectoria se nutre de una profunda admiraci\u00f3n por los artistas, haciendo de cada art\u00edculo una celebraci\u00f3n de la creatividad y la cultura musical.","sameAs":["https:\/\/web.consaguirre.com.ar\/noticias"]}]}},"_links":{"self":[{"href":"https:\/\/web.consaguirre.com.ar\/noticias\/wp-json\/wp\/v2\/posts\/3399"}],"collection":[{"href":"https:\/\/web.consaguirre.com.ar\/noticias\/wp-json\/wp\/v2\/posts"}],"about":[{"href":"https:\/\/web.consaguirre.com.ar\/noticias\/wp-json\/wp\/v2\/types\/post"}],"author":[{"embeddable":true,"href":"https:\/\/web.consaguirre.com.ar\/noticias\/wp-json\/wp\/v2\/users\/1"}],"replies":[{"embeddable":true,"href":"https:\/\/web.consaguirre.com.ar\/noticias\/wp-json\/wp\/v2\/comments?post=3399"}],"version-history":[{"count":1,"href":"https:\/\/web.consaguirre.com.ar\/noticias\/wp-json\/wp\/v2\/posts\/3399\/revisions"}],"predecessor-version":[{"id":3401,"href":"https:\/\/web.consaguirre.com.ar\/noticias\/wp-json\/wp\/v2\/posts\/3399\/revisions\/3401"}],"wp:featuredmedia":[{"embeddable":true,"href":"https:\/\/web.consaguirre.com.ar\/noticias\/wp-json\/wp\/v2\/media\/3400"}],"wp:attachment":[{"href":"https:\/\/web.consaguirre.com.ar\/noticias\/wp-json\/wp\/v2\/media?parent=3399"}],"wp:term":[{"taxonomy":"category","embeddable":true,"href":"https:\/\/web.consaguirre.com.ar\/noticias\/wp-json\/wp\/v2\/categories?post=3399"},{"taxonomy":"post_tag","embeddable":true,"href":"https:\/\/web.consaguirre.com.ar\/noticias\/wp-json\/wp\/v2\/tags?post=3399"}],"curies":[{"name":"wp","href":"https:\/\/api.w.org\/{rel}","templated":true}]}}