{"id":3396,"date":"2025-08-08T23:39:30","date_gmt":"2025-08-09T02:39:30","guid":{"rendered":"https:\/\/web.consaguirre.com.ar\/noticias\/la-reedicion-de-navidad-de-ella-fitzgerald-anuncio\/"},"modified":"2025-08-08T23:39:31","modified_gmt":"2025-08-09T02:39:31","slug":"la-reedicion-de-navidad-de-ella-fitzgerald-anuncio","status":"publish","type":"post","link":"https:\/\/web.consaguirre.com.ar\/noticias\/la-reedicion-de-navidad-de-ella-fitzgerald-anuncio\/","title":{"rendered":"&#8216;La reedici\u00f3n de Navidad de Ella Fitzgerald&#8217; anunci\u00f3"},"content":{"rendered":"<p>Esta Navidad podr\u00eda ser solo <em>Ella Fitzgerald&#8217;s<\/em> <em>Navidad<\/em> para ti y los tuyos. El segundo \u00e1lbum de Navidad del cantante de jazz de renombre mundial se volver\u00e1 a emitir esta temporada a tiempo para todas sus festividades navide\u00f1as.<\/p>\n<p>Lanzado originalmente en 1967, <em>Navidad de Ella Fitzgerald<\/em> fue el segundo LP de vacaciones de Fitzgerald, as\u00ed como su segundo de larga duraci\u00f3n para Capitol Records. El \u00e1lbum represent\u00f3 un pivote de su primera incursi\u00f3n en la m\u00fasica navide\u00f1a, el lanzamiento de Verve de 1960 <em>Ella te desea una navidad oscilante<\/em>que la encontr\u00f3 poniendo un giro jazz en los favoritos de temporada seculares como &#8220;Jingle Bells&#8221;, &#8220;Sleigh Ride&#8221; y &#8220;Have a Yourself A Merry Little Christmas&#8221;.<\/p>\n<p>Esta vez, asociando con el productor Dave Dexter Jr., el director Ralph Carmichael y los arreglos Robert Black y la Grace Price, se concentr\u00f3 en lo sagrado. Con arreglos que van desde grupos de c\u00e1mara instrumentales m\u00e1s peque\u00f1os hasta apoyo coral completo, registr\u00f3 13 est\u00e1ndares religiosos. O, para decirlo de otra manera, este es un registro de Ella Fitzgerald cantando cl\u00e1sicos atemporales, la mayor\u00eda de ellos, como la &#8220;noche silenciosa&#8221;, &#8220;O Holy Night&#8221; y &#8220;Joy to the World&#8221;, son bien conocidos incluso para aquellos que nunca han recogido un himno. Las sesiones tuvieron lugar durante dos d\u00edas en el verano de 1967; Era literalmente un caso de Navidad en julio.<\/p>\n<div class=\"uD-YT-container\"><img decoding=\"async\" src=\"https:\/\/web.consaguirre.com.ar\/noticias\/wp-content\/uploads\/2025\/08\/1754707170_204_La-reedicion-de-Navidad-de-Ella-Fitzgerald-anuncio.jpg\" alt=\"Video de YouTube\"><br \/>Haga clic para cargar video<\/div>\n<p>M\u00e1s de medio siglo despu\u00e9s, el \u00e1lbum se mantiene como uno de los cl\u00e1sicos navide\u00f1os de todos los tiempos. &#8220;<em>Navidad de Ella Fitzgerald<\/em> es una rareza entre las rarezas en el sentido de que es un \u00e1lbum festivo que realmente se mantiene como una declaraci\u00f3n art\u00edstica madura &#8220;, deldujo toda la gu\u00eda de m\u00fasica en una rese\u00f1a que concluy\u00f3 llam\u00e1ndolo&#8221; uno de los mejores \u00e1lbumes de Navidad jam\u00e1s hechos &#8220;.<\/p>\n<p>Fitzgerald, cuyos apodos inclu\u00edan &#8220;Queen of Jazz&#8221; y &#8220;First Lady of Song&#8221;, fue uno de los mejores vocalistas de jazz del siglo XX. Su legado como artista musical y activista de derechos civiles es extenso y <em>Navidad de Ella Fitzgerald<\/em> fue uno de sus mejores cap\u00edtulos.<\/p>\n<p>Compre la mejor m\u00fasica navide\u00f1a en vinilo ahora.<\/p>\n","protected":false},"excerpt":{"rendered":"<p>Esta Navidad podr\u00eda ser solo Ella Fitzgerald&#8217;s Navidad para ti y los tuyos. El segundo \u00e1lbum de Navidad del cantante de jazz de renombre mundial<\/p>\n","protected":false},"author":1,"featured_media":3397,"comment_status":"closed","ping_status":"","sticky":false,"template":"","format":"standard","meta":{"footnotes":""},"categories":[50],"tags":[1467,668,706,671,117],"class_list":["post-3396","post","type-post","status-publish","format-standard","has-post-thumbnail","hentry","category-el-ultimo","tag-anuncio","tag-ella","tag-fitzgerald","tag-navidad","tag-reedicion","generate-columns","tablet-grid-50","mobile-grid-100","grid-parent","grid-50"],"yoast_head":"<!-- This site is optimized with the Yoast SEO plugin v23.3 - https:\/\/yoast.com\/wordpress\/plugins\/seo\/ -->\n<title>&#039;La reedici\u00f3n de Navidad de Ella Fitzgerald&#039; anunci\u00f3<\/title>\n<meta name=\"robots\" content=\"index, follow, max-snippet:-1, max-image-preview:large, max-video-preview:-1\" \/>\n<link rel=\"canonical\" href=\"https:\/\/web.consaguirre.com.ar\/noticias\/la-reedicion-de-navidad-de-ella-fitzgerald-anuncio\/\" \/>\n<meta property=\"og:locale\" content=\"es_ES\" \/>\n<meta property=\"og:type\" content=\"article\" \/>\n<meta property=\"og:title\" content=\"&#039;La reedici\u00f3n de Navidad de Ella Fitzgerald&#039; anunci\u00f3\" \/>\n<meta property=\"og:description\" content=\"Esta Navidad podr\u00eda ser solo Ella Fitzgerald&#8217;s Navidad para ti y los tuyos. El segundo \u00e1lbum de Navidad del cantante de jazz de renombre mundial\" \/>\n<meta property=\"og:url\" content=\"https:\/\/web.consaguirre.com.ar\/noticias\/la-reedicion-de-navidad-de-ella-fitzgerald-anuncio\/\" \/>\n<meta property=\"og:site_name\" content=\"Conservatorio de M\u00fasica Juli\u00e1n Aguirre\" \/>\n<meta property=\"article:published_time\" content=\"2025-08-09T02:39:30+00:00\" \/>\n<meta property=\"article:modified_time\" content=\"2025-08-09T02:39:31+00:00\" \/>\n<meta property=\"og:image\" content=\"https:\/\/web.consaguirre.com.ar\/noticias\/wp-content\/uploads\/2025\/08\/La-reedicion-de-Navidad-de-Ella-Fitzgerald-anuncio.jpg\" \/>\n\t<meta property=\"og:image:width\" content=\"1440\" \/>\n\t<meta property=\"og:image:height\" content=\"864\" \/>\n\t<meta property=\"og:image:type\" content=\"image\/jpeg\" \/>\n<meta name=\"author\" content=\"Javier Figueroa\" \/>\n<meta name=\"twitter:card\" content=\"summary_large_image\" \/>\n<meta name=\"twitter:label1\" content=\"Escrito por\" \/>\n\t<meta name=\"twitter:data1\" content=\"Javier Figueroa\" \/>\n\t<meta name=\"twitter:label2\" content=\"Tiempo de lectura\" \/>\n\t<meta name=\"twitter:data2\" content=\"2 minutos\" \/>\n<script type=\"application\/ld+json\" class=\"yoast-schema-graph\">{\"@context\":\"https:\/\/schema.org\",\"@graph\":[{\"@type\":\"Article\",\"@id\":\"https:\/\/web.consaguirre.com.ar\/noticias\/la-reedicion-de-navidad-de-ella-fitzgerald-anuncio\/#article\",\"isPartOf\":{\"@id\":\"https:\/\/web.consaguirre.com.ar\/noticias\/la-reedicion-de-navidad-de-ella-fitzgerald-anuncio\/\"},\"author\":{\"name\":\"Javier Figueroa\",\"@id\":\"https:\/\/web.consaguirre.com.ar\/noticias\/#\/schema\/person\/6558b0cfedee7ddc5425602b237d5722\"},\"headline\":\"&#8216;La reedici\u00f3n de Navidad de Ella Fitzgerald&#8217; anunci\u00f3\",\"datePublished\":\"2025-08-09T02:39:30+00:00\",\"dateModified\":\"2025-08-09T02:39:31+00:00\",\"mainEntityOfPage\":{\"@id\":\"https:\/\/web.consaguirre.com.ar\/noticias\/la-reedicion-de-navidad-de-ella-fitzgerald-anuncio\/\"},\"wordCount\":385,\"publisher\":{\"@id\":\"https:\/\/web.consaguirre.com.ar\/noticias\/#organization\"},\"image\":{\"@id\":\"https:\/\/web.consaguirre.com.ar\/noticias\/la-reedicion-de-navidad-de-ella-fitzgerald-anuncio\/#primaryimage\"},\"thumbnailUrl\":\"https:\/\/web.consaguirre.com.ar\/noticias\/wp-content\/uploads\/2025\/08\/La-reedicion-de-Navidad-de-Ella-Fitzgerald-anuncio.jpg\",\"keywords\":[\"anuncio\",\"Ella\",\"Fitzgerald\",\"Navidad\",\"reedici\u00f3n\"],\"articleSection\":[\"El \u00faltimo\"],\"inLanguage\":\"es-AR\"},{\"@type\":\"WebPage\",\"@id\":\"https:\/\/web.consaguirre.com.ar\/noticias\/la-reedicion-de-navidad-de-ella-fitzgerald-anuncio\/\",\"url\":\"https:\/\/web.consaguirre.com.ar\/noticias\/la-reedicion-de-navidad-de-ella-fitzgerald-anuncio\/\",\"name\":\"'La reedici\u00f3n de Navidad de Ella Fitzgerald' anunci\u00f3\",\"isPartOf\":{\"@id\":\"https:\/\/web.consaguirre.com.ar\/noticias\/#website\"},\"primaryImageOfPage\":{\"@id\":\"https:\/\/web.consaguirre.com.ar\/noticias\/la-reedicion-de-navidad-de-ella-fitzgerald-anuncio\/#primaryimage\"},\"image\":{\"@id\":\"https:\/\/web.consaguirre.com.ar\/noticias\/la-reedicion-de-navidad-de-ella-fitzgerald-anuncio\/#primaryimage\"},\"thumbnailUrl\":\"https:\/\/web.consaguirre.com.ar\/noticias\/wp-content\/uploads\/2025\/08\/La-reedicion-de-Navidad-de-Ella-Fitzgerald-anuncio.jpg\",\"datePublished\":\"2025-08-09T02:39:30+00:00\",\"dateModified\":\"2025-08-09T02:39:31+00:00\",\"breadcrumb\":{\"@id\":\"https:\/\/web.consaguirre.com.ar\/noticias\/la-reedicion-de-navidad-de-ella-fitzgerald-anuncio\/#breadcrumb\"},\"inLanguage\":\"es-AR\",\"potentialAction\":[{\"@type\":\"ReadAction\",\"target\":[\"https:\/\/web.consaguirre.com.ar\/noticias\/la-reedicion-de-navidad-de-ella-fitzgerald-anuncio\/\"]}]},{\"@type\":\"ImageObject\",\"inLanguage\":\"es-AR\",\"@id\":\"https:\/\/web.consaguirre.com.ar\/noticias\/la-reedicion-de-navidad-de-ella-fitzgerald-anuncio\/#primaryimage\",\"url\":\"https:\/\/web.consaguirre.com.ar\/noticias\/wp-content\/uploads\/2025\/08\/La-reedicion-de-Navidad-de-Ella-Fitzgerald-anuncio.jpg\",\"contentUrl\":\"https:\/\/web.consaguirre.com.ar\/noticias\/wp-content\/uploads\/2025\/08\/La-reedicion-de-Navidad-de-Ella-Fitzgerald-anuncio.jpg\",\"width\":1440,\"height\":864,\"caption\":\"'La reedici\u00f3n de Navidad de Ella Fitzgerald' anunci\u00f3\"},{\"@type\":\"BreadcrumbList\",\"@id\":\"https:\/\/web.consaguirre.com.ar\/noticias\/la-reedicion-de-navidad-de-ella-fitzgerald-anuncio\/#breadcrumb\",\"itemListElement\":[{\"@type\":\"ListItem\",\"position\":1,\"name\":\"Inicio\",\"item\":\"https:\/\/web.consaguirre.com.ar\/noticias\/\"},{\"@type\":\"ListItem\",\"position\":2,\"name\":\"&#8216;La reedici\u00f3n de Navidad de Ella Fitzgerald&#8217; anunci\u00f3\"}]},{\"@type\":\"WebSite\",\"@id\":\"https:\/\/web.consaguirre.com.ar\/noticias\/#website\",\"url\":\"https:\/\/web.consaguirre.com.ar\/noticias\/\",\"name\":\"Conservatorio de M\u00fasica Juli\u00e1n Aguirre\",\"description\":\"\",\"publisher\":{\"@id\":\"https:\/\/web.consaguirre.com.ar\/noticias\/#organization\"},\"potentialAction\":[{\"@type\":\"SearchAction\",\"target\":{\"@type\":\"EntryPoint\",\"urlTemplate\":\"https:\/\/web.consaguirre.com.ar\/noticias\/?s={search_term_string}\"},\"query-input\":\"required name=search_term_string\"}],\"inLanguage\":\"es-AR\"},{\"@type\":\"Organization\",\"@id\":\"https:\/\/web.consaguirre.com.ar\/noticias\/#organization\",\"name\":\"Conservatorio de M\u00fasica Juli\u00e1n Aguirre\",\"url\":\"https:\/\/web.consaguirre.com.ar\/noticias\/\",\"logo\":{\"@type\":\"ImageObject\",\"inLanguage\":\"es-AR\",\"@id\":\"https:\/\/web.consaguirre.com.ar\/noticias\/#\/schema\/logo\/image\/\",\"url\":\"https:\/\/web.consaguirre.com.ar\/noticias\/wp-content\/uploads\/2024\/08\/Banner-Aguirre-23.jpg\",\"contentUrl\":\"https:\/\/web.consaguirre.com.ar\/noticias\/wp-content\/uploads\/2024\/08\/Banner-Aguirre-23.jpg\",\"width\":1192,\"height\":600,\"caption\":\"Conservatorio de M\u00fasica Juli\u00e1n Aguirre\"},\"image\":{\"@id\":\"https:\/\/web.consaguirre.com.ar\/noticias\/#\/schema\/logo\/image\/\"}},{\"@type\":\"Person\",\"@id\":\"https:\/\/web.consaguirre.com.ar\/noticias\/#\/schema\/person\/6558b0cfedee7ddc5425602b237d5722\",\"name\":\"Javier Figueroa\",\"image\":{\"@type\":\"ImageObject\",\"inLanguage\":\"es-AR\",\"@id\":\"https:\/\/web.consaguirre.com.ar\/noticias\/#\/schema\/person\/image\/\",\"url\":\"https:\/\/web.consaguirre.com.ar\/noticias\/wp-content\/uploads\/2024\/08\/Consaguirre-scaled.jpg\",\"contentUrl\":\"https:\/\/web.consaguirre.com.ar\/noticias\/wp-content\/uploads\/2024\/08\/Consaguirre-scaled.jpg\",\"caption\":\"Javier Figueroa\"},\"description\":\"Me llamo Javier Figueroa y soy redactor para el sitio oficial del Conservatorio de M\u00fasica Juli\u00e1n Aguirre en Buenos Aires, consaguirre.com. Apasionado por la m\u00fasica y la escritura, me esfuerzo por destacar los talentos y eventos de nuestra prestigiosa instituci\u00f3n. Mi trayectoria se nutre de una profunda admiraci\u00f3n por los artistas, haciendo de cada art\u00edculo una celebraci\u00f3n de la creatividad y la cultura musical.\",\"sameAs\":[\"https:\/\/web.consaguirre.com.ar\/noticias\"]}]}<\/script>\n<!-- \/ Yoast SEO plugin. -->","yoast_head_json":{"title":"'La reedici\u00f3n de Navidad de Ella Fitzgerald' anunci\u00f3","robots":{"index":"index","follow":"follow","max-snippet":"max-snippet:-1","max-image-preview":"max-image-preview:large","max-video-preview":"max-video-preview:-1"},"canonical":"https:\/\/web.consaguirre.com.ar\/noticias\/la-reedicion-de-navidad-de-ella-fitzgerald-anuncio\/","og_locale":"es_ES","og_type":"article","og_title":"'La reedici\u00f3n de Navidad de Ella Fitzgerald' anunci\u00f3","og_description":"Esta Navidad podr\u00eda ser solo Ella Fitzgerald&#8217;s Navidad para ti y los tuyos. El segundo \u00e1lbum de Navidad del cantante de jazz de renombre mundial","og_url":"https:\/\/web.consaguirre.com.ar\/noticias\/la-reedicion-de-navidad-de-ella-fitzgerald-anuncio\/","og_site_name":"Conservatorio de M\u00fasica Juli\u00e1n Aguirre","article_published_time":"2025-08-09T02:39:30+00:00","article_modified_time":"2025-08-09T02:39:31+00:00","og_image":[{"width":1440,"height":864,"url":"https:\/\/web.consaguirre.com.ar\/noticias\/wp-content\/uploads\/2025\/08\/La-reedicion-de-Navidad-de-Ella-Fitzgerald-anuncio.jpg","type":"image\/jpeg"}],"author":"Javier Figueroa","twitter_card":"summary_large_image","twitter_misc":{"Escrito por":"Javier Figueroa","Tiempo de lectura":"2 minutos"},"schema":{"@context":"https:\/\/schema.org","@graph":[{"@type":"Article","@id":"https:\/\/web.consaguirre.com.ar\/noticias\/la-reedicion-de-navidad-de-ella-fitzgerald-anuncio\/#article","isPartOf":{"@id":"https:\/\/web.consaguirre.com.ar\/noticias\/la-reedicion-de-navidad-de-ella-fitzgerald-anuncio\/"},"author":{"name":"Javier Figueroa","@id":"https:\/\/web.consaguirre.com.ar\/noticias\/#\/schema\/person\/6558b0cfedee7ddc5425602b237d5722"},"headline":"&#8216;La reedici\u00f3n de Navidad de Ella Fitzgerald&#8217; anunci\u00f3","datePublished":"2025-08-09T02:39:30+00:00","dateModified":"2025-08-09T02:39:31+00:00","mainEntityOfPage":{"@id":"https:\/\/web.consaguirre.com.ar\/noticias\/la-reedicion-de-navidad-de-ella-fitzgerald-anuncio\/"},"wordCount":385,"publisher":{"@id":"https:\/\/web.consaguirre.com.ar\/noticias\/#organization"},"image":{"@id":"https:\/\/web.consaguirre.com.ar\/noticias\/la-reedicion-de-navidad-de-ella-fitzgerald-anuncio\/#primaryimage"},"thumbnailUrl":"https:\/\/web.consaguirre.com.ar\/noticias\/wp-content\/uploads\/2025\/08\/La-reedicion-de-Navidad-de-Ella-Fitzgerald-anuncio.jpg","keywords":["anuncio","Ella","Fitzgerald","Navidad","reedici\u00f3n"],"articleSection":["El \u00faltimo"],"inLanguage":"es-AR"},{"@type":"WebPage","@id":"https:\/\/web.consaguirre.com.ar\/noticias\/la-reedicion-de-navidad-de-ella-fitzgerald-anuncio\/","url":"https:\/\/web.consaguirre.com.ar\/noticias\/la-reedicion-de-navidad-de-ella-fitzgerald-anuncio\/","name":"'La reedici\u00f3n de Navidad de Ella Fitzgerald' anunci\u00f3","isPartOf":{"@id":"https:\/\/web.consaguirre.com.ar\/noticias\/#website"},"primaryImageOfPage":{"@id":"https:\/\/web.consaguirre.com.ar\/noticias\/la-reedicion-de-navidad-de-ella-fitzgerald-anuncio\/#primaryimage"},"image":{"@id":"https:\/\/web.consaguirre.com.ar\/noticias\/la-reedicion-de-navidad-de-ella-fitzgerald-anuncio\/#primaryimage"},"thumbnailUrl":"https:\/\/web.consaguirre.com.ar\/noticias\/wp-content\/uploads\/2025\/08\/La-reedicion-de-Navidad-de-Ella-Fitzgerald-anuncio.jpg","datePublished":"2025-08-09T02:39:30+00:00","dateModified":"2025-08-09T02:39:31+00:00","breadcrumb":{"@id":"https:\/\/web.consaguirre.com.ar\/noticias\/la-reedicion-de-navidad-de-ella-fitzgerald-anuncio\/#breadcrumb"},"inLanguage":"es-AR","potentialAction":[{"@type":"ReadAction","target":["https:\/\/web.consaguirre.com.ar\/noticias\/la-reedicion-de-navidad-de-ella-fitzgerald-anuncio\/"]}]},{"@type":"ImageObject","inLanguage":"es-AR","@id":"https:\/\/web.consaguirre.com.ar\/noticias\/la-reedicion-de-navidad-de-ella-fitzgerald-anuncio\/#primaryimage","url":"https:\/\/web.consaguirre.com.ar\/noticias\/wp-content\/uploads\/2025\/08\/La-reedicion-de-Navidad-de-Ella-Fitzgerald-anuncio.jpg","contentUrl":"https:\/\/web.consaguirre.com.ar\/noticias\/wp-content\/uploads\/2025\/08\/La-reedicion-de-Navidad-de-Ella-Fitzgerald-anuncio.jpg","width":1440,"height":864,"caption":"'La reedici\u00f3n de Navidad de Ella Fitzgerald' anunci\u00f3"},{"@type":"BreadcrumbList","@id":"https:\/\/web.consaguirre.com.ar\/noticias\/la-reedicion-de-navidad-de-ella-fitzgerald-anuncio\/#breadcrumb","itemListElement":[{"@type":"ListItem","position":1,"name":"Inicio","item":"https:\/\/web.consaguirre.com.ar\/noticias\/"},{"@type":"ListItem","position":2,"name":"&#8216;La reedici\u00f3n de Navidad de Ella Fitzgerald&#8217; anunci\u00f3"}]},{"@type":"WebSite","@id":"https:\/\/web.consaguirre.com.ar\/noticias\/#website","url":"https:\/\/web.consaguirre.com.ar\/noticias\/","name":"Conservatorio de M\u00fasica Juli\u00e1n Aguirre","description":"","publisher":{"@id":"https:\/\/web.consaguirre.com.ar\/noticias\/#organization"},"potentialAction":[{"@type":"SearchAction","target":{"@type":"EntryPoint","urlTemplate":"https:\/\/web.consaguirre.com.ar\/noticias\/?s={search_term_string}"},"query-input":"required name=search_term_string"}],"inLanguage":"es-AR"},{"@type":"Organization","@id":"https:\/\/web.consaguirre.com.ar\/noticias\/#organization","name":"Conservatorio de M\u00fasica Juli\u00e1n Aguirre","url":"https:\/\/web.consaguirre.com.ar\/noticias\/","logo":{"@type":"ImageObject","inLanguage":"es-AR","@id":"https:\/\/web.consaguirre.com.ar\/noticias\/#\/schema\/logo\/image\/","url":"https:\/\/web.consaguirre.com.ar\/noticias\/wp-content\/uploads\/2024\/08\/Banner-Aguirre-23.jpg","contentUrl":"https:\/\/web.consaguirre.com.ar\/noticias\/wp-content\/uploads\/2024\/08\/Banner-Aguirre-23.jpg","width":1192,"height":600,"caption":"Conservatorio de M\u00fasica Juli\u00e1n Aguirre"},"image":{"@id":"https:\/\/web.consaguirre.com.ar\/noticias\/#\/schema\/logo\/image\/"}},{"@type":"Person","@id":"https:\/\/web.consaguirre.com.ar\/noticias\/#\/schema\/person\/6558b0cfedee7ddc5425602b237d5722","name":"Javier Figueroa","image":{"@type":"ImageObject","inLanguage":"es-AR","@id":"https:\/\/web.consaguirre.com.ar\/noticias\/#\/schema\/person\/image\/","url":"https:\/\/web.consaguirre.com.ar\/noticias\/wp-content\/uploads\/2024\/08\/Consaguirre-scaled.jpg","contentUrl":"https:\/\/web.consaguirre.com.ar\/noticias\/wp-content\/uploads\/2024\/08\/Consaguirre-scaled.jpg","caption":"Javier Figueroa"},"description":"Me llamo Javier Figueroa y soy redactor para el sitio oficial del Conservatorio de M\u00fasica Juli\u00e1n Aguirre en Buenos Aires, consaguirre.com. Apasionado por la m\u00fasica y la escritura, me esfuerzo por destacar los talentos y eventos de nuestra prestigiosa instituci\u00f3n. Mi trayectoria se nutre de una profunda admiraci\u00f3n por los artistas, haciendo de cada art\u00edculo una celebraci\u00f3n de la creatividad y la cultura musical.","sameAs":["https:\/\/web.consaguirre.com.ar\/noticias"]}]}},"_links":{"self":[{"href":"https:\/\/web.consaguirre.com.ar\/noticias\/wp-json\/wp\/v2\/posts\/3396"}],"collection":[{"href":"https:\/\/web.consaguirre.com.ar\/noticias\/wp-json\/wp\/v2\/posts"}],"about":[{"href":"https:\/\/web.consaguirre.com.ar\/noticias\/wp-json\/wp\/v2\/types\/post"}],"author":[{"embeddable":true,"href":"https:\/\/web.consaguirre.com.ar\/noticias\/wp-json\/wp\/v2\/users\/1"}],"replies":[{"embeddable":true,"href":"https:\/\/web.consaguirre.com.ar\/noticias\/wp-json\/wp\/v2\/comments?post=3396"}],"version-history":[{"count":1,"href":"https:\/\/web.consaguirre.com.ar\/noticias\/wp-json\/wp\/v2\/posts\/3396\/revisions"}],"predecessor-version":[{"id":3398,"href":"https:\/\/web.consaguirre.com.ar\/noticias\/wp-json\/wp\/v2\/posts\/3396\/revisions\/3398"}],"wp:featuredmedia":[{"embeddable":true,"href":"https:\/\/web.consaguirre.com.ar\/noticias\/wp-json\/wp\/v2\/media\/3397"}],"wp:attachment":[{"href":"https:\/\/web.consaguirre.com.ar\/noticias\/wp-json\/wp\/v2\/media?parent=3396"}],"wp:term":[{"taxonomy":"category","embeddable":true,"href":"https:\/\/web.consaguirre.com.ar\/noticias\/wp-json\/wp\/v2\/categories?post=3396"},{"taxonomy":"post_tag","embeddable":true,"href":"https:\/\/web.consaguirre.com.ar\/noticias\/wp-json\/wp\/v2\/tags?post=3396"}],"curies":[{"name":"wp","href":"https:\/\/api.w.org\/{rel}","templated":true}]}}