{"id":3387,"date":"2025-08-08T14:38:10","date_gmt":"2025-08-08T17:38:10","guid":{"rendered":"https:\/\/web.consaguirre.com.ar\/noticias\/eminem-celebra-25-anos-de-the-marshall-mathers-lp-con-reedicion-de-vinilo\/"},"modified":"2025-08-08T14:38:11","modified_gmt":"2025-08-08T17:38:11","slug":"eminem-celebra-25-anos-de-the-marshall-mathers-lp-con-reedicion-de-vinilo","status":"publish","type":"post","link":"https:\/\/web.consaguirre.com.ar\/noticias\/eminem-celebra-25-anos-de-the-marshall-mathers-lp-con-reedicion-de-vinilo\/","title":{"rendered":"Eminem celebra 25 a\u00f1os de &#8216;The Marshall Mathers LP&#8217; con reedici\u00f3n de vinilo"},"content":{"rendered":"<p>Mayo de 2025 marc\u00f3 el 25 aniversario del ic\u00f3nico tercer \u00e1lbum de estudio de Eminem, <em>El LP Marshall Mathers<\/em>. Para celebrar ese hito, una nueva edici\u00f3n del disco se ha reeditado en vinilo, con dos pistas de bonificaci\u00f3n en vivo, &#8220;The Real Slim Shady&#8221; y &#8220;The Way I Am&#8221;, capturado en los 2000 MTV Video Music Awards.<\/p>\n<p><em>El LP Marshall Mathers<\/em> Debut\u00f3 en n\u00famero en el Billboard 200, y mantuvo el primer lugar durante ocho semanas impresionantes consecutivas. El registro produjo tanta aclamaci\u00f3n cr\u00edtica como la controversia p\u00fablica, pero nadie podr\u00eda negar su impacto en la cultura popular. <em>Piedra rodante<\/em> cerrado 2000 nombrando <em>El LP Marshall Mathers<\/em> El mejor \u00e1lbum del a\u00f1o. Luego gan\u00f3 el mejor \u00e1lbum de rap en los Grammys 2001, aunque perdi\u00f3 el \u00e1lbum del a\u00f1o ante Steely Dan&#8217;s <em>Dos contra la naturaleza<\/em>. Hoy, el registro est\u00e1 certificado 12x Platinum and Diamond por el RIAA.<\/p>\n<div class=\"uD-YT-container\"><img decoding=\"async\" src=\"https:\/\/web.consaguirre.com.ar\/noticias\/wp-content\/uploads\/2025\/08\/1754674690_887_Eminem-celebra-25-anos-de-The-Marshall-Mathers-LP-con.jpg\" alt=\"Video de YouTube\"><br \/>Haga clic para cargar video<\/div>\n<p>La primera mitad del disco fue producida por el Dr. Dre y Mel-Man, mientras que la segunda mitad fue producida por Eminem y Bass Brothers. El \u00e1lbum gener\u00f3 tres singles principalmente exitosos: &#8220;The Real Slim Shady&#8221;, &#8220;The Way I Am y&#8221; Stan &#8220;. Podr\u00eda decirse que este \u00faltimo ha tenido el mayor impacto en la cultura musical moderna, ya que dio su nombre a &#8220;Stan Culture&#8221; y &#8220;Stans:&#8221; Los ej\u00e9rcitos devotos de los fan\u00e1ticos impulsan a los m\u00fasicos de la era moderna.<\/p>\n<p>Sin embargo, el mayor \u00e9xito del \u00e1lbum fue &#8220;The Real Slim Shady&#8221;. La pista fue famosa a <em>El LP Marshall Mathers<\/em> En el \u00faltimo minuto (solo las horas antes del \u00e1lbum), habiendo sido inventado en respuesta a las preocupaciones de que el disco a\u00fan no ten\u00eda una canci\u00f3n que pudiera repetir el impacto de <em>El LP Shady Slim Shady<\/em>&#8220;Mi nombre es&#8221;.<\/p>\n<p>Compre la m\u00fasica de Eminem en vinilo ahora.<\/p>\n","protected":false},"excerpt":{"rendered":"<p>Mayo de 2025 marc\u00f3 el 25 aniversario del ic\u00f3nico tercer \u00e1lbum de estudio de Eminem, El LP Marshall Mathers. Para celebrar ese hito, una nueva<\/p>\n","protected":false},"author":1,"featured_media":3388,"comment_status":"closed","ping_status":"","sticky":false,"template":"","format":"standard","meta":{"footnotes":""},"categories":[50],"tags":[115,114,32,891,2976,2977,117,87],"class_list":["post-3387","post","type-post","status-publish","format-standard","has-post-thumbnail","hentry","category-el-ultimo","tag-anos","tag-celebra","tag-con","tag-eminem","tag-marshall","tag-mathers","tag-reedicion","tag-vinilo","generate-columns","tablet-grid-50","mobile-grid-100","grid-parent","grid-50"],"yoast_head":"<!-- This site is optimized with the Yoast SEO plugin v23.3 - https:\/\/yoast.com\/wordpress\/plugins\/seo\/ -->\n<title>Eminem celebra 25 a\u00f1os de &#039;The Marshall Mathers LP&#039; con reedici\u00f3n de vinilo<\/title>\n<meta name=\"robots\" content=\"index, follow, max-snippet:-1, max-image-preview:large, max-video-preview:-1\" \/>\n<link rel=\"canonical\" href=\"https:\/\/web.consaguirre.com.ar\/noticias\/eminem-celebra-25-anos-de-the-marshall-mathers-lp-con-reedicion-de-vinilo\/\" \/>\n<meta property=\"og:locale\" content=\"es_ES\" \/>\n<meta property=\"og:type\" content=\"article\" \/>\n<meta property=\"og:title\" content=\"Eminem celebra 25 a\u00f1os de &#039;The Marshall Mathers LP&#039; con reedici\u00f3n de vinilo\" \/>\n<meta property=\"og:description\" content=\"Mayo de 2025 marc\u00f3 el 25 aniversario del ic\u00f3nico tercer \u00e1lbum de estudio de Eminem, El LP Marshall Mathers. Para celebrar ese hito, una nueva\" \/>\n<meta property=\"og:url\" content=\"https:\/\/web.consaguirre.com.ar\/noticias\/eminem-celebra-25-anos-de-the-marshall-mathers-lp-con-reedicion-de-vinilo\/\" \/>\n<meta property=\"og:site_name\" content=\"Conservatorio de M\u00fasica Juli\u00e1n Aguirre\" \/>\n<meta property=\"article:published_time\" content=\"2025-08-08T17:38:10+00:00\" \/>\n<meta property=\"article:modified_time\" content=\"2025-08-08T17:38:11+00:00\" \/>\n<meta property=\"og:image\" content=\"https:\/\/web.consaguirre.com.ar\/noticias\/wp-content\/uploads\/2025\/08\/Eminem-celebra-25-anos-de-The-Marshall-Mathers-LP-con.jpg\" \/>\n\t<meta property=\"og:image:width\" content=\"1440\" \/>\n\t<meta property=\"og:image:height\" content=\"864\" \/>\n\t<meta property=\"og:image:type\" content=\"image\/jpeg\" \/>\n<meta name=\"author\" content=\"Javier Figueroa\" \/>\n<meta name=\"twitter:card\" content=\"summary_large_image\" \/>\n<meta name=\"twitter:label1\" content=\"Escrito por\" \/>\n\t<meta name=\"twitter:data1\" content=\"Javier Figueroa\" \/>\n\t<meta name=\"twitter:label2\" content=\"Tiempo de lectura\" \/>\n\t<meta name=\"twitter:data2\" content=\"2 minutos\" \/>\n<script type=\"application\/ld+json\" class=\"yoast-schema-graph\">{\"@context\":\"https:\/\/schema.org\",\"@graph\":[{\"@type\":\"Article\",\"@id\":\"https:\/\/web.consaguirre.com.ar\/noticias\/eminem-celebra-25-anos-de-the-marshall-mathers-lp-con-reedicion-de-vinilo\/#article\",\"isPartOf\":{\"@id\":\"https:\/\/web.consaguirre.com.ar\/noticias\/eminem-celebra-25-anos-de-the-marshall-mathers-lp-con-reedicion-de-vinilo\/\"},\"author\":{\"name\":\"Javier Figueroa\",\"@id\":\"https:\/\/web.consaguirre.com.ar\/noticias\/#\/schema\/person\/6558b0cfedee7ddc5425602b237d5722\"},\"headline\":\"Eminem celebra 25 a\u00f1os de &#8216;The Marshall Mathers LP&#8217; con reedici\u00f3n de vinilo\",\"datePublished\":\"2025-08-08T17:38:10+00:00\",\"dateModified\":\"2025-08-08T17:38:11+00:00\",\"mainEntityOfPage\":{\"@id\":\"https:\/\/web.consaguirre.com.ar\/noticias\/eminem-celebra-25-anos-de-the-marshall-mathers-lp-con-reedicion-de-vinilo\/\"},\"wordCount\":331,\"publisher\":{\"@id\":\"https:\/\/web.consaguirre.com.ar\/noticias\/#organization\"},\"image\":{\"@id\":\"https:\/\/web.consaguirre.com.ar\/noticias\/eminem-celebra-25-anos-de-the-marshall-mathers-lp-con-reedicion-de-vinilo\/#primaryimage\"},\"thumbnailUrl\":\"https:\/\/web.consaguirre.com.ar\/noticias\/wp-content\/uploads\/2025\/08\/Eminem-celebra-25-anos-de-The-Marshall-Mathers-LP-con.jpg\",\"keywords\":[\"a\u00f1os\",\"celebra\",\"con\",\"Eminem\",\"Marshall\",\"Mathers\",\"reedici\u00f3n\",\"vinilo\"],\"articleSection\":[\"El \u00faltimo\"],\"inLanguage\":\"es-AR\"},{\"@type\":\"WebPage\",\"@id\":\"https:\/\/web.consaguirre.com.ar\/noticias\/eminem-celebra-25-anos-de-the-marshall-mathers-lp-con-reedicion-de-vinilo\/\",\"url\":\"https:\/\/web.consaguirre.com.ar\/noticias\/eminem-celebra-25-anos-de-the-marshall-mathers-lp-con-reedicion-de-vinilo\/\",\"name\":\"Eminem celebra 25 a\u00f1os de 'The Marshall Mathers LP' con reedici\u00f3n de vinilo\",\"isPartOf\":{\"@id\":\"https:\/\/web.consaguirre.com.ar\/noticias\/#website\"},\"primaryImageOfPage\":{\"@id\":\"https:\/\/web.consaguirre.com.ar\/noticias\/eminem-celebra-25-anos-de-the-marshall-mathers-lp-con-reedicion-de-vinilo\/#primaryimage\"},\"image\":{\"@id\":\"https:\/\/web.consaguirre.com.ar\/noticias\/eminem-celebra-25-anos-de-the-marshall-mathers-lp-con-reedicion-de-vinilo\/#primaryimage\"},\"thumbnailUrl\":\"https:\/\/web.consaguirre.com.ar\/noticias\/wp-content\/uploads\/2025\/08\/Eminem-celebra-25-anos-de-The-Marshall-Mathers-LP-con.jpg\",\"datePublished\":\"2025-08-08T17:38:10+00:00\",\"dateModified\":\"2025-08-08T17:38:11+00:00\",\"breadcrumb\":{\"@id\":\"https:\/\/web.consaguirre.com.ar\/noticias\/eminem-celebra-25-anos-de-the-marshall-mathers-lp-con-reedicion-de-vinilo\/#breadcrumb\"},\"inLanguage\":\"es-AR\",\"potentialAction\":[{\"@type\":\"ReadAction\",\"target\":[\"https:\/\/web.consaguirre.com.ar\/noticias\/eminem-celebra-25-anos-de-the-marshall-mathers-lp-con-reedicion-de-vinilo\/\"]}]},{\"@type\":\"ImageObject\",\"inLanguage\":\"es-AR\",\"@id\":\"https:\/\/web.consaguirre.com.ar\/noticias\/eminem-celebra-25-anos-de-the-marshall-mathers-lp-con-reedicion-de-vinilo\/#primaryimage\",\"url\":\"https:\/\/web.consaguirre.com.ar\/noticias\/wp-content\/uploads\/2025\/08\/Eminem-celebra-25-anos-de-The-Marshall-Mathers-LP-con.jpg\",\"contentUrl\":\"https:\/\/web.consaguirre.com.ar\/noticias\/wp-content\/uploads\/2025\/08\/Eminem-celebra-25-anos-de-The-Marshall-Mathers-LP-con.jpg\",\"width\":1440,\"height\":864,\"caption\":\"Eminem celebra 25 a\u00f1os de 'The Marshall Mathers LP' con reedici\u00f3n de vinilo\"},{\"@type\":\"BreadcrumbList\",\"@id\":\"https:\/\/web.consaguirre.com.ar\/noticias\/eminem-celebra-25-anos-de-the-marshall-mathers-lp-con-reedicion-de-vinilo\/#breadcrumb\",\"itemListElement\":[{\"@type\":\"ListItem\",\"position\":1,\"name\":\"Inicio\",\"item\":\"https:\/\/web.consaguirre.com.ar\/noticias\/\"},{\"@type\":\"ListItem\",\"position\":2,\"name\":\"Eminem celebra 25 a\u00f1os de &#8216;The Marshall Mathers LP&#8217; con reedici\u00f3n de vinilo\"}]},{\"@type\":\"WebSite\",\"@id\":\"https:\/\/web.consaguirre.com.ar\/noticias\/#website\",\"url\":\"https:\/\/web.consaguirre.com.ar\/noticias\/\",\"name\":\"Conservatorio de M\u00fasica Juli\u00e1n Aguirre\",\"description\":\"\",\"publisher\":{\"@id\":\"https:\/\/web.consaguirre.com.ar\/noticias\/#organization\"},\"potentialAction\":[{\"@type\":\"SearchAction\",\"target\":{\"@type\":\"EntryPoint\",\"urlTemplate\":\"https:\/\/web.consaguirre.com.ar\/noticias\/?s={search_term_string}\"},\"query-input\":\"required name=search_term_string\"}],\"inLanguage\":\"es-AR\"},{\"@type\":\"Organization\",\"@id\":\"https:\/\/web.consaguirre.com.ar\/noticias\/#organization\",\"name\":\"Conservatorio de M\u00fasica Juli\u00e1n Aguirre\",\"url\":\"https:\/\/web.consaguirre.com.ar\/noticias\/\",\"logo\":{\"@type\":\"ImageObject\",\"inLanguage\":\"es-AR\",\"@id\":\"https:\/\/web.consaguirre.com.ar\/noticias\/#\/schema\/logo\/image\/\",\"url\":\"https:\/\/web.consaguirre.com.ar\/noticias\/wp-content\/uploads\/2024\/08\/Banner-Aguirre-23.jpg\",\"contentUrl\":\"https:\/\/web.consaguirre.com.ar\/noticias\/wp-content\/uploads\/2024\/08\/Banner-Aguirre-23.jpg\",\"width\":1192,\"height\":600,\"caption\":\"Conservatorio de M\u00fasica Juli\u00e1n Aguirre\"},\"image\":{\"@id\":\"https:\/\/web.consaguirre.com.ar\/noticias\/#\/schema\/logo\/image\/\"}},{\"@type\":\"Person\",\"@id\":\"https:\/\/web.consaguirre.com.ar\/noticias\/#\/schema\/person\/6558b0cfedee7ddc5425602b237d5722\",\"name\":\"Javier Figueroa\",\"image\":{\"@type\":\"ImageObject\",\"inLanguage\":\"es-AR\",\"@id\":\"https:\/\/web.consaguirre.com.ar\/noticias\/#\/schema\/person\/image\/\",\"url\":\"https:\/\/web.consaguirre.com.ar\/noticias\/wp-content\/uploads\/2024\/08\/Consaguirre-scaled.jpg\",\"contentUrl\":\"https:\/\/web.consaguirre.com.ar\/noticias\/wp-content\/uploads\/2024\/08\/Consaguirre-scaled.jpg\",\"caption\":\"Javier Figueroa\"},\"description\":\"Me llamo Javier Figueroa y soy redactor para el sitio oficial del Conservatorio de M\u00fasica Juli\u00e1n Aguirre en Buenos Aires, consaguirre.com. Apasionado por la m\u00fasica y la escritura, me esfuerzo por destacar los talentos y eventos de nuestra prestigiosa instituci\u00f3n. Mi trayectoria se nutre de una profunda admiraci\u00f3n por los artistas, haciendo de cada art\u00edculo una celebraci\u00f3n de la creatividad y la cultura musical.\",\"sameAs\":[\"https:\/\/web.consaguirre.com.ar\/noticias\"]}]}<\/script>\n<!-- \/ Yoast SEO plugin. -->","yoast_head_json":{"title":"Eminem celebra 25 a\u00f1os de 'The Marshall Mathers LP' con reedici\u00f3n de vinilo","robots":{"index":"index","follow":"follow","max-snippet":"max-snippet:-1","max-image-preview":"max-image-preview:large","max-video-preview":"max-video-preview:-1"},"canonical":"https:\/\/web.consaguirre.com.ar\/noticias\/eminem-celebra-25-anos-de-the-marshall-mathers-lp-con-reedicion-de-vinilo\/","og_locale":"es_ES","og_type":"article","og_title":"Eminem celebra 25 a\u00f1os de 'The Marshall Mathers LP' con reedici\u00f3n de vinilo","og_description":"Mayo de 2025 marc\u00f3 el 25 aniversario del ic\u00f3nico tercer \u00e1lbum de estudio de Eminem, El LP Marshall Mathers. Para celebrar ese hito, una nueva","og_url":"https:\/\/web.consaguirre.com.ar\/noticias\/eminem-celebra-25-anos-de-the-marshall-mathers-lp-con-reedicion-de-vinilo\/","og_site_name":"Conservatorio de M\u00fasica Juli\u00e1n Aguirre","article_published_time":"2025-08-08T17:38:10+00:00","article_modified_time":"2025-08-08T17:38:11+00:00","og_image":[{"width":1440,"height":864,"url":"https:\/\/web.consaguirre.com.ar\/noticias\/wp-content\/uploads\/2025\/08\/Eminem-celebra-25-anos-de-The-Marshall-Mathers-LP-con.jpg","type":"image\/jpeg"}],"author":"Javier Figueroa","twitter_card":"summary_large_image","twitter_misc":{"Escrito por":"Javier Figueroa","Tiempo de lectura":"2 minutos"},"schema":{"@context":"https:\/\/schema.org","@graph":[{"@type":"Article","@id":"https:\/\/web.consaguirre.com.ar\/noticias\/eminem-celebra-25-anos-de-the-marshall-mathers-lp-con-reedicion-de-vinilo\/#article","isPartOf":{"@id":"https:\/\/web.consaguirre.com.ar\/noticias\/eminem-celebra-25-anos-de-the-marshall-mathers-lp-con-reedicion-de-vinilo\/"},"author":{"name":"Javier Figueroa","@id":"https:\/\/web.consaguirre.com.ar\/noticias\/#\/schema\/person\/6558b0cfedee7ddc5425602b237d5722"},"headline":"Eminem celebra 25 a\u00f1os de &#8216;The Marshall Mathers LP&#8217; con reedici\u00f3n de vinilo","datePublished":"2025-08-08T17:38:10+00:00","dateModified":"2025-08-08T17:38:11+00:00","mainEntityOfPage":{"@id":"https:\/\/web.consaguirre.com.ar\/noticias\/eminem-celebra-25-anos-de-the-marshall-mathers-lp-con-reedicion-de-vinilo\/"},"wordCount":331,"publisher":{"@id":"https:\/\/web.consaguirre.com.ar\/noticias\/#organization"},"image":{"@id":"https:\/\/web.consaguirre.com.ar\/noticias\/eminem-celebra-25-anos-de-the-marshall-mathers-lp-con-reedicion-de-vinilo\/#primaryimage"},"thumbnailUrl":"https:\/\/web.consaguirre.com.ar\/noticias\/wp-content\/uploads\/2025\/08\/Eminem-celebra-25-anos-de-The-Marshall-Mathers-LP-con.jpg","keywords":["a\u00f1os","celebra","con","Eminem","Marshall","Mathers","reedici\u00f3n","vinilo"],"articleSection":["El \u00faltimo"],"inLanguage":"es-AR"},{"@type":"WebPage","@id":"https:\/\/web.consaguirre.com.ar\/noticias\/eminem-celebra-25-anos-de-the-marshall-mathers-lp-con-reedicion-de-vinilo\/","url":"https:\/\/web.consaguirre.com.ar\/noticias\/eminem-celebra-25-anos-de-the-marshall-mathers-lp-con-reedicion-de-vinilo\/","name":"Eminem celebra 25 a\u00f1os de 'The Marshall Mathers LP' con reedici\u00f3n de vinilo","isPartOf":{"@id":"https:\/\/web.consaguirre.com.ar\/noticias\/#website"},"primaryImageOfPage":{"@id":"https:\/\/web.consaguirre.com.ar\/noticias\/eminem-celebra-25-anos-de-the-marshall-mathers-lp-con-reedicion-de-vinilo\/#primaryimage"},"image":{"@id":"https:\/\/web.consaguirre.com.ar\/noticias\/eminem-celebra-25-anos-de-the-marshall-mathers-lp-con-reedicion-de-vinilo\/#primaryimage"},"thumbnailUrl":"https:\/\/web.consaguirre.com.ar\/noticias\/wp-content\/uploads\/2025\/08\/Eminem-celebra-25-anos-de-The-Marshall-Mathers-LP-con.jpg","datePublished":"2025-08-08T17:38:10+00:00","dateModified":"2025-08-08T17:38:11+00:00","breadcrumb":{"@id":"https:\/\/web.consaguirre.com.ar\/noticias\/eminem-celebra-25-anos-de-the-marshall-mathers-lp-con-reedicion-de-vinilo\/#breadcrumb"},"inLanguage":"es-AR","potentialAction":[{"@type":"ReadAction","target":["https:\/\/web.consaguirre.com.ar\/noticias\/eminem-celebra-25-anos-de-the-marshall-mathers-lp-con-reedicion-de-vinilo\/"]}]},{"@type":"ImageObject","inLanguage":"es-AR","@id":"https:\/\/web.consaguirre.com.ar\/noticias\/eminem-celebra-25-anos-de-the-marshall-mathers-lp-con-reedicion-de-vinilo\/#primaryimage","url":"https:\/\/web.consaguirre.com.ar\/noticias\/wp-content\/uploads\/2025\/08\/Eminem-celebra-25-anos-de-The-Marshall-Mathers-LP-con.jpg","contentUrl":"https:\/\/web.consaguirre.com.ar\/noticias\/wp-content\/uploads\/2025\/08\/Eminem-celebra-25-anos-de-The-Marshall-Mathers-LP-con.jpg","width":1440,"height":864,"caption":"Eminem celebra 25 a\u00f1os de 'The Marshall Mathers LP' con reedici\u00f3n de vinilo"},{"@type":"BreadcrumbList","@id":"https:\/\/web.consaguirre.com.ar\/noticias\/eminem-celebra-25-anos-de-the-marshall-mathers-lp-con-reedicion-de-vinilo\/#breadcrumb","itemListElement":[{"@type":"ListItem","position":1,"name":"Inicio","item":"https:\/\/web.consaguirre.com.ar\/noticias\/"},{"@type":"ListItem","position":2,"name":"Eminem celebra 25 a\u00f1os de &#8216;The Marshall Mathers LP&#8217; con reedici\u00f3n de vinilo"}]},{"@type":"WebSite","@id":"https:\/\/web.consaguirre.com.ar\/noticias\/#website","url":"https:\/\/web.consaguirre.com.ar\/noticias\/","name":"Conservatorio de M\u00fasica Juli\u00e1n Aguirre","description":"","publisher":{"@id":"https:\/\/web.consaguirre.com.ar\/noticias\/#organization"},"potentialAction":[{"@type":"SearchAction","target":{"@type":"EntryPoint","urlTemplate":"https:\/\/web.consaguirre.com.ar\/noticias\/?s={search_term_string}"},"query-input":"required name=search_term_string"}],"inLanguage":"es-AR"},{"@type":"Organization","@id":"https:\/\/web.consaguirre.com.ar\/noticias\/#organization","name":"Conservatorio de M\u00fasica Juli\u00e1n Aguirre","url":"https:\/\/web.consaguirre.com.ar\/noticias\/","logo":{"@type":"ImageObject","inLanguage":"es-AR","@id":"https:\/\/web.consaguirre.com.ar\/noticias\/#\/schema\/logo\/image\/","url":"https:\/\/web.consaguirre.com.ar\/noticias\/wp-content\/uploads\/2024\/08\/Banner-Aguirre-23.jpg","contentUrl":"https:\/\/web.consaguirre.com.ar\/noticias\/wp-content\/uploads\/2024\/08\/Banner-Aguirre-23.jpg","width":1192,"height":600,"caption":"Conservatorio de M\u00fasica Juli\u00e1n Aguirre"},"image":{"@id":"https:\/\/web.consaguirre.com.ar\/noticias\/#\/schema\/logo\/image\/"}},{"@type":"Person","@id":"https:\/\/web.consaguirre.com.ar\/noticias\/#\/schema\/person\/6558b0cfedee7ddc5425602b237d5722","name":"Javier Figueroa","image":{"@type":"ImageObject","inLanguage":"es-AR","@id":"https:\/\/web.consaguirre.com.ar\/noticias\/#\/schema\/person\/image\/","url":"https:\/\/web.consaguirre.com.ar\/noticias\/wp-content\/uploads\/2024\/08\/Consaguirre-scaled.jpg","contentUrl":"https:\/\/web.consaguirre.com.ar\/noticias\/wp-content\/uploads\/2024\/08\/Consaguirre-scaled.jpg","caption":"Javier Figueroa"},"description":"Me llamo Javier Figueroa y soy redactor para el sitio oficial del Conservatorio de M\u00fasica Juli\u00e1n Aguirre en Buenos Aires, consaguirre.com. Apasionado por la m\u00fasica y la escritura, me esfuerzo por destacar los talentos y eventos de nuestra prestigiosa instituci\u00f3n. Mi trayectoria se nutre de una profunda admiraci\u00f3n por los artistas, haciendo de cada art\u00edculo una celebraci\u00f3n de la creatividad y la cultura musical.","sameAs":["https:\/\/web.consaguirre.com.ar\/noticias"]}]}},"_links":{"self":[{"href":"https:\/\/web.consaguirre.com.ar\/noticias\/wp-json\/wp\/v2\/posts\/3387"}],"collection":[{"href":"https:\/\/web.consaguirre.com.ar\/noticias\/wp-json\/wp\/v2\/posts"}],"about":[{"href":"https:\/\/web.consaguirre.com.ar\/noticias\/wp-json\/wp\/v2\/types\/post"}],"author":[{"embeddable":true,"href":"https:\/\/web.consaguirre.com.ar\/noticias\/wp-json\/wp\/v2\/users\/1"}],"replies":[{"embeddable":true,"href":"https:\/\/web.consaguirre.com.ar\/noticias\/wp-json\/wp\/v2\/comments?post=3387"}],"version-history":[{"count":1,"href":"https:\/\/web.consaguirre.com.ar\/noticias\/wp-json\/wp\/v2\/posts\/3387\/revisions"}],"predecessor-version":[{"id":3389,"href":"https:\/\/web.consaguirre.com.ar\/noticias\/wp-json\/wp\/v2\/posts\/3387\/revisions\/3389"}],"wp:featuredmedia":[{"embeddable":true,"href":"https:\/\/web.consaguirre.com.ar\/noticias\/wp-json\/wp\/v2\/media\/3388"}],"wp:attachment":[{"href":"https:\/\/web.consaguirre.com.ar\/noticias\/wp-json\/wp\/v2\/media?parent=3387"}],"wp:term":[{"taxonomy":"category","embeddable":true,"href":"https:\/\/web.consaguirre.com.ar\/noticias\/wp-json\/wp\/v2\/categories?post=3387"},{"taxonomy":"post_tag","embeddable":true,"href":"https:\/\/web.consaguirre.com.ar\/noticias\/wp-json\/wp\/v2\/tags?post=3387"}],"curies":[{"name":"wp","href":"https:\/\/api.w.org\/{rel}","templated":true}]}}