{"id":3384,"date":"2025-08-08T11:40:51","date_gmt":"2025-08-08T14:40:51","guid":{"rendered":"https:\/\/web.consaguirre.com.ar\/noticias\/frank-sinatra-collabs-los-gigantes-del-jazz-que-viene-al-vinilo\/"},"modified":"2025-08-08T11:40:52","modified_gmt":"2025-08-08T14:40:52","slug":"frank-sinatra-collabs-los-gigantes-del-jazz-que-viene-al-vinilo","status":"publish","type":"post","link":"https:\/\/web.consaguirre.com.ar\/noticias\/frank-sinatra-collabs-los-gigantes-del-jazz-que-viene-al-vinilo\/","title":{"rendered":"Frank Sinatra Collabs, &#8216;Los gigantes del jazz&#8217;, que viene al vinilo"},"content":{"rendered":"<p>Ume, junto con Frank Sinatra Enterprises, ha anunciado un nuevo set de vinilo doble Frank Sinatra. <em>Los gigantes del jazz<\/em> Cuenta con las colaboraciones hist\u00f3ricas de Sinatra con el Conde Basie y Duke Ellington. El lanzamiento presenta un par de \u00e1lbumes:<em>Bien podr\u00eda ser swing<\/em> con el conde Basie y su orquesta y <em>Francis A. y Edward K.<\/em> con Duke Ellington, neowly remasterizado de las grabaciones de archivo. La colecci\u00f3n incluye un nuevo dise\u00f1o de chaqueta Gatefold que incorpora fotograf\u00edas raras, as\u00ed como la obra de arte original. El paquete est\u00e1 disponible para pre-pedido y sale el 26 de septiembre de 2025.<\/p>\n<p>Lanzado originalmente en agosto de 1964, <em>Bien podr\u00eda ser swing<\/em> Vio a Sinatra acompa\u00f1ado por Basie junto a una orquesta por diez pistas. Era su segunda vez trabajando juntos despu\u00e9s de la d\u00e9cada de 1962 <em>Sinatra-basie<\/em> y el primer \u00e1lbum de estudio de Sinatra organizado por Quincy Jones. Record\u00f3 al arreglista: &#8220;Desde sus d\u00edas con Tommy Dorsey y Harry James en bandas donde los instrumentalistas eran las estrellas y los cantantes, el equipo de ayuda, Sinatra se hab\u00eda acercado a trabajar con una gran banda como una experiencia casi religiosa, y lo trat\u00f3 con un profundo respeto&#8221;.<\/p>\n<p>En 2001, Jones reconoci\u00f3 que trabajar con Sinatra lo llev\u00f3 a otro nivel: &#8220;Mirando hacia atr\u00e1s, esa llamada de Frank fue un gran punto de inflexi\u00f3n en mi carrera y mi vida&#8221;.<\/p>\n<p><em>Bien podr\u00eda ser swing<\/em> Presenta parte del material m\u00e1s famoso de Sinatra, que van desde &#8220;lo mejor est\u00e1 por venir&#8221; hasta la grabaci\u00f3n definitiva de &#8220;Fly Me to the Moon (en otras palabras)&#8221;.<\/p>\n<div class=\"uD-YT-container\"><img decoding=\"async\" src=\"https:\/\/web.consaguirre.com.ar\/noticias\/wp-content\/uploads\/2025\/08\/1754664051_623_Frank-Sinatra-Collabs-Los-gigantes-del-jazz-que-viene-al.jpg\" alt=\"Video de YouTube\"><br \/>Haga clic para cargar video<\/div>\n<p>Enero de 1968 <em>Francis A. y Edward K<\/em> emparej\u00f3 Sinatra con Ellington y su gran banda. Cuenta con una interpretaci\u00f3n ic\u00f3nica de &#8220;All I Need Is the Girl&#8221; y &#8220;Indian Summer&#8221;, que incluye un solo destacado del saxofonista Johnny Hodges. Las leyendas de jazz Cootie Williams, Cat Anderson, Paul Gonsalves, Russell Procope y otras tambi\u00e9n forman parte de la Orquesta de Ellington y el Long Time Arreger de Sinatra, Billy May, hicieron los arreglos.<\/p>\n<p>Comprar <em>Los gigantes del jazz<\/em> en vinilo ahora.<\/p>\n","protected":false},"excerpt":{"rendered":"<p>Ume, junto con Frank Sinatra Enterprises, ha anunciado un nuevo set de vinilo doble Frank Sinatra. Los gigantes del jazz Cuenta con las colaboraciones hist\u00f3ricas<\/p>\n","protected":false},"author":1,"featured_media":3385,"comment_status":"closed","ping_status":"","sticky":false,"template":"","format":"standard","meta":{"footnotes":""},"categories":[50],"tags":[2974,10,72,2975,748,180,330,1939,87],"class_list":["post-3384","post","type-post","status-publish","format-standard","has-post-thumbnail","hentry","category-el-ultimo","tag-collabs","tag-del","tag-frank","tag-gigantes","tag-jazz","tag-los","tag-sinatra","tag-viene","tag-vinilo","generate-columns","tablet-grid-50","mobile-grid-100","grid-parent","grid-50"],"yoast_head":"<!-- This site is optimized with the Yoast SEO plugin v23.3 - https:\/\/yoast.com\/wordpress\/plugins\/seo\/ -->\n<title>Frank Sinatra Collabs, &#039;Los gigantes del jazz&#039;, que viene al vinilo<\/title>\n<meta name=\"robots\" content=\"index, follow, max-snippet:-1, max-image-preview:large, max-video-preview:-1\" \/>\n<link rel=\"canonical\" href=\"https:\/\/web.consaguirre.com.ar\/noticias\/frank-sinatra-collabs-los-gigantes-del-jazz-que-viene-al-vinilo\/\" \/>\n<meta property=\"og:locale\" content=\"es_ES\" \/>\n<meta property=\"og:type\" content=\"article\" \/>\n<meta property=\"og:title\" content=\"Frank Sinatra Collabs, &#039;Los gigantes del jazz&#039;, que viene al vinilo\" \/>\n<meta property=\"og:description\" content=\"Ume, junto con Frank Sinatra Enterprises, ha anunciado un nuevo set de vinilo doble Frank Sinatra. Los gigantes del jazz Cuenta con las colaboraciones hist\u00f3ricas\" \/>\n<meta property=\"og:url\" content=\"https:\/\/web.consaguirre.com.ar\/noticias\/frank-sinatra-collabs-los-gigantes-del-jazz-que-viene-al-vinilo\/\" \/>\n<meta property=\"og:site_name\" content=\"Conservatorio de M\u00fasica Juli\u00e1n Aguirre\" \/>\n<meta property=\"article:published_time\" content=\"2025-08-08T14:40:51+00:00\" \/>\n<meta property=\"article:modified_time\" content=\"2025-08-08T14:40:52+00:00\" \/>\n<meta property=\"og:image\" content=\"https:\/\/web.consaguirre.com.ar\/noticias\/wp-content\/uploads\/2025\/08\/Frank-Sinatra-Collabs-Los-gigantes-del-jazz-que-viene-al.jpg\" \/>\n\t<meta property=\"og:image:width\" content=\"1440\" \/>\n\t<meta property=\"og:image:height\" content=\"864\" \/>\n\t<meta property=\"og:image:type\" content=\"image\/jpeg\" \/>\n<meta name=\"author\" content=\"Javier Figueroa\" \/>\n<meta name=\"twitter:card\" content=\"summary_large_image\" \/>\n<meta name=\"twitter:label1\" content=\"Escrito por\" \/>\n\t<meta name=\"twitter:data1\" content=\"Javier Figueroa\" \/>\n\t<meta name=\"twitter:label2\" content=\"Tiempo de lectura\" \/>\n\t<meta name=\"twitter:data2\" content=\"2 minutos\" \/>\n<script type=\"application\/ld+json\" class=\"yoast-schema-graph\">{\"@context\":\"https:\/\/schema.org\",\"@graph\":[{\"@type\":\"Article\",\"@id\":\"https:\/\/web.consaguirre.com.ar\/noticias\/frank-sinatra-collabs-los-gigantes-del-jazz-que-viene-al-vinilo\/#article\",\"isPartOf\":{\"@id\":\"https:\/\/web.consaguirre.com.ar\/noticias\/frank-sinatra-collabs-los-gigantes-del-jazz-que-viene-al-vinilo\/\"},\"author\":{\"name\":\"Javier Figueroa\",\"@id\":\"https:\/\/web.consaguirre.com.ar\/noticias\/#\/schema\/person\/6558b0cfedee7ddc5425602b237d5722\"},\"headline\":\"Frank Sinatra Collabs, &#8216;Los gigantes del jazz&#8217;, que viene al vinilo\",\"datePublished\":\"2025-08-08T14:40:51+00:00\",\"dateModified\":\"2025-08-08T14:40:52+00:00\",\"mainEntityOfPage\":{\"@id\":\"https:\/\/web.consaguirre.com.ar\/noticias\/frank-sinatra-collabs-los-gigantes-del-jazz-que-viene-al-vinilo\/\"},\"wordCount\":375,\"publisher\":{\"@id\":\"https:\/\/web.consaguirre.com.ar\/noticias\/#organization\"},\"image\":{\"@id\":\"https:\/\/web.consaguirre.com.ar\/noticias\/frank-sinatra-collabs-los-gigantes-del-jazz-que-viene-al-vinilo\/#primaryimage\"},\"thumbnailUrl\":\"https:\/\/web.consaguirre.com.ar\/noticias\/wp-content\/uploads\/2025\/08\/Frank-Sinatra-Collabs-Los-gigantes-del-jazz-que-viene-al.jpg\",\"keywords\":[\"Collabs\",\"del\",\"Frank\",\"gigantes\",\"Jazz\",\"los\",\"Sinatra\",\"viene\",\"vinilo\"],\"articleSection\":[\"El \u00faltimo\"],\"inLanguage\":\"es-AR\"},{\"@type\":\"WebPage\",\"@id\":\"https:\/\/web.consaguirre.com.ar\/noticias\/frank-sinatra-collabs-los-gigantes-del-jazz-que-viene-al-vinilo\/\",\"url\":\"https:\/\/web.consaguirre.com.ar\/noticias\/frank-sinatra-collabs-los-gigantes-del-jazz-que-viene-al-vinilo\/\",\"name\":\"Frank Sinatra Collabs, 'Los gigantes del jazz', que viene al vinilo\",\"isPartOf\":{\"@id\":\"https:\/\/web.consaguirre.com.ar\/noticias\/#website\"},\"primaryImageOfPage\":{\"@id\":\"https:\/\/web.consaguirre.com.ar\/noticias\/frank-sinatra-collabs-los-gigantes-del-jazz-que-viene-al-vinilo\/#primaryimage\"},\"image\":{\"@id\":\"https:\/\/web.consaguirre.com.ar\/noticias\/frank-sinatra-collabs-los-gigantes-del-jazz-que-viene-al-vinilo\/#primaryimage\"},\"thumbnailUrl\":\"https:\/\/web.consaguirre.com.ar\/noticias\/wp-content\/uploads\/2025\/08\/Frank-Sinatra-Collabs-Los-gigantes-del-jazz-que-viene-al.jpg\",\"datePublished\":\"2025-08-08T14:40:51+00:00\",\"dateModified\":\"2025-08-08T14:40:52+00:00\",\"breadcrumb\":{\"@id\":\"https:\/\/web.consaguirre.com.ar\/noticias\/frank-sinatra-collabs-los-gigantes-del-jazz-que-viene-al-vinilo\/#breadcrumb\"},\"inLanguage\":\"es-AR\",\"potentialAction\":[{\"@type\":\"ReadAction\",\"target\":[\"https:\/\/web.consaguirre.com.ar\/noticias\/frank-sinatra-collabs-los-gigantes-del-jazz-que-viene-al-vinilo\/\"]}]},{\"@type\":\"ImageObject\",\"inLanguage\":\"es-AR\",\"@id\":\"https:\/\/web.consaguirre.com.ar\/noticias\/frank-sinatra-collabs-los-gigantes-del-jazz-que-viene-al-vinilo\/#primaryimage\",\"url\":\"https:\/\/web.consaguirre.com.ar\/noticias\/wp-content\/uploads\/2025\/08\/Frank-Sinatra-Collabs-Los-gigantes-del-jazz-que-viene-al.jpg\",\"contentUrl\":\"https:\/\/web.consaguirre.com.ar\/noticias\/wp-content\/uploads\/2025\/08\/Frank-Sinatra-Collabs-Los-gigantes-del-jazz-que-viene-al.jpg\",\"width\":1440,\"height\":864,\"caption\":\"Frank Sinatra Collabs, 'Los gigantes del jazz', que viene al vinilo\"},{\"@type\":\"BreadcrumbList\",\"@id\":\"https:\/\/web.consaguirre.com.ar\/noticias\/frank-sinatra-collabs-los-gigantes-del-jazz-que-viene-al-vinilo\/#breadcrumb\",\"itemListElement\":[{\"@type\":\"ListItem\",\"position\":1,\"name\":\"Inicio\",\"item\":\"https:\/\/web.consaguirre.com.ar\/noticias\/\"},{\"@type\":\"ListItem\",\"position\":2,\"name\":\"Frank Sinatra Collabs, &#8216;Los gigantes del jazz&#8217;, que viene al vinilo\"}]},{\"@type\":\"WebSite\",\"@id\":\"https:\/\/web.consaguirre.com.ar\/noticias\/#website\",\"url\":\"https:\/\/web.consaguirre.com.ar\/noticias\/\",\"name\":\"Conservatorio de M\u00fasica Juli\u00e1n Aguirre\",\"description\":\"\",\"publisher\":{\"@id\":\"https:\/\/web.consaguirre.com.ar\/noticias\/#organization\"},\"potentialAction\":[{\"@type\":\"SearchAction\",\"target\":{\"@type\":\"EntryPoint\",\"urlTemplate\":\"https:\/\/web.consaguirre.com.ar\/noticias\/?s={search_term_string}\"},\"query-input\":\"required name=search_term_string\"}],\"inLanguage\":\"es-AR\"},{\"@type\":\"Organization\",\"@id\":\"https:\/\/web.consaguirre.com.ar\/noticias\/#organization\",\"name\":\"Conservatorio de M\u00fasica Juli\u00e1n Aguirre\",\"url\":\"https:\/\/web.consaguirre.com.ar\/noticias\/\",\"logo\":{\"@type\":\"ImageObject\",\"inLanguage\":\"es-AR\",\"@id\":\"https:\/\/web.consaguirre.com.ar\/noticias\/#\/schema\/logo\/image\/\",\"url\":\"https:\/\/web.consaguirre.com.ar\/noticias\/wp-content\/uploads\/2024\/08\/Banner-Aguirre-23.jpg\",\"contentUrl\":\"https:\/\/web.consaguirre.com.ar\/noticias\/wp-content\/uploads\/2024\/08\/Banner-Aguirre-23.jpg\",\"width\":1192,\"height\":600,\"caption\":\"Conservatorio de M\u00fasica Juli\u00e1n Aguirre\"},\"image\":{\"@id\":\"https:\/\/web.consaguirre.com.ar\/noticias\/#\/schema\/logo\/image\/\"}},{\"@type\":\"Person\",\"@id\":\"https:\/\/web.consaguirre.com.ar\/noticias\/#\/schema\/person\/6558b0cfedee7ddc5425602b237d5722\",\"name\":\"Javier Figueroa\",\"image\":{\"@type\":\"ImageObject\",\"inLanguage\":\"es-AR\",\"@id\":\"https:\/\/web.consaguirre.com.ar\/noticias\/#\/schema\/person\/image\/\",\"url\":\"https:\/\/web.consaguirre.com.ar\/noticias\/wp-content\/uploads\/2024\/08\/Consaguirre-scaled.jpg\",\"contentUrl\":\"https:\/\/web.consaguirre.com.ar\/noticias\/wp-content\/uploads\/2024\/08\/Consaguirre-scaled.jpg\",\"caption\":\"Javier Figueroa\"},\"description\":\"Me llamo Javier Figueroa y soy redactor para el sitio oficial del Conservatorio de M\u00fasica Juli\u00e1n Aguirre en Buenos Aires, consaguirre.com. Apasionado por la m\u00fasica y la escritura, me esfuerzo por destacar los talentos y eventos de nuestra prestigiosa instituci\u00f3n. Mi trayectoria se nutre de una profunda admiraci\u00f3n por los artistas, haciendo de cada art\u00edculo una celebraci\u00f3n de la creatividad y la cultura musical.\",\"sameAs\":[\"https:\/\/web.consaguirre.com.ar\/noticias\"]}]}<\/script>\n<!-- \/ Yoast SEO plugin. -->","yoast_head_json":{"title":"Frank Sinatra Collabs, 'Los gigantes del jazz', que viene al vinilo","robots":{"index":"index","follow":"follow","max-snippet":"max-snippet:-1","max-image-preview":"max-image-preview:large","max-video-preview":"max-video-preview:-1"},"canonical":"https:\/\/web.consaguirre.com.ar\/noticias\/frank-sinatra-collabs-los-gigantes-del-jazz-que-viene-al-vinilo\/","og_locale":"es_ES","og_type":"article","og_title":"Frank Sinatra Collabs, 'Los gigantes del jazz', que viene al vinilo","og_description":"Ume, junto con Frank Sinatra Enterprises, ha anunciado un nuevo set de vinilo doble Frank Sinatra. Los gigantes del jazz Cuenta con las colaboraciones hist\u00f3ricas","og_url":"https:\/\/web.consaguirre.com.ar\/noticias\/frank-sinatra-collabs-los-gigantes-del-jazz-que-viene-al-vinilo\/","og_site_name":"Conservatorio de M\u00fasica Juli\u00e1n Aguirre","article_published_time":"2025-08-08T14:40:51+00:00","article_modified_time":"2025-08-08T14:40:52+00:00","og_image":[{"width":1440,"height":864,"url":"https:\/\/web.consaguirre.com.ar\/noticias\/wp-content\/uploads\/2025\/08\/Frank-Sinatra-Collabs-Los-gigantes-del-jazz-que-viene-al.jpg","type":"image\/jpeg"}],"author":"Javier Figueroa","twitter_card":"summary_large_image","twitter_misc":{"Escrito por":"Javier Figueroa","Tiempo de lectura":"2 minutos"},"schema":{"@context":"https:\/\/schema.org","@graph":[{"@type":"Article","@id":"https:\/\/web.consaguirre.com.ar\/noticias\/frank-sinatra-collabs-los-gigantes-del-jazz-que-viene-al-vinilo\/#article","isPartOf":{"@id":"https:\/\/web.consaguirre.com.ar\/noticias\/frank-sinatra-collabs-los-gigantes-del-jazz-que-viene-al-vinilo\/"},"author":{"name":"Javier Figueroa","@id":"https:\/\/web.consaguirre.com.ar\/noticias\/#\/schema\/person\/6558b0cfedee7ddc5425602b237d5722"},"headline":"Frank Sinatra Collabs, &#8216;Los gigantes del jazz&#8217;, que viene al vinilo","datePublished":"2025-08-08T14:40:51+00:00","dateModified":"2025-08-08T14:40:52+00:00","mainEntityOfPage":{"@id":"https:\/\/web.consaguirre.com.ar\/noticias\/frank-sinatra-collabs-los-gigantes-del-jazz-que-viene-al-vinilo\/"},"wordCount":375,"publisher":{"@id":"https:\/\/web.consaguirre.com.ar\/noticias\/#organization"},"image":{"@id":"https:\/\/web.consaguirre.com.ar\/noticias\/frank-sinatra-collabs-los-gigantes-del-jazz-que-viene-al-vinilo\/#primaryimage"},"thumbnailUrl":"https:\/\/web.consaguirre.com.ar\/noticias\/wp-content\/uploads\/2025\/08\/Frank-Sinatra-Collabs-Los-gigantes-del-jazz-que-viene-al.jpg","keywords":["Collabs","del","Frank","gigantes","Jazz","los","Sinatra","viene","vinilo"],"articleSection":["El \u00faltimo"],"inLanguage":"es-AR"},{"@type":"WebPage","@id":"https:\/\/web.consaguirre.com.ar\/noticias\/frank-sinatra-collabs-los-gigantes-del-jazz-que-viene-al-vinilo\/","url":"https:\/\/web.consaguirre.com.ar\/noticias\/frank-sinatra-collabs-los-gigantes-del-jazz-que-viene-al-vinilo\/","name":"Frank Sinatra Collabs, 'Los gigantes del jazz', que viene al vinilo","isPartOf":{"@id":"https:\/\/web.consaguirre.com.ar\/noticias\/#website"},"primaryImageOfPage":{"@id":"https:\/\/web.consaguirre.com.ar\/noticias\/frank-sinatra-collabs-los-gigantes-del-jazz-que-viene-al-vinilo\/#primaryimage"},"image":{"@id":"https:\/\/web.consaguirre.com.ar\/noticias\/frank-sinatra-collabs-los-gigantes-del-jazz-que-viene-al-vinilo\/#primaryimage"},"thumbnailUrl":"https:\/\/web.consaguirre.com.ar\/noticias\/wp-content\/uploads\/2025\/08\/Frank-Sinatra-Collabs-Los-gigantes-del-jazz-que-viene-al.jpg","datePublished":"2025-08-08T14:40:51+00:00","dateModified":"2025-08-08T14:40:52+00:00","breadcrumb":{"@id":"https:\/\/web.consaguirre.com.ar\/noticias\/frank-sinatra-collabs-los-gigantes-del-jazz-que-viene-al-vinilo\/#breadcrumb"},"inLanguage":"es-AR","potentialAction":[{"@type":"ReadAction","target":["https:\/\/web.consaguirre.com.ar\/noticias\/frank-sinatra-collabs-los-gigantes-del-jazz-que-viene-al-vinilo\/"]}]},{"@type":"ImageObject","inLanguage":"es-AR","@id":"https:\/\/web.consaguirre.com.ar\/noticias\/frank-sinatra-collabs-los-gigantes-del-jazz-que-viene-al-vinilo\/#primaryimage","url":"https:\/\/web.consaguirre.com.ar\/noticias\/wp-content\/uploads\/2025\/08\/Frank-Sinatra-Collabs-Los-gigantes-del-jazz-que-viene-al.jpg","contentUrl":"https:\/\/web.consaguirre.com.ar\/noticias\/wp-content\/uploads\/2025\/08\/Frank-Sinatra-Collabs-Los-gigantes-del-jazz-que-viene-al.jpg","width":1440,"height":864,"caption":"Frank Sinatra Collabs, 'Los gigantes del jazz', que viene al vinilo"},{"@type":"BreadcrumbList","@id":"https:\/\/web.consaguirre.com.ar\/noticias\/frank-sinatra-collabs-los-gigantes-del-jazz-que-viene-al-vinilo\/#breadcrumb","itemListElement":[{"@type":"ListItem","position":1,"name":"Inicio","item":"https:\/\/web.consaguirre.com.ar\/noticias\/"},{"@type":"ListItem","position":2,"name":"Frank Sinatra Collabs, &#8216;Los gigantes del jazz&#8217;, que viene al vinilo"}]},{"@type":"WebSite","@id":"https:\/\/web.consaguirre.com.ar\/noticias\/#website","url":"https:\/\/web.consaguirre.com.ar\/noticias\/","name":"Conservatorio de M\u00fasica Juli\u00e1n Aguirre","description":"","publisher":{"@id":"https:\/\/web.consaguirre.com.ar\/noticias\/#organization"},"potentialAction":[{"@type":"SearchAction","target":{"@type":"EntryPoint","urlTemplate":"https:\/\/web.consaguirre.com.ar\/noticias\/?s={search_term_string}"},"query-input":"required name=search_term_string"}],"inLanguage":"es-AR"},{"@type":"Organization","@id":"https:\/\/web.consaguirre.com.ar\/noticias\/#organization","name":"Conservatorio de M\u00fasica Juli\u00e1n Aguirre","url":"https:\/\/web.consaguirre.com.ar\/noticias\/","logo":{"@type":"ImageObject","inLanguage":"es-AR","@id":"https:\/\/web.consaguirre.com.ar\/noticias\/#\/schema\/logo\/image\/","url":"https:\/\/web.consaguirre.com.ar\/noticias\/wp-content\/uploads\/2024\/08\/Banner-Aguirre-23.jpg","contentUrl":"https:\/\/web.consaguirre.com.ar\/noticias\/wp-content\/uploads\/2024\/08\/Banner-Aguirre-23.jpg","width":1192,"height":600,"caption":"Conservatorio de M\u00fasica Juli\u00e1n Aguirre"},"image":{"@id":"https:\/\/web.consaguirre.com.ar\/noticias\/#\/schema\/logo\/image\/"}},{"@type":"Person","@id":"https:\/\/web.consaguirre.com.ar\/noticias\/#\/schema\/person\/6558b0cfedee7ddc5425602b237d5722","name":"Javier Figueroa","image":{"@type":"ImageObject","inLanguage":"es-AR","@id":"https:\/\/web.consaguirre.com.ar\/noticias\/#\/schema\/person\/image\/","url":"https:\/\/web.consaguirre.com.ar\/noticias\/wp-content\/uploads\/2024\/08\/Consaguirre-scaled.jpg","contentUrl":"https:\/\/web.consaguirre.com.ar\/noticias\/wp-content\/uploads\/2024\/08\/Consaguirre-scaled.jpg","caption":"Javier Figueroa"},"description":"Me llamo Javier Figueroa y soy redactor para el sitio oficial del Conservatorio de M\u00fasica Juli\u00e1n Aguirre en Buenos Aires, consaguirre.com. Apasionado por la m\u00fasica y la escritura, me esfuerzo por destacar los talentos y eventos de nuestra prestigiosa instituci\u00f3n. Mi trayectoria se nutre de una profunda admiraci\u00f3n por los artistas, haciendo de cada art\u00edculo una celebraci\u00f3n de la creatividad y la cultura musical.","sameAs":["https:\/\/web.consaguirre.com.ar\/noticias"]}]}},"_links":{"self":[{"href":"https:\/\/web.consaguirre.com.ar\/noticias\/wp-json\/wp\/v2\/posts\/3384"}],"collection":[{"href":"https:\/\/web.consaguirre.com.ar\/noticias\/wp-json\/wp\/v2\/posts"}],"about":[{"href":"https:\/\/web.consaguirre.com.ar\/noticias\/wp-json\/wp\/v2\/types\/post"}],"author":[{"embeddable":true,"href":"https:\/\/web.consaguirre.com.ar\/noticias\/wp-json\/wp\/v2\/users\/1"}],"replies":[{"embeddable":true,"href":"https:\/\/web.consaguirre.com.ar\/noticias\/wp-json\/wp\/v2\/comments?post=3384"}],"version-history":[{"count":1,"href":"https:\/\/web.consaguirre.com.ar\/noticias\/wp-json\/wp\/v2\/posts\/3384\/revisions"}],"predecessor-version":[{"id":3386,"href":"https:\/\/web.consaguirre.com.ar\/noticias\/wp-json\/wp\/v2\/posts\/3384\/revisions\/3386"}],"wp:featuredmedia":[{"embeddable":true,"href":"https:\/\/web.consaguirre.com.ar\/noticias\/wp-json\/wp\/v2\/media\/3385"}],"wp:attachment":[{"href":"https:\/\/web.consaguirre.com.ar\/noticias\/wp-json\/wp\/v2\/media?parent=3384"}],"wp:term":[{"taxonomy":"category","embeddable":true,"href":"https:\/\/web.consaguirre.com.ar\/noticias\/wp-json\/wp\/v2\/categories?post=3384"},{"taxonomy":"post_tag","embeddable":true,"href":"https:\/\/web.consaguirre.com.ar\/noticias\/wp-json\/wp\/v2\/tags?post=3384"}],"curies":[{"name":"wp","href":"https:\/\/api.w.org\/{rel}","templated":true}]}}