{"id":338,"date":"2024-08-31T07:43:57","date_gmt":"2024-08-31T10:43:57","guid":{"rendered":"https:\/\/web.consaguirre.com.ar\/noticias\/los-clasicos-navidenos-de-frank-sinatra-se-lanzaran-como-album-doble-ultimate-christmas\/"},"modified":"2024-09-08T16:27:49","modified_gmt":"2024-09-08T19:27:49","slug":"los-clasicos-navidenos-de-frank-sinatra-se-lanzaran-como-album-doble-ultimate-christmas","status":"publish","type":"post","link":"https:\/\/web.consaguirre.com.ar\/noticias\/los-clasicos-navidenos-de-frank-sinatra-se-lanzaran-como-album-doble-ultimate-christmas\/","title":{"rendered":"Los cl\u00e1sicos navide\u00f1os de Frank Sinatra se lanzar\u00e1n como \u00e1lbum doble &#8216;Ultimate Christmas&#8217;"},"content":{"rendered":"<p><strong>Frank Sinatra<\/strong>Las mejores canciones navide\u00f1as de &#8216;se recopilar\u00e1n en una colecci\u00f3n de vinilo de 2 LP, titulada <em>La Navidad definitiva<\/em>.<\/p>\n<p><strong>Pide Frank Sinatra <em>La Navidad definitiva<\/em>.<\/strong><\/p>\n<p>La colecci\u00f3n, que adelantar\u00e1 la temporada navide\u00f1a este a\u00f1o, se lanzar\u00e1 el 20 de agosto e incluye \u00e9xitos como \u201cWhite Christmas\u201d, \u201cJingle Bells\u201d y m\u00e1s.<\/p>\n<p><strong>La Navidad simplemente no ser\u00eda Navidad sin Frank Sinatra<\/strong>Las palabras \u201cSinatra\u201d y \u201cNavidad\u201d est\u00e1n inextricablemente entrelazadas en la cultura occidental. De hecho, la Navidad no parece realmente Navidad hasta que escuchas la c\u00e1lida voz de bar\u00edtono de Sinatra cantando \u201cNoche de paz\u201d o \u201cHave Yourself A Merry Little Christmas\u201d, ya sea en la radio, en un restaurante, en un centro comercial o en el est\u00e9reo de tu casa. Ambas canciones, por cierto, se presentar\u00e1n en <em>La Navidad definitiva<\/em>.<\/p>\n<p>Hay muchas grabaciones navide\u00f1as de Frank Sinatra, y escuchar su voz ayuda a evocar el esp\u00edritu de la temporada navide\u00f1a que se acerca. Cuando escuchas a Ol&#8217; Blue Eyes envolver su voz en \u201cThe First Noel\u201d, sabes que las fiestas est\u00e1n realmente en camino.<\/p>\n<p>\u00bfDe d\u00f3nde viene entonces la asociaci\u00f3n de Sinatra con la Navidad? Bueno, se remonta a 1948, el a\u00f1o en que el sello discogr\u00e1fico de Sinatra, Columbia, introdujo el formato LP. Fue entonces cuando el hombre de 32 a\u00f1os que llegar\u00eda a ser conocido como el presidente de la junta directiva lanz\u00f3 <em>Canciones navide\u00f1as de Sinatra<\/em>el primer \u00e1lbum navide\u00f1o de Frank Sinatra, arreglado por el formidable Axel Stordahl.<\/p>\n<p>Conten\u00eda ocho canciones tradicionales navide\u00f1as, comenzando con \u201cWhite Christmas\u201d (una canci\u00f3n que grab\u00f3 por primera vez en 1944 como sencillo), junto con villancicos como \u201cO Little Town Of Bethlehem\u201d, aparentemente uno de los favoritos de Sinatra, y culminando con \u201cSanta Claus Is Coming To Town\u201d.<\/p>\n<p>El mundo tendr\u00eda que esperar nueve a\u00f1os para otro \u00e1lbum navide\u00f1o de Frank Sinatra, momento en el que Sinatra ya se hab\u00eda establecido como un maestro de <strong>El gran cancionero americano<\/strong> y se traslad\u00f3 a un nuevo sello, Capitol, para quien realizar\u00eda algunos de los mejores trabajos de su carrera.<\/p>\n<p><strong>Pide Frank Sinatra <em>La Navidad definitiva<\/em>.<\/strong><\/p>\n","protected":false},"excerpt":{"rendered":"<p>Frank SinatraLas mejores canciones navide\u00f1as de &#8216;se recopilar\u00e1n en una colecci\u00f3n de vinilo de 2 LP, titulada La Navidad definitiva. Pide Frank Sinatra La Navidad<\/p>\n","protected":false},"author":1,"featured_media":339,"comment_status":"closed","ping_status":"open","sticky":false,"template":"","format":"standard","meta":{"footnotes":""},"categories":[50],"tags":[147,83,280,331,332,72,210,180,329,330,333],"class_list":["post-338","post","type-post","status-publish","format-standard","has-post-thumbnail","hentry","category-el-ultimo","tag-album","tag-christmas","tag-clasicos","tag-como","tag-doble","tag-frank","tag-lanzaran","tag-los","tag-navidenos","tag-sinatra","tag-ultimate","generate-columns","tablet-grid-50","mobile-grid-100","grid-parent","grid-50"],"yoast_head":"<!-- This site is optimized with the Yoast SEO plugin v23.3 - https:\/\/yoast.com\/wordpress\/plugins\/seo\/ -->\n<title>Los cl\u00e1sicos navide\u00f1os de Frank Sinatra se lanzar\u00e1n como \u00e1lbum doble &#039;Ultimate Christmas&#039;<\/title>\n<meta name=\"robots\" content=\"index, follow, max-snippet:-1, max-image-preview:large, max-video-preview:-1\" \/>\n<link rel=\"canonical\" href=\"https:\/\/web.consaguirre.com.ar\/noticias\/los-clasicos-navidenos-de-frank-sinatra-se-lanzaran-como-album-doble-ultimate-christmas\/\" \/>\n<meta property=\"og:locale\" content=\"es_ES\" \/>\n<meta property=\"og:type\" content=\"article\" \/>\n<meta property=\"og:title\" content=\"Los cl\u00e1sicos navide\u00f1os de Frank Sinatra se lanzar\u00e1n como \u00e1lbum doble &#039;Ultimate Christmas&#039;\" \/>\n<meta property=\"og:description\" content=\"Frank SinatraLas mejores canciones navide\u00f1as de &#8216;se recopilar\u00e1n en una colecci\u00f3n de vinilo de 2 LP, titulada La Navidad definitiva. Pide Frank Sinatra La Navidad\" \/>\n<meta property=\"og:url\" content=\"https:\/\/web.consaguirre.com.ar\/noticias\/los-clasicos-navidenos-de-frank-sinatra-se-lanzaran-como-album-doble-ultimate-christmas\/\" \/>\n<meta property=\"og:site_name\" content=\"Conservatorio de M\u00fasica Juli\u00e1n Aguirre\" \/>\n<meta property=\"article:published_time\" content=\"2024-08-31T10:43:57+00:00\" \/>\n<meta property=\"article:modified_time\" content=\"2024-09-08T19:27:49+00:00\" \/>\n<meta property=\"og:image\" content=\"https:\/\/web.consaguirre.com.ar\/noticias\/wp-content\/uploads\/2024\/08\/Los-clasicos-navidenos-de-Frank-Sinatra-se-lanzaran-como-album.jpg\" \/>\n\t<meta property=\"og:image:width\" content=\"1280\" \/>\n\t<meta property=\"og:image:height\" content=\"1280\" \/>\n\t<meta property=\"og:image:type\" content=\"image\/jpeg\" \/>\n<meta name=\"author\" content=\"Javier Figueroa\" \/>\n<meta name=\"twitter:card\" content=\"summary_large_image\" \/>\n<meta name=\"twitter:label1\" content=\"Escrito por\" \/>\n\t<meta name=\"twitter:data1\" content=\"Javier Figueroa\" \/>\n\t<meta name=\"twitter:label2\" content=\"Tiempo de lectura\" \/>\n\t<meta name=\"twitter:data2\" content=\"2 minutos\" \/>\n<script type=\"application\/ld+json\" class=\"yoast-schema-graph\">{\"@context\":\"https:\/\/schema.org\",\"@graph\":[{\"@type\":\"Article\",\"@id\":\"https:\/\/web.consaguirre.com.ar\/noticias\/los-clasicos-navidenos-de-frank-sinatra-se-lanzaran-como-album-doble-ultimate-christmas\/#article\",\"isPartOf\":{\"@id\":\"https:\/\/web.consaguirre.com.ar\/noticias\/los-clasicos-navidenos-de-frank-sinatra-se-lanzaran-como-album-doble-ultimate-christmas\/\"},\"author\":{\"name\":\"Javier Figueroa\",\"@id\":\"https:\/\/web.consaguirre.com.ar\/noticias\/#\/schema\/person\/6558b0cfedee7ddc5425602b237d5722\"},\"headline\":\"Los cl\u00e1sicos navide\u00f1os de Frank Sinatra se lanzar\u00e1n como \u00e1lbum doble &#8216;Ultimate Christmas&#8217;\",\"datePublished\":\"2024-08-31T10:43:57+00:00\",\"dateModified\":\"2024-09-08T19:27:49+00:00\",\"mainEntityOfPage\":{\"@id\":\"https:\/\/web.consaguirre.com.ar\/noticias\/los-clasicos-navidenos-de-frank-sinatra-se-lanzaran-como-album-doble-ultimate-christmas\/\"},\"wordCount\":385,\"publisher\":{\"@id\":\"https:\/\/web.consaguirre.com.ar\/noticias\/#organization\"},\"image\":{\"@id\":\"https:\/\/web.consaguirre.com.ar\/noticias\/los-clasicos-navidenos-de-frank-sinatra-se-lanzaran-como-album-doble-ultimate-christmas\/#primaryimage\"},\"thumbnailUrl\":\"https:\/\/web.consaguirre.com.ar\/noticias\/wp-content\/uploads\/2024\/08\/Los-clasicos-navidenos-de-Frank-Sinatra-se-lanzaran-como-album.jpg\",\"keywords\":[\"\u00e1lbum\",\"Christmas\",\"cl\u00e1sicos\",\"como\",\"doble\",\"Frank\",\"lanzar\u00e1n\",\"los\",\"navide\u00f1os\",\"Sinatra\",\"Ultimate\"],\"articleSection\":[\"El \u00faltimo\"],\"inLanguage\":\"es-AR\"},{\"@type\":\"WebPage\",\"@id\":\"https:\/\/web.consaguirre.com.ar\/noticias\/los-clasicos-navidenos-de-frank-sinatra-se-lanzaran-como-album-doble-ultimate-christmas\/\",\"url\":\"https:\/\/web.consaguirre.com.ar\/noticias\/los-clasicos-navidenos-de-frank-sinatra-se-lanzaran-como-album-doble-ultimate-christmas\/\",\"name\":\"Los cl\u00e1sicos navide\u00f1os de Frank Sinatra se lanzar\u00e1n como \u00e1lbum doble 'Ultimate Christmas'\",\"isPartOf\":{\"@id\":\"https:\/\/web.consaguirre.com.ar\/noticias\/#website\"},\"primaryImageOfPage\":{\"@id\":\"https:\/\/web.consaguirre.com.ar\/noticias\/los-clasicos-navidenos-de-frank-sinatra-se-lanzaran-como-album-doble-ultimate-christmas\/#primaryimage\"},\"image\":{\"@id\":\"https:\/\/web.consaguirre.com.ar\/noticias\/los-clasicos-navidenos-de-frank-sinatra-se-lanzaran-como-album-doble-ultimate-christmas\/#primaryimage\"},\"thumbnailUrl\":\"https:\/\/web.consaguirre.com.ar\/noticias\/wp-content\/uploads\/2024\/08\/Los-clasicos-navidenos-de-Frank-Sinatra-se-lanzaran-como-album.jpg\",\"datePublished\":\"2024-08-31T10:43:57+00:00\",\"dateModified\":\"2024-09-08T19:27:49+00:00\",\"breadcrumb\":{\"@id\":\"https:\/\/web.consaguirre.com.ar\/noticias\/los-clasicos-navidenos-de-frank-sinatra-se-lanzaran-como-album-doble-ultimate-christmas\/#breadcrumb\"},\"inLanguage\":\"es-AR\",\"potentialAction\":[{\"@type\":\"ReadAction\",\"target\":[\"https:\/\/web.consaguirre.com.ar\/noticias\/los-clasicos-navidenos-de-frank-sinatra-se-lanzaran-como-album-doble-ultimate-christmas\/\"]}]},{\"@type\":\"ImageObject\",\"inLanguage\":\"es-AR\",\"@id\":\"https:\/\/web.consaguirre.com.ar\/noticias\/los-clasicos-navidenos-de-frank-sinatra-se-lanzaran-como-album-doble-ultimate-christmas\/#primaryimage\",\"url\":\"https:\/\/web.consaguirre.com.ar\/noticias\/wp-content\/uploads\/2024\/08\/Los-clasicos-navidenos-de-Frank-Sinatra-se-lanzaran-como-album.jpg\",\"contentUrl\":\"https:\/\/web.consaguirre.com.ar\/noticias\/wp-content\/uploads\/2024\/08\/Los-clasicos-navidenos-de-Frank-Sinatra-se-lanzaran-como-album.jpg\",\"width\":1280,\"height\":1280,\"caption\":\"Frank Sinatra, \u2018Ultimate Christmas\u2019 - Photo: Courtesy of Capitol Records\"},{\"@type\":\"BreadcrumbList\",\"@id\":\"https:\/\/web.consaguirre.com.ar\/noticias\/los-clasicos-navidenos-de-frank-sinatra-se-lanzaran-como-album-doble-ultimate-christmas\/#breadcrumb\",\"itemListElement\":[{\"@type\":\"ListItem\",\"position\":1,\"name\":\"Inicio\",\"item\":\"https:\/\/web.consaguirre.com.ar\/noticias\/\"},{\"@type\":\"ListItem\",\"position\":2,\"name\":\"Los cl\u00e1sicos navide\u00f1os de Frank Sinatra se lanzar\u00e1n como \u00e1lbum doble &#8216;Ultimate Christmas&#8217;\"}]},{\"@type\":\"WebSite\",\"@id\":\"https:\/\/web.consaguirre.com.ar\/noticias\/#website\",\"url\":\"https:\/\/web.consaguirre.com.ar\/noticias\/\",\"name\":\"Conservatorio de M\u00fasica Juli\u00e1n Aguirre\",\"description\":\"\",\"publisher\":{\"@id\":\"https:\/\/web.consaguirre.com.ar\/noticias\/#organization\"},\"potentialAction\":[{\"@type\":\"SearchAction\",\"target\":{\"@type\":\"EntryPoint\",\"urlTemplate\":\"https:\/\/web.consaguirre.com.ar\/noticias\/?s={search_term_string}\"},\"query-input\":\"required name=search_term_string\"}],\"inLanguage\":\"es-AR\"},{\"@type\":\"Organization\",\"@id\":\"https:\/\/web.consaguirre.com.ar\/noticias\/#organization\",\"name\":\"Conservatorio de M\u00fasica Juli\u00e1n Aguirre\",\"url\":\"https:\/\/web.consaguirre.com.ar\/noticias\/\",\"logo\":{\"@type\":\"ImageObject\",\"inLanguage\":\"es-AR\",\"@id\":\"https:\/\/web.consaguirre.com.ar\/noticias\/#\/schema\/logo\/image\/\",\"url\":\"https:\/\/web.consaguirre.com.ar\/noticias\/wp-content\/uploads\/2024\/08\/Banner-Aguirre-23.jpg\",\"contentUrl\":\"https:\/\/web.consaguirre.com.ar\/noticias\/wp-content\/uploads\/2024\/08\/Banner-Aguirre-23.jpg\",\"width\":1192,\"height\":600,\"caption\":\"Conservatorio de M\u00fasica Juli\u00e1n Aguirre\"},\"image\":{\"@id\":\"https:\/\/web.consaguirre.com.ar\/noticias\/#\/schema\/logo\/image\/\"}},{\"@type\":\"Person\",\"@id\":\"https:\/\/web.consaguirre.com.ar\/noticias\/#\/schema\/person\/6558b0cfedee7ddc5425602b237d5722\",\"name\":\"Javier Figueroa\",\"image\":{\"@type\":\"ImageObject\",\"inLanguage\":\"es-AR\",\"@id\":\"https:\/\/web.consaguirre.com.ar\/noticias\/#\/schema\/person\/image\/\",\"url\":\"https:\/\/web.consaguirre.com.ar\/noticias\/wp-content\/uploads\/2024\/08\/Consaguirre-scaled.jpg\",\"contentUrl\":\"https:\/\/web.consaguirre.com.ar\/noticias\/wp-content\/uploads\/2024\/08\/Consaguirre-scaled.jpg\",\"caption\":\"Javier Figueroa\"},\"description\":\"Me llamo Javier Figueroa y soy redactor para el sitio oficial del Conservatorio de M\u00fasica Juli\u00e1n Aguirre en Buenos Aires, consaguirre.com. Apasionado por la m\u00fasica y la escritura, me esfuerzo por destacar los talentos y eventos de nuestra prestigiosa instituci\u00f3n. Mi trayectoria se nutre de una profunda admiraci\u00f3n por los artistas, haciendo de cada art\u00edculo una celebraci\u00f3n de la creatividad y la cultura musical.\",\"sameAs\":[\"https:\/\/web.consaguirre.com.ar\/noticias\"]}]}<\/script>\n<!-- \/ Yoast SEO plugin. -->","yoast_head_json":{"title":"Los cl\u00e1sicos navide\u00f1os de Frank Sinatra se lanzar\u00e1n como \u00e1lbum doble 'Ultimate Christmas'","robots":{"index":"index","follow":"follow","max-snippet":"max-snippet:-1","max-image-preview":"max-image-preview:large","max-video-preview":"max-video-preview:-1"},"canonical":"https:\/\/web.consaguirre.com.ar\/noticias\/los-clasicos-navidenos-de-frank-sinatra-se-lanzaran-como-album-doble-ultimate-christmas\/","og_locale":"es_ES","og_type":"article","og_title":"Los cl\u00e1sicos navide\u00f1os de Frank Sinatra se lanzar\u00e1n como \u00e1lbum doble 'Ultimate Christmas'","og_description":"Frank SinatraLas mejores canciones navide\u00f1as de &#8216;se recopilar\u00e1n en una colecci\u00f3n de vinilo de 2 LP, titulada La Navidad definitiva. Pide Frank Sinatra La Navidad","og_url":"https:\/\/web.consaguirre.com.ar\/noticias\/los-clasicos-navidenos-de-frank-sinatra-se-lanzaran-como-album-doble-ultimate-christmas\/","og_site_name":"Conservatorio de M\u00fasica Juli\u00e1n Aguirre","article_published_time":"2024-08-31T10:43:57+00:00","article_modified_time":"2024-09-08T19:27:49+00:00","og_image":[{"width":1280,"height":1280,"url":"https:\/\/web.consaguirre.com.ar\/noticias\/wp-content\/uploads\/2024\/08\/Los-clasicos-navidenos-de-Frank-Sinatra-se-lanzaran-como-album.jpg","type":"image\/jpeg"}],"author":"Javier Figueroa","twitter_card":"summary_large_image","twitter_misc":{"Escrito por":"Javier Figueroa","Tiempo de lectura":"2 minutos"},"schema":{"@context":"https:\/\/schema.org","@graph":[{"@type":"Article","@id":"https:\/\/web.consaguirre.com.ar\/noticias\/los-clasicos-navidenos-de-frank-sinatra-se-lanzaran-como-album-doble-ultimate-christmas\/#article","isPartOf":{"@id":"https:\/\/web.consaguirre.com.ar\/noticias\/los-clasicos-navidenos-de-frank-sinatra-se-lanzaran-como-album-doble-ultimate-christmas\/"},"author":{"name":"Javier Figueroa","@id":"https:\/\/web.consaguirre.com.ar\/noticias\/#\/schema\/person\/6558b0cfedee7ddc5425602b237d5722"},"headline":"Los cl\u00e1sicos navide\u00f1os de Frank Sinatra se lanzar\u00e1n como \u00e1lbum doble &#8216;Ultimate Christmas&#8217;","datePublished":"2024-08-31T10:43:57+00:00","dateModified":"2024-09-08T19:27:49+00:00","mainEntityOfPage":{"@id":"https:\/\/web.consaguirre.com.ar\/noticias\/los-clasicos-navidenos-de-frank-sinatra-se-lanzaran-como-album-doble-ultimate-christmas\/"},"wordCount":385,"publisher":{"@id":"https:\/\/web.consaguirre.com.ar\/noticias\/#organization"},"image":{"@id":"https:\/\/web.consaguirre.com.ar\/noticias\/los-clasicos-navidenos-de-frank-sinatra-se-lanzaran-como-album-doble-ultimate-christmas\/#primaryimage"},"thumbnailUrl":"https:\/\/web.consaguirre.com.ar\/noticias\/wp-content\/uploads\/2024\/08\/Los-clasicos-navidenos-de-Frank-Sinatra-se-lanzaran-como-album.jpg","keywords":["\u00e1lbum","Christmas","cl\u00e1sicos","como","doble","Frank","lanzar\u00e1n","los","navide\u00f1os","Sinatra","Ultimate"],"articleSection":["El \u00faltimo"],"inLanguage":"es-AR"},{"@type":"WebPage","@id":"https:\/\/web.consaguirre.com.ar\/noticias\/los-clasicos-navidenos-de-frank-sinatra-se-lanzaran-como-album-doble-ultimate-christmas\/","url":"https:\/\/web.consaguirre.com.ar\/noticias\/los-clasicos-navidenos-de-frank-sinatra-se-lanzaran-como-album-doble-ultimate-christmas\/","name":"Los cl\u00e1sicos navide\u00f1os de Frank Sinatra se lanzar\u00e1n como \u00e1lbum doble 'Ultimate Christmas'","isPartOf":{"@id":"https:\/\/web.consaguirre.com.ar\/noticias\/#website"},"primaryImageOfPage":{"@id":"https:\/\/web.consaguirre.com.ar\/noticias\/los-clasicos-navidenos-de-frank-sinatra-se-lanzaran-como-album-doble-ultimate-christmas\/#primaryimage"},"image":{"@id":"https:\/\/web.consaguirre.com.ar\/noticias\/los-clasicos-navidenos-de-frank-sinatra-se-lanzaran-como-album-doble-ultimate-christmas\/#primaryimage"},"thumbnailUrl":"https:\/\/web.consaguirre.com.ar\/noticias\/wp-content\/uploads\/2024\/08\/Los-clasicos-navidenos-de-Frank-Sinatra-se-lanzaran-como-album.jpg","datePublished":"2024-08-31T10:43:57+00:00","dateModified":"2024-09-08T19:27:49+00:00","breadcrumb":{"@id":"https:\/\/web.consaguirre.com.ar\/noticias\/los-clasicos-navidenos-de-frank-sinatra-se-lanzaran-como-album-doble-ultimate-christmas\/#breadcrumb"},"inLanguage":"es-AR","potentialAction":[{"@type":"ReadAction","target":["https:\/\/web.consaguirre.com.ar\/noticias\/los-clasicos-navidenos-de-frank-sinatra-se-lanzaran-como-album-doble-ultimate-christmas\/"]}]},{"@type":"ImageObject","inLanguage":"es-AR","@id":"https:\/\/web.consaguirre.com.ar\/noticias\/los-clasicos-navidenos-de-frank-sinatra-se-lanzaran-como-album-doble-ultimate-christmas\/#primaryimage","url":"https:\/\/web.consaguirre.com.ar\/noticias\/wp-content\/uploads\/2024\/08\/Los-clasicos-navidenos-de-Frank-Sinatra-se-lanzaran-como-album.jpg","contentUrl":"https:\/\/web.consaguirre.com.ar\/noticias\/wp-content\/uploads\/2024\/08\/Los-clasicos-navidenos-de-Frank-Sinatra-se-lanzaran-como-album.jpg","width":1280,"height":1280,"caption":"Frank Sinatra, \u2018Ultimate Christmas\u2019 - Photo: Courtesy of Capitol Records"},{"@type":"BreadcrumbList","@id":"https:\/\/web.consaguirre.com.ar\/noticias\/los-clasicos-navidenos-de-frank-sinatra-se-lanzaran-como-album-doble-ultimate-christmas\/#breadcrumb","itemListElement":[{"@type":"ListItem","position":1,"name":"Inicio","item":"https:\/\/web.consaguirre.com.ar\/noticias\/"},{"@type":"ListItem","position":2,"name":"Los cl\u00e1sicos navide\u00f1os de Frank Sinatra se lanzar\u00e1n como \u00e1lbum doble &#8216;Ultimate Christmas&#8217;"}]},{"@type":"WebSite","@id":"https:\/\/web.consaguirre.com.ar\/noticias\/#website","url":"https:\/\/web.consaguirre.com.ar\/noticias\/","name":"Conservatorio de M\u00fasica Juli\u00e1n Aguirre","description":"","publisher":{"@id":"https:\/\/web.consaguirre.com.ar\/noticias\/#organization"},"potentialAction":[{"@type":"SearchAction","target":{"@type":"EntryPoint","urlTemplate":"https:\/\/web.consaguirre.com.ar\/noticias\/?s={search_term_string}"},"query-input":"required name=search_term_string"}],"inLanguage":"es-AR"},{"@type":"Organization","@id":"https:\/\/web.consaguirre.com.ar\/noticias\/#organization","name":"Conservatorio de M\u00fasica Juli\u00e1n Aguirre","url":"https:\/\/web.consaguirre.com.ar\/noticias\/","logo":{"@type":"ImageObject","inLanguage":"es-AR","@id":"https:\/\/web.consaguirre.com.ar\/noticias\/#\/schema\/logo\/image\/","url":"https:\/\/web.consaguirre.com.ar\/noticias\/wp-content\/uploads\/2024\/08\/Banner-Aguirre-23.jpg","contentUrl":"https:\/\/web.consaguirre.com.ar\/noticias\/wp-content\/uploads\/2024\/08\/Banner-Aguirre-23.jpg","width":1192,"height":600,"caption":"Conservatorio de M\u00fasica Juli\u00e1n Aguirre"},"image":{"@id":"https:\/\/web.consaguirre.com.ar\/noticias\/#\/schema\/logo\/image\/"}},{"@type":"Person","@id":"https:\/\/web.consaguirre.com.ar\/noticias\/#\/schema\/person\/6558b0cfedee7ddc5425602b237d5722","name":"Javier Figueroa","image":{"@type":"ImageObject","inLanguage":"es-AR","@id":"https:\/\/web.consaguirre.com.ar\/noticias\/#\/schema\/person\/image\/","url":"https:\/\/web.consaguirre.com.ar\/noticias\/wp-content\/uploads\/2024\/08\/Consaguirre-scaled.jpg","contentUrl":"https:\/\/web.consaguirre.com.ar\/noticias\/wp-content\/uploads\/2024\/08\/Consaguirre-scaled.jpg","caption":"Javier Figueroa"},"description":"Me llamo Javier Figueroa y soy redactor para el sitio oficial del Conservatorio de M\u00fasica Juli\u00e1n Aguirre en Buenos Aires, consaguirre.com. Apasionado por la m\u00fasica y la escritura, me esfuerzo por destacar los talentos y eventos de nuestra prestigiosa instituci\u00f3n. Mi trayectoria se nutre de una profunda admiraci\u00f3n por los artistas, haciendo de cada art\u00edculo una celebraci\u00f3n de la creatividad y la cultura musical.","sameAs":["https:\/\/web.consaguirre.com.ar\/noticias"]}]}},"_links":{"self":[{"href":"https:\/\/web.consaguirre.com.ar\/noticias\/wp-json\/wp\/v2\/posts\/338"}],"collection":[{"href":"https:\/\/web.consaguirre.com.ar\/noticias\/wp-json\/wp\/v2\/posts"}],"about":[{"href":"https:\/\/web.consaguirre.com.ar\/noticias\/wp-json\/wp\/v2\/types\/post"}],"author":[{"embeddable":true,"href":"https:\/\/web.consaguirre.com.ar\/noticias\/wp-json\/wp\/v2\/users\/1"}],"replies":[{"embeddable":true,"href":"https:\/\/web.consaguirre.com.ar\/noticias\/wp-json\/wp\/v2\/comments?post=338"}],"version-history":[{"count":1,"href":"https:\/\/web.consaguirre.com.ar\/noticias\/wp-json\/wp\/v2\/posts\/338\/revisions"}],"predecessor-version":[{"id":340,"href":"https:\/\/web.consaguirre.com.ar\/noticias\/wp-json\/wp\/v2\/posts\/338\/revisions\/340"}],"wp:featuredmedia":[{"embeddable":true,"href":"https:\/\/web.consaguirre.com.ar\/noticias\/wp-json\/wp\/v2\/media\/339"}],"wp:attachment":[{"href":"https:\/\/web.consaguirre.com.ar\/noticias\/wp-json\/wp\/v2\/media?parent=338"}],"wp:term":[{"taxonomy":"category","embeddable":true,"href":"https:\/\/web.consaguirre.com.ar\/noticias\/wp-json\/wp\/v2\/categories?post=338"},{"taxonomy":"post_tag","embeddable":true,"href":"https:\/\/web.consaguirre.com.ar\/noticias\/wp-json\/wp\/v2\/tags?post=338"}],"curies":[{"name":"wp","href":"https:\/\/api.w.org\/{rel}","templated":true}]}}