{"id":3366,"date":"2025-08-05T11:39:20","date_gmt":"2025-08-05T14:39:20","guid":{"rendered":"https:\/\/web.consaguirre.com.ar\/noticias\/black-eyed-peas-bridging-the-gap-recibe-reedicion\/"},"modified":"2025-08-05T11:39:22","modified_gmt":"2025-08-05T14:39:22","slug":"black-eyed-peas-bridging-the-gap-recibe-reedicion","status":"publish","type":"post","link":"https:\/\/web.consaguirre.com.ar\/noticias\/black-eyed-peas-bridging-the-gap-recibe-reedicion\/","title":{"rendered":"Black Eyed Peas &#8221; Bridging the Gap &#8216;recibe reedici\u00f3n"},"content":{"rendered":"<p>Otro \u00e1lbum cl\u00e1sico de Black Eyed Peas est\u00e1 recibiendo una reedici\u00f3n de vinilo. <em>Bridging the Gap<\/em>el segundo registro del grupo POP-RAP, estar\u00e1 disponible en vinilo de 2LP en una variante de color marr\u00f3n de edici\u00f3n limitada y vinilo negro est\u00e1ndar. El <em>Bridging the Gap<\/em> La reedici\u00f3n saldr\u00e1 el 26 de septiembre.<\/p>\n<p>El estudiante de segundo a\u00f1o de Black Eyed Peas, <em>Bridging the Gap<\/em> Profundi\u00f3 su sonido de hip-hop funky. En ese momento, el grupo estaba compuesto por Will.i.am, Apple de AP y Taboo. Kim Hill proporcion\u00f3 voces, pero pronto parti\u00f3 del grupo y fue reemplazado por Fergie.<\/p>\n<p><em>Bridging the Gap<\/em> Incluye los singles &#8220;Weekends&#8221;, &#8220;Bep Empire&#8221; y &#8220;Sold + Line&#8221;. &#8220;Weekends&#8221; presenta voces del cantante canadiense Esthero y las muestras &#8220;Family Affair&#8221; de Sly &#038; the Family Stone, &#8220;Lord of the Golden Baboon&#8221; de Mandril, e interpola el coro con el &#8220;Lookout Weekend&#8221; de Debbie Deb &#8220;. M\u00e1s tarde se incluy\u00f3 un remix de la canci\u00f3n en la edici\u00f3n de lujo del quinto \u00e1lbum del grupo, <em>El fin<\/em>.<\/p>\n<div class=\"uD-YT-container\"><img decoding=\"async\" src=\"https:\/\/web.consaguirre.com.ar\/noticias\/wp-content\/uploads\/2025\/08\/1754404760_379_Black-Eyed-Peas-Bridging-the-Gap-recibe-reedicion.jpg\" alt=\"Video de YouTube\"><br \/>Haga clic para cargar video<\/div>\n<p>Producido por DJ Premier, &#8220;Bep Empire&#8221;, alcanz\u00f3 el n\u00famero 44 en la lista de singles de rap calientes de EE. UU. &#8220;Request + Line&#8221; presenta a Macy Gray, un a\u00f1o despu\u00e9s del \u00e9xito de su r\u00e9cord debut <em>Sobre c\u00f3mo es la vida<\/em>. La canci\u00f3n se convirti\u00f3 en el primer \u00e9xito entre los 40 de Black Eyed Peas en varios pa\u00edses y marc\u00f3 su primera entrada en el Billboard Hot 100 de EE. UU., Al pico en el n\u00famero 63.<\/p>\n<p><em>Bridging the Gap<\/em> Sigui\u00f3 el debut del grupo, 1998 <em>Detr\u00e1s del frente<\/em>un \u00e1lbum de hip-hop pesado de sketch que incorpora muestras de funk y jazz.<\/p>\n<p>La reedici\u00f3n de <em>Bridging the Gap<\/em> Sigue las recientes reediciones f\u00edsicas de edici\u00f3n limitada del trabajo del grupo en conmemoraci\u00f3n de su 30 aniversario. Nuevas versiones de vinilo de <em>Elefunk<\/em> (2003), <em>Negocio de mono<\/em> (2005) y <em>El fin<\/em> (2009) est\u00e1n disponibles ahora. A principios de este a\u00f1o, <em>Negocio de mono<\/em> Tambi\u00e9n recibi\u00f3 una nueva edici\u00f3n expandida digital.<\/p>\n<p>Compre la m\u00fasica de Black Eyed Peas en vinilo ahora.<\/p>\n","protected":false},"excerpt":{"rendered":"<p>Otro \u00e1lbum cl\u00e1sico de Black Eyed Peas est\u00e1 recibiendo una reedici\u00f3n de vinilo. Bridging the Gapel segundo registro del grupo POP-RAP, estar\u00e1 disponible en vinilo<\/p>\n","protected":false},"author":1,"featured_media":3367,"comment_status":"closed","ping_status":"","sticky":false,"template":"","format":"standard","meta":{"footnotes":""},"categories":[50],"tags":[414,2962,1183,2963,1184,177,117],"class_list":["post-3366","post","type-post","status-publish","format-standard","has-post-thumbnail","hentry","category-el-ultimo","tag-black","tag-bridging","tag-eyed","tag-gap","tag-peas","tag-recibe","tag-reedicion","generate-columns","tablet-grid-50","mobile-grid-100","grid-parent","grid-50"],"yoast_head":"<!-- This site is optimized with the Yoast SEO plugin v23.3 - https:\/\/yoast.com\/wordpress\/plugins\/seo\/ -->\n<title>Black Eyed Peas &#039;&#039; Bridging the Gap &#039;recibe reedici\u00f3n<\/title>\n<meta name=\"robots\" content=\"index, follow, max-snippet:-1, max-image-preview:large, max-video-preview:-1\" \/>\n<link rel=\"canonical\" href=\"https:\/\/web.consaguirre.com.ar\/noticias\/black-eyed-peas-bridging-the-gap-recibe-reedicion\/\" \/>\n<meta property=\"og:locale\" content=\"es_ES\" \/>\n<meta property=\"og:type\" content=\"article\" \/>\n<meta property=\"og:title\" content=\"Black Eyed Peas &#039;&#039; Bridging the Gap &#039;recibe reedici\u00f3n\" \/>\n<meta property=\"og:description\" content=\"Otro \u00e1lbum cl\u00e1sico de Black Eyed Peas est\u00e1 recibiendo una reedici\u00f3n de vinilo. Bridging the Gapel segundo registro del grupo POP-RAP, estar\u00e1 disponible en vinilo\" \/>\n<meta property=\"og:url\" content=\"https:\/\/web.consaguirre.com.ar\/noticias\/black-eyed-peas-bridging-the-gap-recibe-reedicion\/\" \/>\n<meta property=\"og:site_name\" content=\"Conservatorio de M\u00fasica Juli\u00e1n Aguirre\" \/>\n<meta property=\"article:published_time\" content=\"2025-08-05T14:39:20+00:00\" \/>\n<meta property=\"article:modified_time\" content=\"2025-08-05T14:39:22+00:00\" \/>\n<meta property=\"og:image\" content=\"https:\/\/web.consaguirre.com.ar\/noticias\/wp-content\/uploads\/2025\/08\/Black-Eyed-Peas-Bridging-the-Gap-recibe-reedicion.jpg\" \/>\n\t<meta property=\"og:image:width\" content=\"1440\" \/>\n\t<meta property=\"og:image:height\" content=\"864\" \/>\n\t<meta property=\"og:image:type\" content=\"image\/jpeg\" \/>\n<meta name=\"author\" content=\"Javier Figueroa\" \/>\n<meta name=\"twitter:card\" content=\"summary_large_image\" \/>\n<meta name=\"twitter:label1\" content=\"Escrito por\" \/>\n\t<meta name=\"twitter:data1\" content=\"Javier Figueroa\" \/>\n\t<meta name=\"twitter:label2\" content=\"Tiempo de lectura\" \/>\n\t<meta name=\"twitter:data2\" content=\"2 minutos\" \/>\n<script type=\"application\/ld+json\" class=\"yoast-schema-graph\">{\"@context\":\"https:\/\/schema.org\",\"@graph\":[{\"@type\":\"Article\",\"@id\":\"https:\/\/web.consaguirre.com.ar\/noticias\/black-eyed-peas-bridging-the-gap-recibe-reedicion\/#article\",\"isPartOf\":{\"@id\":\"https:\/\/web.consaguirre.com.ar\/noticias\/black-eyed-peas-bridging-the-gap-recibe-reedicion\/\"},\"author\":{\"name\":\"Javier Figueroa\",\"@id\":\"https:\/\/web.consaguirre.com.ar\/noticias\/#\/schema\/person\/6558b0cfedee7ddc5425602b237d5722\"},\"headline\":\"Black Eyed Peas &#8221; Bridging the Gap &#8216;recibe reedici\u00f3n\",\"datePublished\":\"2025-08-05T14:39:20+00:00\",\"dateModified\":\"2025-08-05T14:39:22+00:00\",\"mainEntityOfPage\":{\"@id\":\"https:\/\/web.consaguirre.com.ar\/noticias\/black-eyed-peas-bridging-the-gap-recibe-reedicion\/\"},\"wordCount\":369,\"publisher\":{\"@id\":\"https:\/\/web.consaguirre.com.ar\/noticias\/#organization\"},\"image\":{\"@id\":\"https:\/\/web.consaguirre.com.ar\/noticias\/black-eyed-peas-bridging-the-gap-recibe-reedicion\/#primaryimage\"},\"thumbnailUrl\":\"https:\/\/web.consaguirre.com.ar\/noticias\/wp-content\/uploads\/2025\/08\/Black-Eyed-Peas-Bridging-the-Gap-recibe-reedicion.jpg\",\"keywords\":[\"Black\",\"Bridging\",\"Eyed\",\"Gap\",\"Peas\",\"recibe\",\"reedici\u00f3n\"],\"articleSection\":[\"El \u00faltimo\"],\"inLanguage\":\"es-AR\"},{\"@type\":\"WebPage\",\"@id\":\"https:\/\/web.consaguirre.com.ar\/noticias\/black-eyed-peas-bridging-the-gap-recibe-reedicion\/\",\"url\":\"https:\/\/web.consaguirre.com.ar\/noticias\/black-eyed-peas-bridging-the-gap-recibe-reedicion\/\",\"name\":\"Black Eyed Peas '' Bridging the Gap 'recibe reedici\u00f3n\",\"isPartOf\":{\"@id\":\"https:\/\/web.consaguirre.com.ar\/noticias\/#website\"},\"primaryImageOfPage\":{\"@id\":\"https:\/\/web.consaguirre.com.ar\/noticias\/black-eyed-peas-bridging-the-gap-recibe-reedicion\/#primaryimage\"},\"image\":{\"@id\":\"https:\/\/web.consaguirre.com.ar\/noticias\/black-eyed-peas-bridging-the-gap-recibe-reedicion\/#primaryimage\"},\"thumbnailUrl\":\"https:\/\/web.consaguirre.com.ar\/noticias\/wp-content\/uploads\/2025\/08\/Black-Eyed-Peas-Bridging-the-Gap-recibe-reedicion.jpg\",\"datePublished\":\"2025-08-05T14:39:20+00:00\",\"dateModified\":\"2025-08-05T14:39:22+00:00\",\"breadcrumb\":{\"@id\":\"https:\/\/web.consaguirre.com.ar\/noticias\/black-eyed-peas-bridging-the-gap-recibe-reedicion\/#breadcrumb\"},\"inLanguage\":\"es-AR\",\"potentialAction\":[{\"@type\":\"ReadAction\",\"target\":[\"https:\/\/web.consaguirre.com.ar\/noticias\/black-eyed-peas-bridging-the-gap-recibe-reedicion\/\"]}]},{\"@type\":\"ImageObject\",\"inLanguage\":\"es-AR\",\"@id\":\"https:\/\/web.consaguirre.com.ar\/noticias\/black-eyed-peas-bridging-the-gap-recibe-reedicion\/#primaryimage\",\"url\":\"https:\/\/web.consaguirre.com.ar\/noticias\/wp-content\/uploads\/2025\/08\/Black-Eyed-Peas-Bridging-the-Gap-recibe-reedicion.jpg\",\"contentUrl\":\"https:\/\/web.consaguirre.com.ar\/noticias\/wp-content\/uploads\/2025\/08\/Black-Eyed-Peas-Bridging-the-Gap-recibe-reedicion.jpg\",\"width\":1440,\"height\":864,\"caption\":\"Black Eyed Peas '' Bridging the Gap 'recibe reedici\u00f3n\"},{\"@type\":\"BreadcrumbList\",\"@id\":\"https:\/\/web.consaguirre.com.ar\/noticias\/black-eyed-peas-bridging-the-gap-recibe-reedicion\/#breadcrumb\",\"itemListElement\":[{\"@type\":\"ListItem\",\"position\":1,\"name\":\"Inicio\",\"item\":\"https:\/\/web.consaguirre.com.ar\/noticias\/\"},{\"@type\":\"ListItem\",\"position\":2,\"name\":\"Black Eyed Peas &#8221; Bridging the Gap &#8216;recibe reedici\u00f3n\"}]},{\"@type\":\"WebSite\",\"@id\":\"https:\/\/web.consaguirre.com.ar\/noticias\/#website\",\"url\":\"https:\/\/web.consaguirre.com.ar\/noticias\/\",\"name\":\"Conservatorio de M\u00fasica Juli\u00e1n Aguirre\",\"description\":\"\",\"publisher\":{\"@id\":\"https:\/\/web.consaguirre.com.ar\/noticias\/#organization\"},\"potentialAction\":[{\"@type\":\"SearchAction\",\"target\":{\"@type\":\"EntryPoint\",\"urlTemplate\":\"https:\/\/web.consaguirre.com.ar\/noticias\/?s={search_term_string}\"},\"query-input\":\"required name=search_term_string\"}],\"inLanguage\":\"es-AR\"},{\"@type\":\"Organization\",\"@id\":\"https:\/\/web.consaguirre.com.ar\/noticias\/#organization\",\"name\":\"Conservatorio de M\u00fasica Juli\u00e1n Aguirre\",\"url\":\"https:\/\/web.consaguirre.com.ar\/noticias\/\",\"logo\":{\"@type\":\"ImageObject\",\"inLanguage\":\"es-AR\",\"@id\":\"https:\/\/web.consaguirre.com.ar\/noticias\/#\/schema\/logo\/image\/\",\"url\":\"https:\/\/web.consaguirre.com.ar\/noticias\/wp-content\/uploads\/2024\/08\/Banner-Aguirre-23.jpg\",\"contentUrl\":\"https:\/\/web.consaguirre.com.ar\/noticias\/wp-content\/uploads\/2024\/08\/Banner-Aguirre-23.jpg\",\"width\":1192,\"height\":600,\"caption\":\"Conservatorio de M\u00fasica Juli\u00e1n Aguirre\"},\"image\":{\"@id\":\"https:\/\/web.consaguirre.com.ar\/noticias\/#\/schema\/logo\/image\/\"}},{\"@type\":\"Person\",\"@id\":\"https:\/\/web.consaguirre.com.ar\/noticias\/#\/schema\/person\/6558b0cfedee7ddc5425602b237d5722\",\"name\":\"Javier Figueroa\",\"image\":{\"@type\":\"ImageObject\",\"inLanguage\":\"es-AR\",\"@id\":\"https:\/\/web.consaguirre.com.ar\/noticias\/#\/schema\/person\/image\/\",\"url\":\"https:\/\/web.consaguirre.com.ar\/noticias\/wp-content\/uploads\/2024\/08\/Consaguirre-scaled.jpg\",\"contentUrl\":\"https:\/\/web.consaguirre.com.ar\/noticias\/wp-content\/uploads\/2024\/08\/Consaguirre-scaled.jpg\",\"caption\":\"Javier Figueroa\"},\"description\":\"Me llamo Javier Figueroa y soy redactor para el sitio oficial del Conservatorio de M\u00fasica Juli\u00e1n Aguirre en Buenos Aires, consaguirre.com. Apasionado por la m\u00fasica y la escritura, me esfuerzo por destacar los talentos y eventos de nuestra prestigiosa instituci\u00f3n. Mi trayectoria se nutre de una profunda admiraci\u00f3n por los artistas, haciendo de cada art\u00edculo una celebraci\u00f3n de la creatividad y la cultura musical.\",\"sameAs\":[\"https:\/\/web.consaguirre.com.ar\/noticias\"]}]}<\/script>\n<!-- \/ Yoast SEO plugin. -->","yoast_head_json":{"title":"Black Eyed Peas '' Bridging the Gap 'recibe reedici\u00f3n","robots":{"index":"index","follow":"follow","max-snippet":"max-snippet:-1","max-image-preview":"max-image-preview:large","max-video-preview":"max-video-preview:-1"},"canonical":"https:\/\/web.consaguirre.com.ar\/noticias\/black-eyed-peas-bridging-the-gap-recibe-reedicion\/","og_locale":"es_ES","og_type":"article","og_title":"Black Eyed Peas '' Bridging the Gap 'recibe reedici\u00f3n","og_description":"Otro \u00e1lbum cl\u00e1sico de Black Eyed Peas est\u00e1 recibiendo una reedici\u00f3n de vinilo. Bridging the Gapel segundo registro del grupo POP-RAP, estar\u00e1 disponible en vinilo","og_url":"https:\/\/web.consaguirre.com.ar\/noticias\/black-eyed-peas-bridging-the-gap-recibe-reedicion\/","og_site_name":"Conservatorio de M\u00fasica Juli\u00e1n Aguirre","article_published_time":"2025-08-05T14:39:20+00:00","article_modified_time":"2025-08-05T14:39:22+00:00","og_image":[{"width":1440,"height":864,"url":"https:\/\/web.consaguirre.com.ar\/noticias\/wp-content\/uploads\/2025\/08\/Black-Eyed-Peas-Bridging-the-Gap-recibe-reedicion.jpg","type":"image\/jpeg"}],"author":"Javier Figueroa","twitter_card":"summary_large_image","twitter_misc":{"Escrito por":"Javier Figueroa","Tiempo de lectura":"2 minutos"},"schema":{"@context":"https:\/\/schema.org","@graph":[{"@type":"Article","@id":"https:\/\/web.consaguirre.com.ar\/noticias\/black-eyed-peas-bridging-the-gap-recibe-reedicion\/#article","isPartOf":{"@id":"https:\/\/web.consaguirre.com.ar\/noticias\/black-eyed-peas-bridging-the-gap-recibe-reedicion\/"},"author":{"name":"Javier Figueroa","@id":"https:\/\/web.consaguirre.com.ar\/noticias\/#\/schema\/person\/6558b0cfedee7ddc5425602b237d5722"},"headline":"Black Eyed Peas &#8221; Bridging the Gap &#8216;recibe reedici\u00f3n","datePublished":"2025-08-05T14:39:20+00:00","dateModified":"2025-08-05T14:39:22+00:00","mainEntityOfPage":{"@id":"https:\/\/web.consaguirre.com.ar\/noticias\/black-eyed-peas-bridging-the-gap-recibe-reedicion\/"},"wordCount":369,"publisher":{"@id":"https:\/\/web.consaguirre.com.ar\/noticias\/#organization"},"image":{"@id":"https:\/\/web.consaguirre.com.ar\/noticias\/black-eyed-peas-bridging-the-gap-recibe-reedicion\/#primaryimage"},"thumbnailUrl":"https:\/\/web.consaguirre.com.ar\/noticias\/wp-content\/uploads\/2025\/08\/Black-Eyed-Peas-Bridging-the-Gap-recibe-reedicion.jpg","keywords":["Black","Bridging","Eyed","Gap","Peas","recibe","reedici\u00f3n"],"articleSection":["El \u00faltimo"],"inLanguage":"es-AR"},{"@type":"WebPage","@id":"https:\/\/web.consaguirre.com.ar\/noticias\/black-eyed-peas-bridging-the-gap-recibe-reedicion\/","url":"https:\/\/web.consaguirre.com.ar\/noticias\/black-eyed-peas-bridging-the-gap-recibe-reedicion\/","name":"Black Eyed Peas '' Bridging the Gap 'recibe reedici\u00f3n","isPartOf":{"@id":"https:\/\/web.consaguirre.com.ar\/noticias\/#website"},"primaryImageOfPage":{"@id":"https:\/\/web.consaguirre.com.ar\/noticias\/black-eyed-peas-bridging-the-gap-recibe-reedicion\/#primaryimage"},"image":{"@id":"https:\/\/web.consaguirre.com.ar\/noticias\/black-eyed-peas-bridging-the-gap-recibe-reedicion\/#primaryimage"},"thumbnailUrl":"https:\/\/web.consaguirre.com.ar\/noticias\/wp-content\/uploads\/2025\/08\/Black-Eyed-Peas-Bridging-the-Gap-recibe-reedicion.jpg","datePublished":"2025-08-05T14:39:20+00:00","dateModified":"2025-08-05T14:39:22+00:00","breadcrumb":{"@id":"https:\/\/web.consaguirre.com.ar\/noticias\/black-eyed-peas-bridging-the-gap-recibe-reedicion\/#breadcrumb"},"inLanguage":"es-AR","potentialAction":[{"@type":"ReadAction","target":["https:\/\/web.consaguirre.com.ar\/noticias\/black-eyed-peas-bridging-the-gap-recibe-reedicion\/"]}]},{"@type":"ImageObject","inLanguage":"es-AR","@id":"https:\/\/web.consaguirre.com.ar\/noticias\/black-eyed-peas-bridging-the-gap-recibe-reedicion\/#primaryimage","url":"https:\/\/web.consaguirre.com.ar\/noticias\/wp-content\/uploads\/2025\/08\/Black-Eyed-Peas-Bridging-the-Gap-recibe-reedicion.jpg","contentUrl":"https:\/\/web.consaguirre.com.ar\/noticias\/wp-content\/uploads\/2025\/08\/Black-Eyed-Peas-Bridging-the-Gap-recibe-reedicion.jpg","width":1440,"height":864,"caption":"Black Eyed Peas '' Bridging the Gap 'recibe reedici\u00f3n"},{"@type":"BreadcrumbList","@id":"https:\/\/web.consaguirre.com.ar\/noticias\/black-eyed-peas-bridging-the-gap-recibe-reedicion\/#breadcrumb","itemListElement":[{"@type":"ListItem","position":1,"name":"Inicio","item":"https:\/\/web.consaguirre.com.ar\/noticias\/"},{"@type":"ListItem","position":2,"name":"Black Eyed Peas &#8221; Bridging the Gap &#8216;recibe reedici\u00f3n"}]},{"@type":"WebSite","@id":"https:\/\/web.consaguirre.com.ar\/noticias\/#website","url":"https:\/\/web.consaguirre.com.ar\/noticias\/","name":"Conservatorio de M\u00fasica Juli\u00e1n Aguirre","description":"","publisher":{"@id":"https:\/\/web.consaguirre.com.ar\/noticias\/#organization"},"potentialAction":[{"@type":"SearchAction","target":{"@type":"EntryPoint","urlTemplate":"https:\/\/web.consaguirre.com.ar\/noticias\/?s={search_term_string}"},"query-input":"required name=search_term_string"}],"inLanguage":"es-AR"},{"@type":"Organization","@id":"https:\/\/web.consaguirre.com.ar\/noticias\/#organization","name":"Conservatorio de M\u00fasica Juli\u00e1n Aguirre","url":"https:\/\/web.consaguirre.com.ar\/noticias\/","logo":{"@type":"ImageObject","inLanguage":"es-AR","@id":"https:\/\/web.consaguirre.com.ar\/noticias\/#\/schema\/logo\/image\/","url":"https:\/\/web.consaguirre.com.ar\/noticias\/wp-content\/uploads\/2024\/08\/Banner-Aguirre-23.jpg","contentUrl":"https:\/\/web.consaguirre.com.ar\/noticias\/wp-content\/uploads\/2024\/08\/Banner-Aguirre-23.jpg","width":1192,"height":600,"caption":"Conservatorio de M\u00fasica Juli\u00e1n Aguirre"},"image":{"@id":"https:\/\/web.consaguirre.com.ar\/noticias\/#\/schema\/logo\/image\/"}},{"@type":"Person","@id":"https:\/\/web.consaguirre.com.ar\/noticias\/#\/schema\/person\/6558b0cfedee7ddc5425602b237d5722","name":"Javier Figueroa","image":{"@type":"ImageObject","inLanguage":"es-AR","@id":"https:\/\/web.consaguirre.com.ar\/noticias\/#\/schema\/person\/image\/","url":"https:\/\/web.consaguirre.com.ar\/noticias\/wp-content\/uploads\/2024\/08\/Consaguirre-scaled.jpg","contentUrl":"https:\/\/web.consaguirre.com.ar\/noticias\/wp-content\/uploads\/2024\/08\/Consaguirre-scaled.jpg","caption":"Javier Figueroa"},"description":"Me llamo Javier Figueroa y soy redactor para el sitio oficial del Conservatorio de M\u00fasica Juli\u00e1n Aguirre en Buenos Aires, consaguirre.com. Apasionado por la m\u00fasica y la escritura, me esfuerzo por destacar los talentos y eventos de nuestra prestigiosa instituci\u00f3n. Mi trayectoria se nutre de una profunda admiraci\u00f3n por los artistas, haciendo de cada art\u00edculo una celebraci\u00f3n de la creatividad y la cultura musical.","sameAs":["https:\/\/web.consaguirre.com.ar\/noticias"]}]}},"_links":{"self":[{"href":"https:\/\/web.consaguirre.com.ar\/noticias\/wp-json\/wp\/v2\/posts\/3366"}],"collection":[{"href":"https:\/\/web.consaguirre.com.ar\/noticias\/wp-json\/wp\/v2\/posts"}],"about":[{"href":"https:\/\/web.consaguirre.com.ar\/noticias\/wp-json\/wp\/v2\/types\/post"}],"author":[{"embeddable":true,"href":"https:\/\/web.consaguirre.com.ar\/noticias\/wp-json\/wp\/v2\/users\/1"}],"replies":[{"embeddable":true,"href":"https:\/\/web.consaguirre.com.ar\/noticias\/wp-json\/wp\/v2\/comments?post=3366"}],"version-history":[{"count":1,"href":"https:\/\/web.consaguirre.com.ar\/noticias\/wp-json\/wp\/v2\/posts\/3366\/revisions"}],"predecessor-version":[{"id":3368,"href":"https:\/\/web.consaguirre.com.ar\/noticias\/wp-json\/wp\/v2\/posts\/3366\/revisions\/3368"}],"wp:featuredmedia":[{"embeddable":true,"href":"https:\/\/web.consaguirre.com.ar\/noticias\/wp-json\/wp\/v2\/media\/3367"}],"wp:attachment":[{"href":"https:\/\/web.consaguirre.com.ar\/noticias\/wp-json\/wp\/v2\/media?parent=3366"}],"wp:term":[{"taxonomy":"category","embeddable":true,"href":"https:\/\/web.consaguirre.com.ar\/noticias\/wp-json\/wp\/v2\/categories?post=3366"},{"taxonomy":"post_tag","embeddable":true,"href":"https:\/\/web.consaguirre.com.ar\/noticias\/wp-json\/wp\/v2\/tags?post=3366"}],"curies":[{"name":"wp","href":"https:\/\/api.w.org\/{rel}","templated":true}]}}