{"id":3363,"date":"2025-08-04T20:38:10","date_gmt":"2025-08-04T23:38:10","guid":{"rendered":"https:\/\/web.consaguirre.com.ar\/noticias\/montara-de-bobby-hutcherson-para-recibir-la-reedicion-de-la-serie-de-poetas-de-tono-azul-nota\/"},"modified":"2025-08-04T20:38:11","modified_gmt":"2025-08-04T23:38:11","slug":"montara-de-bobby-hutcherson-para-recibir-la-reedicion-de-la-serie-de-poetas-de-tono-azul-nota","status":"publish","type":"post","link":"https:\/\/web.consaguirre.com.ar\/noticias\/montara-de-bobby-hutcherson-para-recibir-la-reedicion-de-la-serie-de-poetas-de-tono-azul-nota\/","title":{"rendered":"&#8216;Montara&#8217; de Bobby Hutcherson para recibir la reedici\u00f3n de la serie de poetas de tono azul nota"},"content":{"rendered":"<p>El r\u00e9cord de 1975 del vibrafonista de jazz Bobby Hutcherson <em>Montara<\/em> Es el \u00faltimo \u00e1lbum en unirse a la serie Tone Poet Reiss de Blue Note. La nueva edici\u00f3n del registro est\u00e1 disponible para preordenar ahora.<\/p>\n<p>Grabado en la planta r\u00e9cord de Los \u00c1ngeles en sesiones de dos d\u00edas en 1975, <em>Montara<\/em> Saw Hutcherson asumi\u00f3 portadas de pistas cl\u00e1sicas como &#8220;Oye Como VA&#8221; de Tito Puente y &#8220;Little Angel&#8221; de Eddie Martinez, tambi\u00e9n present\u00f3 originales de Hutcherson como &#8220;Yuyo&#8221; y la canci\u00f3n principal.<\/p>\n<p>Se unieron a Hutcherson en el estudio estaban los gustos de Pias Johnson (flauta); Oscar Brashear y Blue Mitchell (trompeta); Ernie Watts y Fred Jackson, Jr. (saxof\u00f3n tenor); Eddie Cano (piano); Dennis Budimir (guitarra); Chuck Domanico y Dave Troncoso (bajo); y Harvey Mason (bater\u00eda). Los arreglos para el grupo fueron proporcionados por Dale Oehler. <em>Montara<\/em> Marcado uno de los dos lanzamientos de Blue Note de Hutcherson en 1975, fue precedido por el \u00e1lbum de estudio <em>Linger Lane<\/em>.<\/p>\n<p>Lanzado en 2019, la serie Blue Note Tone Poet presenta cl\u00e1sicos de jazz producidos por el mismo &#8220;Tone Poet&#8221;, Joe Harley, dominado por Kevin Gray de Cohearent Audio, y compilado en vinilo de 180 gramos. Cada t\u00edtulo de la serie se selecciona a mano del extenso cat\u00e1logo posterior de Blue Note, que se remonta a 1939. La serie tambi\u00e9n abarca lanzamientos de etiquetas bajo el paraguas de Blue Note, incluidos Pacific Jazz, United Artists y Solid State.<\/p>\n<p>Hutcherson&#8217;s <em>Montara<\/em> Se une a lanzamientos de personas como Wayne Shorter, Stanley Turrentine, Duke Ellington y Chet Baker. Tampoco es el primer \u00e1lbum de Hutcherson en unirse a la colecci\u00f3n: la serie Tone Poet ha vuelto a emitir m\u00faltiples de sus LP, incluidos <em>Oblicuo<\/em>, <em>El pateador, <\/em>y <em>Di\u00e1logo<\/em>todas las cuales capturan sesiones raras que Hutcherson registr\u00f3 en la d\u00e9cada de 1960.<\/p>\n<p>Compre la m\u00fasica de Bobby Hutcherson en Vinyl Now.<\/p>\n","protected":false},"excerpt":{"rendered":"<p>El r\u00e9cord de 1975 del vibrafonista de jazz Bobby Hutcherson Montara Es el \u00faltimo \u00e1lbum en unirse a la serie Tone Poet Reiss de Blue<\/p>\n","protected":false},"author":1,"featured_media":3364,"comment_status":"closed","ping_status":"","sticky":false,"template":"","format":"standard","meta":{"footnotes":""},"categories":[50],"tags":[2044,517,2960,2959,2043,154,2961,1813,117,220,2075],"class_list":["post-3363","post","type-post","status-publish","format-standard","has-post-thumbnail","hentry","category-el-ultimo","tag-azul","tag-bobby","tag-hutcherson","tag-montara","tag-nota","tag-para","tag-poetas","tag-recibir","tag-reedicion","tag-serie","tag-tono","generate-columns","tablet-grid-50","mobile-grid-100","grid-parent","grid-50"],"yoast_head":"<!-- This site is optimized with the Yoast SEO plugin v23.3 - https:\/\/yoast.com\/wordpress\/plugins\/seo\/ -->\n<title>&#039;Montara&#039; de Bobby Hutcherson para recibir la reedici\u00f3n de la serie de poetas de tono azul nota<\/title>\n<meta name=\"robots\" content=\"index, follow, max-snippet:-1, max-image-preview:large, max-video-preview:-1\" \/>\n<link rel=\"canonical\" href=\"https:\/\/web.consaguirre.com.ar\/noticias\/montara-de-bobby-hutcherson-para-recibir-la-reedicion-de-la-serie-de-poetas-de-tono-azul-nota\/\" \/>\n<meta property=\"og:locale\" content=\"es_ES\" \/>\n<meta property=\"og:type\" content=\"article\" \/>\n<meta property=\"og:title\" content=\"&#039;Montara&#039; de Bobby Hutcherson para recibir la reedici\u00f3n de la serie de poetas de tono azul nota\" \/>\n<meta property=\"og:description\" content=\"El r\u00e9cord de 1975 del vibrafonista de jazz Bobby Hutcherson Montara Es el \u00faltimo \u00e1lbum en unirse a la serie Tone Poet Reiss de Blue\" \/>\n<meta property=\"og:url\" content=\"https:\/\/web.consaguirre.com.ar\/noticias\/montara-de-bobby-hutcherson-para-recibir-la-reedicion-de-la-serie-de-poetas-de-tono-azul-nota\/\" \/>\n<meta property=\"og:site_name\" content=\"Conservatorio de M\u00fasica Juli\u00e1n Aguirre\" \/>\n<meta property=\"article:published_time\" content=\"2025-08-04T23:38:10+00:00\" \/>\n<meta property=\"article:modified_time\" content=\"2025-08-04T23:38:11+00:00\" \/>\n<meta property=\"og:image\" content=\"https:\/\/web.consaguirre.com.ar\/noticias\/wp-content\/uploads\/2025\/08\/Montara-de-Bobby-Hutcherson-para-recibir-la-reedicion-de-la.jpg\" \/>\n\t<meta property=\"og:image:width\" content=\"1280\" \/>\n\t<meta property=\"og:image:height\" content=\"1280\" \/>\n\t<meta property=\"og:image:type\" content=\"image\/jpeg\" \/>\n<meta name=\"author\" content=\"Javier Figueroa\" \/>\n<meta name=\"twitter:card\" content=\"summary_large_image\" \/>\n<meta name=\"twitter:label1\" content=\"Escrito por\" \/>\n\t<meta name=\"twitter:data1\" content=\"Javier Figueroa\" \/>\n\t<meta name=\"twitter:label2\" content=\"Tiempo de lectura\" \/>\n\t<meta name=\"twitter:data2\" content=\"2 minutos\" \/>\n<script type=\"application\/ld+json\" class=\"yoast-schema-graph\">{\"@context\":\"https:\/\/schema.org\",\"@graph\":[{\"@type\":\"Article\",\"@id\":\"https:\/\/web.consaguirre.com.ar\/noticias\/montara-de-bobby-hutcherson-para-recibir-la-reedicion-de-la-serie-de-poetas-de-tono-azul-nota\/#article\",\"isPartOf\":{\"@id\":\"https:\/\/web.consaguirre.com.ar\/noticias\/montara-de-bobby-hutcherson-para-recibir-la-reedicion-de-la-serie-de-poetas-de-tono-azul-nota\/\"},\"author\":{\"name\":\"Javier Figueroa\",\"@id\":\"https:\/\/web.consaguirre.com.ar\/noticias\/#\/schema\/person\/6558b0cfedee7ddc5425602b237d5722\"},\"headline\":\"&#8216;Montara&#8217; de Bobby Hutcherson para recibir la reedici\u00f3n de la serie de poetas de tono azul nota\",\"datePublished\":\"2025-08-04T23:38:10+00:00\",\"dateModified\":\"2025-08-04T23:38:11+00:00\",\"mainEntityOfPage\":{\"@id\":\"https:\/\/web.consaguirre.com.ar\/noticias\/montara-de-bobby-hutcherson-para-recibir-la-reedicion-de-la-serie-de-poetas-de-tono-azul-nota\/\"},\"wordCount\":337,\"publisher\":{\"@id\":\"https:\/\/web.consaguirre.com.ar\/noticias\/#organization\"},\"image\":{\"@id\":\"https:\/\/web.consaguirre.com.ar\/noticias\/montara-de-bobby-hutcherson-para-recibir-la-reedicion-de-la-serie-de-poetas-de-tono-azul-nota\/#primaryimage\"},\"thumbnailUrl\":\"https:\/\/web.consaguirre.com.ar\/noticias\/wp-content\/uploads\/2025\/08\/Montara-de-Bobby-Hutcherson-para-recibir-la-reedicion-de-la.jpg\",\"keywords\":[\"azul\",\"Bobby\",\"Hutcherson\",\"Montara\",\"Nota\",\"para\",\"poetas\",\"recibir\",\"reedici\u00f3n\",\"serie\",\"Tono\"],\"articleSection\":[\"El \u00faltimo\"],\"inLanguage\":\"es-AR\"},{\"@type\":\"WebPage\",\"@id\":\"https:\/\/web.consaguirre.com.ar\/noticias\/montara-de-bobby-hutcherson-para-recibir-la-reedicion-de-la-serie-de-poetas-de-tono-azul-nota\/\",\"url\":\"https:\/\/web.consaguirre.com.ar\/noticias\/montara-de-bobby-hutcherson-para-recibir-la-reedicion-de-la-serie-de-poetas-de-tono-azul-nota\/\",\"name\":\"'Montara' de Bobby Hutcherson para recibir la reedici\u00f3n de la serie de poetas de tono azul nota\",\"isPartOf\":{\"@id\":\"https:\/\/web.consaguirre.com.ar\/noticias\/#website\"},\"primaryImageOfPage\":{\"@id\":\"https:\/\/web.consaguirre.com.ar\/noticias\/montara-de-bobby-hutcherson-para-recibir-la-reedicion-de-la-serie-de-poetas-de-tono-azul-nota\/#primaryimage\"},\"image\":{\"@id\":\"https:\/\/web.consaguirre.com.ar\/noticias\/montara-de-bobby-hutcherson-para-recibir-la-reedicion-de-la-serie-de-poetas-de-tono-azul-nota\/#primaryimage\"},\"thumbnailUrl\":\"https:\/\/web.consaguirre.com.ar\/noticias\/wp-content\/uploads\/2025\/08\/Montara-de-Bobby-Hutcherson-para-recibir-la-reedicion-de-la.jpg\",\"datePublished\":\"2025-08-04T23:38:10+00:00\",\"dateModified\":\"2025-08-04T23:38:11+00:00\",\"breadcrumb\":{\"@id\":\"https:\/\/web.consaguirre.com.ar\/noticias\/montara-de-bobby-hutcherson-para-recibir-la-reedicion-de-la-serie-de-poetas-de-tono-azul-nota\/#breadcrumb\"},\"inLanguage\":\"es-AR\",\"potentialAction\":[{\"@type\":\"ReadAction\",\"target\":[\"https:\/\/web.consaguirre.com.ar\/noticias\/montara-de-bobby-hutcherson-para-recibir-la-reedicion-de-la-serie-de-poetas-de-tono-azul-nota\/\"]}]},{\"@type\":\"ImageObject\",\"inLanguage\":\"es-AR\",\"@id\":\"https:\/\/web.consaguirre.com.ar\/noticias\/montara-de-bobby-hutcherson-para-recibir-la-reedicion-de-la-serie-de-poetas-de-tono-azul-nota\/#primaryimage\",\"url\":\"https:\/\/web.consaguirre.com.ar\/noticias\/wp-content\/uploads\/2025\/08\/Montara-de-Bobby-Hutcherson-para-recibir-la-reedicion-de-la.jpg\",\"contentUrl\":\"https:\/\/web.consaguirre.com.ar\/noticias\/wp-content\/uploads\/2025\/08\/Montara-de-Bobby-Hutcherson-para-recibir-la-reedicion-de-la.jpg\",\"width\":1280,\"height\":1280,\"caption\":\"'Montara' de Bobby Hutcherson para recibir la reedici\u00f3n de la serie de poetas de tono azul nota\"},{\"@type\":\"BreadcrumbList\",\"@id\":\"https:\/\/web.consaguirre.com.ar\/noticias\/montara-de-bobby-hutcherson-para-recibir-la-reedicion-de-la-serie-de-poetas-de-tono-azul-nota\/#breadcrumb\",\"itemListElement\":[{\"@type\":\"ListItem\",\"position\":1,\"name\":\"Inicio\",\"item\":\"https:\/\/web.consaguirre.com.ar\/noticias\/\"},{\"@type\":\"ListItem\",\"position\":2,\"name\":\"&#8216;Montara&#8217; de Bobby Hutcherson para recibir la reedici\u00f3n de la serie de poetas de tono azul nota\"}]},{\"@type\":\"WebSite\",\"@id\":\"https:\/\/web.consaguirre.com.ar\/noticias\/#website\",\"url\":\"https:\/\/web.consaguirre.com.ar\/noticias\/\",\"name\":\"Conservatorio de M\u00fasica Juli\u00e1n Aguirre\",\"description\":\"\",\"publisher\":{\"@id\":\"https:\/\/web.consaguirre.com.ar\/noticias\/#organization\"},\"potentialAction\":[{\"@type\":\"SearchAction\",\"target\":{\"@type\":\"EntryPoint\",\"urlTemplate\":\"https:\/\/web.consaguirre.com.ar\/noticias\/?s={search_term_string}\"},\"query-input\":\"required name=search_term_string\"}],\"inLanguage\":\"es-AR\"},{\"@type\":\"Organization\",\"@id\":\"https:\/\/web.consaguirre.com.ar\/noticias\/#organization\",\"name\":\"Conservatorio de M\u00fasica Juli\u00e1n Aguirre\",\"url\":\"https:\/\/web.consaguirre.com.ar\/noticias\/\",\"logo\":{\"@type\":\"ImageObject\",\"inLanguage\":\"es-AR\",\"@id\":\"https:\/\/web.consaguirre.com.ar\/noticias\/#\/schema\/logo\/image\/\",\"url\":\"https:\/\/web.consaguirre.com.ar\/noticias\/wp-content\/uploads\/2024\/08\/Banner-Aguirre-23.jpg\",\"contentUrl\":\"https:\/\/web.consaguirre.com.ar\/noticias\/wp-content\/uploads\/2024\/08\/Banner-Aguirre-23.jpg\",\"width\":1192,\"height\":600,\"caption\":\"Conservatorio de M\u00fasica Juli\u00e1n Aguirre\"},\"image\":{\"@id\":\"https:\/\/web.consaguirre.com.ar\/noticias\/#\/schema\/logo\/image\/\"}},{\"@type\":\"Person\",\"@id\":\"https:\/\/web.consaguirre.com.ar\/noticias\/#\/schema\/person\/6558b0cfedee7ddc5425602b237d5722\",\"name\":\"Javier Figueroa\",\"image\":{\"@type\":\"ImageObject\",\"inLanguage\":\"es-AR\",\"@id\":\"https:\/\/web.consaguirre.com.ar\/noticias\/#\/schema\/person\/image\/\",\"url\":\"https:\/\/web.consaguirre.com.ar\/noticias\/wp-content\/uploads\/2024\/08\/Consaguirre-scaled.jpg\",\"contentUrl\":\"https:\/\/web.consaguirre.com.ar\/noticias\/wp-content\/uploads\/2024\/08\/Consaguirre-scaled.jpg\",\"caption\":\"Javier Figueroa\"},\"description\":\"Me llamo Javier Figueroa y soy redactor para el sitio oficial del Conservatorio de M\u00fasica Juli\u00e1n Aguirre en Buenos Aires, consaguirre.com. Apasionado por la m\u00fasica y la escritura, me esfuerzo por destacar los talentos y eventos de nuestra prestigiosa instituci\u00f3n. Mi trayectoria se nutre de una profunda admiraci\u00f3n por los artistas, haciendo de cada art\u00edculo una celebraci\u00f3n de la creatividad y la cultura musical.\",\"sameAs\":[\"https:\/\/web.consaguirre.com.ar\/noticias\"]}]}<\/script>\n<!-- \/ Yoast SEO plugin. -->","yoast_head_json":{"title":"'Montara' de Bobby Hutcherson para recibir la reedici\u00f3n de la serie de poetas de tono azul nota","robots":{"index":"index","follow":"follow","max-snippet":"max-snippet:-1","max-image-preview":"max-image-preview:large","max-video-preview":"max-video-preview:-1"},"canonical":"https:\/\/web.consaguirre.com.ar\/noticias\/montara-de-bobby-hutcherson-para-recibir-la-reedicion-de-la-serie-de-poetas-de-tono-azul-nota\/","og_locale":"es_ES","og_type":"article","og_title":"'Montara' de Bobby Hutcherson para recibir la reedici\u00f3n de la serie de poetas de tono azul nota","og_description":"El r\u00e9cord de 1975 del vibrafonista de jazz Bobby Hutcherson Montara Es el \u00faltimo \u00e1lbum en unirse a la serie Tone Poet Reiss de Blue","og_url":"https:\/\/web.consaguirre.com.ar\/noticias\/montara-de-bobby-hutcherson-para-recibir-la-reedicion-de-la-serie-de-poetas-de-tono-azul-nota\/","og_site_name":"Conservatorio de M\u00fasica Juli\u00e1n Aguirre","article_published_time":"2025-08-04T23:38:10+00:00","article_modified_time":"2025-08-04T23:38:11+00:00","og_image":[{"width":1280,"height":1280,"url":"https:\/\/web.consaguirre.com.ar\/noticias\/wp-content\/uploads\/2025\/08\/Montara-de-Bobby-Hutcherson-para-recibir-la-reedicion-de-la.jpg","type":"image\/jpeg"}],"author":"Javier Figueroa","twitter_card":"summary_large_image","twitter_misc":{"Escrito por":"Javier Figueroa","Tiempo de lectura":"2 minutos"},"schema":{"@context":"https:\/\/schema.org","@graph":[{"@type":"Article","@id":"https:\/\/web.consaguirre.com.ar\/noticias\/montara-de-bobby-hutcherson-para-recibir-la-reedicion-de-la-serie-de-poetas-de-tono-azul-nota\/#article","isPartOf":{"@id":"https:\/\/web.consaguirre.com.ar\/noticias\/montara-de-bobby-hutcherson-para-recibir-la-reedicion-de-la-serie-de-poetas-de-tono-azul-nota\/"},"author":{"name":"Javier Figueroa","@id":"https:\/\/web.consaguirre.com.ar\/noticias\/#\/schema\/person\/6558b0cfedee7ddc5425602b237d5722"},"headline":"&#8216;Montara&#8217; de Bobby Hutcherson para recibir la reedici\u00f3n de la serie de poetas de tono azul nota","datePublished":"2025-08-04T23:38:10+00:00","dateModified":"2025-08-04T23:38:11+00:00","mainEntityOfPage":{"@id":"https:\/\/web.consaguirre.com.ar\/noticias\/montara-de-bobby-hutcherson-para-recibir-la-reedicion-de-la-serie-de-poetas-de-tono-azul-nota\/"},"wordCount":337,"publisher":{"@id":"https:\/\/web.consaguirre.com.ar\/noticias\/#organization"},"image":{"@id":"https:\/\/web.consaguirre.com.ar\/noticias\/montara-de-bobby-hutcherson-para-recibir-la-reedicion-de-la-serie-de-poetas-de-tono-azul-nota\/#primaryimage"},"thumbnailUrl":"https:\/\/web.consaguirre.com.ar\/noticias\/wp-content\/uploads\/2025\/08\/Montara-de-Bobby-Hutcherson-para-recibir-la-reedicion-de-la.jpg","keywords":["azul","Bobby","Hutcherson","Montara","Nota","para","poetas","recibir","reedici\u00f3n","serie","Tono"],"articleSection":["El \u00faltimo"],"inLanguage":"es-AR"},{"@type":"WebPage","@id":"https:\/\/web.consaguirre.com.ar\/noticias\/montara-de-bobby-hutcherson-para-recibir-la-reedicion-de-la-serie-de-poetas-de-tono-azul-nota\/","url":"https:\/\/web.consaguirre.com.ar\/noticias\/montara-de-bobby-hutcherson-para-recibir-la-reedicion-de-la-serie-de-poetas-de-tono-azul-nota\/","name":"'Montara' de Bobby Hutcherson para recibir la reedici\u00f3n de la serie de poetas de tono azul nota","isPartOf":{"@id":"https:\/\/web.consaguirre.com.ar\/noticias\/#website"},"primaryImageOfPage":{"@id":"https:\/\/web.consaguirre.com.ar\/noticias\/montara-de-bobby-hutcherson-para-recibir-la-reedicion-de-la-serie-de-poetas-de-tono-azul-nota\/#primaryimage"},"image":{"@id":"https:\/\/web.consaguirre.com.ar\/noticias\/montara-de-bobby-hutcherson-para-recibir-la-reedicion-de-la-serie-de-poetas-de-tono-azul-nota\/#primaryimage"},"thumbnailUrl":"https:\/\/web.consaguirre.com.ar\/noticias\/wp-content\/uploads\/2025\/08\/Montara-de-Bobby-Hutcherson-para-recibir-la-reedicion-de-la.jpg","datePublished":"2025-08-04T23:38:10+00:00","dateModified":"2025-08-04T23:38:11+00:00","breadcrumb":{"@id":"https:\/\/web.consaguirre.com.ar\/noticias\/montara-de-bobby-hutcherson-para-recibir-la-reedicion-de-la-serie-de-poetas-de-tono-azul-nota\/#breadcrumb"},"inLanguage":"es-AR","potentialAction":[{"@type":"ReadAction","target":["https:\/\/web.consaguirre.com.ar\/noticias\/montara-de-bobby-hutcherson-para-recibir-la-reedicion-de-la-serie-de-poetas-de-tono-azul-nota\/"]}]},{"@type":"ImageObject","inLanguage":"es-AR","@id":"https:\/\/web.consaguirre.com.ar\/noticias\/montara-de-bobby-hutcherson-para-recibir-la-reedicion-de-la-serie-de-poetas-de-tono-azul-nota\/#primaryimage","url":"https:\/\/web.consaguirre.com.ar\/noticias\/wp-content\/uploads\/2025\/08\/Montara-de-Bobby-Hutcherson-para-recibir-la-reedicion-de-la.jpg","contentUrl":"https:\/\/web.consaguirre.com.ar\/noticias\/wp-content\/uploads\/2025\/08\/Montara-de-Bobby-Hutcherson-para-recibir-la-reedicion-de-la.jpg","width":1280,"height":1280,"caption":"'Montara' de Bobby Hutcherson para recibir la reedici\u00f3n de la serie de poetas de tono azul nota"},{"@type":"BreadcrumbList","@id":"https:\/\/web.consaguirre.com.ar\/noticias\/montara-de-bobby-hutcherson-para-recibir-la-reedicion-de-la-serie-de-poetas-de-tono-azul-nota\/#breadcrumb","itemListElement":[{"@type":"ListItem","position":1,"name":"Inicio","item":"https:\/\/web.consaguirre.com.ar\/noticias\/"},{"@type":"ListItem","position":2,"name":"&#8216;Montara&#8217; de Bobby Hutcherson para recibir la reedici\u00f3n de la serie de poetas de tono azul nota"}]},{"@type":"WebSite","@id":"https:\/\/web.consaguirre.com.ar\/noticias\/#website","url":"https:\/\/web.consaguirre.com.ar\/noticias\/","name":"Conservatorio de M\u00fasica Juli\u00e1n Aguirre","description":"","publisher":{"@id":"https:\/\/web.consaguirre.com.ar\/noticias\/#organization"},"potentialAction":[{"@type":"SearchAction","target":{"@type":"EntryPoint","urlTemplate":"https:\/\/web.consaguirre.com.ar\/noticias\/?s={search_term_string}"},"query-input":"required name=search_term_string"}],"inLanguage":"es-AR"},{"@type":"Organization","@id":"https:\/\/web.consaguirre.com.ar\/noticias\/#organization","name":"Conservatorio de M\u00fasica Juli\u00e1n Aguirre","url":"https:\/\/web.consaguirre.com.ar\/noticias\/","logo":{"@type":"ImageObject","inLanguage":"es-AR","@id":"https:\/\/web.consaguirre.com.ar\/noticias\/#\/schema\/logo\/image\/","url":"https:\/\/web.consaguirre.com.ar\/noticias\/wp-content\/uploads\/2024\/08\/Banner-Aguirre-23.jpg","contentUrl":"https:\/\/web.consaguirre.com.ar\/noticias\/wp-content\/uploads\/2024\/08\/Banner-Aguirre-23.jpg","width":1192,"height":600,"caption":"Conservatorio de M\u00fasica Juli\u00e1n Aguirre"},"image":{"@id":"https:\/\/web.consaguirre.com.ar\/noticias\/#\/schema\/logo\/image\/"}},{"@type":"Person","@id":"https:\/\/web.consaguirre.com.ar\/noticias\/#\/schema\/person\/6558b0cfedee7ddc5425602b237d5722","name":"Javier Figueroa","image":{"@type":"ImageObject","inLanguage":"es-AR","@id":"https:\/\/web.consaguirre.com.ar\/noticias\/#\/schema\/person\/image\/","url":"https:\/\/web.consaguirre.com.ar\/noticias\/wp-content\/uploads\/2024\/08\/Consaguirre-scaled.jpg","contentUrl":"https:\/\/web.consaguirre.com.ar\/noticias\/wp-content\/uploads\/2024\/08\/Consaguirre-scaled.jpg","caption":"Javier Figueroa"},"description":"Me llamo Javier Figueroa y soy redactor para el sitio oficial del Conservatorio de M\u00fasica Juli\u00e1n Aguirre en Buenos Aires, consaguirre.com. Apasionado por la m\u00fasica y la escritura, me esfuerzo por destacar los talentos y eventos de nuestra prestigiosa instituci\u00f3n. Mi trayectoria se nutre de una profunda admiraci\u00f3n por los artistas, haciendo de cada art\u00edculo una celebraci\u00f3n de la creatividad y la cultura musical.","sameAs":["https:\/\/web.consaguirre.com.ar\/noticias"]}]}},"_links":{"self":[{"href":"https:\/\/web.consaguirre.com.ar\/noticias\/wp-json\/wp\/v2\/posts\/3363"}],"collection":[{"href":"https:\/\/web.consaguirre.com.ar\/noticias\/wp-json\/wp\/v2\/posts"}],"about":[{"href":"https:\/\/web.consaguirre.com.ar\/noticias\/wp-json\/wp\/v2\/types\/post"}],"author":[{"embeddable":true,"href":"https:\/\/web.consaguirre.com.ar\/noticias\/wp-json\/wp\/v2\/users\/1"}],"replies":[{"embeddable":true,"href":"https:\/\/web.consaguirre.com.ar\/noticias\/wp-json\/wp\/v2\/comments?post=3363"}],"version-history":[{"count":1,"href":"https:\/\/web.consaguirre.com.ar\/noticias\/wp-json\/wp\/v2\/posts\/3363\/revisions"}],"predecessor-version":[{"id":3365,"href":"https:\/\/web.consaguirre.com.ar\/noticias\/wp-json\/wp\/v2\/posts\/3363\/revisions\/3365"}],"wp:featuredmedia":[{"embeddable":true,"href":"https:\/\/web.consaguirre.com.ar\/noticias\/wp-json\/wp\/v2\/media\/3364"}],"wp:attachment":[{"href":"https:\/\/web.consaguirre.com.ar\/noticias\/wp-json\/wp\/v2\/media?parent=3363"}],"wp:term":[{"taxonomy":"category","embeddable":true,"href":"https:\/\/web.consaguirre.com.ar\/noticias\/wp-json\/wp\/v2\/categories?post=3363"},{"taxonomy":"post_tag","embeddable":true,"href":"https:\/\/web.consaguirre.com.ar\/noticias\/wp-json\/wp\/v2\/tags?post=3363"}],"curies":[{"name":"wp","href":"https:\/\/api.w.org\/{rel}","templated":true}]}}