{"id":3354,"date":"2025-08-04T11:40:05","date_gmt":"2025-08-04T14:40:05","guid":{"rendered":"https:\/\/web.consaguirre.com.ar\/noticias\/stanley-turrentine-in-memory-of-se-une-a-blue-note-tone-poet-series\/"},"modified":"2025-08-04T11:40:07","modified_gmt":"2025-08-04T14:40:07","slug":"stanley-turrentine-in-memory-of-se-une-a-blue-note-tone-poet-series","status":"publish","type":"post","link":"https:\/\/web.consaguirre.com.ar\/noticias\/stanley-turrentine-in-memory-of-se-une-a-blue-note-tone-poet-series\/","title":{"rendered":"Stanley Turrentine &#8216;In Memory of&#8217; se une a Blue Note Tone Poet Series"},"content":{"rendered":"<p>Saxofonista de Pittsburgh Stanley Turrentine&#8217;s \u00e1lbum <em>En memoria de<\/em> est\u00e1 recibiendo una nueva reedici\u00f3n por cortes\u00eda de la serie Blue Note Tone Poet.<\/p>\n<p>Grabado en 1964 pero no lanzado en el sello hasta 1979, <em>En memoria de<\/em> Va turrentina colabor\u00f3 con personajes como Herbie Hancock, Blue Mitchell, Bob Cranshaw, Curtis Fuller y Otis Finch. El disco de seis pistas captur\u00f3 una sesi\u00f3n que los artistas compartieron el 3 de junio de 1964 en el estudio Van Gelder en Englewood Cliffs, Nueva Jersey.<\/p>\n<p>El \u00e1lbum presenta una variedad de portadas de Wes Montgomery, Bobby Benson y Bill Lee. <em>En memoria de<\/em> fue producido por Alfred Lion y dise\u00f1ado por Rudy Van Gelder. El \u00e1lbum marca solo una de las innumerables sesiones que Turrentine toc\u00f3 en 1964, muchos en colaboraci\u00f3n con los organistas Jimmy Smith y Shirley Scott, el \u00faltimo de los que se cas\u00f3 desde 1960 hasta 1971. Turrentine muri\u00f3 en 2000 despu\u00e9s de un derrame cerebral, continu\u00f3 tocando m\u00fasica, con un ojo espec\u00edfico con la fusi\u00f3n del alma y jazz, hasta fines de la d\u00e9cada de 1990.<\/p>\n<p><em>En memoria de<\/em> es el \u00faltimo de las obras de Turrentine para unirse a la serie Blue Note Tone Poet, lanzada en 2019 por el productor y &#8220;Poeta de Tone&#8221; Joe Harley, quien selecciona todos los discos reeditados en la serie. Los registros de turrentina previamente ofrecidos incluyen <em>Ah\u00ed es donde est\u00e1<\/em>, <em>Rough &#8216;n tumble<\/em>, <em>Vegetando a tu manera<\/em> y <em>Sr. Natural<\/em>. Los artistas recientes destacados en la serie incluyen Chet Baker, Duke Ellington, Bobby Hutcherson, Dexter Gordon, Hank Mobley y Baby Face Willette.<\/p>\n<p>Compre m\u00fasica de turrentina Stanely en vinilo aqu\u00ed.<\/p>\n","protected":false},"excerpt":{"rendered":"<p>Saxofonista de Pittsburgh Stanley Turrentine&#8217;s \u00e1lbum En memoria de est\u00e1 recibiendo una nueva reedici\u00f3n por cortes\u00eda de la serie Blue Note Tone Poet. Grabado en<\/p>\n","protected":false},"author":1,"featured_media":3355,"comment_status":"closed","ping_status":"","sticky":false,"template":"","format":"standard","meta":{"footnotes":""},"categories":[50],"tags":[498,2958,1238,1242,1346,2143,1241,2144,455],"class_list":["post-3354","post","type-post","status-publish","format-standard","has-post-thumbnail","hentry","category-el-ultimo","tag-blue","tag-memory","tag-note","tag-poet","tag-series","tag-stanley","tag-tone","tag-turrentine","tag-une","generate-columns","tablet-grid-50","mobile-grid-100","grid-parent","grid-50"],"yoast_head":"<!-- This site is optimized with the Yoast SEO plugin v23.3 - https:\/\/yoast.com\/wordpress\/plugins\/seo\/ -->\n<title>Stanley Turrentine &#039;In Memory of&#039; se une a Blue Note Tone Poet Series<\/title>\n<meta name=\"robots\" content=\"index, follow, max-snippet:-1, max-image-preview:large, max-video-preview:-1\" \/>\n<link rel=\"canonical\" href=\"https:\/\/web.consaguirre.com.ar\/noticias\/stanley-turrentine-in-memory-of-se-une-a-blue-note-tone-poet-series\/\" \/>\n<meta property=\"og:locale\" content=\"es_ES\" \/>\n<meta property=\"og:type\" content=\"article\" \/>\n<meta property=\"og:title\" content=\"Stanley Turrentine &#039;In Memory of&#039; se une a Blue Note Tone Poet Series\" \/>\n<meta property=\"og:description\" content=\"Saxofonista de Pittsburgh Stanley Turrentine&#8217;s \u00e1lbum En memoria de est\u00e1 recibiendo una nueva reedici\u00f3n por cortes\u00eda de la serie Blue Note Tone Poet. Grabado en\" \/>\n<meta property=\"og:url\" content=\"https:\/\/web.consaguirre.com.ar\/noticias\/stanley-turrentine-in-memory-of-se-une-a-blue-note-tone-poet-series\/\" \/>\n<meta property=\"og:site_name\" content=\"Conservatorio de M\u00fasica Juli\u00e1n Aguirre\" \/>\n<meta property=\"article:published_time\" content=\"2025-08-04T14:40:05+00:00\" \/>\n<meta property=\"article:modified_time\" content=\"2025-08-04T14:40:07+00:00\" \/>\n<meta property=\"og:image\" content=\"https:\/\/web.consaguirre.com.ar\/noticias\/wp-content\/uploads\/2025\/08\/Stanley-Turrentine-In-Memory-of-se-une-a-Blue-Note.jpg\" \/>\n\t<meta property=\"og:image:width\" content=\"1280\" \/>\n\t<meta property=\"og:image:height\" content=\"1280\" \/>\n\t<meta property=\"og:image:type\" content=\"image\/jpeg\" \/>\n<meta name=\"author\" content=\"Javier Figueroa\" \/>\n<meta name=\"twitter:card\" content=\"summary_large_image\" \/>\n<meta name=\"twitter:label1\" content=\"Escrito por\" \/>\n\t<meta name=\"twitter:data1\" content=\"Javier Figueroa\" \/>\n\t<meta name=\"twitter:label2\" content=\"Tiempo de lectura\" \/>\n\t<meta name=\"twitter:data2\" content=\"1 minuto\" \/>\n<script type=\"application\/ld+json\" class=\"yoast-schema-graph\">{\"@context\":\"https:\/\/schema.org\",\"@graph\":[{\"@type\":\"Article\",\"@id\":\"https:\/\/web.consaguirre.com.ar\/noticias\/stanley-turrentine-in-memory-of-se-une-a-blue-note-tone-poet-series\/#article\",\"isPartOf\":{\"@id\":\"https:\/\/web.consaguirre.com.ar\/noticias\/stanley-turrentine-in-memory-of-se-une-a-blue-note-tone-poet-series\/\"},\"author\":{\"name\":\"Javier Figueroa\",\"@id\":\"https:\/\/web.consaguirre.com.ar\/noticias\/#\/schema\/person\/6558b0cfedee7ddc5425602b237d5722\"},\"headline\":\"Stanley Turrentine &#8216;In Memory of&#8217; se une a Blue Note Tone Poet Series\",\"datePublished\":\"2025-08-04T14:40:05+00:00\",\"dateModified\":\"2025-08-04T14:40:07+00:00\",\"mainEntityOfPage\":{\"@id\":\"https:\/\/web.consaguirre.com.ar\/noticias\/stanley-turrentine-in-memory-of-se-une-a-blue-note-tone-poet-series\/\"},\"wordCount\":284,\"publisher\":{\"@id\":\"https:\/\/web.consaguirre.com.ar\/noticias\/#organization\"},\"image\":{\"@id\":\"https:\/\/web.consaguirre.com.ar\/noticias\/stanley-turrentine-in-memory-of-se-une-a-blue-note-tone-poet-series\/#primaryimage\"},\"thumbnailUrl\":\"https:\/\/web.consaguirre.com.ar\/noticias\/wp-content\/uploads\/2025\/08\/Stanley-Turrentine-In-Memory-of-se-une-a-Blue-Note.jpg\",\"keywords\":[\"Blue\",\"Memory\",\"Note\",\"Poet\",\"series\",\"Stanley\",\"Tone\",\"Turrentine\",\"une\"],\"articleSection\":[\"El \u00faltimo\"],\"inLanguage\":\"es-AR\"},{\"@type\":\"WebPage\",\"@id\":\"https:\/\/web.consaguirre.com.ar\/noticias\/stanley-turrentine-in-memory-of-se-une-a-blue-note-tone-poet-series\/\",\"url\":\"https:\/\/web.consaguirre.com.ar\/noticias\/stanley-turrentine-in-memory-of-se-une-a-blue-note-tone-poet-series\/\",\"name\":\"Stanley Turrentine 'In Memory of' se une a Blue Note Tone Poet Series\",\"isPartOf\":{\"@id\":\"https:\/\/web.consaguirre.com.ar\/noticias\/#website\"},\"primaryImageOfPage\":{\"@id\":\"https:\/\/web.consaguirre.com.ar\/noticias\/stanley-turrentine-in-memory-of-se-une-a-blue-note-tone-poet-series\/#primaryimage\"},\"image\":{\"@id\":\"https:\/\/web.consaguirre.com.ar\/noticias\/stanley-turrentine-in-memory-of-se-une-a-blue-note-tone-poet-series\/#primaryimage\"},\"thumbnailUrl\":\"https:\/\/web.consaguirre.com.ar\/noticias\/wp-content\/uploads\/2025\/08\/Stanley-Turrentine-In-Memory-of-se-une-a-Blue-Note.jpg\",\"datePublished\":\"2025-08-04T14:40:05+00:00\",\"dateModified\":\"2025-08-04T14:40:07+00:00\",\"breadcrumb\":{\"@id\":\"https:\/\/web.consaguirre.com.ar\/noticias\/stanley-turrentine-in-memory-of-se-une-a-blue-note-tone-poet-series\/#breadcrumb\"},\"inLanguage\":\"es-AR\",\"potentialAction\":[{\"@type\":\"ReadAction\",\"target\":[\"https:\/\/web.consaguirre.com.ar\/noticias\/stanley-turrentine-in-memory-of-se-une-a-blue-note-tone-poet-series\/\"]}]},{\"@type\":\"ImageObject\",\"inLanguage\":\"es-AR\",\"@id\":\"https:\/\/web.consaguirre.com.ar\/noticias\/stanley-turrentine-in-memory-of-se-une-a-blue-note-tone-poet-series\/#primaryimage\",\"url\":\"https:\/\/web.consaguirre.com.ar\/noticias\/wp-content\/uploads\/2025\/08\/Stanley-Turrentine-In-Memory-of-se-une-a-Blue-Note.jpg\",\"contentUrl\":\"https:\/\/web.consaguirre.com.ar\/noticias\/wp-content\/uploads\/2025\/08\/Stanley-Turrentine-In-Memory-of-se-une-a-Blue-Note.jpg\",\"width\":1280,\"height\":1280,\"caption\":\"Stanley Turrentine 'In Memory of' se une a Blue Note Tone Poet Series\"},{\"@type\":\"BreadcrumbList\",\"@id\":\"https:\/\/web.consaguirre.com.ar\/noticias\/stanley-turrentine-in-memory-of-se-une-a-blue-note-tone-poet-series\/#breadcrumb\",\"itemListElement\":[{\"@type\":\"ListItem\",\"position\":1,\"name\":\"Inicio\",\"item\":\"https:\/\/web.consaguirre.com.ar\/noticias\/\"},{\"@type\":\"ListItem\",\"position\":2,\"name\":\"Stanley Turrentine &#8216;In Memory of&#8217; se une a Blue Note Tone Poet Series\"}]},{\"@type\":\"WebSite\",\"@id\":\"https:\/\/web.consaguirre.com.ar\/noticias\/#website\",\"url\":\"https:\/\/web.consaguirre.com.ar\/noticias\/\",\"name\":\"Conservatorio de M\u00fasica Juli\u00e1n Aguirre\",\"description\":\"\",\"publisher\":{\"@id\":\"https:\/\/web.consaguirre.com.ar\/noticias\/#organization\"},\"potentialAction\":[{\"@type\":\"SearchAction\",\"target\":{\"@type\":\"EntryPoint\",\"urlTemplate\":\"https:\/\/web.consaguirre.com.ar\/noticias\/?s={search_term_string}\"},\"query-input\":\"required name=search_term_string\"}],\"inLanguage\":\"es-AR\"},{\"@type\":\"Organization\",\"@id\":\"https:\/\/web.consaguirre.com.ar\/noticias\/#organization\",\"name\":\"Conservatorio de M\u00fasica Juli\u00e1n Aguirre\",\"url\":\"https:\/\/web.consaguirre.com.ar\/noticias\/\",\"logo\":{\"@type\":\"ImageObject\",\"inLanguage\":\"es-AR\",\"@id\":\"https:\/\/web.consaguirre.com.ar\/noticias\/#\/schema\/logo\/image\/\",\"url\":\"https:\/\/web.consaguirre.com.ar\/noticias\/wp-content\/uploads\/2024\/08\/Banner-Aguirre-23.jpg\",\"contentUrl\":\"https:\/\/web.consaguirre.com.ar\/noticias\/wp-content\/uploads\/2024\/08\/Banner-Aguirre-23.jpg\",\"width\":1192,\"height\":600,\"caption\":\"Conservatorio de M\u00fasica Juli\u00e1n Aguirre\"},\"image\":{\"@id\":\"https:\/\/web.consaguirre.com.ar\/noticias\/#\/schema\/logo\/image\/\"}},{\"@type\":\"Person\",\"@id\":\"https:\/\/web.consaguirre.com.ar\/noticias\/#\/schema\/person\/6558b0cfedee7ddc5425602b237d5722\",\"name\":\"Javier Figueroa\",\"image\":{\"@type\":\"ImageObject\",\"inLanguage\":\"es-AR\",\"@id\":\"https:\/\/web.consaguirre.com.ar\/noticias\/#\/schema\/person\/image\/\",\"url\":\"https:\/\/web.consaguirre.com.ar\/noticias\/wp-content\/uploads\/2024\/08\/Consaguirre-scaled.jpg\",\"contentUrl\":\"https:\/\/web.consaguirre.com.ar\/noticias\/wp-content\/uploads\/2024\/08\/Consaguirre-scaled.jpg\",\"caption\":\"Javier Figueroa\"},\"description\":\"Me llamo Javier Figueroa y soy redactor para el sitio oficial del Conservatorio de M\u00fasica Juli\u00e1n Aguirre en Buenos Aires, consaguirre.com. Apasionado por la m\u00fasica y la escritura, me esfuerzo por destacar los talentos y eventos de nuestra prestigiosa instituci\u00f3n. Mi trayectoria se nutre de una profunda admiraci\u00f3n por los artistas, haciendo de cada art\u00edculo una celebraci\u00f3n de la creatividad y la cultura musical.\",\"sameAs\":[\"https:\/\/web.consaguirre.com.ar\/noticias\"]}]}<\/script>\n<!-- \/ Yoast SEO plugin. -->","yoast_head_json":{"title":"Stanley Turrentine 'In Memory of' se une a Blue Note Tone Poet Series","robots":{"index":"index","follow":"follow","max-snippet":"max-snippet:-1","max-image-preview":"max-image-preview:large","max-video-preview":"max-video-preview:-1"},"canonical":"https:\/\/web.consaguirre.com.ar\/noticias\/stanley-turrentine-in-memory-of-se-une-a-blue-note-tone-poet-series\/","og_locale":"es_ES","og_type":"article","og_title":"Stanley Turrentine 'In Memory of' se une a Blue Note Tone Poet Series","og_description":"Saxofonista de Pittsburgh Stanley Turrentine&#8217;s \u00e1lbum En memoria de est\u00e1 recibiendo una nueva reedici\u00f3n por cortes\u00eda de la serie Blue Note Tone Poet. Grabado en","og_url":"https:\/\/web.consaguirre.com.ar\/noticias\/stanley-turrentine-in-memory-of-se-une-a-blue-note-tone-poet-series\/","og_site_name":"Conservatorio de M\u00fasica Juli\u00e1n Aguirre","article_published_time":"2025-08-04T14:40:05+00:00","article_modified_time":"2025-08-04T14:40:07+00:00","og_image":[{"width":1280,"height":1280,"url":"https:\/\/web.consaguirre.com.ar\/noticias\/wp-content\/uploads\/2025\/08\/Stanley-Turrentine-In-Memory-of-se-une-a-Blue-Note.jpg","type":"image\/jpeg"}],"author":"Javier Figueroa","twitter_card":"summary_large_image","twitter_misc":{"Escrito por":"Javier Figueroa","Tiempo de lectura":"1 minuto"},"schema":{"@context":"https:\/\/schema.org","@graph":[{"@type":"Article","@id":"https:\/\/web.consaguirre.com.ar\/noticias\/stanley-turrentine-in-memory-of-se-une-a-blue-note-tone-poet-series\/#article","isPartOf":{"@id":"https:\/\/web.consaguirre.com.ar\/noticias\/stanley-turrentine-in-memory-of-se-une-a-blue-note-tone-poet-series\/"},"author":{"name":"Javier Figueroa","@id":"https:\/\/web.consaguirre.com.ar\/noticias\/#\/schema\/person\/6558b0cfedee7ddc5425602b237d5722"},"headline":"Stanley Turrentine &#8216;In Memory of&#8217; se une a Blue Note Tone Poet Series","datePublished":"2025-08-04T14:40:05+00:00","dateModified":"2025-08-04T14:40:07+00:00","mainEntityOfPage":{"@id":"https:\/\/web.consaguirre.com.ar\/noticias\/stanley-turrentine-in-memory-of-se-une-a-blue-note-tone-poet-series\/"},"wordCount":284,"publisher":{"@id":"https:\/\/web.consaguirre.com.ar\/noticias\/#organization"},"image":{"@id":"https:\/\/web.consaguirre.com.ar\/noticias\/stanley-turrentine-in-memory-of-se-une-a-blue-note-tone-poet-series\/#primaryimage"},"thumbnailUrl":"https:\/\/web.consaguirre.com.ar\/noticias\/wp-content\/uploads\/2025\/08\/Stanley-Turrentine-In-Memory-of-se-une-a-Blue-Note.jpg","keywords":["Blue","Memory","Note","Poet","series","Stanley","Tone","Turrentine","une"],"articleSection":["El \u00faltimo"],"inLanguage":"es-AR"},{"@type":"WebPage","@id":"https:\/\/web.consaguirre.com.ar\/noticias\/stanley-turrentine-in-memory-of-se-une-a-blue-note-tone-poet-series\/","url":"https:\/\/web.consaguirre.com.ar\/noticias\/stanley-turrentine-in-memory-of-se-une-a-blue-note-tone-poet-series\/","name":"Stanley Turrentine 'In Memory of' se une a Blue Note Tone Poet Series","isPartOf":{"@id":"https:\/\/web.consaguirre.com.ar\/noticias\/#website"},"primaryImageOfPage":{"@id":"https:\/\/web.consaguirre.com.ar\/noticias\/stanley-turrentine-in-memory-of-se-une-a-blue-note-tone-poet-series\/#primaryimage"},"image":{"@id":"https:\/\/web.consaguirre.com.ar\/noticias\/stanley-turrentine-in-memory-of-se-une-a-blue-note-tone-poet-series\/#primaryimage"},"thumbnailUrl":"https:\/\/web.consaguirre.com.ar\/noticias\/wp-content\/uploads\/2025\/08\/Stanley-Turrentine-In-Memory-of-se-une-a-Blue-Note.jpg","datePublished":"2025-08-04T14:40:05+00:00","dateModified":"2025-08-04T14:40:07+00:00","breadcrumb":{"@id":"https:\/\/web.consaguirre.com.ar\/noticias\/stanley-turrentine-in-memory-of-se-une-a-blue-note-tone-poet-series\/#breadcrumb"},"inLanguage":"es-AR","potentialAction":[{"@type":"ReadAction","target":["https:\/\/web.consaguirre.com.ar\/noticias\/stanley-turrentine-in-memory-of-se-une-a-blue-note-tone-poet-series\/"]}]},{"@type":"ImageObject","inLanguage":"es-AR","@id":"https:\/\/web.consaguirre.com.ar\/noticias\/stanley-turrentine-in-memory-of-se-une-a-blue-note-tone-poet-series\/#primaryimage","url":"https:\/\/web.consaguirre.com.ar\/noticias\/wp-content\/uploads\/2025\/08\/Stanley-Turrentine-In-Memory-of-se-une-a-Blue-Note.jpg","contentUrl":"https:\/\/web.consaguirre.com.ar\/noticias\/wp-content\/uploads\/2025\/08\/Stanley-Turrentine-In-Memory-of-se-une-a-Blue-Note.jpg","width":1280,"height":1280,"caption":"Stanley Turrentine 'In Memory of' se une a Blue Note Tone Poet Series"},{"@type":"BreadcrumbList","@id":"https:\/\/web.consaguirre.com.ar\/noticias\/stanley-turrentine-in-memory-of-se-une-a-blue-note-tone-poet-series\/#breadcrumb","itemListElement":[{"@type":"ListItem","position":1,"name":"Inicio","item":"https:\/\/web.consaguirre.com.ar\/noticias\/"},{"@type":"ListItem","position":2,"name":"Stanley Turrentine &#8216;In Memory of&#8217; se une a Blue Note Tone Poet Series"}]},{"@type":"WebSite","@id":"https:\/\/web.consaguirre.com.ar\/noticias\/#website","url":"https:\/\/web.consaguirre.com.ar\/noticias\/","name":"Conservatorio de M\u00fasica Juli\u00e1n Aguirre","description":"","publisher":{"@id":"https:\/\/web.consaguirre.com.ar\/noticias\/#organization"},"potentialAction":[{"@type":"SearchAction","target":{"@type":"EntryPoint","urlTemplate":"https:\/\/web.consaguirre.com.ar\/noticias\/?s={search_term_string}"},"query-input":"required name=search_term_string"}],"inLanguage":"es-AR"},{"@type":"Organization","@id":"https:\/\/web.consaguirre.com.ar\/noticias\/#organization","name":"Conservatorio de M\u00fasica Juli\u00e1n Aguirre","url":"https:\/\/web.consaguirre.com.ar\/noticias\/","logo":{"@type":"ImageObject","inLanguage":"es-AR","@id":"https:\/\/web.consaguirre.com.ar\/noticias\/#\/schema\/logo\/image\/","url":"https:\/\/web.consaguirre.com.ar\/noticias\/wp-content\/uploads\/2024\/08\/Banner-Aguirre-23.jpg","contentUrl":"https:\/\/web.consaguirre.com.ar\/noticias\/wp-content\/uploads\/2024\/08\/Banner-Aguirre-23.jpg","width":1192,"height":600,"caption":"Conservatorio de M\u00fasica Juli\u00e1n Aguirre"},"image":{"@id":"https:\/\/web.consaguirre.com.ar\/noticias\/#\/schema\/logo\/image\/"}},{"@type":"Person","@id":"https:\/\/web.consaguirre.com.ar\/noticias\/#\/schema\/person\/6558b0cfedee7ddc5425602b237d5722","name":"Javier Figueroa","image":{"@type":"ImageObject","inLanguage":"es-AR","@id":"https:\/\/web.consaguirre.com.ar\/noticias\/#\/schema\/person\/image\/","url":"https:\/\/web.consaguirre.com.ar\/noticias\/wp-content\/uploads\/2024\/08\/Consaguirre-scaled.jpg","contentUrl":"https:\/\/web.consaguirre.com.ar\/noticias\/wp-content\/uploads\/2024\/08\/Consaguirre-scaled.jpg","caption":"Javier Figueroa"},"description":"Me llamo Javier Figueroa y soy redactor para el sitio oficial del Conservatorio de M\u00fasica Juli\u00e1n Aguirre en Buenos Aires, consaguirre.com. Apasionado por la m\u00fasica y la escritura, me esfuerzo por destacar los talentos y eventos de nuestra prestigiosa instituci\u00f3n. Mi trayectoria se nutre de una profunda admiraci\u00f3n por los artistas, haciendo de cada art\u00edculo una celebraci\u00f3n de la creatividad y la cultura musical.","sameAs":["https:\/\/web.consaguirre.com.ar\/noticias"]}]}},"_links":{"self":[{"href":"https:\/\/web.consaguirre.com.ar\/noticias\/wp-json\/wp\/v2\/posts\/3354"}],"collection":[{"href":"https:\/\/web.consaguirre.com.ar\/noticias\/wp-json\/wp\/v2\/posts"}],"about":[{"href":"https:\/\/web.consaguirre.com.ar\/noticias\/wp-json\/wp\/v2\/types\/post"}],"author":[{"embeddable":true,"href":"https:\/\/web.consaguirre.com.ar\/noticias\/wp-json\/wp\/v2\/users\/1"}],"replies":[{"embeddable":true,"href":"https:\/\/web.consaguirre.com.ar\/noticias\/wp-json\/wp\/v2\/comments?post=3354"}],"version-history":[{"count":1,"href":"https:\/\/web.consaguirre.com.ar\/noticias\/wp-json\/wp\/v2\/posts\/3354\/revisions"}],"predecessor-version":[{"id":3356,"href":"https:\/\/web.consaguirre.com.ar\/noticias\/wp-json\/wp\/v2\/posts\/3354\/revisions\/3356"}],"wp:featuredmedia":[{"embeddable":true,"href":"https:\/\/web.consaguirre.com.ar\/noticias\/wp-json\/wp\/v2\/media\/3355"}],"wp:attachment":[{"href":"https:\/\/web.consaguirre.com.ar\/noticias\/wp-json\/wp\/v2\/media?parent=3354"}],"wp:term":[{"taxonomy":"category","embeddable":true,"href":"https:\/\/web.consaguirre.com.ar\/noticias\/wp-json\/wp\/v2\/categories?post=3354"},{"taxonomy":"post_tag","embeddable":true,"href":"https:\/\/web.consaguirre.com.ar\/noticias\/wp-json\/wp\/v2\/tags?post=3354"}],"curies":[{"name":"wp","href":"https:\/\/api.w.org\/{rel}","templated":true}]}}