{"id":3351,"date":"2025-08-03T23:40:18","date_gmt":"2025-08-04T02:40:18","guid":{"rendered":"https:\/\/web.consaguirre.com.ar\/noticias\/juanes-comparte-un-nuevo-sencillo-cuando-estamos-tu-y-yo\/"},"modified":"2025-08-03T23:40:20","modified_gmt":"2025-08-04T02:40:20","slug":"juanes-comparte-un-nuevo-sencillo-cuando-estamos-tu-y-yo","status":"publish","type":"post","link":"https:\/\/web.consaguirre.com.ar\/noticias\/juanes-comparte-un-nuevo-sencillo-cuando-estamos-tu-y-yo\/","title":{"rendered":"Juanes comparte un nuevo sencillo, &#8216;Cuando Estamos T\u00fa Y yo&#8217;"},"content":{"rendered":"<p>La superestrella colombiana Juanes ha lanzado &#8220;Cuando Estamos T\u00fa Y Yo&#8221; (When It\u2019s You and Me), el segundo sencillo de su pr\u00f3ximo \u00e1lbum de Duod\u00e9cimo Estudio. La canci\u00f3n sigue a &#8220;Una Noche Contigo&#8221;, que ha alcanzado el top 20 de las listas de avi\u00f3n de lat\u00edn Pop despu\u00e9s de su lanzamiento a fines de abril.<\/p>\n<p>&#8220;Cuando Estamos T\u00fa Y Yo&#8221; se centra en el amor a primera vista: los juanes describieron la pista como parte de un ciclo creativo que examina c\u00f3mo el amor sirve como una fuerza impulsora en la vida, compartiendo: &#8220;Me inspir\u00f3 la forma en que los Beatles sol\u00edan comenzar a componer sus canciones con el coro y el t\u00edtulo de la canci\u00f3n en el primer verso&#8221;. Escribi\u00f3 la canci\u00f3n con el tr\u00edo de producci\u00f3n colombiano Majestik, que consiste en Ily Wonder y Los Jaycobz, completando la canci\u00f3n en cuatro horas.<\/p>\n<div class=\"uD-YT-container\"><img decoding=\"async\" src=\"https:\/\/web.consaguirre.com.ar\/noticias\/wp-content\/uploads\/2025\/08\/1754275218_907_Juanes-comparte-un-nuevo-sencillo-Cuando-Estamos-Tu-Y-yo.jpg\" alt=\"Video de YouTube\"><br \/>Haga clic para cargar video<\/div>\n<p>Juanes estren\u00f3 &#8220;Cuando Estamos T\u00fa Y Yo&#8221; durante su reciente actuaci\u00f3n en el Hollywood Bowl el 16 de julio, parte de una serie limitada de espect\u00e1culos de verano que tambi\u00e9n incluye lugares en Washington y Chicago.<\/p>\n<p>La canci\u00f3n tambi\u00e9n llega junto a un video musical oficial, dirigido por el cineasta colombiano-estadounidense Stillz. Stillz ha dirigido previamente videos para Bad Bunny y Rosal\u00eda, y gan\u00f3 un Premio al Cannes Lion por su trabajo. La portada del single fue dibujada por el propio Juanes, continuando una direcci\u00f3n creativa que desarroll\u00f3 con los colaboradores Sebasti\u00e1n Londo\u00f1o y Juan Camilo Londo\u00f1o<\/p>\n<p>Juanes, un 29 veces ganador del Grammy y el Grammy latino, ha estado actuando durante m\u00e1s de 30 a\u00f1os. Con m\u00e1s de 15 millones de discos de carrera vendidos en todo el mundo, es uno de los artistas de m\u00fasica latina m\u00e1s exitosa comercialmente de todos los tiempos. Fuera de la m\u00fasica, tambi\u00e9n lidera la Fundaci\u00f3n de la ONG MI Sanzre, que trabaja para proporcionar ayuda a las v\u00edctimas colombianas de minas antipersonal. Lanz\u00f3 una autobiograf\u00eda, <em>Persiguiendo el sol<\/em>en 2013.<\/p><\/p>\n","protected":false},"excerpt":{"rendered":"<p>La superestrella colombiana Juanes ha lanzado &#8220;Cuando Estamos T\u00fa Y Yo&#8221; (When It\u2019s You and Me), el segundo sencillo de su pr\u00f3ximo \u00e1lbum de Duod\u00e9cimo<\/p>\n","protected":false},"author":1,"featured_media":3352,"comment_status":"closed","ping_status":"","sticky":false,"template":"","format":"standard","meta":{"footnotes":""},"categories":[50],"tags":[201,2955,2956,697,146,204,2957],"class_list":["post-3351","post","type-post","status-publish","format-standard","has-post-thumbnail","hentry","category-el-ultimo","tag-comparte","tag-cuando","tag-estamos","tag-juanes","tag-nuevo","tag-sencillo","tag-tu","generate-columns","tablet-grid-50","mobile-grid-100","grid-parent","grid-50"],"yoast_head":"<!-- This site is optimized with the Yoast SEO plugin v23.3 - https:\/\/yoast.com\/wordpress\/plugins\/seo\/ -->\n<title>Juanes comparte un nuevo sencillo, &#039;Cuando Estamos T\u00fa Y yo&#039;<\/title>\n<meta name=\"robots\" content=\"index, follow, max-snippet:-1, max-image-preview:large, max-video-preview:-1\" \/>\n<link rel=\"canonical\" href=\"https:\/\/web.consaguirre.com.ar\/noticias\/juanes-comparte-un-nuevo-sencillo-cuando-estamos-tu-y-yo\/\" \/>\n<meta property=\"og:locale\" content=\"es_ES\" \/>\n<meta property=\"og:type\" content=\"article\" \/>\n<meta property=\"og:title\" content=\"Juanes comparte un nuevo sencillo, &#039;Cuando Estamos T\u00fa Y yo&#039;\" \/>\n<meta property=\"og:description\" content=\"La superestrella colombiana Juanes ha lanzado &#8220;Cuando Estamos T\u00fa Y Yo&#8221; (When It\u2019s You and Me), el segundo sencillo de su pr\u00f3ximo \u00e1lbum de Duod\u00e9cimo\" \/>\n<meta property=\"og:url\" content=\"https:\/\/web.consaguirre.com.ar\/noticias\/juanes-comparte-un-nuevo-sencillo-cuando-estamos-tu-y-yo\/\" \/>\n<meta property=\"og:site_name\" content=\"Conservatorio de M\u00fasica Juli\u00e1n Aguirre\" \/>\n<meta property=\"article:published_time\" content=\"2025-08-04T02:40:18+00:00\" \/>\n<meta property=\"article:modified_time\" content=\"2025-08-04T02:40:20+00:00\" \/>\n<meta property=\"og:image\" content=\"https:\/\/web.consaguirre.com.ar\/noticias\/wp-content\/uploads\/2025\/08\/Juanes-comparte-un-nuevo-sencillo-Cuando-Estamos-Tu-Y-yo.jpg\" \/>\n\t<meta property=\"og:image:width\" content=\"1280\" \/>\n\t<meta property=\"og:image:height\" content=\"1280\" \/>\n\t<meta property=\"og:image:type\" content=\"image\/jpeg\" \/>\n<meta name=\"author\" content=\"Javier Figueroa\" \/>\n<meta name=\"twitter:card\" content=\"summary_large_image\" \/>\n<meta name=\"twitter:label1\" content=\"Escrito por\" \/>\n\t<meta name=\"twitter:data1\" content=\"Javier Figueroa\" \/>\n\t<meta name=\"twitter:label2\" content=\"Tiempo de lectura\" \/>\n\t<meta name=\"twitter:data2\" content=\"2 minutos\" \/>\n<script type=\"application\/ld+json\" class=\"yoast-schema-graph\">{\"@context\":\"https:\/\/schema.org\",\"@graph\":[{\"@type\":\"Article\",\"@id\":\"https:\/\/web.consaguirre.com.ar\/noticias\/juanes-comparte-un-nuevo-sencillo-cuando-estamos-tu-y-yo\/#article\",\"isPartOf\":{\"@id\":\"https:\/\/web.consaguirre.com.ar\/noticias\/juanes-comparte-un-nuevo-sencillo-cuando-estamos-tu-y-yo\/\"},\"author\":{\"name\":\"Javier Figueroa\",\"@id\":\"https:\/\/web.consaguirre.com.ar\/noticias\/#\/schema\/person\/6558b0cfedee7ddc5425602b237d5722\"},\"headline\":\"Juanes comparte un nuevo sencillo, &#8216;Cuando Estamos T\u00fa Y yo&#8217;\",\"datePublished\":\"2025-08-04T02:40:18+00:00\",\"dateModified\":\"2025-08-04T02:40:20+00:00\",\"mainEntityOfPage\":{\"@id\":\"https:\/\/web.consaguirre.com.ar\/noticias\/juanes-comparte-un-nuevo-sencillo-cuando-estamos-tu-y-yo\/\"},\"wordCount\":365,\"publisher\":{\"@id\":\"https:\/\/web.consaguirre.com.ar\/noticias\/#organization\"},\"image\":{\"@id\":\"https:\/\/web.consaguirre.com.ar\/noticias\/juanes-comparte-un-nuevo-sencillo-cuando-estamos-tu-y-yo\/#primaryimage\"},\"thumbnailUrl\":\"https:\/\/web.consaguirre.com.ar\/noticias\/wp-content\/uploads\/2025\/08\/Juanes-comparte-un-nuevo-sencillo-Cuando-Estamos-Tu-Y-yo.jpg\",\"keywords\":[\"comparte\",\"Cuando\",\"Estamos\",\"Juanes\",\"nuevo\",\"sencillo\",\"T\u00fa\"],\"articleSection\":[\"El \u00faltimo\"],\"inLanguage\":\"es-AR\"},{\"@type\":\"WebPage\",\"@id\":\"https:\/\/web.consaguirre.com.ar\/noticias\/juanes-comparte-un-nuevo-sencillo-cuando-estamos-tu-y-yo\/\",\"url\":\"https:\/\/web.consaguirre.com.ar\/noticias\/juanes-comparte-un-nuevo-sencillo-cuando-estamos-tu-y-yo\/\",\"name\":\"Juanes comparte un nuevo sencillo, 'Cuando Estamos T\u00fa Y yo'\",\"isPartOf\":{\"@id\":\"https:\/\/web.consaguirre.com.ar\/noticias\/#website\"},\"primaryImageOfPage\":{\"@id\":\"https:\/\/web.consaguirre.com.ar\/noticias\/juanes-comparte-un-nuevo-sencillo-cuando-estamos-tu-y-yo\/#primaryimage\"},\"image\":{\"@id\":\"https:\/\/web.consaguirre.com.ar\/noticias\/juanes-comparte-un-nuevo-sencillo-cuando-estamos-tu-y-yo\/#primaryimage\"},\"thumbnailUrl\":\"https:\/\/web.consaguirre.com.ar\/noticias\/wp-content\/uploads\/2025\/08\/Juanes-comparte-un-nuevo-sencillo-Cuando-Estamos-Tu-Y-yo.jpg\",\"datePublished\":\"2025-08-04T02:40:18+00:00\",\"dateModified\":\"2025-08-04T02:40:20+00:00\",\"breadcrumb\":{\"@id\":\"https:\/\/web.consaguirre.com.ar\/noticias\/juanes-comparte-un-nuevo-sencillo-cuando-estamos-tu-y-yo\/#breadcrumb\"},\"inLanguage\":\"es-AR\",\"potentialAction\":[{\"@type\":\"ReadAction\",\"target\":[\"https:\/\/web.consaguirre.com.ar\/noticias\/juanes-comparte-un-nuevo-sencillo-cuando-estamos-tu-y-yo\/\"]}]},{\"@type\":\"ImageObject\",\"inLanguage\":\"es-AR\",\"@id\":\"https:\/\/web.consaguirre.com.ar\/noticias\/juanes-comparte-un-nuevo-sencillo-cuando-estamos-tu-y-yo\/#primaryimage\",\"url\":\"https:\/\/web.consaguirre.com.ar\/noticias\/wp-content\/uploads\/2025\/08\/Juanes-comparte-un-nuevo-sencillo-Cuando-Estamos-Tu-Y-yo.jpg\",\"contentUrl\":\"https:\/\/web.consaguirre.com.ar\/noticias\/wp-content\/uploads\/2025\/08\/Juanes-comparte-un-nuevo-sencillo-Cuando-Estamos-Tu-Y-yo.jpg\",\"width\":1280,\"height\":1280,\"caption\":\"Juanes comparte un nuevo sencillo, 'Cuando Estamos T\u00fa Y yo'\"},{\"@type\":\"BreadcrumbList\",\"@id\":\"https:\/\/web.consaguirre.com.ar\/noticias\/juanes-comparte-un-nuevo-sencillo-cuando-estamos-tu-y-yo\/#breadcrumb\",\"itemListElement\":[{\"@type\":\"ListItem\",\"position\":1,\"name\":\"Inicio\",\"item\":\"https:\/\/web.consaguirre.com.ar\/noticias\/\"},{\"@type\":\"ListItem\",\"position\":2,\"name\":\"Juanes comparte un nuevo sencillo, &#8216;Cuando Estamos T\u00fa Y yo&#8217;\"}]},{\"@type\":\"WebSite\",\"@id\":\"https:\/\/web.consaguirre.com.ar\/noticias\/#website\",\"url\":\"https:\/\/web.consaguirre.com.ar\/noticias\/\",\"name\":\"Conservatorio de M\u00fasica Juli\u00e1n Aguirre\",\"description\":\"\",\"publisher\":{\"@id\":\"https:\/\/web.consaguirre.com.ar\/noticias\/#organization\"},\"potentialAction\":[{\"@type\":\"SearchAction\",\"target\":{\"@type\":\"EntryPoint\",\"urlTemplate\":\"https:\/\/web.consaguirre.com.ar\/noticias\/?s={search_term_string}\"},\"query-input\":\"required name=search_term_string\"}],\"inLanguage\":\"es-AR\"},{\"@type\":\"Organization\",\"@id\":\"https:\/\/web.consaguirre.com.ar\/noticias\/#organization\",\"name\":\"Conservatorio de M\u00fasica Juli\u00e1n Aguirre\",\"url\":\"https:\/\/web.consaguirre.com.ar\/noticias\/\",\"logo\":{\"@type\":\"ImageObject\",\"inLanguage\":\"es-AR\",\"@id\":\"https:\/\/web.consaguirre.com.ar\/noticias\/#\/schema\/logo\/image\/\",\"url\":\"https:\/\/web.consaguirre.com.ar\/noticias\/wp-content\/uploads\/2024\/08\/Banner-Aguirre-23.jpg\",\"contentUrl\":\"https:\/\/web.consaguirre.com.ar\/noticias\/wp-content\/uploads\/2024\/08\/Banner-Aguirre-23.jpg\",\"width\":1192,\"height\":600,\"caption\":\"Conservatorio de M\u00fasica Juli\u00e1n Aguirre\"},\"image\":{\"@id\":\"https:\/\/web.consaguirre.com.ar\/noticias\/#\/schema\/logo\/image\/\"}},{\"@type\":\"Person\",\"@id\":\"https:\/\/web.consaguirre.com.ar\/noticias\/#\/schema\/person\/6558b0cfedee7ddc5425602b237d5722\",\"name\":\"Javier Figueroa\",\"image\":{\"@type\":\"ImageObject\",\"inLanguage\":\"es-AR\",\"@id\":\"https:\/\/web.consaguirre.com.ar\/noticias\/#\/schema\/person\/image\/\",\"url\":\"https:\/\/web.consaguirre.com.ar\/noticias\/wp-content\/uploads\/2024\/08\/Consaguirre-scaled.jpg\",\"contentUrl\":\"https:\/\/web.consaguirre.com.ar\/noticias\/wp-content\/uploads\/2024\/08\/Consaguirre-scaled.jpg\",\"caption\":\"Javier Figueroa\"},\"description\":\"Me llamo Javier Figueroa y soy redactor para el sitio oficial del Conservatorio de M\u00fasica Juli\u00e1n Aguirre en Buenos Aires, consaguirre.com. Apasionado por la m\u00fasica y la escritura, me esfuerzo por destacar los talentos y eventos de nuestra prestigiosa instituci\u00f3n. Mi trayectoria se nutre de una profunda admiraci\u00f3n por los artistas, haciendo de cada art\u00edculo una celebraci\u00f3n de la creatividad y la cultura musical.\",\"sameAs\":[\"https:\/\/web.consaguirre.com.ar\/noticias\"]}]}<\/script>\n<!-- \/ Yoast SEO plugin. -->","yoast_head_json":{"title":"Juanes comparte un nuevo sencillo, 'Cuando Estamos T\u00fa Y yo'","robots":{"index":"index","follow":"follow","max-snippet":"max-snippet:-1","max-image-preview":"max-image-preview:large","max-video-preview":"max-video-preview:-1"},"canonical":"https:\/\/web.consaguirre.com.ar\/noticias\/juanes-comparte-un-nuevo-sencillo-cuando-estamos-tu-y-yo\/","og_locale":"es_ES","og_type":"article","og_title":"Juanes comparte un nuevo sencillo, 'Cuando Estamos T\u00fa Y yo'","og_description":"La superestrella colombiana Juanes ha lanzado &#8220;Cuando Estamos T\u00fa Y Yo&#8221; (When It\u2019s You and Me), el segundo sencillo de su pr\u00f3ximo \u00e1lbum de Duod\u00e9cimo","og_url":"https:\/\/web.consaguirre.com.ar\/noticias\/juanes-comparte-un-nuevo-sencillo-cuando-estamos-tu-y-yo\/","og_site_name":"Conservatorio de M\u00fasica Juli\u00e1n Aguirre","article_published_time":"2025-08-04T02:40:18+00:00","article_modified_time":"2025-08-04T02:40:20+00:00","og_image":[{"width":1280,"height":1280,"url":"https:\/\/web.consaguirre.com.ar\/noticias\/wp-content\/uploads\/2025\/08\/Juanes-comparte-un-nuevo-sencillo-Cuando-Estamos-Tu-Y-yo.jpg","type":"image\/jpeg"}],"author":"Javier Figueroa","twitter_card":"summary_large_image","twitter_misc":{"Escrito por":"Javier Figueroa","Tiempo de lectura":"2 minutos"},"schema":{"@context":"https:\/\/schema.org","@graph":[{"@type":"Article","@id":"https:\/\/web.consaguirre.com.ar\/noticias\/juanes-comparte-un-nuevo-sencillo-cuando-estamos-tu-y-yo\/#article","isPartOf":{"@id":"https:\/\/web.consaguirre.com.ar\/noticias\/juanes-comparte-un-nuevo-sencillo-cuando-estamos-tu-y-yo\/"},"author":{"name":"Javier Figueroa","@id":"https:\/\/web.consaguirre.com.ar\/noticias\/#\/schema\/person\/6558b0cfedee7ddc5425602b237d5722"},"headline":"Juanes comparte un nuevo sencillo, &#8216;Cuando Estamos T\u00fa Y yo&#8217;","datePublished":"2025-08-04T02:40:18+00:00","dateModified":"2025-08-04T02:40:20+00:00","mainEntityOfPage":{"@id":"https:\/\/web.consaguirre.com.ar\/noticias\/juanes-comparte-un-nuevo-sencillo-cuando-estamos-tu-y-yo\/"},"wordCount":365,"publisher":{"@id":"https:\/\/web.consaguirre.com.ar\/noticias\/#organization"},"image":{"@id":"https:\/\/web.consaguirre.com.ar\/noticias\/juanes-comparte-un-nuevo-sencillo-cuando-estamos-tu-y-yo\/#primaryimage"},"thumbnailUrl":"https:\/\/web.consaguirre.com.ar\/noticias\/wp-content\/uploads\/2025\/08\/Juanes-comparte-un-nuevo-sencillo-Cuando-Estamos-Tu-Y-yo.jpg","keywords":["comparte","Cuando","Estamos","Juanes","nuevo","sencillo","T\u00fa"],"articleSection":["El \u00faltimo"],"inLanguage":"es-AR"},{"@type":"WebPage","@id":"https:\/\/web.consaguirre.com.ar\/noticias\/juanes-comparte-un-nuevo-sencillo-cuando-estamos-tu-y-yo\/","url":"https:\/\/web.consaguirre.com.ar\/noticias\/juanes-comparte-un-nuevo-sencillo-cuando-estamos-tu-y-yo\/","name":"Juanes comparte un nuevo sencillo, 'Cuando Estamos T\u00fa Y yo'","isPartOf":{"@id":"https:\/\/web.consaguirre.com.ar\/noticias\/#website"},"primaryImageOfPage":{"@id":"https:\/\/web.consaguirre.com.ar\/noticias\/juanes-comparte-un-nuevo-sencillo-cuando-estamos-tu-y-yo\/#primaryimage"},"image":{"@id":"https:\/\/web.consaguirre.com.ar\/noticias\/juanes-comparte-un-nuevo-sencillo-cuando-estamos-tu-y-yo\/#primaryimage"},"thumbnailUrl":"https:\/\/web.consaguirre.com.ar\/noticias\/wp-content\/uploads\/2025\/08\/Juanes-comparte-un-nuevo-sencillo-Cuando-Estamos-Tu-Y-yo.jpg","datePublished":"2025-08-04T02:40:18+00:00","dateModified":"2025-08-04T02:40:20+00:00","breadcrumb":{"@id":"https:\/\/web.consaguirre.com.ar\/noticias\/juanes-comparte-un-nuevo-sencillo-cuando-estamos-tu-y-yo\/#breadcrumb"},"inLanguage":"es-AR","potentialAction":[{"@type":"ReadAction","target":["https:\/\/web.consaguirre.com.ar\/noticias\/juanes-comparte-un-nuevo-sencillo-cuando-estamos-tu-y-yo\/"]}]},{"@type":"ImageObject","inLanguage":"es-AR","@id":"https:\/\/web.consaguirre.com.ar\/noticias\/juanes-comparte-un-nuevo-sencillo-cuando-estamos-tu-y-yo\/#primaryimage","url":"https:\/\/web.consaguirre.com.ar\/noticias\/wp-content\/uploads\/2025\/08\/Juanes-comparte-un-nuevo-sencillo-Cuando-Estamos-Tu-Y-yo.jpg","contentUrl":"https:\/\/web.consaguirre.com.ar\/noticias\/wp-content\/uploads\/2025\/08\/Juanes-comparte-un-nuevo-sencillo-Cuando-Estamos-Tu-Y-yo.jpg","width":1280,"height":1280,"caption":"Juanes comparte un nuevo sencillo, 'Cuando Estamos T\u00fa Y yo'"},{"@type":"BreadcrumbList","@id":"https:\/\/web.consaguirre.com.ar\/noticias\/juanes-comparte-un-nuevo-sencillo-cuando-estamos-tu-y-yo\/#breadcrumb","itemListElement":[{"@type":"ListItem","position":1,"name":"Inicio","item":"https:\/\/web.consaguirre.com.ar\/noticias\/"},{"@type":"ListItem","position":2,"name":"Juanes comparte un nuevo sencillo, &#8216;Cuando Estamos T\u00fa Y yo&#8217;"}]},{"@type":"WebSite","@id":"https:\/\/web.consaguirre.com.ar\/noticias\/#website","url":"https:\/\/web.consaguirre.com.ar\/noticias\/","name":"Conservatorio de M\u00fasica Juli\u00e1n Aguirre","description":"","publisher":{"@id":"https:\/\/web.consaguirre.com.ar\/noticias\/#organization"},"potentialAction":[{"@type":"SearchAction","target":{"@type":"EntryPoint","urlTemplate":"https:\/\/web.consaguirre.com.ar\/noticias\/?s={search_term_string}"},"query-input":"required name=search_term_string"}],"inLanguage":"es-AR"},{"@type":"Organization","@id":"https:\/\/web.consaguirre.com.ar\/noticias\/#organization","name":"Conservatorio de M\u00fasica Juli\u00e1n Aguirre","url":"https:\/\/web.consaguirre.com.ar\/noticias\/","logo":{"@type":"ImageObject","inLanguage":"es-AR","@id":"https:\/\/web.consaguirre.com.ar\/noticias\/#\/schema\/logo\/image\/","url":"https:\/\/web.consaguirre.com.ar\/noticias\/wp-content\/uploads\/2024\/08\/Banner-Aguirre-23.jpg","contentUrl":"https:\/\/web.consaguirre.com.ar\/noticias\/wp-content\/uploads\/2024\/08\/Banner-Aguirre-23.jpg","width":1192,"height":600,"caption":"Conservatorio de M\u00fasica Juli\u00e1n Aguirre"},"image":{"@id":"https:\/\/web.consaguirre.com.ar\/noticias\/#\/schema\/logo\/image\/"}},{"@type":"Person","@id":"https:\/\/web.consaguirre.com.ar\/noticias\/#\/schema\/person\/6558b0cfedee7ddc5425602b237d5722","name":"Javier Figueroa","image":{"@type":"ImageObject","inLanguage":"es-AR","@id":"https:\/\/web.consaguirre.com.ar\/noticias\/#\/schema\/person\/image\/","url":"https:\/\/web.consaguirre.com.ar\/noticias\/wp-content\/uploads\/2024\/08\/Consaguirre-scaled.jpg","contentUrl":"https:\/\/web.consaguirre.com.ar\/noticias\/wp-content\/uploads\/2024\/08\/Consaguirre-scaled.jpg","caption":"Javier Figueroa"},"description":"Me llamo Javier Figueroa y soy redactor para el sitio oficial del Conservatorio de M\u00fasica Juli\u00e1n Aguirre en Buenos Aires, consaguirre.com. Apasionado por la m\u00fasica y la escritura, me esfuerzo por destacar los talentos y eventos de nuestra prestigiosa instituci\u00f3n. Mi trayectoria se nutre de una profunda admiraci\u00f3n por los artistas, haciendo de cada art\u00edculo una celebraci\u00f3n de la creatividad y la cultura musical.","sameAs":["https:\/\/web.consaguirre.com.ar\/noticias"]}]}},"_links":{"self":[{"href":"https:\/\/web.consaguirre.com.ar\/noticias\/wp-json\/wp\/v2\/posts\/3351"}],"collection":[{"href":"https:\/\/web.consaguirre.com.ar\/noticias\/wp-json\/wp\/v2\/posts"}],"about":[{"href":"https:\/\/web.consaguirre.com.ar\/noticias\/wp-json\/wp\/v2\/types\/post"}],"author":[{"embeddable":true,"href":"https:\/\/web.consaguirre.com.ar\/noticias\/wp-json\/wp\/v2\/users\/1"}],"replies":[{"embeddable":true,"href":"https:\/\/web.consaguirre.com.ar\/noticias\/wp-json\/wp\/v2\/comments?post=3351"}],"version-history":[{"count":1,"href":"https:\/\/web.consaguirre.com.ar\/noticias\/wp-json\/wp\/v2\/posts\/3351\/revisions"}],"predecessor-version":[{"id":3353,"href":"https:\/\/web.consaguirre.com.ar\/noticias\/wp-json\/wp\/v2\/posts\/3351\/revisions\/3353"}],"wp:featuredmedia":[{"embeddable":true,"href":"https:\/\/web.consaguirre.com.ar\/noticias\/wp-json\/wp\/v2\/media\/3352"}],"wp:attachment":[{"href":"https:\/\/web.consaguirre.com.ar\/noticias\/wp-json\/wp\/v2\/media?parent=3351"}],"wp:term":[{"taxonomy":"category","embeddable":true,"href":"https:\/\/web.consaguirre.com.ar\/noticias\/wp-json\/wp\/v2\/categories?post=3351"},{"taxonomy":"post_tag","embeddable":true,"href":"https:\/\/web.consaguirre.com.ar\/noticias\/wp-json\/wp\/v2\/tags?post=3351"}],"curies":[{"name":"wp","href":"https:\/\/api.w.org\/{rel}","templated":true}]}}