{"id":3318,"date":"2025-07-29T14:38:23","date_gmt":"2025-07-29T17:38:23","guid":{"rendered":"https:\/\/web.consaguirre.com.ar\/noticias\/peter-hammill-obtiene-13-coleccion-de-albumes\/"},"modified":"2025-07-29T14:38:24","modified_gmt":"2025-07-29T17:38:24","slug":"peter-hammill-obtiene-13-coleccion-de-albumes","status":"publish","type":"post","link":"https:\/\/web.consaguirre.com.ar\/noticias\/peter-hammill-obtiene-13-coleccion-de-albumes\/","title":{"rendered":"Peter Hammill obtiene 13 colecci\u00f3n de \u00e1lbumes"},"content":{"rendered":"<p>Una colecci\u00f3n de grabaciones del m\u00fasico de progreso ingl\u00e9s Peter Hammill se lanzar\u00e1 a finales de este a\u00f1o. <em>The Charisma &#038; Virgin Recordings 1971 &#8211; 1986<\/em> es un conjunto de caja Super Deluxe que comprende los 13 \u00e1lbumes lanzados por Charisma y Virgin, todos reci\u00e9n remasterizados de las cintas maestras originales.<\/p>\n<p>Hay nuevas mezclas de 5.1 y est\u00e9reo de <em>El futuro ahora<\/em> y <em>ph7<\/em> por Stephen W Tayler, raras sesiones de la BBC y grabaciones en vivo y un disco de video Blu-ray de actuaciones de televisi\u00f3n europeas raras previamente in\u00e9ditas. <em>The Charisma &#038; Virgin Recordings 1971 &#8211; 1986<\/em> Tambi\u00e9n estar\u00e1 disponible digitalmente y saldr\u00e1 el 26 de septiembre en Virgin.<\/p>\n<p>La colecci\u00f3n de 18 CD comienza con 1971&#8217;s <em>Mate de tonto<\/em>La primera oferta en solitario de Hammill despu\u00e9s de la breve disoluci\u00f3n del generador de van der Graaf, el legendario grupo de rock progresivo para el que fue el miembro fundador y vocalista. Lo siguiente es 1973&#8217;s <em>Camale\u00f3n a la sombra de la noche<\/em> que tambi\u00e9n presenta canciones grabadas en una sesi\u00f3n de BBC Radio John Peel en julio de 1973; 1974 <em>La esquina silenciosa<\/em> <em>y el<\/em> <em>Etapa vac\u00eda<\/em> Venga con grabaciones de una sesi\u00f3n de c\u00e1scara de febrero de 1974 y una presentaci\u00f3n en vivo de abril de 1974 en el Montreal University Sports Center; 1974 <em>A puerta cerrada<\/em> presenta una sesi\u00f3n de c\u00e1scara de septiembre de 1974; 1975 <em>La gran oportunidad de Nadir<\/em>; 1977 <em>Encima<\/em> junto con una sesi\u00f3n de c\u00e1scara de abril de 1977; 1978 <em>El futuro ahora<\/em>; Un par de CD que documentan una grabaci\u00f3n en vivo de febrero de 1978 de la Iglesia Unitaria All Souls, Kansas City, EE. UU.; 1979 <em>ph7<\/em> Completo con una sesi\u00f3n de c\u00e1scara de septiembre de 1979.<\/p>\n<p>La d\u00e9cada de 1980 comienza con ese a\u00f1o <em>Una caja negra<\/em> y el a\u00f1o siguiente <em>Objetivos sentados<\/em>. Una compilaci\u00f3n de 1984 <em>Las canciones de amor<\/em> presenta re-grabaciones de su cat\u00e1logo trasero y esta versi\u00f3n presenta una versi\u00f3n instrumental de &#8220;Just Good Friends&#8221;. Los \u00e1lbumes finales de Hammill para Carisma y Virgin fueron de 1986 <em>Piel<\/em> y 1986 <em>Y cerca como este<\/em>.<\/p>\n<p>Comprar Peter Hammill&#8217;s <em>Las grabaciones de Charisma &#038; Virgin<\/em> ahora.<\/p>\n","protected":false},"excerpt":{"rendered":"<p>Una colecci\u00f3n de grabaciones del m\u00fasico de progreso ingl\u00e9s Peter Hammill se lanzar\u00e1 a finales de este a\u00f1o. The Charisma &#038; Virgin Recordings 1971 &#8211;<\/p>\n","protected":false},"author":1,"featured_media":3319,"comment_status":"closed","ping_status":"","sticky":false,"template":"","format":"standard","meta":{"footnotes":""},"categories":[50],"tags":[205,170,2928,800,489],"class_list":["post-3318","post","type-post","status-publish","format-standard","has-post-thumbnail","hentry","category-el-ultimo","tag-albumes","tag-coleccion","tag-hammill","tag-obtiene","tag-peter","generate-columns","tablet-grid-50","mobile-grid-100","grid-parent","grid-50"],"yoast_head":"<!-- This site is optimized with the Yoast SEO plugin v23.3 - https:\/\/yoast.com\/wordpress\/plugins\/seo\/ -->\n<title>Peter Hammill obtiene 13 colecci\u00f3n de \u00e1lbumes<\/title>\n<meta name=\"robots\" content=\"index, follow, max-snippet:-1, max-image-preview:large, max-video-preview:-1\" \/>\n<link rel=\"canonical\" href=\"https:\/\/web.consaguirre.com.ar\/noticias\/peter-hammill-obtiene-13-coleccion-de-albumes\/\" \/>\n<meta property=\"og:locale\" content=\"es_ES\" \/>\n<meta property=\"og:type\" content=\"article\" \/>\n<meta property=\"og:title\" content=\"Peter Hammill obtiene 13 colecci\u00f3n de \u00e1lbumes\" \/>\n<meta property=\"og:description\" content=\"Una colecci\u00f3n de grabaciones del m\u00fasico de progreso ingl\u00e9s Peter Hammill se lanzar\u00e1 a finales de este a\u00f1o. The Charisma &#038; Virgin Recordings 1971 &#8211;\" \/>\n<meta property=\"og:url\" content=\"https:\/\/web.consaguirre.com.ar\/noticias\/peter-hammill-obtiene-13-coleccion-de-albumes\/\" \/>\n<meta property=\"og:site_name\" content=\"Conservatorio de M\u00fasica Juli\u00e1n Aguirre\" \/>\n<meta property=\"article:published_time\" content=\"2025-07-29T17:38:23+00:00\" \/>\n<meta property=\"article:modified_time\" content=\"2025-07-29T17:38:24+00:00\" \/>\n<meta property=\"og:image\" content=\"https:\/\/web.consaguirre.com.ar\/noticias\/wp-content\/uploads\/2025\/07\/Peter-Hammill-obtiene-13-coleccion-de-albumes.jpg\" \/>\n\t<meta property=\"og:image:width\" content=\"1440\" \/>\n\t<meta property=\"og:image:height\" content=\"864\" \/>\n\t<meta property=\"og:image:type\" content=\"image\/jpeg\" \/>\n<meta name=\"author\" content=\"Javier Figueroa\" \/>\n<meta name=\"twitter:card\" content=\"summary_large_image\" \/>\n<meta name=\"twitter:label1\" content=\"Escrito por\" \/>\n\t<meta name=\"twitter:data1\" content=\"Javier Figueroa\" \/>\n\t<meta name=\"twitter:label2\" content=\"Tiempo de lectura\" \/>\n\t<meta name=\"twitter:data2\" content=\"2 minutos\" \/>\n<script type=\"application\/ld+json\" class=\"yoast-schema-graph\">{\"@context\":\"https:\/\/schema.org\",\"@graph\":[{\"@type\":\"Article\",\"@id\":\"https:\/\/web.consaguirre.com.ar\/noticias\/peter-hammill-obtiene-13-coleccion-de-albumes\/#article\",\"isPartOf\":{\"@id\":\"https:\/\/web.consaguirre.com.ar\/noticias\/peter-hammill-obtiene-13-coleccion-de-albumes\/\"},\"author\":{\"name\":\"Javier Figueroa\",\"@id\":\"https:\/\/web.consaguirre.com.ar\/noticias\/#\/schema\/person\/6558b0cfedee7ddc5425602b237d5722\"},\"headline\":\"Peter Hammill obtiene 13 colecci\u00f3n de \u00e1lbumes\",\"datePublished\":\"2025-07-29T17:38:23+00:00\",\"dateModified\":\"2025-07-29T17:38:24+00:00\",\"mainEntityOfPage\":{\"@id\":\"https:\/\/web.consaguirre.com.ar\/noticias\/peter-hammill-obtiene-13-coleccion-de-albumes\/\"},\"wordCount\":372,\"publisher\":{\"@id\":\"https:\/\/web.consaguirre.com.ar\/noticias\/#organization\"},\"image\":{\"@id\":\"https:\/\/web.consaguirre.com.ar\/noticias\/peter-hammill-obtiene-13-coleccion-de-albumes\/#primaryimage\"},\"thumbnailUrl\":\"https:\/\/web.consaguirre.com.ar\/noticias\/wp-content\/uploads\/2025\/07\/Peter-Hammill-obtiene-13-coleccion-de-albumes.jpg\",\"keywords\":[\"\u00e1lbumes\",\"colecci\u00f3n\",\"Hammill\",\"obtiene\",\"Peter\"],\"articleSection\":[\"El \u00faltimo\"],\"inLanguage\":\"es-AR\"},{\"@type\":\"WebPage\",\"@id\":\"https:\/\/web.consaguirre.com.ar\/noticias\/peter-hammill-obtiene-13-coleccion-de-albumes\/\",\"url\":\"https:\/\/web.consaguirre.com.ar\/noticias\/peter-hammill-obtiene-13-coleccion-de-albumes\/\",\"name\":\"Peter Hammill obtiene 13 colecci\u00f3n de \u00e1lbumes\",\"isPartOf\":{\"@id\":\"https:\/\/web.consaguirre.com.ar\/noticias\/#website\"},\"primaryImageOfPage\":{\"@id\":\"https:\/\/web.consaguirre.com.ar\/noticias\/peter-hammill-obtiene-13-coleccion-de-albumes\/#primaryimage\"},\"image\":{\"@id\":\"https:\/\/web.consaguirre.com.ar\/noticias\/peter-hammill-obtiene-13-coleccion-de-albumes\/#primaryimage\"},\"thumbnailUrl\":\"https:\/\/web.consaguirre.com.ar\/noticias\/wp-content\/uploads\/2025\/07\/Peter-Hammill-obtiene-13-coleccion-de-albumes.jpg\",\"datePublished\":\"2025-07-29T17:38:23+00:00\",\"dateModified\":\"2025-07-29T17:38:24+00:00\",\"breadcrumb\":{\"@id\":\"https:\/\/web.consaguirre.com.ar\/noticias\/peter-hammill-obtiene-13-coleccion-de-albumes\/#breadcrumb\"},\"inLanguage\":\"es-AR\",\"potentialAction\":[{\"@type\":\"ReadAction\",\"target\":[\"https:\/\/web.consaguirre.com.ar\/noticias\/peter-hammill-obtiene-13-coleccion-de-albumes\/\"]}]},{\"@type\":\"ImageObject\",\"inLanguage\":\"es-AR\",\"@id\":\"https:\/\/web.consaguirre.com.ar\/noticias\/peter-hammill-obtiene-13-coleccion-de-albumes\/#primaryimage\",\"url\":\"https:\/\/web.consaguirre.com.ar\/noticias\/wp-content\/uploads\/2025\/07\/Peter-Hammill-obtiene-13-coleccion-de-albumes.jpg\",\"contentUrl\":\"https:\/\/web.consaguirre.com.ar\/noticias\/wp-content\/uploads\/2025\/07\/Peter-Hammill-obtiene-13-coleccion-de-albumes.jpg\",\"width\":1440,\"height\":864,\"caption\":\"Peter Hammill obtiene 13 colecci\u00f3n de \u00e1lbumes\"},{\"@type\":\"BreadcrumbList\",\"@id\":\"https:\/\/web.consaguirre.com.ar\/noticias\/peter-hammill-obtiene-13-coleccion-de-albumes\/#breadcrumb\",\"itemListElement\":[{\"@type\":\"ListItem\",\"position\":1,\"name\":\"Inicio\",\"item\":\"https:\/\/web.consaguirre.com.ar\/noticias\/\"},{\"@type\":\"ListItem\",\"position\":2,\"name\":\"Peter Hammill obtiene 13 colecci\u00f3n de \u00e1lbumes\"}]},{\"@type\":\"WebSite\",\"@id\":\"https:\/\/web.consaguirre.com.ar\/noticias\/#website\",\"url\":\"https:\/\/web.consaguirre.com.ar\/noticias\/\",\"name\":\"Conservatorio de M\u00fasica Juli\u00e1n Aguirre\",\"description\":\"\",\"publisher\":{\"@id\":\"https:\/\/web.consaguirre.com.ar\/noticias\/#organization\"},\"potentialAction\":[{\"@type\":\"SearchAction\",\"target\":{\"@type\":\"EntryPoint\",\"urlTemplate\":\"https:\/\/web.consaguirre.com.ar\/noticias\/?s={search_term_string}\"},\"query-input\":\"required name=search_term_string\"}],\"inLanguage\":\"es-AR\"},{\"@type\":\"Organization\",\"@id\":\"https:\/\/web.consaguirre.com.ar\/noticias\/#organization\",\"name\":\"Conservatorio de M\u00fasica Juli\u00e1n Aguirre\",\"url\":\"https:\/\/web.consaguirre.com.ar\/noticias\/\",\"logo\":{\"@type\":\"ImageObject\",\"inLanguage\":\"es-AR\",\"@id\":\"https:\/\/web.consaguirre.com.ar\/noticias\/#\/schema\/logo\/image\/\",\"url\":\"https:\/\/web.consaguirre.com.ar\/noticias\/wp-content\/uploads\/2024\/08\/Banner-Aguirre-23.jpg\",\"contentUrl\":\"https:\/\/web.consaguirre.com.ar\/noticias\/wp-content\/uploads\/2024\/08\/Banner-Aguirre-23.jpg\",\"width\":1192,\"height\":600,\"caption\":\"Conservatorio de M\u00fasica Juli\u00e1n Aguirre\"},\"image\":{\"@id\":\"https:\/\/web.consaguirre.com.ar\/noticias\/#\/schema\/logo\/image\/\"}},{\"@type\":\"Person\",\"@id\":\"https:\/\/web.consaguirre.com.ar\/noticias\/#\/schema\/person\/6558b0cfedee7ddc5425602b237d5722\",\"name\":\"Javier Figueroa\",\"image\":{\"@type\":\"ImageObject\",\"inLanguage\":\"es-AR\",\"@id\":\"https:\/\/web.consaguirre.com.ar\/noticias\/#\/schema\/person\/image\/\",\"url\":\"https:\/\/web.consaguirre.com.ar\/noticias\/wp-content\/uploads\/2024\/08\/Consaguirre-scaled.jpg\",\"contentUrl\":\"https:\/\/web.consaguirre.com.ar\/noticias\/wp-content\/uploads\/2024\/08\/Consaguirre-scaled.jpg\",\"caption\":\"Javier Figueroa\"},\"description\":\"Me llamo Javier Figueroa y soy redactor para el sitio oficial del Conservatorio de M\u00fasica Juli\u00e1n Aguirre en Buenos Aires, consaguirre.com. Apasionado por la m\u00fasica y la escritura, me esfuerzo por destacar los talentos y eventos de nuestra prestigiosa instituci\u00f3n. Mi trayectoria se nutre de una profunda admiraci\u00f3n por los artistas, haciendo de cada art\u00edculo una celebraci\u00f3n de la creatividad y la cultura musical.\",\"sameAs\":[\"https:\/\/web.consaguirre.com.ar\/noticias\"]}]}<\/script>\n<!-- \/ Yoast SEO plugin. -->","yoast_head_json":{"title":"Peter Hammill obtiene 13 colecci\u00f3n de \u00e1lbumes","robots":{"index":"index","follow":"follow","max-snippet":"max-snippet:-1","max-image-preview":"max-image-preview:large","max-video-preview":"max-video-preview:-1"},"canonical":"https:\/\/web.consaguirre.com.ar\/noticias\/peter-hammill-obtiene-13-coleccion-de-albumes\/","og_locale":"es_ES","og_type":"article","og_title":"Peter Hammill obtiene 13 colecci\u00f3n de \u00e1lbumes","og_description":"Una colecci\u00f3n de grabaciones del m\u00fasico de progreso ingl\u00e9s Peter Hammill se lanzar\u00e1 a finales de este a\u00f1o. The Charisma &#038; Virgin Recordings 1971 &#8211;","og_url":"https:\/\/web.consaguirre.com.ar\/noticias\/peter-hammill-obtiene-13-coleccion-de-albumes\/","og_site_name":"Conservatorio de M\u00fasica Juli\u00e1n Aguirre","article_published_time":"2025-07-29T17:38:23+00:00","article_modified_time":"2025-07-29T17:38:24+00:00","og_image":[{"width":1440,"height":864,"url":"https:\/\/web.consaguirre.com.ar\/noticias\/wp-content\/uploads\/2025\/07\/Peter-Hammill-obtiene-13-coleccion-de-albumes.jpg","type":"image\/jpeg"}],"author":"Javier Figueroa","twitter_card":"summary_large_image","twitter_misc":{"Escrito por":"Javier Figueroa","Tiempo de lectura":"2 minutos"},"schema":{"@context":"https:\/\/schema.org","@graph":[{"@type":"Article","@id":"https:\/\/web.consaguirre.com.ar\/noticias\/peter-hammill-obtiene-13-coleccion-de-albumes\/#article","isPartOf":{"@id":"https:\/\/web.consaguirre.com.ar\/noticias\/peter-hammill-obtiene-13-coleccion-de-albumes\/"},"author":{"name":"Javier Figueroa","@id":"https:\/\/web.consaguirre.com.ar\/noticias\/#\/schema\/person\/6558b0cfedee7ddc5425602b237d5722"},"headline":"Peter Hammill obtiene 13 colecci\u00f3n de \u00e1lbumes","datePublished":"2025-07-29T17:38:23+00:00","dateModified":"2025-07-29T17:38:24+00:00","mainEntityOfPage":{"@id":"https:\/\/web.consaguirre.com.ar\/noticias\/peter-hammill-obtiene-13-coleccion-de-albumes\/"},"wordCount":372,"publisher":{"@id":"https:\/\/web.consaguirre.com.ar\/noticias\/#organization"},"image":{"@id":"https:\/\/web.consaguirre.com.ar\/noticias\/peter-hammill-obtiene-13-coleccion-de-albumes\/#primaryimage"},"thumbnailUrl":"https:\/\/web.consaguirre.com.ar\/noticias\/wp-content\/uploads\/2025\/07\/Peter-Hammill-obtiene-13-coleccion-de-albumes.jpg","keywords":["\u00e1lbumes","colecci\u00f3n","Hammill","obtiene","Peter"],"articleSection":["El \u00faltimo"],"inLanguage":"es-AR"},{"@type":"WebPage","@id":"https:\/\/web.consaguirre.com.ar\/noticias\/peter-hammill-obtiene-13-coleccion-de-albumes\/","url":"https:\/\/web.consaguirre.com.ar\/noticias\/peter-hammill-obtiene-13-coleccion-de-albumes\/","name":"Peter Hammill obtiene 13 colecci\u00f3n de \u00e1lbumes","isPartOf":{"@id":"https:\/\/web.consaguirre.com.ar\/noticias\/#website"},"primaryImageOfPage":{"@id":"https:\/\/web.consaguirre.com.ar\/noticias\/peter-hammill-obtiene-13-coleccion-de-albumes\/#primaryimage"},"image":{"@id":"https:\/\/web.consaguirre.com.ar\/noticias\/peter-hammill-obtiene-13-coleccion-de-albumes\/#primaryimage"},"thumbnailUrl":"https:\/\/web.consaguirre.com.ar\/noticias\/wp-content\/uploads\/2025\/07\/Peter-Hammill-obtiene-13-coleccion-de-albumes.jpg","datePublished":"2025-07-29T17:38:23+00:00","dateModified":"2025-07-29T17:38:24+00:00","breadcrumb":{"@id":"https:\/\/web.consaguirre.com.ar\/noticias\/peter-hammill-obtiene-13-coleccion-de-albumes\/#breadcrumb"},"inLanguage":"es-AR","potentialAction":[{"@type":"ReadAction","target":["https:\/\/web.consaguirre.com.ar\/noticias\/peter-hammill-obtiene-13-coleccion-de-albumes\/"]}]},{"@type":"ImageObject","inLanguage":"es-AR","@id":"https:\/\/web.consaguirre.com.ar\/noticias\/peter-hammill-obtiene-13-coleccion-de-albumes\/#primaryimage","url":"https:\/\/web.consaguirre.com.ar\/noticias\/wp-content\/uploads\/2025\/07\/Peter-Hammill-obtiene-13-coleccion-de-albumes.jpg","contentUrl":"https:\/\/web.consaguirre.com.ar\/noticias\/wp-content\/uploads\/2025\/07\/Peter-Hammill-obtiene-13-coleccion-de-albumes.jpg","width":1440,"height":864,"caption":"Peter Hammill obtiene 13 colecci\u00f3n de \u00e1lbumes"},{"@type":"BreadcrumbList","@id":"https:\/\/web.consaguirre.com.ar\/noticias\/peter-hammill-obtiene-13-coleccion-de-albumes\/#breadcrumb","itemListElement":[{"@type":"ListItem","position":1,"name":"Inicio","item":"https:\/\/web.consaguirre.com.ar\/noticias\/"},{"@type":"ListItem","position":2,"name":"Peter Hammill obtiene 13 colecci\u00f3n de \u00e1lbumes"}]},{"@type":"WebSite","@id":"https:\/\/web.consaguirre.com.ar\/noticias\/#website","url":"https:\/\/web.consaguirre.com.ar\/noticias\/","name":"Conservatorio de M\u00fasica Juli\u00e1n Aguirre","description":"","publisher":{"@id":"https:\/\/web.consaguirre.com.ar\/noticias\/#organization"},"potentialAction":[{"@type":"SearchAction","target":{"@type":"EntryPoint","urlTemplate":"https:\/\/web.consaguirre.com.ar\/noticias\/?s={search_term_string}"},"query-input":"required name=search_term_string"}],"inLanguage":"es-AR"},{"@type":"Organization","@id":"https:\/\/web.consaguirre.com.ar\/noticias\/#organization","name":"Conservatorio de M\u00fasica Juli\u00e1n Aguirre","url":"https:\/\/web.consaguirre.com.ar\/noticias\/","logo":{"@type":"ImageObject","inLanguage":"es-AR","@id":"https:\/\/web.consaguirre.com.ar\/noticias\/#\/schema\/logo\/image\/","url":"https:\/\/web.consaguirre.com.ar\/noticias\/wp-content\/uploads\/2024\/08\/Banner-Aguirre-23.jpg","contentUrl":"https:\/\/web.consaguirre.com.ar\/noticias\/wp-content\/uploads\/2024\/08\/Banner-Aguirre-23.jpg","width":1192,"height":600,"caption":"Conservatorio de M\u00fasica Juli\u00e1n Aguirre"},"image":{"@id":"https:\/\/web.consaguirre.com.ar\/noticias\/#\/schema\/logo\/image\/"}},{"@type":"Person","@id":"https:\/\/web.consaguirre.com.ar\/noticias\/#\/schema\/person\/6558b0cfedee7ddc5425602b237d5722","name":"Javier Figueroa","image":{"@type":"ImageObject","inLanguage":"es-AR","@id":"https:\/\/web.consaguirre.com.ar\/noticias\/#\/schema\/person\/image\/","url":"https:\/\/web.consaguirre.com.ar\/noticias\/wp-content\/uploads\/2024\/08\/Consaguirre-scaled.jpg","contentUrl":"https:\/\/web.consaguirre.com.ar\/noticias\/wp-content\/uploads\/2024\/08\/Consaguirre-scaled.jpg","caption":"Javier Figueroa"},"description":"Me llamo Javier Figueroa y soy redactor para el sitio oficial del Conservatorio de M\u00fasica Juli\u00e1n Aguirre en Buenos Aires, consaguirre.com. Apasionado por la m\u00fasica y la escritura, me esfuerzo por destacar los talentos y eventos de nuestra prestigiosa instituci\u00f3n. Mi trayectoria se nutre de una profunda admiraci\u00f3n por los artistas, haciendo de cada art\u00edculo una celebraci\u00f3n de la creatividad y la cultura musical.","sameAs":["https:\/\/web.consaguirre.com.ar\/noticias"]}]}},"_links":{"self":[{"href":"https:\/\/web.consaguirre.com.ar\/noticias\/wp-json\/wp\/v2\/posts\/3318"}],"collection":[{"href":"https:\/\/web.consaguirre.com.ar\/noticias\/wp-json\/wp\/v2\/posts"}],"about":[{"href":"https:\/\/web.consaguirre.com.ar\/noticias\/wp-json\/wp\/v2\/types\/post"}],"author":[{"embeddable":true,"href":"https:\/\/web.consaguirre.com.ar\/noticias\/wp-json\/wp\/v2\/users\/1"}],"replies":[{"embeddable":true,"href":"https:\/\/web.consaguirre.com.ar\/noticias\/wp-json\/wp\/v2\/comments?post=3318"}],"version-history":[{"count":1,"href":"https:\/\/web.consaguirre.com.ar\/noticias\/wp-json\/wp\/v2\/posts\/3318\/revisions"}],"predecessor-version":[{"id":3320,"href":"https:\/\/web.consaguirre.com.ar\/noticias\/wp-json\/wp\/v2\/posts\/3318\/revisions\/3320"}],"wp:featuredmedia":[{"embeddable":true,"href":"https:\/\/web.consaguirre.com.ar\/noticias\/wp-json\/wp\/v2\/media\/3319"}],"wp:attachment":[{"href":"https:\/\/web.consaguirre.com.ar\/noticias\/wp-json\/wp\/v2\/media?parent=3318"}],"wp:term":[{"taxonomy":"category","embeddable":true,"href":"https:\/\/web.consaguirre.com.ar\/noticias\/wp-json\/wp\/v2\/categories?post=3318"},{"taxonomy":"post_tag","embeddable":true,"href":"https:\/\/web.consaguirre.com.ar\/noticias\/wp-json\/wp\/v2\/tags?post=3318"}],"curies":[{"name":"wp","href":"https:\/\/api.w.org\/{rel}","templated":true}]}}