{"id":3288,"date":"2025-07-25T20:38:34","date_gmt":"2025-07-25T23:38:34","guid":{"rendered":"https:\/\/web.consaguirre.com.ar\/noticias\/herbert-von-karajan-regresa-a-la-serie-de-origen-original-de-dg\/"},"modified":"2025-07-25T20:38:36","modified_gmt":"2025-07-25T23:38:36","slug":"herbert-von-karajan-regresa-a-la-serie-de-origen-original-de-dg","status":"publish","type":"post","link":"https:\/\/web.consaguirre.com.ar\/noticias\/herbert-von-karajan-regresa-a-la-serie-de-origen-original-de-dg\/","title":{"rendered":"Herbert von Karajan regresa a la serie de origen original de DG"},"content":{"rendered":"<p>Un conjunto clave de obras del director de Austria Herbert Von Karajan ha sido reeditado en la serie original de fuente de Deutsche Grammophon. Grabado en 1973 y 1974, el vinilo incluye obras orquestales de Arnold Schoenberg, Anton Webern y Alban Berg, realizadas por el Berliner Philharmoniker.<\/p>\n<p>Las actuaciones en la nueva reedici\u00f3n, que saldr\u00e1n el 12 de septiembre, fueron mezcladas y dominadas por los Estudios Emil Berliner de cintas maestras originales de cuatro y ocho pistas, utilizando una calidad anal\u00f3gica 100% (AAA). Presionado en el vinilo de 180 gramos, el conjunto de 4 lp de edici\u00f3n limitada, dise\u00f1ado por el dise\u00f1ador gr\u00e1fico Holger Matthies, viene completo con obras de arte originales, fotograf\u00edas y facs\u00edmiles de registros de grabaci\u00f3n de las sesiones originales.<\/p>\n<p>Nacido en Salzburgo en 1908, Karajan comenz\u00f3 su carrera directiva en 1929. Se convirti\u00f3 en director principal de la Filarm\u00f3nica de Berl\u00edn en 1956, ocupando el cargo durante m\u00e1s de tres d\u00e9cadas. Para cuando se hicieron estas segundas grabaciones escolares vienas, Karajan se hab\u00eda establecido como uno de los conductores m\u00e1s influyentes del siglo XX. A principios de la d\u00e9cada de 1970, Karajan se desempe\u00f1aba simult\u00e1neamente como director art\u00edstico de la \u00f3pera estatal de Viena, y hab\u00eda fundado el Festival de Pascua de Salzburgo.<\/p>\n<p>El nuevo conjunto de caja integral captura el enfoque de Karajan para el repertorio contempor\u00e1neo durante el apogeo de su carrera. El compositor registr\u00f3 prol\u00edficamente a lo largo de su carrera, haciendo m\u00e1s de 800 grabaciones y vendiendo aproximadamente 200 millones de registros: su relaci\u00f3n con Deutsche Grammophon produjo espec\u00edficamente 330 grabaciones, y su grabaci\u00f3n de 1981 de &#8220;Anpine Symphony&#8221; de Strauss se convirti\u00f3 en el primer trabajo presionado en el disco compacto por la etiqueta.<\/p>\n<p>El lanzamiento se une a una variedad de otras fuentes de origen original de DG, incluidas las obras de alrededor de 1970 con Maurizio Pollini, Claudio Abbado, Rafael Kubel\u00edk y Karl B\u00f6hm. La serie tambi\u00e9n ha reeditado previamente m\u00faltiples obras que Karajan realiz\u00f3 con el Berliner Philharmoniker, incluidas las interpretaciones de la &#8220;Sinfon\u00eda No. 6&#8221; de Gustav Mahler, &#8220;Requiem Mass&#8221; de Giuseppe Verdi y &#8220;The Ring of the Nibelungen&#8221; de Richard Wagner.<\/p>\n<p>Ordene la edici\u00f3n de origen original de DG de las grabaciones de Herbert Von Karajan de Arnold Schoenberg, Anton Webern y Alban Berg Now.<\/p>\n","protected":false},"excerpt":{"rendered":"<p>Un conjunto clave de obras del director de Austria Herbert Von Karajan ha sido reeditado en la serie original de fuente de Deutsche Grammophon. Grabado<\/p>\n","protected":false},"author":1,"featured_media":3289,"comment_status":"closed","ping_status":"","sticky":false,"template":"","format":"standard","meta":{"footnotes":""},"categories":[50],"tags":[2913,2915,2916,1646,538,220,2914],"class_list":["post-3288","post","type-post","status-publish","format-standard","has-post-thumbnail","hentry","category-el-ultimo","tag-herbert","tag-karajan","tag-origen","tag-original","tag-regresa","tag-serie","tag-von","generate-columns","tablet-grid-50","mobile-grid-100","grid-parent","grid-50"],"yoast_head":"<!-- This site is optimized with the Yoast SEO plugin v23.3 - https:\/\/yoast.com\/wordpress\/plugins\/seo\/ -->\n<title>Herbert von Karajan regresa a la serie de origen original de DG<\/title>\n<meta name=\"robots\" content=\"index, follow, max-snippet:-1, max-image-preview:large, max-video-preview:-1\" \/>\n<link rel=\"canonical\" href=\"https:\/\/web.consaguirre.com.ar\/noticias\/herbert-von-karajan-regresa-a-la-serie-de-origen-original-de-dg\/\" \/>\n<meta property=\"og:locale\" content=\"es_ES\" \/>\n<meta property=\"og:type\" content=\"article\" \/>\n<meta property=\"og:title\" content=\"Herbert von Karajan regresa a la serie de origen original de DG\" \/>\n<meta property=\"og:description\" content=\"Un conjunto clave de obras del director de Austria Herbert Von Karajan ha sido reeditado en la serie original de fuente de Deutsche Grammophon. Grabado\" \/>\n<meta property=\"og:url\" content=\"https:\/\/web.consaguirre.com.ar\/noticias\/herbert-von-karajan-regresa-a-la-serie-de-origen-original-de-dg\/\" \/>\n<meta property=\"og:site_name\" content=\"Conservatorio de M\u00fasica Juli\u00e1n Aguirre\" \/>\n<meta property=\"article:published_time\" content=\"2025-07-25T23:38:34+00:00\" \/>\n<meta property=\"article:modified_time\" content=\"2025-07-25T23:38:36+00:00\" \/>\n<meta property=\"og:image\" content=\"https:\/\/web.consaguirre.com.ar\/noticias\/wp-content\/uploads\/2025\/07\/Herbert-von-Karajan-regresa-a-la-serie-de-origen-original.jpg\" \/>\n\t<meta property=\"og:image:width\" content=\"1280\" \/>\n\t<meta property=\"og:image:height\" content=\"1280\" \/>\n\t<meta property=\"og:image:type\" content=\"image\/jpeg\" \/>\n<meta name=\"author\" content=\"Javier Figueroa\" \/>\n<meta name=\"twitter:card\" content=\"summary_large_image\" \/>\n<meta name=\"twitter:label1\" content=\"Escrito por\" \/>\n\t<meta name=\"twitter:data1\" content=\"Javier Figueroa\" \/>\n\t<meta name=\"twitter:label2\" content=\"Tiempo de lectura\" \/>\n\t<meta name=\"twitter:data2\" content=\"2 minutos\" \/>\n<script type=\"application\/ld+json\" class=\"yoast-schema-graph\">{\"@context\":\"https:\/\/schema.org\",\"@graph\":[{\"@type\":\"Article\",\"@id\":\"https:\/\/web.consaguirre.com.ar\/noticias\/herbert-von-karajan-regresa-a-la-serie-de-origen-original-de-dg\/#article\",\"isPartOf\":{\"@id\":\"https:\/\/web.consaguirre.com.ar\/noticias\/herbert-von-karajan-regresa-a-la-serie-de-origen-original-de-dg\/\"},\"author\":{\"name\":\"Javier Figueroa\",\"@id\":\"https:\/\/web.consaguirre.com.ar\/noticias\/#\/schema\/person\/6558b0cfedee7ddc5425602b237d5722\"},\"headline\":\"Herbert von Karajan regresa a la serie de origen original de DG\",\"datePublished\":\"2025-07-25T23:38:34+00:00\",\"dateModified\":\"2025-07-25T23:38:36+00:00\",\"mainEntityOfPage\":{\"@id\":\"https:\/\/web.consaguirre.com.ar\/noticias\/herbert-von-karajan-regresa-a-la-serie-de-origen-original-de-dg\/\"},\"wordCount\":408,\"publisher\":{\"@id\":\"https:\/\/web.consaguirre.com.ar\/noticias\/#organization\"},\"image\":{\"@id\":\"https:\/\/web.consaguirre.com.ar\/noticias\/herbert-von-karajan-regresa-a-la-serie-de-origen-original-de-dg\/#primaryimage\"},\"thumbnailUrl\":\"https:\/\/web.consaguirre.com.ar\/noticias\/wp-content\/uploads\/2025\/07\/Herbert-von-Karajan-regresa-a-la-serie-de-origen-original.jpg\",\"keywords\":[\"Herbert\",\"Karajan\",\"origen\",\"Original\",\"regresa\",\"serie\",\"von\"],\"articleSection\":[\"El \u00faltimo\"],\"inLanguage\":\"es-AR\"},{\"@type\":\"WebPage\",\"@id\":\"https:\/\/web.consaguirre.com.ar\/noticias\/herbert-von-karajan-regresa-a-la-serie-de-origen-original-de-dg\/\",\"url\":\"https:\/\/web.consaguirre.com.ar\/noticias\/herbert-von-karajan-regresa-a-la-serie-de-origen-original-de-dg\/\",\"name\":\"Herbert von Karajan regresa a la serie de origen original de DG\",\"isPartOf\":{\"@id\":\"https:\/\/web.consaguirre.com.ar\/noticias\/#website\"},\"primaryImageOfPage\":{\"@id\":\"https:\/\/web.consaguirre.com.ar\/noticias\/herbert-von-karajan-regresa-a-la-serie-de-origen-original-de-dg\/#primaryimage\"},\"image\":{\"@id\":\"https:\/\/web.consaguirre.com.ar\/noticias\/herbert-von-karajan-regresa-a-la-serie-de-origen-original-de-dg\/#primaryimage\"},\"thumbnailUrl\":\"https:\/\/web.consaguirre.com.ar\/noticias\/wp-content\/uploads\/2025\/07\/Herbert-von-Karajan-regresa-a-la-serie-de-origen-original.jpg\",\"datePublished\":\"2025-07-25T23:38:34+00:00\",\"dateModified\":\"2025-07-25T23:38:36+00:00\",\"breadcrumb\":{\"@id\":\"https:\/\/web.consaguirre.com.ar\/noticias\/herbert-von-karajan-regresa-a-la-serie-de-origen-original-de-dg\/#breadcrumb\"},\"inLanguage\":\"es-AR\",\"potentialAction\":[{\"@type\":\"ReadAction\",\"target\":[\"https:\/\/web.consaguirre.com.ar\/noticias\/herbert-von-karajan-regresa-a-la-serie-de-origen-original-de-dg\/\"]}]},{\"@type\":\"ImageObject\",\"inLanguage\":\"es-AR\",\"@id\":\"https:\/\/web.consaguirre.com.ar\/noticias\/herbert-von-karajan-regresa-a-la-serie-de-origen-original-de-dg\/#primaryimage\",\"url\":\"https:\/\/web.consaguirre.com.ar\/noticias\/wp-content\/uploads\/2025\/07\/Herbert-von-Karajan-regresa-a-la-serie-de-origen-original.jpg\",\"contentUrl\":\"https:\/\/web.consaguirre.com.ar\/noticias\/wp-content\/uploads\/2025\/07\/Herbert-von-Karajan-regresa-a-la-serie-de-origen-original.jpg\",\"width\":1280,\"height\":1280,\"caption\":\"Herbert von Karajan regresa a la serie de origen original de DG\"},{\"@type\":\"BreadcrumbList\",\"@id\":\"https:\/\/web.consaguirre.com.ar\/noticias\/herbert-von-karajan-regresa-a-la-serie-de-origen-original-de-dg\/#breadcrumb\",\"itemListElement\":[{\"@type\":\"ListItem\",\"position\":1,\"name\":\"Inicio\",\"item\":\"https:\/\/web.consaguirre.com.ar\/noticias\/\"},{\"@type\":\"ListItem\",\"position\":2,\"name\":\"Herbert von Karajan regresa a la serie de origen original de DG\"}]},{\"@type\":\"WebSite\",\"@id\":\"https:\/\/web.consaguirre.com.ar\/noticias\/#website\",\"url\":\"https:\/\/web.consaguirre.com.ar\/noticias\/\",\"name\":\"Conservatorio de M\u00fasica Juli\u00e1n Aguirre\",\"description\":\"\",\"publisher\":{\"@id\":\"https:\/\/web.consaguirre.com.ar\/noticias\/#organization\"},\"potentialAction\":[{\"@type\":\"SearchAction\",\"target\":{\"@type\":\"EntryPoint\",\"urlTemplate\":\"https:\/\/web.consaguirre.com.ar\/noticias\/?s={search_term_string}\"},\"query-input\":\"required name=search_term_string\"}],\"inLanguage\":\"es-AR\"},{\"@type\":\"Organization\",\"@id\":\"https:\/\/web.consaguirre.com.ar\/noticias\/#organization\",\"name\":\"Conservatorio de M\u00fasica Juli\u00e1n Aguirre\",\"url\":\"https:\/\/web.consaguirre.com.ar\/noticias\/\",\"logo\":{\"@type\":\"ImageObject\",\"inLanguage\":\"es-AR\",\"@id\":\"https:\/\/web.consaguirre.com.ar\/noticias\/#\/schema\/logo\/image\/\",\"url\":\"https:\/\/web.consaguirre.com.ar\/noticias\/wp-content\/uploads\/2024\/08\/Banner-Aguirre-23.jpg\",\"contentUrl\":\"https:\/\/web.consaguirre.com.ar\/noticias\/wp-content\/uploads\/2024\/08\/Banner-Aguirre-23.jpg\",\"width\":1192,\"height\":600,\"caption\":\"Conservatorio de M\u00fasica Juli\u00e1n Aguirre\"},\"image\":{\"@id\":\"https:\/\/web.consaguirre.com.ar\/noticias\/#\/schema\/logo\/image\/\"}},{\"@type\":\"Person\",\"@id\":\"https:\/\/web.consaguirre.com.ar\/noticias\/#\/schema\/person\/6558b0cfedee7ddc5425602b237d5722\",\"name\":\"Javier Figueroa\",\"image\":{\"@type\":\"ImageObject\",\"inLanguage\":\"es-AR\",\"@id\":\"https:\/\/web.consaguirre.com.ar\/noticias\/#\/schema\/person\/image\/\",\"url\":\"https:\/\/web.consaguirre.com.ar\/noticias\/wp-content\/uploads\/2024\/08\/Consaguirre-scaled.jpg\",\"contentUrl\":\"https:\/\/web.consaguirre.com.ar\/noticias\/wp-content\/uploads\/2024\/08\/Consaguirre-scaled.jpg\",\"caption\":\"Javier Figueroa\"},\"description\":\"Me llamo Javier Figueroa y soy redactor para el sitio oficial del Conservatorio de M\u00fasica Juli\u00e1n Aguirre en Buenos Aires, consaguirre.com. Apasionado por la m\u00fasica y la escritura, me esfuerzo por destacar los talentos y eventos de nuestra prestigiosa instituci\u00f3n. Mi trayectoria se nutre de una profunda admiraci\u00f3n por los artistas, haciendo de cada art\u00edculo una celebraci\u00f3n de la creatividad y la cultura musical.\",\"sameAs\":[\"https:\/\/web.consaguirre.com.ar\/noticias\"]}]}<\/script>\n<!-- \/ Yoast SEO plugin. -->","yoast_head_json":{"title":"Herbert von Karajan regresa a la serie de origen original de DG","robots":{"index":"index","follow":"follow","max-snippet":"max-snippet:-1","max-image-preview":"max-image-preview:large","max-video-preview":"max-video-preview:-1"},"canonical":"https:\/\/web.consaguirre.com.ar\/noticias\/herbert-von-karajan-regresa-a-la-serie-de-origen-original-de-dg\/","og_locale":"es_ES","og_type":"article","og_title":"Herbert von Karajan regresa a la serie de origen original de DG","og_description":"Un conjunto clave de obras del director de Austria Herbert Von Karajan ha sido reeditado en la serie original de fuente de Deutsche Grammophon. Grabado","og_url":"https:\/\/web.consaguirre.com.ar\/noticias\/herbert-von-karajan-regresa-a-la-serie-de-origen-original-de-dg\/","og_site_name":"Conservatorio de M\u00fasica Juli\u00e1n Aguirre","article_published_time":"2025-07-25T23:38:34+00:00","article_modified_time":"2025-07-25T23:38:36+00:00","og_image":[{"width":1280,"height":1280,"url":"https:\/\/web.consaguirre.com.ar\/noticias\/wp-content\/uploads\/2025\/07\/Herbert-von-Karajan-regresa-a-la-serie-de-origen-original.jpg","type":"image\/jpeg"}],"author":"Javier Figueroa","twitter_card":"summary_large_image","twitter_misc":{"Escrito por":"Javier Figueroa","Tiempo de lectura":"2 minutos"},"schema":{"@context":"https:\/\/schema.org","@graph":[{"@type":"Article","@id":"https:\/\/web.consaguirre.com.ar\/noticias\/herbert-von-karajan-regresa-a-la-serie-de-origen-original-de-dg\/#article","isPartOf":{"@id":"https:\/\/web.consaguirre.com.ar\/noticias\/herbert-von-karajan-regresa-a-la-serie-de-origen-original-de-dg\/"},"author":{"name":"Javier Figueroa","@id":"https:\/\/web.consaguirre.com.ar\/noticias\/#\/schema\/person\/6558b0cfedee7ddc5425602b237d5722"},"headline":"Herbert von Karajan regresa a la serie de origen original de DG","datePublished":"2025-07-25T23:38:34+00:00","dateModified":"2025-07-25T23:38:36+00:00","mainEntityOfPage":{"@id":"https:\/\/web.consaguirre.com.ar\/noticias\/herbert-von-karajan-regresa-a-la-serie-de-origen-original-de-dg\/"},"wordCount":408,"publisher":{"@id":"https:\/\/web.consaguirre.com.ar\/noticias\/#organization"},"image":{"@id":"https:\/\/web.consaguirre.com.ar\/noticias\/herbert-von-karajan-regresa-a-la-serie-de-origen-original-de-dg\/#primaryimage"},"thumbnailUrl":"https:\/\/web.consaguirre.com.ar\/noticias\/wp-content\/uploads\/2025\/07\/Herbert-von-Karajan-regresa-a-la-serie-de-origen-original.jpg","keywords":["Herbert","Karajan","origen","Original","regresa","serie","von"],"articleSection":["El \u00faltimo"],"inLanguage":"es-AR"},{"@type":"WebPage","@id":"https:\/\/web.consaguirre.com.ar\/noticias\/herbert-von-karajan-regresa-a-la-serie-de-origen-original-de-dg\/","url":"https:\/\/web.consaguirre.com.ar\/noticias\/herbert-von-karajan-regresa-a-la-serie-de-origen-original-de-dg\/","name":"Herbert von Karajan regresa a la serie de origen original de DG","isPartOf":{"@id":"https:\/\/web.consaguirre.com.ar\/noticias\/#website"},"primaryImageOfPage":{"@id":"https:\/\/web.consaguirre.com.ar\/noticias\/herbert-von-karajan-regresa-a-la-serie-de-origen-original-de-dg\/#primaryimage"},"image":{"@id":"https:\/\/web.consaguirre.com.ar\/noticias\/herbert-von-karajan-regresa-a-la-serie-de-origen-original-de-dg\/#primaryimage"},"thumbnailUrl":"https:\/\/web.consaguirre.com.ar\/noticias\/wp-content\/uploads\/2025\/07\/Herbert-von-Karajan-regresa-a-la-serie-de-origen-original.jpg","datePublished":"2025-07-25T23:38:34+00:00","dateModified":"2025-07-25T23:38:36+00:00","breadcrumb":{"@id":"https:\/\/web.consaguirre.com.ar\/noticias\/herbert-von-karajan-regresa-a-la-serie-de-origen-original-de-dg\/#breadcrumb"},"inLanguage":"es-AR","potentialAction":[{"@type":"ReadAction","target":["https:\/\/web.consaguirre.com.ar\/noticias\/herbert-von-karajan-regresa-a-la-serie-de-origen-original-de-dg\/"]}]},{"@type":"ImageObject","inLanguage":"es-AR","@id":"https:\/\/web.consaguirre.com.ar\/noticias\/herbert-von-karajan-regresa-a-la-serie-de-origen-original-de-dg\/#primaryimage","url":"https:\/\/web.consaguirre.com.ar\/noticias\/wp-content\/uploads\/2025\/07\/Herbert-von-Karajan-regresa-a-la-serie-de-origen-original.jpg","contentUrl":"https:\/\/web.consaguirre.com.ar\/noticias\/wp-content\/uploads\/2025\/07\/Herbert-von-Karajan-regresa-a-la-serie-de-origen-original.jpg","width":1280,"height":1280,"caption":"Herbert von Karajan regresa a la serie de origen original de DG"},{"@type":"BreadcrumbList","@id":"https:\/\/web.consaguirre.com.ar\/noticias\/herbert-von-karajan-regresa-a-la-serie-de-origen-original-de-dg\/#breadcrumb","itemListElement":[{"@type":"ListItem","position":1,"name":"Inicio","item":"https:\/\/web.consaguirre.com.ar\/noticias\/"},{"@type":"ListItem","position":2,"name":"Herbert von Karajan regresa a la serie de origen original de DG"}]},{"@type":"WebSite","@id":"https:\/\/web.consaguirre.com.ar\/noticias\/#website","url":"https:\/\/web.consaguirre.com.ar\/noticias\/","name":"Conservatorio de M\u00fasica Juli\u00e1n Aguirre","description":"","publisher":{"@id":"https:\/\/web.consaguirre.com.ar\/noticias\/#organization"},"potentialAction":[{"@type":"SearchAction","target":{"@type":"EntryPoint","urlTemplate":"https:\/\/web.consaguirre.com.ar\/noticias\/?s={search_term_string}"},"query-input":"required name=search_term_string"}],"inLanguage":"es-AR"},{"@type":"Organization","@id":"https:\/\/web.consaguirre.com.ar\/noticias\/#organization","name":"Conservatorio de M\u00fasica Juli\u00e1n Aguirre","url":"https:\/\/web.consaguirre.com.ar\/noticias\/","logo":{"@type":"ImageObject","inLanguage":"es-AR","@id":"https:\/\/web.consaguirre.com.ar\/noticias\/#\/schema\/logo\/image\/","url":"https:\/\/web.consaguirre.com.ar\/noticias\/wp-content\/uploads\/2024\/08\/Banner-Aguirre-23.jpg","contentUrl":"https:\/\/web.consaguirre.com.ar\/noticias\/wp-content\/uploads\/2024\/08\/Banner-Aguirre-23.jpg","width":1192,"height":600,"caption":"Conservatorio de M\u00fasica Juli\u00e1n Aguirre"},"image":{"@id":"https:\/\/web.consaguirre.com.ar\/noticias\/#\/schema\/logo\/image\/"}},{"@type":"Person","@id":"https:\/\/web.consaguirre.com.ar\/noticias\/#\/schema\/person\/6558b0cfedee7ddc5425602b237d5722","name":"Javier Figueroa","image":{"@type":"ImageObject","inLanguage":"es-AR","@id":"https:\/\/web.consaguirre.com.ar\/noticias\/#\/schema\/person\/image\/","url":"https:\/\/web.consaguirre.com.ar\/noticias\/wp-content\/uploads\/2024\/08\/Consaguirre-scaled.jpg","contentUrl":"https:\/\/web.consaguirre.com.ar\/noticias\/wp-content\/uploads\/2024\/08\/Consaguirre-scaled.jpg","caption":"Javier Figueroa"},"description":"Me llamo Javier Figueroa y soy redactor para el sitio oficial del Conservatorio de M\u00fasica Juli\u00e1n Aguirre en Buenos Aires, consaguirre.com. Apasionado por la m\u00fasica y la escritura, me esfuerzo por destacar los talentos y eventos de nuestra prestigiosa instituci\u00f3n. Mi trayectoria se nutre de una profunda admiraci\u00f3n por los artistas, haciendo de cada art\u00edculo una celebraci\u00f3n de la creatividad y la cultura musical.","sameAs":["https:\/\/web.consaguirre.com.ar\/noticias"]}]}},"_links":{"self":[{"href":"https:\/\/web.consaguirre.com.ar\/noticias\/wp-json\/wp\/v2\/posts\/3288"}],"collection":[{"href":"https:\/\/web.consaguirre.com.ar\/noticias\/wp-json\/wp\/v2\/posts"}],"about":[{"href":"https:\/\/web.consaguirre.com.ar\/noticias\/wp-json\/wp\/v2\/types\/post"}],"author":[{"embeddable":true,"href":"https:\/\/web.consaguirre.com.ar\/noticias\/wp-json\/wp\/v2\/users\/1"}],"replies":[{"embeddable":true,"href":"https:\/\/web.consaguirre.com.ar\/noticias\/wp-json\/wp\/v2\/comments?post=3288"}],"version-history":[{"count":1,"href":"https:\/\/web.consaguirre.com.ar\/noticias\/wp-json\/wp\/v2\/posts\/3288\/revisions"}],"predecessor-version":[{"id":3290,"href":"https:\/\/web.consaguirre.com.ar\/noticias\/wp-json\/wp\/v2\/posts\/3288\/revisions\/3290"}],"wp:featuredmedia":[{"embeddable":true,"href":"https:\/\/web.consaguirre.com.ar\/noticias\/wp-json\/wp\/v2\/media\/3289"}],"wp:attachment":[{"href":"https:\/\/web.consaguirre.com.ar\/noticias\/wp-json\/wp\/v2\/media?parent=3288"}],"wp:term":[{"taxonomy":"category","embeddable":true,"href":"https:\/\/web.consaguirre.com.ar\/noticias\/wp-json\/wp\/v2\/categories?post=3288"},{"taxonomy":"post_tag","embeddable":true,"href":"https:\/\/web.consaguirre.com.ar\/noticias\/wp-json\/wp\/v2\/tags?post=3288"}],"curies":[{"name":"wp","href":"https:\/\/api.w.org\/{rel}","templated":true}]}}