{"id":3266,"date":"2025-07-24T11:40:04","date_gmt":"2025-07-24T14:40:04","guid":{"rendered":"https:\/\/web.consaguirre.com.ar\/noticias\/one-size-de-frank-zappa-para-recibir-la-reedicion-del-50-aniversario\/"},"modified":"2025-07-24T11:40:06","modified_gmt":"2025-07-24T14:40:06","slug":"one-size-de-frank-zappa-para-recibir-la-reedicion-del-50-aniversario","status":"publish","type":"post","link":"https:\/\/web.consaguirre.com.ar\/noticias\/one-size-de-frank-zappa-para-recibir-la-reedicion-del-50-aniversario\/","title":{"rendered":"&#8216;One Size&#8217; de Frank Zappa para recibir la reedici\u00f3n del 50 aniversario"},"content":{"rendered":"<p>En celebraci\u00f3n de 50 a\u00f1os de <strong>Frank Zappa<\/strong>El monumental \u00e1lbum de 1975 <em>De una sola talla se ajusta a todos<\/em>un conjunto de ediciones del 50 aniversario recientemente expandidas dirigidas por una edici\u00f3n Super Deluxe de cinco discos (4CD\/1BLU-Ray) Super Deluxe se lanzar\u00e1 a trav\u00e9s de Zappa Records\/UME.<\/p>\n<p>La lujosa caja de la edici\u00f3n Super Deluxe viene completa con un folleto de 36 p\u00e1ginas y fotos invisibles de los Archivos de Sam Emerson, adem\u00e1s de las notas de revestimiento y los nuevos ensayos hist\u00f3ricos del conocido periodista de la m\u00fasica David Fricke, Live Time Zappa\/Mothers Ruth Underwood, y, como siempre, el Vaultmeister, Joe Travers.<\/p>\n<p><em>De una sola talla se ajusta a todos<\/em> Tambi\u00e9n se lanzar\u00e1 en vinilo con dos prensas especiales: una edici\u00f3n de aniversario &#8220;Black Glitter&#8221; de 180 gramos que combina un nuevo corte anal\u00f3gico del \u00e1lbum con un LP adicional de los aspectos m\u00e1s destacados del conjunto de cajas m\u00e1s el folleto del 50 aniversario, y una edici\u00f3n limitada 1LP en un Vinyl &#8220;Blue Galaxy&#8221; de 180 gram de 180 gram a una vez con una list\u00f3grafo de un altiz de 180 gram de Vinyl &#8220;, incluye un petr\u00f3leo con un list\u00f3grafo de un list\u00f3grafo de una vez, un altavo de una list\u00f3grafa de una vez, un altando con una list\u00f3grafo de una lithogragh de un lithogragh de un lithogragh de una lithogragh de un lithogragh de un altavo de una altura de una vez, un altando de una lithogragh. Hoja de uno de los hist\u00f3ricos disparos de Zappa con Sam Emerson.<\/p>\n<p>La edici\u00f3n Super Deluxe y 2LP se lanzar\u00e1n el 26 de septiembre, pero los fan\u00e1ticos que preordenan cualquiera de los <em>Tama\u00f1o \u00fanico: edici\u00f3n del 50 aniversario<\/em> Las ofertas recibir\u00e1n el \u00e1lbum el viernes 1 de agosto.<\/p>\n<p>Una nueva colecci\u00f3n de merchandises que celebra 50 a\u00f1os de <em>De una sola talla se ajusta a todos<\/em> Tambi\u00e9n se acaba de lanzar, incluyendo camisetas, carteles, una talla de marca, se adapta a todos los calcetines y m\u00e1s.<\/p>\n<p>Producido por Ahmet Zappa y Zappa VaultMeister Joe Travers, la nueva colecci\u00f3n expandida, <em>One Size se ajusta a todos: edici\u00f3n del 50 aniversario<\/em>luce el remaster de 2012 del \u00e1lbum original de Bob Ludwig, junto con decenas de tomas de sesi\u00f3n adicionales de la b\u00f3veda, tomas alternativas y 2024 mezclas remezcladas y restauradas por Craig Parker Adams, todas remasterizadas en 2025 por John Polito en Audio Mechanics.<\/p>\n<p>Tambi\u00e9n se incluye en la colecci\u00f3n expandida una grabaci\u00f3n de conciertos en vivo capturada en Sports Palace Ahoy en Rotterdam, Amsterdam, el 28 de septiembre de 1974, adem\u00e1s de un par de pistas de conciertos de Bonus de la sala de conciertos de Gotemburgo en Gotemburgo, Suecia, extra\u00eddos de un concierto solo unos d\u00edas antes el 25 de septiembre de 1974.<\/p>\n<p><strong>Comprar Frank Zappa&#8217;s <em>De una sola talla se ajusta a todos<\/em> ahora.<\/strong><\/p>\n","protected":false},"excerpt":{"rendered":"<p>En celebraci\u00f3n de 50 a\u00f1os de Frank ZappaEl monumental \u00e1lbum de 1975 De una sola talla se ajusta a todosun conjunto de ediciones del 50<\/p>\n","protected":false},"author":1,"featured_media":3267,"comment_status":"closed","ping_status":"","sticky":false,"template":"","format":"standard","meta":{"footnotes":""},"categories":[50],"tags":[98,10,72,154,1813,117,2904,73],"class_list":["post-3266","post","type-post","status-publish","format-standard","has-post-thumbnail","hentry","category-el-ultimo","tag-aniversario","tag-del","tag-frank","tag-para","tag-recibir","tag-reedicion","tag-size","tag-zappa","generate-columns","tablet-grid-50","mobile-grid-100","grid-parent","grid-50"],"yoast_head":"<!-- This site is optimized with the Yoast SEO plugin v23.3 - https:\/\/yoast.com\/wordpress\/plugins\/seo\/ -->\n<title>&#039;One Size&#039; de Frank Zappa para recibir la reedici\u00f3n del 50 aniversario<\/title>\n<meta name=\"robots\" content=\"index, follow, max-snippet:-1, max-image-preview:large, max-video-preview:-1\" \/>\n<link rel=\"canonical\" href=\"https:\/\/web.consaguirre.com.ar\/noticias\/one-size-de-frank-zappa-para-recibir-la-reedicion-del-50-aniversario\/\" \/>\n<meta property=\"og:locale\" content=\"es_ES\" \/>\n<meta property=\"og:type\" content=\"article\" \/>\n<meta property=\"og:title\" content=\"&#039;One Size&#039; de Frank Zappa para recibir la reedici\u00f3n del 50 aniversario\" \/>\n<meta property=\"og:description\" content=\"En celebraci\u00f3n de 50 a\u00f1os de Frank ZappaEl monumental \u00e1lbum de 1975 De una sola talla se ajusta a todosun conjunto de ediciones del 50\" \/>\n<meta property=\"og:url\" content=\"https:\/\/web.consaguirre.com.ar\/noticias\/one-size-de-frank-zappa-para-recibir-la-reedicion-del-50-aniversario\/\" \/>\n<meta property=\"og:site_name\" content=\"Conservatorio de M\u00fasica Juli\u00e1n Aguirre\" \/>\n<meta property=\"article:published_time\" content=\"2025-07-24T14:40:04+00:00\" \/>\n<meta property=\"article:modified_time\" content=\"2025-07-24T14:40:06+00:00\" \/>\n<meta property=\"og:image\" content=\"https:\/\/web.consaguirre.com.ar\/noticias\/wp-content\/uploads\/2025\/07\/One-Size-de-Frank-Zappa-para-recibir-la-reedicion-del.jpg\" \/>\n\t<meta property=\"og:image:width\" content=\"1280\" \/>\n\t<meta property=\"og:image:height\" content=\"1280\" \/>\n\t<meta property=\"og:image:type\" content=\"image\/jpeg\" \/>\n<meta name=\"author\" content=\"Javier Figueroa\" \/>\n<meta name=\"twitter:card\" content=\"summary_large_image\" \/>\n<meta name=\"twitter:label1\" content=\"Escrito por\" \/>\n\t<meta name=\"twitter:data1\" content=\"Javier Figueroa\" \/>\n\t<meta name=\"twitter:label2\" content=\"Tiempo de lectura\" \/>\n\t<meta name=\"twitter:data2\" content=\"2 minutos\" \/>\n<script type=\"application\/ld+json\" class=\"yoast-schema-graph\">{\"@context\":\"https:\/\/schema.org\",\"@graph\":[{\"@type\":\"Article\",\"@id\":\"https:\/\/web.consaguirre.com.ar\/noticias\/one-size-de-frank-zappa-para-recibir-la-reedicion-del-50-aniversario\/#article\",\"isPartOf\":{\"@id\":\"https:\/\/web.consaguirre.com.ar\/noticias\/one-size-de-frank-zappa-para-recibir-la-reedicion-del-50-aniversario\/\"},\"author\":{\"name\":\"Javier Figueroa\",\"@id\":\"https:\/\/web.consaguirre.com.ar\/noticias\/#\/schema\/person\/6558b0cfedee7ddc5425602b237d5722\"},\"headline\":\"&#8216;One Size&#8217; de Frank Zappa para recibir la reedici\u00f3n del 50 aniversario\",\"datePublished\":\"2025-07-24T14:40:04+00:00\",\"dateModified\":\"2025-07-24T14:40:06+00:00\",\"mainEntityOfPage\":{\"@id\":\"https:\/\/web.consaguirre.com.ar\/noticias\/one-size-de-frank-zappa-para-recibir-la-reedicion-del-50-aniversario\/\"},\"wordCount\":502,\"publisher\":{\"@id\":\"https:\/\/web.consaguirre.com.ar\/noticias\/#organization\"},\"image\":{\"@id\":\"https:\/\/web.consaguirre.com.ar\/noticias\/one-size-de-frank-zappa-para-recibir-la-reedicion-del-50-aniversario\/#primaryimage\"},\"thumbnailUrl\":\"https:\/\/web.consaguirre.com.ar\/noticias\/wp-content\/uploads\/2025\/07\/One-Size-de-Frank-Zappa-para-recibir-la-reedicion-del.jpg\",\"keywords\":[\"aniversario\",\"del\",\"Frank\",\"para\",\"recibir\",\"reedici\u00f3n\",\"Size\",\"Zappa\"],\"articleSection\":[\"El \u00faltimo\"],\"inLanguage\":\"es-AR\"},{\"@type\":\"WebPage\",\"@id\":\"https:\/\/web.consaguirre.com.ar\/noticias\/one-size-de-frank-zappa-para-recibir-la-reedicion-del-50-aniversario\/\",\"url\":\"https:\/\/web.consaguirre.com.ar\/noticias\/one-size-de-frank-zappa-para-recibir-la-reedicion-del-50-aniversario\/\",\"name\":\"'One Size' de Frank Zappa para recibir la reedici\u00f3n del 50 aniversario\",\"isPartOf\":{\"@id\":\"https:\/\/web.consaguirre.com.ar\/noticias\/#website\"},\"primaryImageOfPage\":{\"@id\":\"https:\/\/web.consaguirre.com.ar\/noticias\/one-size-de-frank-zappa-para-recibir-la-reedicion-del-50-aniversario\/#primaryimage\"},\"image\":{\"@id\":\"https:\/\/web.consaguirre.com.ar\/noticias\/one-size-de-frank-zappa-para-recibir-la-reedicion-del-50-aniversario\/#primaryimage\"},\"thumbnailUrl\":\"https:\/\/web.consaguirre.com.ar\/noticias\/wp-content\/uploads\/2025\/07\/One-Size-de-Frank-Zappa-para-recibir-la-reedicion-del.jpg\",\"datePublished\":\"2025-07-24T14:40:04+00:00\",\"dateModified\":\"2025-07-24T14:40:06+00:00\",\"breadcrumb\":{\"@id\":\"https:\/\/web.consaguirre.com.ar\/noticias\/one-size-de-frank-zappa-para-recibir-la-reedicion-del-50-aniversario\/#breadcrumb\"},\"inLanguage\":\"es-AR\",\"potentialAction\":[{\"@type\":\"ReadAction\",\"target\":[\"https:\/\/web.consaguirre.com.ar\/noticias\/one-size-de-frank-zappa-para-recibir-la-reedicion-del-50-aniversario\/\"]}]},{\"@type\":\"ImageObject\",\"inLanguage\":\"es-AR\",\"@id\":\"https:\/\/web.consaguirre.com.ar\/noticias\/one-size-de-frank-zappa-para-recibir-la-reedicion-del-50-aniversario\/#primaryimage\",\"url\":\"https:\/\/web.consaguirre.com.ar\/noticias\/wp-content\/uploads\/2025\/07\/One-Size-de-Frank-Zappa-para-recibir-la-reedicion-del.jpg\",\"contentUrl\":\"https:\/\/web.consaguirre.com.ar\/noticias\/wp-content\/uploads\/2025\/07\/One-Size-de-Frank-Zappa-para-recibir-la-reedicion-del.jpg\",\"width\":1280,\"height\":1280,\"caption\":\"'One Size' de Frank Zappa para recibir la reedici\u00f3n del 50 aniversario\"},{\"@type\":\"BreadcrumbList\",\"@id\":\"https:\/\/web.consaguirre.com.ar\/noticias\/one-size-de-frank-zappa-para-recibir-la-reedicion-del-50-aniversario\/#breadcrumb\",\"itemListElement\":[{\"@type\":\"ListItem\",\"position\":1,\"name\":\"Inicio\",\"item\":\"https:\/\/web.consaguirre.com.ar\/noticias\/\"},{\"@type\":\"ListItem\",\"position\":2,\"name\":\"&#8216;One Size&#8217; de Frank Zappa para recibir la reedici\u00f3n del 50 aniversario\"}]},{\"@type\":\"WebSite\",\"@id\":\"https:\/\/web.consaguirre.com.ar\/noticias\/#website\",\"url\":\"https:\/\/web.consaguirre.com.ar\/noticias\/\",\"name\":\"Conservatorio de M\u00fasica Juli\u00e1n Aguirre\",\"description\":\"\",\"publisher\":{\"@id\":\"https:\/\/web.consaguirre.com.ar\/noticias\/#organization\"},\"potentialAction\":[{\"@type\":\"SearchAction\",\"target\":{\"@type\":\"EntryPoint\",\"urlTemplate\":\"https:\/\/web.consaguirre.com.ar\/noticias\/?s={search_term_string}\"},\"query-input\":\"required name=search_term_string\"}],\"inLanguage\":\"es-AR\"},{\"@type\":\"Organization\",\"@id\":\"https:\/\/web.consaguirre.com.ar\/noticias\/#organization\",\"name\":\"Conservatorio de M\u00fasica Juli\u00e1n Aguirre\",\"url\":\"https:\/\/web.consaguirre.com.ar\/noticias\/\",\"logo\":{\"@type\":\"ImageObject\",\"inLanguage\":\"es-AR\",\"@id\":\"https:\/\/web.consaguirre.com.ar\/noticias\/#\/schema\/logo\/image\/\",\"url\":\"https:\/\/web.consaguirre.com.ar\/noticias\/wp-content\/uploads\/2024\/08\/Banner-Aguirre-23.jpg\",\"contentUrl\":\"https:\/\/web.consaguirre.com.ar\/noticias\/wp-content\/uploads\/2024\/08\/Banner-Aguirre-23.jpg\",\"width\":1192,\"height\":600,\"caption\":\"Conservatorio de M\u00fasica Juli\u00e1n Aguirre\"},\"image\":{\"@id\":\"https:\/\/web.consaguirre.com.ar\/noticias\/#\/schema\/logo\/image\/\"}},{\"@type\":\"Person\",\"@id\":\"https:\/\/web.consaguirre.com.ar\/noticias\/#\/schema\/person\/6558b0cfedee7ddc5425602b237d5722\",\"name\":\"Javier Figueroa\",\"image\":{\"@type\":\"ImageObject\",\"inLanguage\":\"es-AR\",\"@id\":\"https:\/\/web.consaguirre.com.ar\/noticias\/#\/schema\/person\/image\/\",\"url\":\"https:\/\/web.consaguirre.com.ar\/noticias\/wp-content\/uploads\/2024\/08\/Consaguirre-scaled.jpg\",\"contentUrl\":\"https:\/\/web.consaguirre.com.ar\/noticias\/wp-content\/uploads\/2024\/08\/Consaguirre-scaled.jpg\",\"caption\":\"Javier Figueroa\"},\"description\":\"Me llamo Javier Figueroa y soy redactor para el sitio oficial del Conservatorio de M\u00fasica Juli\u00e1n Aguirre en Buenos Aires, consaguirre.com. Apasionado por la m\u00fasica y la escritura, me esfuerzo por destacar los talentos y eventos de nuestra prestigiosa instituci\u00f3n. Mi trayectoria se nutre de una profunda admiraci\u00f3n por los artistas, haciendo de cada art\u00edculo una celebraci\u00f3n de la creatividad y la cultura musical.\",\"sameAs\":[\"https:\/\/web.consaguirre.com.ar\/noticias\"]}]}<\/script>\n<!-- \/ Yoast SEO plugin. -->","yoast_head_json":{"title":"'One Size' de Frank Zappa para recibir la reedici\u00f3n del 50 aniversario","robots":{"index":"index","follow":"follow","max-snippet":"max-snippet:-1","max-image-preview":"max-image-preview:large","max-video-preview":"max-video-preview:-1"},"canonical":"https:\/\/web.consaguirre.com.ar\/noticias\/one-size-de-frank-zappa-para-recibir-la-reedicion-del-50-aniversario\/","og_locale":"es_ES","og_type":"article","og_title":"'One Size' de Frank Zappa para recibir la reedici\u00f3n del 50 aniversario","og_description":"En celebraci\u00f3n de 50 a\u00f1os de Frank ZappaEl monumental \u00e1lbum de 1975 De una sola talla se ajusta a todosun conjunto de ediciones del 50","og_url":"https:\/\/web.consaguirre.com.ar\/noticias\/one-size-de-frank-zappa-para-recibir-la-reedicion-del-50-aniversario\/","og_site_name":"Conservatorio de M\u00fasica Juli\u00e1n Aguirre","article_published_time":"2025-07-24T14:40:04+00:00","article_modified_time":"2025-07-24T14:40:06+00:00","og_image":[{"width":1280,"height":1280,"url":"https:\/\/web.consaguirre.com.ar\/noticias\/wp-content\/uploads\/2025\/07\/One-Size-de-Frank-Zappa-para-recibir-la-reedicion-del.jpg","type":"image\/jpeg"}],"author":"Javier Figueroa","twitter_card":"summary_large_image","twitter_misc":{"Escrito por":"Javier Figueroa","Tiempo de lectura":"2 minutos"},"schema":{"@context":"https:\/\/schema.org","@graph":[{"@type":"Article","@id":"https:\/\/web.consaguirre.com.ar\/noticias\/one-size-de-frank-zappa-para-recibir-la-reedicion-del-50-aniversario\/#article","isPartOf":{"@id":"https:\/\/web.consaguirre.com.ar\/noticias\/one-size-de-frank-zappa-para-recibir-la-reedicion-del-50-aniversario\/"},"author":{"name":"Javier Figueroa","@id":"https:\/\/web.consaguirre.com.ar\/noticias\/#\/schema\/person\/6558b0cfedee7ddc5425602b237d5722"},"headline":"&#8216;One Size&#8217; de Frank Zappa para recibir la reedici\u00f3n del 50 aniversario","datePublished":"2025-07-24T14:40:04+00:00","dateModified":"2025-07-24T14:40:06+00:00","mainEntityOfPage":{"@id":"https:\/\/web.consaguirre.com.ar\/noticias\/one-size-de-frank-zappa-para-recibir-la-reedicion-del-50-aniversario\/"},"wordCount":502,"publisher":{"@id":"https:\/\/web.consaguirre.com.ar\/noticias\/#organization"},"image":{"@id":"https:\/\/web.consaguirre.com.ar\/noticias\/one-size-de-frank-zappa-para-recibir-la-reedicion-del-50-aniversario\/#primaryimage"},"thumbnailUrl":"https:\/\/web.consaguirre.com.ar\/noticias\/wp-content\/uploads\/2025\/07\/One-Size-de-Frank-Zappa-para-recibir-la-reedicion-del.jpg","keywords":["aniversario","del","Frank","para","recibir","reedici\u00f3n","Size","Zappa"],"articleSection":["El \u00faltimo"],"inLanguage":"es-AR"},{"@type":"WebPage","@id":"https:\/\/web.consaguirre.com.ar\/noticias\/one-size-de-frank-zappa-para-recibir-la-reedicion-del-50-aniversario\/","url":"https:\/\/web.consaguirre.com.ar\/noticias\/one-size-de-frank-zappa-para-recibir-la-reedicion-del-50-aniversario\/","name":"'One Size' de Frank Zappa para recibir la reedici\u00f3n del 50 aniversario","isPartOf":{"@id":"https:\/\/web.consaguirre.com.ar\/noticias\/#website"},"primaryImageOfPage":{"@id":"https:\/\/web.consaguirre.com.ar\/noticias\/one-size-de-frank-zappa-para-recibir-la-reedicion-del-50-aniversario\/#primaryimage"},"image":{"@id":"https:\/\/web.consaguirre.com.ar\/noticias\/one-size-de-frank-zappa-para-recibir-la-reedicion-del-50-aniversario\/#primaryimage"},"thumbnailUrl":"https:\/\/web.consaguirre.com.ar\/noticias\/wp-content\/uploads\/2025\/07\/One-Size-de-Frank-Zappa-para-recibir-la-reedicion-del.jpg","datePublished":"2025-07-24T14:40:04+00:00","dateModified":"2025-07-24T14:40:06+00:00","breadcrumb":{"@id":"https:\/\/web.consaguirre.com.ar\/noticias\/one-size-de-frank-zappa-para-recibir-la-reedicion-del-50-aniversario\/#breadcrumb"},"inLanguage":"es-AR","potentialAction":[{"@type":"ReadAction","target":["https:\/\/web.consaguirre.com.ar\/noticias\/one-size-de-frank-zappa-para-recibir-la-reedicion-del-50-aniversario\/"]}]},{"@type":"ImageObject","inLanguage":"es-AR","@id":"https:\/\/web.consaguirre.com.ar\/noticias\/one-size-de-frank-zappa-para-recibir-la-reedicion-del-50-aniversario\/#primaryimage","url":"https:\/\/web.consaguirre.com.ar\/noticias\/wp-content\/uploads\/2025\/07\/One-Size-de-Frank-Zappa-para-recibir-la-reedicion-del.jpg","contentUrl":"https:\/\/web.consaguirre.com.ar\/noticias\/wp-content\/uploads\/2025\/07\/One-Size-de-Frank-Zappa-para-recibir-la-reedicion-del.jpg","width":1280,"height":1280,"caption":"'One Size' de Frank Zappa para recibir la reedici\u00f3n del 50 aniversario"},{"@type":"BreadcrumbList","@id":"https:\/\/web.consaguirre.com.ar\/noticias\/one-size-de-frank-zappa-para-recibir-la-reedicion-del-50-aniversario\/#breadcrumb","itemListElement":[{"@type":"ListItem","position":1,"name":"Inicio","item":"https:\/\/web.consaguirre.com.ar\/noticias\/"},{"@type":"ListItem","position":2,"name":"&#8216;One Size&#8217; de Frank Zappa para recibir la reedici\u00f3n del 50 aniversario"}]},{"@type":"WebSite","@id":"https:\/\/web.consaguirre.com.ar\/noticias\/#website","url":"https:\/\/web.consaguirre.com.ar\/noticias\/","name":"Conservatorio de M\u00fasica Juli\u00e1n Aguirre","description":"","publisher":{"@id":"https:\/\/web.consaguirre.com.ar\/noticias\/#organization"},"potentialAction":[{"@type":"SearchAction","target":{"@type":"EntryPoint","urlTemplate":"https:\/\/web.consaguirre.com.ar\/noticias\/?s={search_term_string}"},"query-input":"required name=search_term_string"}],"inLanguage":"es-AR"},{"@type":"Organization","@id":"https:\/\/web.consaguirre.com.ar\/noticias\/#organization","name":"Conservatorio de M\u00fasica Juli\u00e1n Aguirre","url":"https:\/\/web.consaguirre.com.ar\/noticias\/","logo":{"@type":"ImageObject","inLanguage":"es-AR","@id":"https:\/\/web.consaguirre.com.ar\/noticias\/#\/schema\/logo\/image\/","url":"https:\/\/web.consaguirre.com.ar\/noticias\/wp-content\/uploads\/2024\/08\/Banner-Aguirre-23.jpg","contentUrl":"https:\/\/web.consaguirre.com.ar\/noticias\/wp-content\/uploads\/2024\/08\/Banner-Aguirre-23.jpg","width":1192,"height":600,"caption":"Conservatorio de M\u00fasica Juli\u00e1n Aguirre"},"image":{"@id":"https:\/\/web.consaguirre.com.ar\/noticias\/#\/schema\/logo\/image\/"}},{"@type":"Person","@id":"https:\/\/web.consaguirre.com.ar\/noticias\/#\/schema\/person\/6558b0cfedee7ddc5425602b237d5722","name":"Javier Figueroa","image":{"@type":"ImageObject","inLanguage":"es-AR","@id":"https:\/\/web.consaguirre.com.ar\/noticias\/#\/schema\/person\/image\/","url":"https:\/\/web.consaguirre.com.ar\/noticias\/wp-content\/uploads\/2024\/08\/Consaguirre-scaled.jpg","contentUrl":"https:\/\/web.consaguirre.com.ar\/noticias\/wp-content\/uploads\/2024\/08\/Consaguirre-scaled.jpg","caption":"Javier Figueroa"},"description":"Me llamo Javier Figueroa y soy redactor para el sitio oficial del Conservatorio de M\u00fasica Juli\u00e1n Aguirre en Buenos Aires, consaguirre.com. Apasionado por la m\u00fasica y la escritura, me esfuerzo por destacar los talentos y eventos de nuestra prestigiosa instituci\u00f3n. Mi trayectoria se nutre de una profunda admiraci\u00f3n por los artistas, haciendo de cada art\u00edculo una celebraci\u00f3n de la creatividad y la cultura musical.","sameAs":["https:\/\/web.consaguirre.com.ar\/noticias"]}]}},"_links":{"self":[{"href":"https:\/\/web.consaguirre.com.ar\/noticias\/wp-json\/wp\/v2\/posts\/3266"}],"collection":[{"href":"https:\/\/web.consaguirre.com.ar\/noticias\/wp-json\/wp\/v2\/posts"}],"about":[{"href":"https:\/\/web.consaguirre.com.ar\/noticias\/wp-json\/wp\/v2\/types\/post"}],"author":[{"embeddable":true,"href":"https:\/\/web.consaguirre.com.ar\/noticias\/wp-json\/wp\/v2\/users\/1"}],"replies":[{"embeddable":true,"href":"https:\/\/web.consaguirre.com.ar\/noticias\/wp-json\/wp\/v2\/comments?post=3266"}],"version-history":[{"count":1,"href":"https:\/\/web.consaguirre.com.ar\/noticias\/wp-json\/wp\/v2\/posts\/3266\/revisions"}],"predecessor-version":[{"id":3268,"href":"https:\/\/web.consaguirre.com.ar\/noticias\/wp-json\/wp\/v2\/posts\/3266\/revisions\/3268"}],"wp:featuredmedia":[{"embeddable":true,"href":"https:\/\/web.consaguirre.com.ar\/noticias\/wp-json\/wp\/v2\/media\/3267"}],"wp:attachment":[{"href":"https:\/\/web.consaguirre.com.ar\/noticias\/wp-json\/wp\/v2\/media?parent=3266"}],"wp:term":[{"taxonomy":"category","embeddable":true,"href":"https:\/\/web.consaguirre.com.ar\/noticias\/wp-json\/wp\/v2\/categories?post=3266"},{"taxonomy":"post_tag","embeddable":true,"href":"https:\/\/web.consaguirre.com.ar\/noticias\/wp-json\/wp\/v2\/tags?post=3266"}],"curies":[{"name":"wp","href":"https:\/\/api.w.org\/{rel}","templated":true}]}}