{"id":3263,"date":"2025-07-23T14:38:24","date_gmt":"2025-07-23T17:38:24","guid":{"rendered":"https:\/\/web.consaguirre.com.ar\/noticias\/def-leppard-anuncia-la-residencia-de-las-vegas-en-el-palacio-caesars\/"},"modified":"2025-07-23T14:38:25","modified_gmt":"2025-07-23T17:38:25","slug":"def-leppard-anuncia-la-residencia-de-las-vegas-en-el-palacio-caesars","status":"publish","type":"post","link":"https:\/\/web.consaguirre.com.ar\/noticias\/def-leppard-anuncia-la-residencia-de-las-vegas-en-el-palacio-caesars\/","title":{"rendered":"Def Leppard Anuncia la residencia de Las Vegas en el Palacio Caesars"},"content":{"rendered":"<p><strong>Def Leppard<\/strong> Se dirigir\u00e1n a Las Vegas el pr\u00f3ximo a\u00f1o, habiendo confirmado recientemente una residencia establecida para el famoso Coliseo en el Palacio Caesars. Cada martes, jueves y s\u00e1bado del 3 de febrero al 28 de febrero de 2026, los \u00edconos de rock se presentar\u00e1n para sus admiradores.<\/p>\n<p>Los boletos salen a la venta el viernes 25 de julio a las 10 a.m. PT, pero <strong>Miembros de la brigada de rock<\/strong> Ya tengo acceso a las opciones de boletos tempranos y paquetes VIP. Las actualizaciones VIP para la residencia de Vegas de la banda incluyen un encuentro y un saludo y una foto personal con la banda; una gira detr\u00e1s de escena; un espect\u00e1culo firmado de Las Vegas; mercanc\u00eda exclusiva de la residencia; Y mucho m\u00e1s.<\/p>\n<p>El anuncio de la banda de una pr\u00f3xima residencia en Las Vegas llega en un momento emocionante para el grupo. Actualmente est\u00e1n en una extensa gira por Am\u00e9rica del Norte. El viernes 25 de julio, actuar\u00e1n en St. John&#8217;s, Terranova, antes de cruzar a Estados Unidos para espect\u00e1culos en California, Nuevo M\u00e9xico, Iowa, Illinois, Minnesota, Florida y el Reino Unido. La carrera actual concluir\u00e1 el 11 de octubre en Gary, Indiana.<\/p>\n<div class=\"uD-YT-container\"><img decoding=\"async\" src=\"https:\/\/web.consaguirre.com.ar\/noticias\/wp-content\/uploads\/2025\/07\/1753292304_652_Def-Leppard-Anuncia-la-residencia-de-Las-Vegas-en-el.jpg\" alt=\"Video de YouTube\"><br \/>Haga clic para cargar video<\/div>\n<p>En m\u00e1s noticias de gira, la banda recientemente present\u00f3 el episodio cuatro de su serie Behind the Tour 2025. En el \u00faltimo clip, van detr\u00e1s de escena durante las paradas en Birmingham, Atlantic City y Bangor. En el video, Vivian Campbell prueba su perspicacia de conducci\u00f3n en la experiencia de Porsche Track, Joe Elliott y Rick Savage Watch Inglaterra derrotar a Alemania, Rick Allen ofrece algunos consejos profesionales, y toda la banda toma las vistas y escenas durante un hermoso d\u00eda en Bangor.<\/p>\n<p>Def Leppard tambi\u00e9n ha presentado <strong>Una nueva colecci\u00f3n de mercanc\u00edas<\/strong> Justo a tiempo para el calor m\u00e1ximo de verano. Las nuevas ofertas incluyen una tumbona inflable con el logotipo de la banda; una camisa hawaiana y camisas de tablero que presentan portadas de \u00e1lbumes Def Leppard; una toalla de &#8220;brigada de roca&#8221;; un logotipo de Def Leppard Bikini de dos piezas; un traje de ba\u00f1o de una pieza de Def Leppard con una imagen de un jaguar; una camiseta muscular de mujer manchada; y pantalones cortos de bot\u00edn de brigada de rock.<\/p>\n<p><strong>Compre la m\u00fasica de Def Leppard en vinilo o CD ahora.<\/strong><\/p>\n","protected":false},"excerpt":{"rendered":"<p>Def Leppard Se dirigir\u00e1n a Las Vegas el pr\u00f3ximo a\u00f1o, habiendo confirmado recientemente una residencia establecida para el famoso Coliseo en el Palacio Caesars. Cada<\/p>\n","protected":false},"author":1,"featured_media":3264,"comment_status":"closed","ping_status":"","sticky":false,"template":"","format":"standard","meta":{"footnotes":""},"categories":[50],"tags":[56,2903,122,18,123,2902,1025,955],"class_list":["post-3263","post","type-post","status-publish","format-standard","has-post-thumbnail","hentry","category-el-ultimo","tag-anuncia","tag-caesars","tag-def","tag-las","tag-leppard","tag-palacio","tag-residencia","tag-vegas","generate-columns","tablet-grid-50","mobile-grid-100","grid-parent","grid-50"],"yoast_head":"<!-- This site is optimized with the Yoast SEO plugin v23.3 - https:\/\/yoast.com\/wordpress\/plugins\/seo\/ -->\n<title>Def Leppard Anuncia la residencia de Las Vegas en el Palacio Caesars<\/title>\n<meta name=\"robots\" content=\"index, follow, max-snippet:-1, max-image-preview:large, max-video-preview:-1\" \/>\n<link rel=\"canonical\" href=\"https:\/\/web.consaguirre.com.ar\/noticias\/def-leppard-anuncia-la-residencia-de-las-vegas-en-el-palacio-caesars\/\" \/>\n<meta property=\"og:locale\" content=\"es_ES\" \/>\n<meta property=\"og:type\" content=\"article\" \/>\n<meta property=\"og:title\" content=\"Def Leppard Anuncia la residencia de Las Vegas en el Palacio Caesars\" \/>\n<meta property=\"og:description\" content=\"Def Leppard Se dirigir\u00e1n a Las Vegas el pr\u00f3ximo a\u00f1o, habiendo confirmado recientemente una residencia establecida para el famoso Coliseo en el Palacio Caesars. Cada\" \/>\n<meta property=\"og:url\" content=\"https:\/\/web.consaguirre.com.ar\/noticias\/def-leppard-anuncia-la-residencia-de-las-vegas-en-el-palacio-caesars\/\" \/>\n<meta property=\"og:site_name\" content=\"Conservatorio de M\u00fasica Juli\u00e1n Aguirre\" \/>\n<meta property=\"article:published_time\" content=\"2025-07-23T17:38:24+00:00\" \/>\n<meta property=\"article:modified_time\" content=\"2025-07-23T17:38:25+00:00\" \/>\n<meta property=\"og:image\" content=\"https:\/\/web.consaguirre.com.ar\/noticias\/wp-content\/uploads\/2025\/07\/Def-Leppard-Anuncia-la-residencia-de-Las-Vegas-en-el.jpg\" \/>\n\t<meta property=\"og:image:width\" content=\"1440\" \/>\n\t<meta property=\"og:image:height\" content=\"864\" \/>\n\t<meta property=\"og:image:type\" content=\"image\/jpeg\" \/>\n<meta name=\"author\" content=\"Javier Figueroa\" \/>\n<meta name=\"twitter:card\" content=\"summary_large_image\" \/>\n<meta name=\"twitter:label1\" content=\"Escrito por\" \/>\n\t<meta name=\"twitter:data1\" content=\"Javier Figueroa\" \/>\n\t<meta name=\"twitter:label2\" content=\"Tiempo de lectura\" \/>\n\t<meta name=\"twitter:data2\" content=\"2 minutos\" \/>\n<script type=\"application\/ld+json\" class=\"yoast-schema-graph\">{\"@context\":\"https:\/\/schema.org\",\"@graph\":[{\"@type\":\"Article\",\"@id\":\"https:\/\/web.consaguirre.com.ar\/noticias\/def-leppard-anuncia-la-residencia-de-las-vegas-en-el-palacio-caesars\/#article\",\"isPartOf\":{\"@id\":\"https:\/\/web.consaguirre.com.ar\/noticias\/def-leppard-anuncia-la-residencia-de-las-vegas-en-el-palacio-caesars\/\"},\"author\":{\"name\":\"Javier Figueroa\",\"@id\":\"https:\/\/web.consaguirre.com.ar\/noticias\/#\/schema\/person\/6558b0cfedee7ddc5425602b237d5722\"},\"headline\":\"Def Leppard Anuncia la residencia de Las Vegas en el Palacio Caesars\",\"datePublished\":\"2025-07-23T17:38:24+00:00\",\"dateModified\":\"2025-07-23T17:38:25+00:00\",\"mainEntityOfPage\":{\"@id\":\"https:\/\/web.consaguirre.com.ar\/noticias\/def-leppard-anuncia-la-residencia-de-las-vegas-en-el-palacio-caesars\/\"},\"wordCount\":420,\"publisher\":{\"@id\":\"https:\/\/web.consaguirre.com.ar\/noticias\/#organization\"},\"image\":{\"@id\":\"https:\/\/web.consaguirre.com.ar\/noticias\/def-leppard-anuncia-la-residencia-de-las-vegas-en-el-palacio-caesars\/#primaryimage\"},\"thumbnailUrl\":\"https:\/\/web.consaguirre.com.ar\/noticias\/wp-content\/uploads\/2025\/07\/Def-Leppard-Anuncia-la-residencia-de-Las-Vegas-en-el.jpg\",\"keywords\":[\"anuncia\",\"Caesars\",\"Def\",\"las\",\"Leppard\",\"Palacio\",\"residencia\",\"Vegas\"],\"articleSection\":[\"El \u00faltimo\"],\"inLanguage\":\"es-AR\"},{\"@type\":\"WebPage\",\"@id\":\"https:\/\/web.consaguirre.com.ar\/noticias\/def-leppard-anuncia-la-residencia-de-las-vegas-en-el-palacio-caesars\/\",\"url\":\"https:\/\/web.consaguirre.com.ar\/noticias\/def-leppard-anuncia-la-residencia-de-las-vegas-en-el-palacio-caesars\/\",\"name\":\"Def Leppard Anuncia la residencia de Las Vegas en el Palacio Caesars\",\"isPartOf\":{\"@id\":\"https:\/\/web.consaguirre.com.ar\/noticias\/#website\"},\"primaryImageOfPage\":{\"@id\":\"https:\/\/web.consaguirre.com.ar\/noticias\/def-leppard-anuncia-la-residencia-de-las-vegas-en-el-palacio-caesars\/#primaryimage\"},\"image\":{\"@id\":\"https:\/\/web.consaguirre.com.ar\/noticias\/def-leppard-anuncia-la-residencia-de-las-vegas-en-el-palacio-caesars\/#primaryimage\"},\"thumbnailUrl\":\"https:\/\/web.consaguirre.com.ar\/noticias\/wp-content\/uploads\/2025\/07\/Def-Leppard-Anuncia-la-residencia-de-Las-Vegas-en-el.jpg\",\"datePublished\":\"2025-07-23T17:38:24+00:00\",\"dateModified\":\"2025-07-23T17:38:25+00:00\",\"breadcrumb\":{\"@id\":\"https:\/\/web.consaguirre.com.ar\/noticias\/def-leppard-anuncia-la-residencia-de-las-vegas-en-el-palacio-caesars\/#breadcrumb\"},\"inLanguage\":\"es-AR\",\"potentialAction\":[{\"@type\":\"ReadAction\",\"target\":[\"https:\/\/web.consaguirre.com.ar\/noticias\/def-leppard-anuncia-la-residencia-de-las-vegas-en-el-palacio-caesars\/\"]}]},{\"@type\":\"ImageObject\",\"inLanguage\":\"es-AR\",\"@id\":\"https:\/\/web.consaguirre.com.ar\/noticias\/def-leppard-anuncia-la-residencia-de-las-vegas-en-el-palacio-caesars\/#primaryimage\",\"url\":\"https:\/\/web.consaguirre.com.ar\/noticias\/wp-content\/uploads\/2025\/07\/Def-Leppard-Anuncia-la-residencia-de-Las-Vegas-en-el.jpg\",\"contentUrl\":\"https:\/\/web.consaguirre.com.ar\/noticias\/wp-content\/uploads\/2025\/07\/Def-Leppard-Anuncia-la-residencia-de-Las-Vegas-en-el.jpg\",\"width\":1440,\"height\":864,\"caption\":\"Def Leppard Anuncia la residencia de Las Vegas en el Palacio Caesars\"},{\"@type\":\"BreadcrumbList\",\"@id\":\"https:\/\/web.consaguirre.com.ar\/noticias\/def-leppard-anuncia-la-residencia-de-las-vegas-en-el-palacio-caesars\/#breadcrumb\",\"itemListElement\":[{\"@type\":\"ListItem\",\"position\":1,\"name\":\"Inicio\",\"item\":\"https:\/\/web.consaguirre.com.ar\/noticias\/\"},{\"@type\":\"ListItem\",\"position\":2,\"name\":\"Def Leppard Anuncia la residencia de Las Vegas en el Palacio Caesars\"}]},{\"@type\":\"WebSite\",\"@id\":\"https:\/\/web.consaguirre.com.ar\/noticias\/#website\",\"url\":\"https:\/\/web.consaguirre.com.ar\/noticias\/\",\"name\":\"Conservatorio de M\u00fasica Juli\u00e1n Aguirre\",\"description\":\"\",\"publisher\":{\"@id\":\"https:\/\/web.consaguirre.com.ar\/noticias\/#organization\"},\"potentialAction\":[{\"@type\":\"SearchAction\",\"target\":{\"@type\":\"EntryPoint\",\"urlTemplate\":\"https:\/\/web.consaguirre.com.ar\/noticias\/?s={search_term_string}\"},\"query-input\":\"required name=search_term_string\"}],\"inLanguage\":\"es-AR\"},{\"@type\":\"Organization\",\"@id\":\"https:\/\/web.consaguirre.com.ar\/noticias\/#organization\",\"name\":\"Conservatorio de M\u00fasica Juli\u00e1n Aguirre\",\"url\":\"https:\/\/web.consaguirre.com.ar\/noticias\/\",\"logo\":{\"@type\":\"ImageObject\",\"inLanguage\":\"es-AR\",\"@id\":\"https:\/\/web.consaguirre.com.ar\/noticias\/#\/schema\/logo\/image\/\",\"url\":\"https:\/\/web.consaguirre.com.ar\/noticias\/wp-content\/uploads\/2024\/08\/Banner-Aguirre-23.jpg\",\"contentUrl\":\"https:\/\/web.consaguirre.com.ar\/noticias\/wp-content\/uploads\/2024\/08\/Banner-Aguirre-23.jpg\",\"width\":1192,\"height\":600,\"caption\":\"Conservatorio de M\u00fasica Juli\u00e1n Aguirre\"},\"image\":{\"@id\":\"https:\/\/web.consaguirre.com.ar\/noticias\/#\/schema\/logo\/image\/\"}},{\"@type\":\"Person\",\"@id\":\"https:\/\/web.consaguirre.com.ar\/noticias\/#\/schema\/person\/6558b0cfedee7ddc5425602b237d5722\",\"name\":\"Javier Figueroa\",\"image\":{\"@type\":\"ImageObject\",\"inLanguage\":\"es-AR\",\"@id\":\"https:\/\/web.consaguirre.com.ar\/noticias\/#\/schema\/person\/image\/\",\"url\":\"https:\/\/web.consaguirre.com.ar\/noticias\/wp-content\/uploads\/2024\/08\/Consaguirre-scaled.jpg\",\"contentUrl\":\"https:\/\/web.consaguirre.com.ar\/noticias\/wp-content\/uploads\/2024\/08\/Consaguirre-scaled.jpg\",\"caption\":\"Javier Figueroa\"},\"description\":\"Me llamo Javier Figueroa y soy redactor para el sitio oficial del Conservatorio de M\u00fasica Juli\u00e1n Aguirre en Buenos Aires, consaguirre.com. Apasionado por la m\u00fasica y la escritura, me esfuerzo por destacar los talentos y eventos de nuestra prestigiosa instituci\u00f3n. Mi trayectoria se nutre de una profunda admiraci\u00f3n por los artistas, haciendo de cada art\u00edculo una celebraci\u00f3n de la creatividad y la cultura musical.\",\"sameAs\":[\"https:\/\/web.consaguirre.com.ar\/noticias\"]}]}<\/script>\n<!-- \/ Yoast SEO plugin. -->","yoast_head_json":{"title":"Def Leppard Anuncia la residencia de Las Vegas en el Palacio Caesars","robots":{"index":"index","follow":"follow","max-snippet":"max-snippet:-1","max-image-preview":"max-image-preview:large","max-video-preview":"max-video-preview:-1"},"canonical":"https:\/\/web.consaguirre.com.ar\/noticias\/def-leppard-anuncia-la-residencia-de-las-vegas-en-el-palacio-caesars\/","og_locale":"es_ES","og_type":"article","og_title":"Def Leppard Anuncia la residencia de Las Vegas en el Palacio Caesars","og_description":"Def Leppard Se dirigir\u00e1n a Las Vegas el pr\u00f3ximo a\u00f1o, habiendo confirmado recientemente una residencia establecida para el famoso Coliseo en el Palacio Caesars. Cada","og_url":"https:\/\/web.consaguirre.com.ar\/noticias\/def-leppard-anuncia-la-residencia-de-las-vegas-en-el-palacio-caesars\/","og_site_name":"Conservatorio de M\u00fasica Juli\u00e1n Aguirre","article_published_time":"2025-07-23T17:38:24+00:00","article_modified_time":"2025-07-23T17:38:25+00:00","og_image":[{"width":1440,"height":864,"url":"https:\/\/web.consaguirre.com.ar\/noticias\/wp-content\/uploads\/2025\/07\/Def-Leppard-Anuncia-la-residencia-de-Las-Vegas-en-el.jpg","type":"image\/jpeg"}],"author":"Javier Figueroa","twitter_card":"summary_large_image","twitter_misc":{"Escrito por":"Javier Figueroa","Tiempo de lectura":"2 minutos"},"schema":{"@context":"https:\/\/schema.org","@graph":[{"@type":"Article","@id":"https:\/\/web.consaguirre.com.ar\/noticias\/def-leppard-anuncia-la-residencia-de-las-vegas-en-el-palacio-caesars\/#article","isPartOf":{"@id":"https:\/\/web.consaguirre.com.ar\/noticias\/def-leppard-anuncia-la-residencia-de-las-vegas-en-el-palacio-caesars\/"},"author":{"name":"Javier Figueroa","@id":"https:\/\/web.consaguirre.com.ar\/noticias\/#\/schema\/person\/6558b0cfedee7ddc5425602b237d5722"},"headline":"Def Leppard Anuncia la residencia de Las Vegas en el Palacio Caesars","datePublished":"2025-07-23T17:38:24+00:00","dateModified":"2025-07-23T17:38:25+00:00","mainEntityOfPage":{"@id":"https:\/\/web.consaguirre.com.ar\/noticias\/def-leppard-anuncia-la-residencia-de-las-vegas-en-el-palacio-caesars\/"},"wordCount":420,"publisher":{"@id":"https:\/\/web.consaguirre.com.ar\/noticias\/#organization"},"image":{"@id":"https:\/\/web.consaguirre.com.ar\/noticias\/def-leppard-anuncia-la-residencia-de-las-vegas-en-el-palacio-caesars\/#primaryimage"},"thumbnailUrl":"https:\/\/web.consaguirre.com.ar\/noticias\/wp-content\/uploads\/2025\/07\/Def-Leppard-Anuncia-la-residencia-de-Las-Vegas-en-el.jpg","keywords":["anuncia","Caesars","Def","las","Leppard","Palacio","residencia","Vegas"],"articleSection":["El \u00faltimo"],"inLanguage":"es-AR"},{"@type":"WebPage","@id":"https:\/\/web.consaguirre.com.ar\/noticias\/def-leppard-anuncia-la-residencia-de-las-vegas-en-el-palacio-caesars\/","url":"https:\/\/web.consaguirre.com.ar\/noticias\/def-leppard-anuncia-la-residencia-de-las-vegas-en-el-palacio-caesars\/","name":"Def Leppard Anuncia la residencia de Las Vegas en el Palacio Caesars","isPartOf":{"@id":"https:\/\/web.consaguirre.com.ar\/noticias\/#website"},"primaryImageOfPage":{"@id":"https:\/\/web.consaguirre.com.ar\/noticias\/def-leppard-anuncia-la-residencia-de-las-vegas-en-el-palacio-caesars\/#primaryimage"},"image":{"@id":"https:\/\/web.consaguirre.com.ar\/noticias\/def-leppard-anuncia-la-residencia-de-las-vegas-en-el-palacio-caesars\/#primaryimage"},"thumbnailUrl":"https:\/\/web.consaguirre.com.ar\/noticias\/wp-content\/uploads\/2025\/07\/Def-Leppard-Anuncia-la-residencia-de-Las-Vegas-en-el.jpg","datePublished":"2025-07-23T17:38:24+00:00","dateModified":"2025-07-23T17:38:25+00:00","breadcrumb":{"@id":"https:\/\/web.consaguirre.com.ar\/noticias\/def-leppard-anuncia-la-residencia-de-las-vegas-en-el-palacio-caesars\/#breadcrumb"},"inLanguage":"es-AR","potentialAction":[{"@type":"ReadAction","target":["https:\/\/web.consaguirre.com.ar\/noticias\/def-leppard-anuncia-la-residencia-de-las-vegas-en-el-palacio-caesars\/"]}]},{"@type":"ImageObject","inLanguage":"es-AR","@id":"https:\/\/web.consaguirre.com.ar\/noticias\/def-leppard-anuncia-la-residencia-de-las-vegas-en-el-palacio-caesars\/#primaryimage","url":"https:\/\/web.consaguirre.com.ar\/noticias\/wp-content\/uploads\/2025\/07\/Def-Leppard-Anuncia-la-residencia-de-Las-Vegas-en-el.jpg","contentUrl":"https:\/\/web.consaguirre.com.ar\/noticias\/wp-content\/uploads\/2025\/07\/Def-Leppard-Anuncia-la-residencia-de-Las-Vegas-en-el.jpg","width":1440,"height":864,"caption":"Def Leppard Anuncia la residencia de Las Vegas en el Palacio Caesars"},{"@type":"BreadcrumbList","@id":"https:\/\/web.consaguirre.com.ar\/noticias\/def-leppard-anuncia-la-residencia-de-las-vegas-en-el-palacio-caesars\/#breadcrumb","itemListElement":[{"@type":"ListItem","position":1,"name":"Inicio","item":"https:\/\/web.consaguirre.com.ar\/noticias\/"},{"@type":"ListItem","position":2,"name":"Def Leppard Anuncia la residencia de Las Vegas en el Palacio Caesars"}]},{"@type":"WebSite","@id":"https:\/\/web.consaguirre.com.ar\/noticias\/#website","url":"https:\/\/web.consaguirre.com.ar\/noticias\/","name":"Conservatorio de M\u00fasica Juli\u00e1n Aguirre","description":"","publisher":{"@id":"https:\/\/web.consaguirre.com.ar\/noticias\/#organization"},"potentialAction":[{"@type":"SearchAction","target":{"@type":"EntryPoint","urlTemplate":"https:\/\/web.consaguirre.com.ar\/noticias\/?s={search_term_string}"},"query-input":"required name=search_term_string"}],"inLanguage":"es-AR"},{"@type":"Organization","@id":"https:\/\/web.consaguirre.com.ar\/noticias\/#organization","name":"Conservatorio de M\u00fasica Juli\u00e1n Aguirre","url":"https:\/\/web.consaguirre.com.ar\/noticias\/","logo":{"@type":"ImageObject","inLanguage":"es-AR","@id":"https:\/\/web.consaguirre.com.ar\/noticias\/#\/schema\/logo\/image\/","url":"https:\/\/web.consaguirre.com.ar\/noticias\/wp-content\/uploads\/2024\/08\/Banner-Aguirre-23.jpg","contentUrl":"https:\/\/web.consaguirre.com.ar\/noticias\/wp-content\/uploads\/2024\/08\/Banner-Aguirre-23.jpg","width":1192,"height":600,"caption":"Conservatorio de M\u00fasica Juli\u00e1n Aguirre"},"image":{"@id":"https:\/\/web.consaguirre.com.ar\/noticias\/#\/schema\/logo\/image\/"}},{"@type":"Person","@id":"https:\/\/web.consaguirre.com.ar\/noticias\/#\/schema\/person\/6558b0cfedee7ddc5425602b237d5722","name":"Javier Figueroa","image":{"@type":"ImageObject","inLanguage":"es-AR","@id":"https:\/\/web.consaguirre.com.ar\/noticias\/#\/schema\/person\/image\/","url":"https:\/\/web.consaguirre.com.ar\/noticias\/wp-content\/uploads\/2024\/08\/Consaguirre-scaled.jpg","contentUrl":"https:\/\/web.consaguirre.com.ar\/noticias\/wp-content\/uploads\/2024\/08\/Consaguirre-scaled.jpg","caption":"Javier Figueroa"},"description":"Me llamo Javier Figueroa y soy redactor para el sitio oficial del Conservatorio de M\u00fasica Juli\u00e1n Aguirre en Buenos Aires, consaguirre.com. Apasionado por la m\u00fasica y la escritura, me esfuerzo por destacar los talentos y eventos de nuestra prestigiosa instituci\u00f3n. Mi trayectoria se nutre de una profunda admiraci\u00f3n por los artistas, haciendo de cada art\u00edculo una celebraci\u00f3n de la creatividad y la cultura musical.","sameAs":["https:\/\/web.consaguirre.com.ar\/noticias"]}]}},"_links":{"self":[{"href":"https:\/\/web.consaguirre.com.ar\/noticias\/wp-json\/wp\/v2\/posts\/3263"}],"collection":[{"href":"https:\/\/web.consaguirre.com.ar\/noticias\/wp-json\/wp\/v2\/posts"}],"about":[{"href":"https:\/\/web.consaguirre.com.ar\/noticias\/wp-json\/wp\/v2\/types\/post"}],"author":[{"embeddable":true,"href":"https:\/\/web.consaguirre.com.ar\/noticias\/wp-json\/wp\/v2\/users\/1"}],"replies":[{"embeddable":true,"href":"https:\/\/web.consaguirre.com.ar\/noticias\/wp-json\/wp\/v2\/comments?post=3263"}],"version-history":[{"count":1,"href":"https:\/\/web.consaguirre.com.ar\/noticias\/wp-json\/wp\/v2\/posts\/3263\/revisions"}],"predecessor-version":[{"id":3265,"href":"https:\/\/web.consaguirre.com.ar\/noticias\/wp-json\/wp\/v2\/posts\/3263\/revisions\/3265"}],"wp:featuredmedia":[{"embeddable":true,"href":"https:\/\/web.consaguirre.com.ar\/noticias\/wp-json\/wp\/v2\/media\/3264"}],"wp:attachment":[{"href":"https:\/\/web.consaguirre.com.ar\/noticias\/wp-json\/wp\/v2\/media?parent=3263"}],"wp:term":[{"taxonomy":"category","embeddable":true,"href":"https:\/\/web.consaguirre.com.ar\/noticias\/wp-json\/wp\/v2\/categories?post=3263"},{"taxonomy":"post_tag","embeddable":true,"href":"https:\/\/web.consaguirre.com.ar\/noticias\/wp-json\/wp\/v2\/tags?post=3263"}],"curies":[{"name":"wp","href":"https:\/\/api.w.org\/{rel}","templated":true}]}}