{"id":3224,"date":"2025-07-18T11:41:54","date_gmt":"2025-07-18T14:41:54","guid":{"rendered":"https:\/\/web.consaguirre.com.ar\/noticias\/chilombo-de-jhene-aiko-regresa-al-vinilo\/"},"modified":"2025-07-18T11:41:56","modified_gmt":"2025-07-18T14:41:56","slug":"chilombo-de-jhene-aiko-regresa-al-vinilo","status":"publish","type":"post","link":"https:\/\/web.consaguirre.com.ar\/noticias\/chilombo-de-jhene-aiko-regresa-al-vinilo\/","title":{"rendered":"&#8216;Chilombo&#8217; de Jhene Aiko regresa al vinilo"},"content":{"rendered":"<p><em>Chilombo<\/em>, <strong>Jhen\u00e9 aiko<\/strong>El tercer y m\u00e1s reciente \u00e1lbum, est\u00e1 de vuelta en Vinyl.<\/p>\n<p>Lanzado originalmente el 5 de marzo de 2020, <em>Chilombo<\/em> es un cuerpo de trabajo relajado que vino de un lugar de libertad y creatividad sin restricciones. Aiko describi\u00f3 que el \u00e1lbum en ese momento estaba hecho de &#8220;Freestyles donde toco muchos temas y relaciones &#8230; pasado, presente y futuro&#8221;. Aiko tambi\u00e9n lleva una serie de relaciones musicales a la vanguardia <em>Chilombo<\/em>dando la bienvenida a las contribuciones de los invitados de personas como ella, Nas, John Legend, Dr. Chill, Ab-Soul. Tambi\u00e9n lleva su relaci\u00f3n rom\u00e1ntica y musical con Big Sean, con quien comparte a su hijo Noah, al cuerpo del trabajo. Los dos tambi\u00e9n hab\u00edan grabado m\u00fasica previamente juntos como Twenty88.<\/p>\n<div class=\"uD-YT-container\"><img decoding=\"async\" src=\"https:\/\/web.consaguirre.com.ar\/noticias\/wp-content\/uploads\/2025\/07\/1752849714_590_Chilombo-de-Jhene-Aiko-regresa-al-vinilo.jpg\" alt=\"Video de YouTube\"><br \/>Haga clic para cargar video<\/div>\n<p><em>Chilombo<\/em> Tambi\u00e9n ve a Aiko experimentando con el sonido de los tazones de sonido de cristal tibetano, a veces llamados &#8220;tazones para cantar&#8221;. &#8220;Realmente los estaba usando para m\u00ed, como la terapia, una alternativa a la automedicaci\u00f3n y no lidiar con c\u00f3mo me siento&#8221;, dijo el m\u00fasico en una entrevista de 2021 con <em>Variedad<\/em>. &#8220;Los encontr\u00e9 muy relajantes y relajantes, e incluso adictivos para jugar, como literalmente el movimiento de tocar los tazones de sonido se sinti\u00f3 bien para m\u00ed&#8221;. Para las diferentes pistas en <em>Chilombo<\/em>Aiko investig\u00f3 las llaves y los chakras que representaba cada taz\u00f3n, trayendo diferentes sonidos de taz\u00f3n a una balada como &#8220;Pray For You&#8221; de lo que hubiera usado en una canci\u00f3n m\u00e1s sexual como &#8220;Pu $$ y Fairy (OTW)&#8221;.<\/p>\n<p>Los esfuerzos valieron bien para Aiko, y no solo musicalmente. <em>Chilombo<\/em> acumul\u00f3 tres nominaciones para la ceremonia del Grammy 2021, incluida la codiciada categor\u00eda del \u00e1lbum del a\u00f1o. El trabajo tambi\u00e9n fue nominado al mejor \u00e1lbum de R&#038;B progresivo, y el d\u00fao de Aiko con John Legend, &#8220;Lightning and Thunder&#8221;, obtuvo un gui\u00f1o a la mejor actuaci\u00f3n de R&#038;B. <em>Chilombo<\/em> Tambi\u00e9n recibi\u00f3 el excelente \u00e1lbum Trophy de los NAACP Image Awards en 2021.<\/p>\n<p><strong>Comprar jhen\u00e9 aiko&#8217;s <em>Chilombo<\/em> en vinilo ahora.<\/strong><\/p>\n","protected":false},"excerpt":{"rendered":"<p>Chilombo, Jhen\u00e9 aikoEl tercer y m\u00e1s reciente \u00e1lbum, est\u00e1 de vuelta en Vinyl. Lanzado originalmente el 5 de marzo de 2020, Chilombo es un cuerpo<\/p>\n","protected":false},"author":1,"featured_media":3225,"comment_status":"closed","ping_status":"","sticky":false,"template":"","format":"standard","meta":{"footnotes":""},"categories":[50],"tags":[627,2879,626,538,87],"class_list":["post-3224","post","type-post","status-publish","format-standard","has-post-thumbnail","hentry","category-el-ultimo","tag-aiko","tag-chilombo","tag-jhene","tag-regresa","tag-vinilo","generate-columns","tablet-grid-50","mobile-grid-100","grid-parent","grid-50"],"yoast_head":"<!-- This site is optimized with the Yoast SEO plugin v23.3 - https:\/\/yoast.com\/wordpress\/plugins\/seo\/ -->\n<title>&#039;Chilombo&#039; de Jhene Aiko regresa al vinilo<\/title>\n<meta name=\"robots\" content=\"index, follow, max-snippet:-1, max-image-preview:large, max-video-preview:-1\" \/>\n<link rel=\"canonical\" href=\"https:\/\/web.consaguirre.com.ar\/noticias\/chilombo-de-jhene-aiko-regresa-al-vinilo\/\" \/>\n<meta property=\"og:locale\" content=\"es_ES\" \/>\n<meta property=\"og:type\" content=\"article\" \/>\n<meta property=\"og:title\" content=\"&#039;Chilombo&#039; de Jhene Aiko regresa al vinilo\" \/>\n<meta property=\"og:description\" content=\"Chilombo, Jhen\u00e9 aikoEl tercer y m\u00e1s reciente \u00e1lbum, est\u00e1 de vuelta en Vinyl. Lanzado originalmente el 5 de marzo de 2020, Chilombo es un cuerpo\" \/>\n<meta property=\"og:url\" content=\"https:\/\/web.consaguirre.com.ar\/noticias\/chilombo-de-jhene-aiko-regresa-al-vinilo\/\" \/>\n<meta property=\"og:site_name\" content=\"Conservatorio de M\u00fasica Juli\u00e1n Aguirre\" \/>\n<meta property=\"article:published_time\" content=\"2025-07-18T14:41:54+00:00\" \/>\n<meta property=\"article:modified_time\" content=\"2025-07-18T14:41:56+00:00\" \/>\n<meta property=\"og:image\" content=\"https:\/\/web.consaguirre.com.ar\/noticias\/wp-content\/uploads\/2025\/07\/Chilombo-de-Jhene-Aiko-regresa-al-vinilo.jpg\" \/>\n\t<meta property=\"og:image:width\" content=\"1280\" \/>\n\t<meta property=\"og:image:height\" content=\"1280\" \/>\n\t<meta property=\"og:image:type\" content=\"image\/jpeg\" \/>\n<meta name=\"author\" content=\"Javier Figueroa\" \/>\n<meta name=\"twitter:card\" content=\"summary_large_image\" \/>\n<meta name=\"twitter:label1\" content=\"Escrito por\" \/>\n\t<meta name=\"twitter:data1\" content=\"Javier Figueroa\" \/>\n\t<meta name=\"twitter:label2\" content=\"Tiempo de lectura\" \/>\n\t<meta name=\"twitter:data2\" content=\"2 minutos\" \/>\n<script type=\"application\/ld+json\" class=\"yoast-schema-graph\">{\"@context\":\"https:\/\/schema.org\",\"@graph\":[{\"@type\":\"Article\",\"@id\":\"https:\/\/web.consaguirre.com.ar\/noticias\/chilombo-de-jhene-aiko-regresa-al-vinilo\/#article\",\"isPartOf\":{\"@id\":\"https:\/\/web.consaguirre.com.ar\/noticias\/chilombo-de-jhene-aiko-regresa-al-vinilo\/\"},\"author\":{\"name\":\"Javier Figueroa\",\"@id\":\"https:\/\/web.consaguirre.com.ar\/noticias\/#\/schema\/person\/6558b0cfedee7ddc5425602b237d5722\"},\"headline\":\"&#8216;Chilombo&#8217; de Jhene Aiko regresa al vinilo\",\"datePublished\":\"2025-07-18T14:41:54+00:00\",\"dateModified\":\"2025-07-18T14:41:56+00:00\",\"mainEntityOfPage\":{\"@id\":\"https:\/\/web.consaguirre.com.ar\/noticias\/chilombo-de-jhene-aiko-regresa-al-vinilo\/\"},\"wordCount\":358,\"publisher\":{\"@id\":\"https:\/\/web.consaguirre.com.ar\/noticias\/#organization\"},\"image\":{\"@id\":\"https:\/\/web.consaguirre.com.ar\/noticias\/chilombo-de-jhene-aiko-regresa-al-vinilo\/#primaryimage\"},\"thumbnailUrl\":\"https:\/\/web.consaguirre.com.ar\/noticias\/wp-content\/uploads\/2025\/07\/Chilombo-de-Jhene-Aiko-regresa-al-vinilo.jpg\",\"keywords\":[\"Aiko\",\"Chilombo\",\"Jhen\u00e9\",\"regresa\",\"vinilo\"],\"articleSection\":[\"El \u00faltimo\"],\"inLanguage\":\"es-AR\"},{\"@type\":\"WebPage\",\"@id\":\"https:\/\/web.consaguirre.com.ar\/noticias\/chilombo-de-jhene-aiko-regresa-al-vinilo\/\",\"url\":\"https:\/\/web.consaguirre.com.ar\/noticias\/chilombo-de-jhene-aiko-regresa-al-vinilo\/\",\"name\":\"'Chilombo' de Jhene Aiko regresa al vinilo\",\"isPartOf\":{\"@id\":\"https:\/\/web.consaguirre.com.ar\/noticias\/#website\"},\"primaryImageOfPage\":{\"@id\":\"https:\/\/web.consaguirre.com.ar\/noticias\/chilombo-de-jhene-aiko-regresa-al-vinilo\/#primaryimage\"},\"image\":{\"@id\":\"https:\/\/web.consaguirre.com.ar\/noticias\/chilombo-de-jhene-aiko-regresa-al-vinilo\/#primaryimage\"},\"thumbnailUrl\":\"https:\/\/web.consaguirre.com.ar\/noticias\/wp-content\/uploads\/2025\/07\/Chilombo-de-Jhene-Aiko-regresa-al-vinilo.jpg\",\"datePublished\":\"2025-07-18T14:41:54+00:00\",\"dateModified\":\"2025-07-18T14:41:56+00:00\",\"breadcrumb\":{\"@id\":\"https:\/\/web.consaguirre.com.ar\/noticias\/chilombo-de-jhene-aiko-regresa-al-vinilo\/#breadcrumb\"},\"inLanguage\":\"es-AR\",\"potentialAction\":[{\"@type\":\"ReadAction\",\"target\":[\"https:\/\/web.consaguirre.com.ar\/noticias\/chilombo-de-jhene-aiko-regresa-al-vinilo\/\"]}]},{\"@type\":\"ImageObject\",\"inLanguage\":\"es-AR\",\"@id\":\"https:\/\/web.consaguirre.com.ar\/noticias\/chilombo-de-jhene-aiko-regresa-al-vinilo\/#primaryimage\",\"url\":\"https:\/\/web.consaguirre.com.ar\/noticias\/wp-content\/uploads\/2025\/07\/Chilombo-de-Jhene-Aiko-regresa-al-vinilo.jpg\",\"contentUrl\":\"https:\/\/web.consaguirre.com.ar\/noticias\/wp-content\/uploads\/2025\/07\/Chilombo-de-Jhene-Aiko-regresa-al-vinilo.jpg\",\"width\":1280,\"height\":1280,\"caption\":\"'Chilombo' de Jhene Aiko regresa al vinilo\"},{\"@type\":\"BreadcrumbList\",\"@id\":\"https:\/\/web.consaguirre.com.ar\/noticias\/chilombo-de-jhene-aiko-regresa-al-vinilo\/#breadcrumb\",\"itemListElement\":[{\"@type\":\"ListItem\",\"position\":1,\"name\":\"Inicio\",\"item\":\"https:\/\/web.consaguirre.com.ar\/noticias\/\"},{\"@type\":\"ListItem\",\"position\":2,\"name\":\"&#8216;Chilombo&#8217; de Jhene Aiko regresa al vinilo\"}]},{\"@type\":\"WebSite\",\"@id\":\"https:\/\/web.consaguirre.com.ar\/noticias\/#website\",\"url\":\"https:\/\/web.consaguirre.com.ar\/noticias\/\",\"name\":\"Conservatorio de M\u00fasica Juli\u00e1n Aguirre\",\"description\":\"\",\"publisher\":{\"@id\":\"https:\/\/web.consaguirre.com.ar\/noticias\/#organization\"},\"potentialAction\":[{\"@type\":\"SearchAction\",\"target\":{\"@type\":\"EntryPoint\",\"urlTemplate\":\"https:\/\/web.consaguirre.com.ar\/noticias\/?s={search_term_string}\"},\"query-input\":\"required name=search_term_string\"}],\"inLanguage\":\"es-AR\"},{\"@type\":\"Organization\",\"@id\":\"https:\/\/web.consaguirre.com.ar\/noticias\/#organization\",\"name\":\"Conservatorio de M\u00fasica Juli\u00e1n Aguirre\",\"url\":\"https:\/\/web.consaguirre.com.ar\/noticias\/\",\"logo\":{\"@type\":\"ImageObject\",\"inLanguage\":\"es-AR\",\"@id\":\"https:\/\/web.consaguirre.com.ar\/noticias\/#\/schema\/logo\/image\/\",\"url\":\"https:\/\/web.consaguirre.com.ar\/noticias\/wp-content\/uploads\/2024\/08\/Banner-Aguirre-23.jpg\",\"contentUrl\":\"https:\/\/web.consaguirre.com.ar\/noticias\/wp-content\/uploads\/2024\/08\/Banner-Aguirre-23.jpg\",\"width\":1192,\"height\":600,\"caption\":\"Conservatorio de M\u00fasica Juli\u00e1n Aguirre\"},\"image\":{\"@id\":\"https:\/\/web.consaguirre.com.ar\/noticias\/#\/schema\/logo\/image\/\"}},{\"@type\":\"Person\",\"@id\":\"https:\/\/web.consaguirre.com.ar\/noticias\/#\/schema\/person\/6558b0cfedee7ddc5425602b237d5722\",\"name\":\"Javier Figueroa\",\"image\":{\"@type\":\"ImageObject\",\"inLanguage\":\"es-AR\",\"@id\":\"https:\/\/web.consaguirre.com.ar\/noticias\/#\/schema\/person\/image\/\",\"url\":\"https:\/\/web.consaguirre.com.ar\/noticias\/wp-content\/uploads\/2024\/08\/Consaguirre-scaled.jpg\",\"contentUrl\":\"https:\/\/web.consaguirre.com.ar\/noticias\/wp-content\/uploads\/2024\/08\/Consaguirre-scaled.jpg\",\"caption\":\"Javier Figueroa\"},\"description\":\"Me llamo Javier Figueroa y soy redactor para el sitio oficial del Conservatorio de M\u00fasica Juli\u00e1n Aguirre en Buenos Aires, consaguirre.com. Apasionado por la m\u00fasica y la escritura, me esfuerzo por destacar los talentos y eventos de nuestra prestigiosa instituci\u00f3n. Mi trayectoria se nutre de una profunda admiraci\u00f3n por los artistas, haciendo de cada art\u00edculo una celebraci\u00f3n de la creatividad y la cultura musical.\",\"sameAs\":[\"https:\/\/web.consaguirre.com.ar\/noticias\"]}]}<\/script>\n<!-- \/ Yoast SEO plugin. -->","yoast_head_json":{"title":"'Chilombo' de Jhene Aiko regresa al vinilo","robots":{"index":"index","follow":"follow","max-snippet":"max-snippet:-1","max-image-preview":"max-image-preview:large","max-video-preview":"max-video-preview:-1"},"canonical":"https:\/\/web.consaguirre.com.ar\/noticias\/chilombo-de-jhene-aiko-regresa-al-vinilo\/","og_locale":"es_ES","og_type":"article","og_title":"'Chilombo' de Jhene Aiko regresa al vinilo","og_description":"Chilombo, Jhen\u00e9 aikoEl tercer y m\u00e1s reciente \u00e1lbum, est\u00e1 de vuelta en Vinyl. Lanzado originalmente el 5 de marzo de 2020, Chilombo es un cuerpo","og_url":"https:\/\/web.consaguirre.com.ar\/noticias\/chilombo-de-jhene-aiko-regresa-al-vinilo\/","og_site_name":"Conservatorio de M\u00fasica Juli\u00e1n Aguirre","article_published_time":"2025-07-18T14:41:54+00:00","article_modified_time":"2025-07-18T14:41:56+00:00","og_image":[{"width":1280,"height":1280,"url":"https:\/\/web.consaguirre.com.ar\/noticias\/wp-content\/uploads\/2025\/07\/Chilombo-de-Jhene-Aiko-regresa-al-vinilo.jpg","type":"image\/jpeg"}],"author":"Javier Figueroa","twitter_card":"summary_large_image","twitter_misc":{"Escrito por":"Javier Figueroa","Tiempo de lectura":"2 minutos"},"schema":{"@context":"https:\/\/schema.org","@graph":[{"@type":"Article","@id":"https:\/\/web.consaguirre.com.ar\/noticias\/chilombo-de-jhene-aiko-regresa-al-vinilo\/#article","isPartOf":{"@id":"https:\/\/web.consaguirre.com.ar\/noticias\/chilombo-de-jhene-aiko-regresa-al-vinilo\/"},"author":{"name":"Javier Figueroa","@id":"https:\/\/web.consaguirre.com.ar\/noticias\/#\/schema\/person\/6558b0cfedee7ddc5425602b237d5722"},"headline":"&#8216;Chilombo&#8217; de Jhene Aiko regresa al vinilo","datePublished":"2025-07-18T14:41:54+00:00","dateModified":"2025-07-18T14:41:56+00:00","mainEntityOfPage":{"@id":"https:\/\/web.consaguirre.com.ar\/noticias\/chilombo-de-jhene-aiko-regresa-al-vinilo\/"},"wordCount":358,"publisher":{"@id":"https:\/\/web.consaguirre.com.ar\/noticias\/#organization"},"image":{"@id":"https:\/\/web.consaguirre.com.ar\/noticias\/chilombo-de-jhene-aiko-regresa-al-vinilo\/#primaryimage"},"thumbnailUrl":"https:\/\/web.consaguirre.com.ar\/noticias\/wp-content\/uploads\/2025\/07\/Chilombo-de-Jhene-Aiko-regresa-al-vinilo.jpg","keywords":["Aiko","Chilombo","Jhen\u00e9","regresa","vinilo"],"articleSection":["El \u00faltimo"],"inLanguage":"es-AR"},{"@type":"WebPage","@id":"https:\/\/web.consaguirre.com.ar\/noticias\/chilombo-de-jhene-aiko-regresa-al-vinilo\/","url":"https:\/\/web.consaguirre.com.ar\/noticias\/chilombo-de-jhene-aiko-regresa-al-vinilo\/","name":"'Chilombo' de Jhene Aiko regresa al vinilo","isPartOf":{"@id":"https:\/\/web.consaguirre.com.ar\/noticias\/#website"},"primaryImageOfPage":{"@id":"https:\/\/web.consaguirre.com.ar\/noticias\/chilombo-de-jhene-aiko-regresa-al-vinilo\/#primaryimage"},"image":{"@id":"https:\/\/web.consaguirre.com.ar\/noticias\/chilombo-de-jhene-aiko-regresa-al-vinilo\/#primaryimage"},"thumbnailUrl":"https:\/\/web.consaguirre.com.ar\/noticias\/wp-content\/uploads\/2025\/07\/Chilombo-de-Jhene-Aiko-regresa-al-vinilo.jpg","datePublished":"2025-07-18T14:41:54+00:00","dateModified":"2025-07-18T14:41:56+00:00","breadcrumb":{"@id":"https:\/\/web.consaguirre.com.ar\/noticias\/chilombo-de-jhene-aiko-regresa-al-vinilo\/#breadcrumb"},"inLanguage":"es-AR","potentialAction":[{"@type":"ReadAction","target":["https:\/\/web.consaguirre.com.ar\/noticias\/chilombo-de-jhene-aiko-regresa-al-vinilo\/"]}]},{"@type":"ImageObject","inLanguage":"es-AR","@id":"https:\/\/web.consaguirre.com.ar\/noticias\/chilombo-de-jhene-aiko-regresa-al-vinilo\/#primaryimage","url":"https:\/\/web.consaguirre.com.ar\/noticias\/wp-content\/uploads\/2025\/07\/Chilombo-de-Jhene-Aiko-regresa-al-vinilo.jpg","contentUrl":"https:\/\/web.consaguirre.com.ar\/noticias\/wp-content\/uploads\/2025\/07\/Chilombo-de-Jhene-Aiko-regresa-al-vinilo.jpg","width":1280,"height":1280,"caption":"'Chilombo' de Jhene Aiko regresa al vinilo"},{"@type":"BreadcrumbList","@id":"https:\/\/web.consaguirre.com.ar\/noticias\/chilombo-de-jhene-aiko-regresa-al-vinilo\/#breadcrumb","itemListElement":[{"@type":"ListItem","position":1,"name":"Inicio","item":"https:\/\/web.consaguirre.com.ar\/noticias\/"},{"@type":"ListItem","position":2,"name":"&#8216;Chilombo&#8217; de Jhene Aiko regresa al vinilo"}]},{"@type":"WebSite","@id":"https:\/\/web.consaguirre.com.ar\/noticias\/#website","url":"https:\/\/web.consaguirre.com.ar\/noticias\/","name":"Conservatorio de M\u00fasica Juli\u00e1n Aguirre","description":"","publisher":{"@id":"https:\/\/web.consaguirre.com.ar\/noticias\/#organization"},"potentialAction":[{"@type":"SearchAction","target":{"@type":"EntryPoint","urlTemplate":"https:\/\/web.consaguirre.com.ar\/noticias\/?s={search_term_string}"},"query-input":"required name=search_term_string"}],"inLanguage":"es-AR"},{"@type":"Organization","@id":"https:\/\/web.consaguirre.com.ar\/noticias\/#organization","name":"Conservatorio de M\u00fasica Juli\u00e1n Aguirre","url":"https:\/\/web.consaguirre.com.ar\/noticias\/","logo":{"@type":"ImageObject","inLanguage":"es-AR","@id":"https:\/\/web.consaguirre.com.ar\/noticias\/#\/schema\/logo\/image\/","url":"https:\/\/web.consaguirre.com.ar\/noticias\/wp-content\/uploads\/2024\/08\/Banner-Aguirre-23.jpg","contentUrl":"https:\/\/web.consaguirre.com.ar\/noticias\/wp-content\/uploads\/2024\/08\/Banner-Aguirre-23.jpg","width":1192,"height":600,"caption":"Conservatorio de M\u00fasica Juli\u00e1n Aguirre"},"image":{"@id":"https:\/\/web.consaguirre.com.ar\/noticias\/#\/schema\/logo\/image\/"}},{"@type":"Person","@id":"https:\/\/web.consaguirre.com.ar\/noticias\/#\/schema\/person\/6558b0cfedee7ddc5425602b237d5722","name":"Javier Figueroa","image":{"@type":"ImageObject","inLanguage":"es-AR","@id":"https:\/\/web.consaguirre.com.ar\/noticias\/#\/schema\/person\/image\/","url":"https:\/\/web.consaguirre.com.ar\/noticias\/wp-content\/uploads\/2024\/08\/Consaguirre-scaled.jpg","contentUrl":"https:\/\/web.consaguirre.com.ar\/noticias\/wp-content\/uploads\/2024\/08\/Consaguirre-scaled.jpg","caption":"Javier Figueroa"},"description":"Me llamo Javier Figueroa y soy redactor para el sitio oficial del Conservatorio de M\u00fasica Juli\u00e1n Aguirre en Buenos Aires, consaguirre.com. Apasionado por la m\u00fasica y la escritura, me esfuerzo por destacar los talentos y eventos de nuestra prestigiosa instituci\u00f3n. Mi trayectoria se nutre de una profunda admiraci\u00f3n por los artistas, haciendo de cada art\u00edculo una celebraci\u00f3n de la creatividad y la cultura musical.","sameAs":["https:\/\/web.consaguirre.com.ar\/noticias"]}]}},"_links":{"self":[{"href":"https:\/\/web.consaguirre.com.ar\/noticias\/wp-json\/wp\/v2\/posts\/3224"}],"collection":[{"href":"https:\/\/web.consaguirre.com.ar\/noticias\/wp-json\/wp\/v2\/posts"}],"about":[{"href":"https:\/\/web.consaguirre.com.ar\/noticias\/wp-json\/wp\/v2\/types\/post"}],"author":[{"embeddable":true,"href":"https:\/\/web.consaguirre.com.ar\/noticias\/wp-json\/wp\/v2\/users\/1"}],"replies":[{"embeddable":true,"href":"https:\/\/web.consaguirre.com.ar\/noticias\/wp-json\/wp\/v2\/comments?post=3224"}],"version-history":[{"count":1,"href":"https:\/\/web.consaguirre.com.ar\/noticias\/wp-json\/wp\/v2\/posts\/3224\/revisions"}],"predecessor-version":[{"id":3226,"href":"https:\/\/web.consaguirre.com.ar\/noticias\/wp-json\/wp\/v2\/posts\/3224\/revisions\/3226"}],"wp:featuredmedia":[{"embeddable":true,"href":"https:\/\/web.consaguirre.com.ar\/noticias\/wp-json\/wp\/v2\/media\/3225"}],"wp:attachment":[{"href":"https:\/\/web.consaguirre.com.ar\/noticias\/wp-json\/wp\/v2\/media?parent=3224"}],"wp:term":[{"taxonomy":"category","embeddable":true,"href":"https:\/\/web.consaguirre.com.ar\/noticias\/wp-json\/wp\/v2\/categories?post=3224"},{"taxonomy":"post_tag","embeddable":true,"href":"https:\/\/web.consaguirre.com.ar\/noticias\/wp-json\/wp\/v2\/tags?post=3224"}],"curies":[{"name":"wp","href":"https:\/\/api.w.org\/{rel}","templated":true}]}}