{"id":3221,"date":"2025-07-18T02:38:51","date_gmt":"2025-07-18T05:38:51","guid":{"rendered":"https:\/\/web.consaguirre.com.ar\/noticias\/kool-y-la-pandilla-get-down-on-it-obtienen-un-nuevo-remix\/"},"modified":"2025-07-18T02:38:54","modified_gmt":"2025-07-18T05:38:54","slug":"kool-y-la-pandilla-get-down-on-it-obtienen-un-nuevo-remix","status":"publish","type":"post","link":"https:\/\/web.consaguirre.com.ar\/noticias\/kool-y-la-pandilla-get-down-on-it-obtienen-un-nuevo-remix\/","title":{"rendered":"Kool y la pandilla &#8216;Get Down On It&#8217; obtienen un nuevo remix"},"content":{"rendered":"<p>Sigue siendo un verano de celebraci\u00f3n para <strong>Kool y la pandilla<\/strong>. Adam Ten y Jackie (IT) han presentado su nuevo remix de &#8220;Get Down on It&#8221;, ahora simplemente titulado &#8220;Get Down&#8221;. La canci\u00f3n original fue un gran \u00e9xito del \u00e1lbum de 1981 de la banda <strong><em>Algo especial<\/em><\/strong>y ahora, 44 a\u00f1os despu\u00e9s, un remix le da nueva vida.<\/p>\n<p>&#8220;Get Down&#8221; viene en medio de una cadena de remixes para la banda ic\u00f3nica. Este verano ha visto un remix de DJ loco de Kool y el \u00e9xito de la pandilla &#8220;Celebration&#8221;, as\u00ed como otro remix de &#8220;Get Down on It&#8221; del productor australiano Young Franco. Con el productor Adam Ten, proveniente de Israel, est\u00e1 claro que la m\u00fasica de la pandilla resuena en todo el mundo.<\/p>\n<div class=\"uD-YT-container\"><img decoding=\"async\" src=\"https:\/\/web.consaguirre.com.ar\/noticias\/wp-content\/uploads\/2025\/07\/1752817131_190_Kool-y-la-pandilla-Get-Down-On-It-obtienen-un.jpg\" alt=\"Video de YouTube\"><br \/>Haga clic para cargar video<\/div>\n<p>Por supuesto, el hecho de que la m\u00fasica de Kool y la pandilla haya sido amada en el tiempo y la ubicaci\u00f3n no sorprender\u00e1 a nadie que conozca su historia o su m\u00fasica. Cuando la d\u00e9cada de 1970 se convirti\u00f3 en la d\u00e9cada de 1980, Kool y la pandilla consiguieron una impresionante serie de diez mejores \u00e9xitos en el Billboard Hot 100, incluida la &#8220;Noche de Damas&#8221;, &#8220;Too Hot&#8221;, &#8220;Johanna&#8221; y la &#8220;celebraci\u00f3n&#8221; que encabeza la lista. &#8220;Get Down on It&#8221; lleg\u00f3 en el medio de esta carrera, un per\u00edodo que la banda recuerda como una transici\u00f3n. Mayor \u00e9xito comercial de la banda cuando comenzaron a explorar un sonido que, en sus palabras, fue &#8220;m\u00e1s pop&#8221; gracias al cantante principal James &#8220;JT&#8221; Taylor.<\/p>\n<p>&#8220;Estaba saliendo en Nueva York y todos los viernes por la noche era la noche de las mujeres, as\u00ed que cuando JT se convirti\u00f3 en nuestro vocalista principal creamos la canci\u00f3n &#8216;Ladies Night&#8217; y ahora nuestro sonido ha cambiado de nuevo&#8221;, Kool y el compositor, productor y saxofonista Ronald &#8220;Khalis&#8221; Bell &#8220;Bell&#8221; Bell &#8220;Bell&#8221; Bell &#8220;Bell&#8221; Bell &#8220;Bell&#8221; <strong>dijo <em>La revista Soul Survivors<\/em> en 2017<\/strong>. &#8220;Se convirti\u00f3 en una evoluci\u00f3n de nuestra m\u00fasica y comenzamos a escribir ese tipo de canciones porque ahora ten\u00edamos un cantante&#8221;. En \u00faltima instancia, &#8220;Get Down On It&#8221; alcanz\u00f3 el n\u00famero 10 en el Hot 100, y sigue siendo un cl\u00e1sico de la pista de baile. Ahora, hay una forma completamente nueva de experimentarlo.<\/p><\/p>\n","protected":false},"excerpt":{"rendered":"<p>Sigue siendo un verano de celebraci\u00f3n para Kool y la pandilla. Adam Ten y Jackie (IT) han presentado su nuevo remix de &#8220;Get Down on<\/p>\n","protected":false},"author":1,"featured_media":3222,"comment_status":"closed","ping_status":"","sticky":false,"template":"","format":"standard","meta":{"footnotes":""},"categories":[50],"tags":[2708,146,1062,2709,1217],"class_list":["post-3221","post","type-post","status-publish","format-standard","has-post-thumbnail","hentry","category-el-ultimo","tag-kool","tag-nuevo","tag-obtienen","tag-pandilla","tag-remix","generate-columns","tablet-grid-50","mobile-grid-100","grid-parent","grid-50"],"yoast_head":"<!-- This site is optimized with the Yoast SEO plugin v23.3 - https:\/\/yoast.com\/wordpress\/plugins\/seo\/ -->\n<title>Kool y la pandilla &#039;Get Down On It&#039; obtienen un nuevo remix<\/title>\n<meta name=\"robots\" content=\"index, follow, max-snippet:-1, max-image-preview:large, max-video-preview:-1\" \/>\n<link rel=\"canonical\" href=\"https:\/\/web.consaguirre.com.ar\/noticias\/kool-y-la-pandilla-get-down-on-it-obtienen-un-nuevo-remix\/\" \/>\n<meta property=\"og:locale\" content=\"es_ES\" \/>\n<meta property=\"og:type\" content=\"article\" \/>\n<meta property=\"og:title\" content=\"Kool y la pandilla &#039;Get Down On It&#039; obtienen un nuevo remix\" \/>\n<meta property=\"og:description\" content=\"Sigue siendo un verano de celebraci\u00f3n para Kool y la pandilla. Adam Ten y Jackie (IT) han presentado su nuevo remix de &#8220;Get Down on\" \/>\n<meta property=\"og:url\" content=\"https:\/\/web.consaguirre.com.ar\/noticias\/kool-y-la-pandilla-get-down-on-it-obtienen-un-nuevo-remix\/\" \/>\n<meta property=\"og:site_name\" content=\"Conservatorio de M\u00fasica Juli\u00e1n Aguirre\" \/>\n<meta property=\"article:published_time\" content=\"2025-07-18T05:38:51+00:00\" \/>\n<meta property=\"article:modified_time\" content=\"2025-07-18T05:38:54+00:00\" \/>\n<meta property=\"og:image\" content=\"https:\/\/web.consaguirre.com.ar\/noticias\/wp-content\/uploads\/2025\/07\/Kool-y-la-pandilla-Get-Down-On-It-obtienen-un.jpg\" \/>\n\t<meta property=\"og:image:width\" content=\"1280\" \/>\n\t<meta property=\"og:image:height\" content=\"1280\" \/>\n\t<meta property=\"og:image:type\" content=\"image\/jpeg\" \/>\n<meta name=\"author\" content=\"Javier Figueroa\" \/>\n<meta name=\"twitter:card\" content=\"summary_large_image\" \/>\n<meta name=\"twitter:label1\" content=\"Escrito por\" \/>\n\t<meta name=\"twitter:data1\" content=\"Javier Figueroa\" \/>\n\t<meta name=\"twitter:label2\" content=\"Tiempo de lectura\" \/>\n\t<meta name=\"twitter:data2\" content=\"2 minutos\" \/>\n<script type=\"application\/ld+json\" class=\"yoast-schema-graph\">{\"@context\":\"https:\/\/schema.org\",\"@graph\":[{\"@type\":\"Article\",\"@id\":\"https:\/\/web.consaguirre.com.ar\/noticias\/kool-y-la-pandilla-get-down-on-it-obtienen-un-nuevo-remix\/#article\",\"isPartOf\":{\"@id\":\"https:\/\/web.consaguirre.com.ar\/noticias\/kool-y-la-pandilla-get-down-on-it-obtienen-un-nuevo-remix\/\"},\"author\":{\"name\":\"Javier Figueroa\",\"@id\":\"https:\/\/web.consaguirre.com.ar\/noticias\/#\/schema\/person\/6558b0cfedee7ddc5425602b237d5722\"},\"headline\":\"Kool y la pandilla &#8216;Get Down On It&#8217; obtienen un nuevo remix\",\"datePublished\":\"2025-07-18T05:38:51+00:00\",\"dateModified\":\"2025-07-18T05:38:54+00:00\",\"mainEntityOfPage\":{\"@id\":\"https:\/\/web.consaguirre.com.ar\/noticias\/kool-y-la-pandilla-get-down-on-it-obtienen-un-nuevo-remix\/\"},\"wordCount\":397,\"publisher\":{\"@id\":\"https:\/\/web.consaguirre.com.ar\/noticias\/#organization\"},\"image\":{\"@id\":\"https:\/\/web.consaguirre.com.ar\/noticias\/kool-y-la-pandilla-get-down-on-it-obtienen-un-nuevo-remix\/#primaryimage\"},\"thumbnailUrl\":\"https:\/\/web.consaguirre.com.ar\/noticias\/wp-content\/uploads\/2025\/07\/Kool-y-la-pandilla-Get-Down-On-It-obtienen-un.jpg\",\"keywords\":[\"Kool\",\"nuevo\",\"obtienen\",\"pandilla\",\"remix\"],\"articleSection\":[\"El \u00faltimo\"],\"inLanguage\":\"es-AR\"},{\"@type\":\"WebPage\",\"@id\":\"https:\/\/web.consaguirre.com.ar\/noticias\/kool-y-la-pandilla-get-down-on-it-obtienen-un-nuevo-remix\/\",\"url\":\"https:\/\/web.consaguirre.com.ar\/noticias\/kool-y-la-pandilla-get-down-on-it-obtienen-un-nuevo-remix\/\",\"name\":\"Kool y la pandilla 'Get Down On It' obtienen un nuevo remix\",\"isPartOf\":{\"@id\":\"https:\/\/web.consaguirre.com.ar\/noticias\/#website\"},\"primaryImageOfPage\":{\"@id\":\"https:\/\/web.consaguirre.com.ar\/noticias\/kool-y-la-pandilla-get-down-on-it-obtienen-un-nuevo-remix\/#primaryimage\"},\"image\":{\"@id\":\"https:\/\/web.consaguirre.com.ar\/noticias\/kool-y-la-pandilla-get-down-on-it-obtienen-un-nuevo-remix\/#primaryimage\"},\"thumbnailUrl\":\"https:\/\/web.consaguirre.com.ar\/noticias\/wp-content\/uploads\/2025\/07\/Kool-y-la-pandilla-Get-Down-On-It-obtienen-un.jpg\",\"datePublished\":\"2025-07-18T05:38:51+00:00\",\"dateModified\":\"2025-07-18T05:38:54+00:00\",\"breadcrumb\":{\"@id\":\"https:\/\/web.consaguirre.com.ar\/noticias\/kool-y-la-pandilla-get-down-on-it-obtienen-un-nuevo-remix\/#breadcrumb\"},\"inLanguage\":\"es-AR\",\"potentialAction\":[{\"@type\":\"ReadAction\",\"target\":[\"https:\/\/web.consaguirre.com.ar\/noticias\/kool-y-la-pandilla-get-down-on-it-obtienen-un-nuevo-remix\/\"]}]},{\"@type\":\"ImageObject\",\"inLanguage\":\"es-AR\",\"@id\":\"https:\/\/web.consaguirre.com.ar\/noticias\/kool-y-la-pandilla-get-down-on-it-obtienen-un-nuevo-remix\/#primaryimage\",\"url\":\"https:\/\/web.consaguirre.com.ar\/noticias\/wp-content\/uploads\/2025\/07\/Kool-y-la-pandilla-Get-Down-On-It-obtienen-un.jpg\",\"contentUrl\":\"https:\/\/web.consaguirre.com.ar\/noticias\/wp-content\/uploads\/2025\/07\/Kool-y-la-pandilla-Get-Down-On-It-obtienen-un.jpg\",\"width\":1280,\"height\":1280,\"caption\":\"Kool y la pandilla 'Get Down On It' obtienen un nuevo remix\"},{\"@type\":\"BreadcrumbList\",\"@id\":\"https:\/\/web.consaguirre.com.ar\/noticias\/kool-y-la-pandilla-get-down-on-it-obtienen-un-nuevo-remix\/#breadcrumb\",\"itemListElement\":[{\"@type\":\"ListItem\",\"position\":1,\"name\":\"Inicio\",\"item\":\"https:\/\/web.consaguirre.com.ar\/noticias\/\"},{\"@type\":\"ListItem\",\"position\":2,\"name\":\"Kool y la pandilla &#8216;Get Down On It&#8217; obtienen un nuevo remix\"}]},{\"@type\":\"WebSite\",\"@id\":\"https:\/\/web.consaguirre.com.ar\/noticias\/#website\",\"url\":\"https:\/\/web.consaguirre.com.ar\/noticias\/\",\"name\":\"Conservatorio de M\u00fasica Juli\u00e1n Aguirre\",\"description\":\"\",\"publisher\":{\"@id\":\"https:\/\/web.consaguirre.com.ar\/noticias\/#organization\"},\"potentialAction\":[{\"@type\":\"SearchAction\",\"target\":{\"@type\":\"EntryPoint\",\"urlTemplate\":\"https:\/\/web.consaguirre.com.ar\/noticias\/?s={search_term_string}\"},\"query-input\":\"required name=search_term_string\"}],\"inLanguage\":\"es-AR\"},{\"@type\":\"Organization\",\"@id\":\"https:\/\/web.consaguirre.com.ar\/noticias\/#organization\",\"name\":\"Conservatorio de M\u00fasica Juli\u00e1n Aguirre\",\"url\":\"https:\/\/web.consaguirre.com.ar\/noticias\/\",\"logo\":{\"@type\":\"ImageObject\",\"inLanguage\":\"es-AR\",\"@id\":\"https:\/\/web.consaguirre.com.ar\/noticias\/#\/schema\/logo\/image\/\",\"url\":\"https:\/\/web.consaguirre.com.ar\/noticias\/wp-content\/uploads\/2024\/08\/Banner-Aguirre-23.jpg\",\"contentUrl\":\"https:\/\/web.consaguirre.com.ar\/noticias\/wp-content\/uploads\/2024\/08\/Banner-Aguirre-23.jpg\",\"width\":1192,\"height\":600,\"caption\":\"Conservatorio de M\u00fasica Juli\u00e1n Aguirre\"},\"image\":{\"@id\":\"https:\/\/web.consaguirre.com.ar\/noticias\/#\/schema\/logo\/image\/\"}},{\"@type\":\"Person\",\"@id\":\"https:\/\/web.consaguirre.com.ar\/noticias\/#\/schema\/person\/6558b0cfedee7ddc5425602b237d5722\",\"name\":\"Javier Figueroa\",\"image\":{\"@type\":\"ImageObject\",\"inLanguage\":\"es-AR\",\"@id\":\"https:\/\/web.consaguirre.com.ar\/noticias\/#\/schema\/person\/image\/\",\"url\":\"https:\/\/web.consaguirre.com.ar\/noticias\/wp-content\/uploads\/2024\/08\/Consaguirre-scaled.jpg\",\"contentUrl\":\"https:\/\/web.consaguirre.com.ar\/noticias\/wp-content\/uploads\/2024\/08\/Consaguirre-scaled.jpg\",\"caption\":\"Javier Figueroa\"},\"description\":\"Me llamo Javier Figueroa y soy redactor para el sitio oficial del Conservatorio de M\u00fasica Juli\u00e1n Aguirre en Buenos Aires, consaguirre.com. Apasionado por la m\u00fasica y la escritura, me esfuerzo por destacar los talentos y eventos de nuestra prestigiosa instituci\u00f3n. Mi trayectoria se nutre de una profunda admiraci\u00f3n por los artistas, haciendo de cada art\u00edculo una celebraci\u00f3n de la creatividad y la cultura musical.\",\"sameAs\":[\"https:\/\/web.consaguirre.com.ar\/noticias\"]}]}<\/script>\n<!-- \/ Yoast SEO plugin. -->","yoast_head_json":{"title":"Kool y la pandilla 'Get Down On It' obtienen un nuevo remix","robots":{"index":"index","follow":"follow","max-snippet":"max-snippet:-1","max-image-preview":"max-image-preview:large","max-video-preview":"max-video-preview:-1"},"canonical":"https:\/\/web.consaguirre.com.ar\/noticias\/kool-y-la-pandilla-get-down-on-it-obtienen-un-nuevo-remix\/","og_locale":"es_ES","og_type":"article","og_title":"Kool y la pandilla 'Get Down On It' obtienen un nuevo remix","og_description":"Sigue siendo un verano de celebraci\u00f3n para Kool y la pandilla. Adam Ten y Jackie (IT) han presentado su nuevo remix de &#8220;Get Down on","og_url":"https:\/\/web.consaguirre.com.ar\/noticias\/kool-y-la-pandilla-get-down-on-it-obtienen-un-nuevo-remix\/","og_site_name":"Conservatorio de M\u00fasica Juli\u00e1n Aguirre","article_published_time":"2025-07-18T05:38:51+00:00","article_modified_time":"2025-07-18T05:38:54+00:00","og_image":[{"width":1280,"height":1280,"url":"https:\/\/web.consaguirre.com.ar\/noticias\/wp-content\/uploads\/2025\/07\/Kool-y-la-pandilla-Get-Down-On-It-obtienen-un.jpg","type":"image\/jpeg"}],"author":"Javier Figueroa","twitter_card":"summary_large_image","twitter_misc":{"Escrito por":"Javier Figueroa","Tiempo de lectura":"2 minutos"},"schema":{"@context":"https:\/\/schema.org","@graph":[{"@type":"Article","@id":"https:\/\/web.consaguirre.com.ar\/noticias\/kool-y-la-pandilla-get-down-on-it-obtienen-un-nuevo-remix\/#article","isPartOf":{"@id":"https:\/\/web.consaguirre.com.ar\/noticias\/kool-y-la-pandilla-get-down-on-it-obtienen-un-nuevo-remix\/"},"author":{"name":"Javier Figueroa","@id":"https:\/\/web.consaguirre.com.ar\/noticias\/#\/schema\/person\/6558b0cfedee7ddc5425602b237d5722"},"headline":"Kool y la pandilla &#8216;Get Down On It&#8217; obtienen un nuevo remix","datePublished":"2025-07-18T05:38:51+00:00","dateModified":"2025-07-18T05:38:54+00:00","mainEntityOfPage":{"@id":"https:\/\/web.consaguirre.com.ar\/noticias\/kool-y-la-pandilla-get-down-on-it-obtienen-un-nuevo-remix\/"},"wordCount":397,"publisher":{"@id":"https:\/\/web.consaguirre.com.ar\/noticias\/#organization"},"image":{"@id":"https:\/\/web.consaguirre.com.ar\/noticias\/kool-y-la-pandilla-get-down-on-it-obtienen-un-nuevo-remix\/#primaryimage"},"thumbnailUrl":"https:\/\/web.consaguirre.com.ar\/noticias\/wp-content\/uploads\/2025\/07\/Kool-y-la-pandilla-Get-Down-On-It-obtienen-un.jpg","keywords":["Kool","nuevo","obtienen","pandilla","remix"],"articleSection":["El \u00faltimo"],"inLanguage":"es-AR"},{"@type":"WebPage","@id":"https:\/\/web.consaguirre.com.ar\/noticias\/kool-y-la-pandilla-get-down-on-it-obtienen-un-nuevo-remix\/","url":"https:\/\/web.consaguirre.com.ar\/noticias\/kool-y-la-pandilla-get-down-on-it-obtienen-un-nuevo-remix\/","name":"Kool y la pandilla 'Get Down On It' obtienen un nuevo remix","isPartOf":{"@id":"https:\/\/web.consaguirre.com.ar\/noticias\/#website"},"primaryImageOfPage":{"@id":"https:\/\/web.consaguirre.com.ar\/noticias\/kool-y-la-pandilla-get-down-on-it-obtienen-un-nuevo-remix\/#primaryimage"},"image":{"@id":"https:\/\/web.consaguirre.com.ar\/noticias\/kool-y-la-pandilla-get-down-on-it-obtienen-un-nuevo-remix\/#primaryimage"},"thumbnailUrl":"https:\/\/web.consaguirre.com.ar\/noticias\/wp-content\/uploads\/2025\/07\/Kool-y-la-pandilla-Get-Down-On-It-obtienen-un.jpg","datePublished":"2025-07-18T05:38:51+00:00","dateModified":"2025-07-18T05:38:54+00:00","breadcrumb":{"@id":"https:\/\/web.consaguirre.com.ar\/noticias\/kool-y-la-pandilla-get-down-on-it-obtienen-un-nuevo-remix\/#breadcrumb"},"inLanguage":"es-AR","potentialAction":[{"@type":"ReadAction","target":["https:\/\/web.consaguirre.com.ar\/noticias\/kool-y-la-pandilla-get-down-on-it-obtienen-un-nuevo-remix\/"]}]},{"@type":"ImageObject","inLanguage":"es-AR","@id":"https:\/\/web.consaguirre.com.ar\/noticias\/kool-y-la-pandilla-get-down-on-it-obtienen-un-nuevo-remix\/#primaryimage","url":"https:\/\/web.consaguirre.com.ar\/noticias\/wp-content\/uploads\/2025\/07\/Kool-y-la-pandilla-Get-Down-On-It-obtienen-un.jpg","contentUrl":"https:\/\/web.consaguirre.com.ar\/noticias\/wp-content\/uploads\/2025\/07\/Kool-y-la-pandilla-Get-Down-On-It-obtienen-un.jpg","width":1280,"height":1280,"caption":"Kool y la pandilla 'Get Down On It' obtienen un nuevo remix"},{"@type":"BreadcrumbList","@id":"https:\/\/web.consaguirre.com.ar\/noticias\/kool-y-la-pandilla-get-down-on-it-obtienen-un-nuevo-remix\/#breadcrumb","itemListElement":[{"@type":"ListItem","position":1,"name":"Inicio","item":"https:\/\/web.consaguirre.com.ar\/noticias\/"},{"@type":"ListItem","position":2,"name":"Kool y la pandilla &#8216;Get Down On It&#8217; obtienen un nuevo remix"}]},{"@type":"WebSite","@id":"https:\/\/web.consaguirre.com.ar\/noticias\/#website","url":"https:\/\/web.consaguirre.com.ar\/noticias\/","name":"Conservatorio de M\u00fasica Juli\u00e1n Aguirre","description":"","publisher":{"@id":"https:\/\/web.consaguirre.com.ar\/noticias\/#organization"},"potentialAction":[{"@type":"SearchAction","target":{"@type":"EntryPoint","urlTemplate":"https:\/\/web.consaguirre.com.ar\/noticias\/?s={search_term_string}"},"query-input":"required name=search_term_string"}],"inLanguage":"es-AR"},{"@type":"Organization","@id":"https:\/\/web.consaguirre.com.ar\/noticias\/#organization","name":"Conservatorio de M\u00fasica Juli\u00e1n Aguirre","url":"https:\/\/web.consaguirre.com.ar\/noticias\/","logo":{"@type":"ImageObject","inLanguage":"es-AR","@id":"https:\/\/web.consaguirre.com.ar\/noticias\/#\/schema\/logo\/image\/","url":"https:\/\/web.consaguirre.com.ar\/noticias\/wp-content\/uploads\/2024\/08\/Banner-Aguirre-23.jpg","contentUrl":"https:\/\/web.consaguirre.com.ar\/noticias\/wp-content\/uploads\/2024\/08\/Banner-Aguirre-23.jpg","width":1192,"height":600,"caption":"Conservatorio de M\u00fasica Juli\u00e1n Aguirre"},"image":{"@id":"https:\/\/web.consaguirre.com.ar\/noticias\/#\/schema\/logo\/image\/"}},{"@type":"Person","@id":"https:\/\/web.consaguirre.com.ar\/noticias\/#\/schema\/person\/6558b0cfedee7ddc5425602b237d5722","name":"Javier Figueroa","image":{"@type":"ImageObject","inLanguage":"es-AR","@id":"https:\/\/web.consaguirre.com.ar\/noticias\/#\/schema\/person\/image\/","url":"https:\/\/web.consaguirre.com.ar\/noticias\/wp-content\/uploads\/2024\/08\/Consaguirre-scaled.jpg","contentUrl":"https:\/\/web.consaguirre.com.ar\/noticias\/wp-content\/uploads\/2024\/08\/Consaguirre-scaled.jpg","caption":"Javier Figueroa"},"description":"Me llamo Javier Figueroa y soy redactor para el sitio oficial del Conservatorio de M\u00fasica Juli\u00e1n Aguirre en Buenos Aires, consaguirre.com. Apasionado por la m\u00fasica y la escritura, me esfuerzo por destacar los talentos y eventos de nuestra prestigiosa instituci\u00f3n. Mi trayectoria se nutre de una profunda admiraci\u00f3n por los artistas, haciendo de cada art\u00edculo una celebraci\u00f3n de la creatividad y la cultura musical.","sameAs":["https:\/\/web.consaguirre.com.ar\/noticias"]}]}},"_links":{"self":[{"href":"https:\/\/web.consaguirre.com.ar\/noticias\/wp-json\/wp\/v2\/posts\/3221"}],"collection":[{"href":"https:\/\/web.consaguirre.com.ar\/noticias\/wp-json\/wp\/v2\/posts"}],"about":[{"href":"https:\/\/web.consaguirre.com.ar\/noticias\/wp-json\/wp\/v2\/types\/post"}],"author":[{"embeddable":true,"href":"https:\/\/web.consaguirre.com.ar\/noticias\/wp-json\/wp\/v2\/users\/1"}],"replies":[{"embeddable":true,"href":"https:\/\/web.consaguirre.com.ar\/noticias\/wp-json\/wp\/v2\/comments?post=3221"}],"version-history":[{"count":1,"href":"https:\/\/web.consaguirre.com.ar\/noticias\/wp-json\/wp\/v2\/posts\/3221\/revisions"}],"predecessor-version":[{"id":3223,"href":"https:\/\/web.consaguirre.com.ar\/noticias\/wp-json\/wp\/v2\/posts\/3221\/revisions\/3223"}],"wp:featuredmedia":[{"embeddable":true,"href":"https:\/\/web.consaguirre.com.ar\/noticias\/wp-json\/wp\/v2\/media\/3222"}],"wp:attachment":[{"href":"https:\/\/web.consaguirre.com.ar\/noticias\/wp-json\/wp\/v2\/media?parent=3221"}],"wp:term":[{"taxonomy":"category","embeddable":true,"href":"https:\/\/web.consaguirre.com.ar\/noticias\/wp-json\/wp\/v2\/categories?post=3221"},{"taxonomy":"post_tag","embeddable":true,"href":"https:\/\/web.consaguirre.com.ar\/noticias\/wp-json\/wp\/v2\/tags?post=3221"}],"curies":[{"name":"wp","href":"https:\/\/api.w.org\/{rel}","templated":true}]}}