{"id":3218,"date":"2025-07-17T17:39:34","date_gmt":"2025-07-17T20:39:34","guid":{"rendered":"https:\/\/web.consaguirre.com.ar\/noticias\/jonas-brothers-comparten-un-nuevo-sencillo-i-cant-lose\/"},"modified":"2025-07-17T17:39:37","modified_gmt":"2025-07-17T20:39:37","slug":"jonas-brothers-comparten-un-nuevo-sencillo-i-cant-lose","status":"publish","type":"post","link":"https:\/\/web.consaguirre.com.ar\/noticias\/jonas-brothers-comparten-un-nuevo-sencillo-i-cant-lose\/","title":{"rendered":"Jonas Brothers comparten un nuevo sencillo &#8216;I Can&#8217;t Lose&#8217;"},"content":{"rendered":"<p><strong>Los hermanos Jonas<\/strong> est\u00e1n manteniendo viva su racha caliente con su \u00faltimo sencillo &#8220;I Can&#8217;t Lost&#8221;. El tercer sencillo de su pr\u00f3ximo \u00e1lbum <em>Saludos desde su ciudad natal<\/em>&#8220;I Can&#8217;t Lost&#8221; es una pista de pisoteo y himno sobre el apoyo de una pareja. La banda debut\u00f3 el video musical de la canci\u00f3n durante el juego All-Star de 2025 MLB, y la canci\u00f3n es el primer himno oficial para ESPN&#8217;s <em>B\u00e9isbol del domingo por la noche<\/em>.<\/p>\n<p>Lanzado con el apoyo de MasterCard para su campa\u00f1a Stand Up to Cancer, el video musical de &#8220;I Can&#8217;t Lost&#8221; est\u00e1 &#8220;dedicado a todos los que se enfrentan al c\u00e1ncer&#8221; y ve a los hermanos interpretar la canci\u00f3n en una azotea de la ciudad de Nueva York. Varios sobrevivientes de c\u00e1ncer se unen a ellos en el techo para la actuaci\u00f3n, que est\u00e1 intercalado con las historias de los sobrevivientes de luchar contra la enfermedad.<\/p>\n<div class=\"uD-YT-container\"><img decoding=\"async\" src=\"https:\/\/web.consaguirre.com.ar\/noticias\/wp-content\/uploads\/2025\/07\/1752784774_969_Jonas-Brothers-comparten-un-nuevo-sencillo-I-Cant-Lose.jpg\" alt=\"Video de YouTube\"><br \/>Haga clic para cargar video<\/div>\n<p>Adem\u00e1s de <em>Saludos desde su ciudad natal<\/em>Los Jonas Brothers est\u00e1n a punto de embarcarse en una gira para apoyar el \u00e1lbum y celebrar su carrera de 20 a\u00f1os. Desde agosto hasta noviembre, la banda Brother tocar\u00e1 fechas en los Estados Unidos y Canad\u00e1 con el apoyo de Marshmello, los rechazos All-American y Boys Like Girls. M\u00e1s all\u00e1 del trabajo de la banda, la gira tambi\u00e9n destacar\u00e1 la m\u00fasica de las carreras en solitario de Nick Jonas y Joe Jonas, el trabajo de Joe con DNCE y la m\u00fasica de Nick Jonas y la administraci\u00f3n. <strong>Las entradas para el Jonas20: Saludos desde su ciudad natal est\u00e1n disponibles ahora.<\/strong><\/p>\n<p>&#8220;I Can&#8217;t Lost&#8221; viene inmediatamente despu\u00e9s del \u00faltimo sencillo de la banda, &#8220;No Time To Talk&#8221;, que cuenta con una interpolaci\u00f3n del cl\u00e1sico de Bee Gees &#8220;Stayin &#8216;Alive&#8221;. El primer sencillo de <em>Saludos desde su ciudad natal<\/em>&#8220;\u00c1mame al cielo&#8221;, lleg\u00f3 en marzo. El \u00e1lbum tambi\u00e9n incluir\u00e1 la colaboraci\u00f3n m\u00e1s reciente de la banda con el productor de m\u00fasica electr\u00f3nica Marshmello, &#8220;Slow Motion&#8221;, que lleg\u00f3 en enero. <em>Saludos desde su ciudad natal<\/em> Ser\u00e1 el tercer \u00e1lbum de la banda desde su reuni\u00f3n de 2019, y su s\u00e9ptimo en general.<\/p><\/p>\n","protected":false},"excerpt":{"rendered":"<p>Los hermanos Jonas est\u00e1n manteniendo viva su racha caliente con su \u00faltimo sencillo &#8220;I Can&#8217;t Lost&#8221;. El tercer sencillo de su pr\u00f3ximo \u00e1lbum Saludos desde<\/p>\n","protected":false},"author":1,"featured_media":3219,"comment_status":"closed","ping_status":"","sticky":false,"template":"","format":"standard","meta":{"footnotes":""},"categories":[50],"tags":[1048,194,1047,887,146,204],"class_list":["post-3218","post","type-post","status-publish","format-standard","has-post-thumbnail","hentry","category-el-ultimo","tag-brothers","tag-comparten","tag-jonas","tag-lose","tag-nuevo","tag-sencillo","generate-columns","tablet-grid-50","mobile-grid-100","grid-parent","grid-50"],"yoast_head":"<!-- This site is optimized with the Yoast SEO plugin v23.3 - https:\/\/yoast.com\/wordpress\/plugins\/seo\/ -->\n<title>Jonas Brothers comparten un nuevo sencillo &#039;I Can&#039;t Lose&#039;<\/title>\n<meta name=\"robots\" content=\"index, follow, max-snippet:-1, max-image-preview:large, max-video-preview:-1\" \/>\n<link rel=\"canonical\" href=\"https:\/\/web.consaguirre.com.ar\/noticias\/jonas-brothers-comparten-un-nuevo-sencillo-i-cant-lose\/\" \/>\n<meta property=\"og:locale\" content=\"es_ES\" \/>\n<meta property=\"og:type\" content=\"article\" \/>\n<meta property=\"og:title\" content=\"Jonas Brothers comparten un nuevo sencillo &#039;I Can&#039;t Lose&#039;\" \/>\n<meta property=\"og:description\" content=\"Los hermanos Jonas est\u00e1n manteniendo viva su racha caliente con su \u00faltimo sencillo &#8220;I Can&#8217;t Lost&#8221;. El tercer sencillo de su pr\u00f3ximo \u00e1lbum Saludos desde\" \/>\n<meta property=\"og:url\" content=\"https:\/\/web.consaguirre.com.ar\/noticias\/jonas-brothers-comparten-un-nuevo-sencillo-i-cant-lose\/\" \/>\n<meta property=\"og:site_name\" content=\"Conservatorio de M\u00fasica Juli\u00e1n Aguirre\" \/>\n<meta property=\"article:published_time\" content=\"2025-07-17T20:39:34+00:00\" \/>\n<meta property=\"article:modified_time\" content=\"2025-07-17T20:39:37+00:00\" \/>\n<meta property=\"og:image\" content=\"https:\/\/web.consaguirre.com.ar\/noticias\/wp-content\/uploads\/2025\/07\/Jonas-Brothers-comparten-un-nuevo-sencillo-I-Cant-Lose.jpg\" \/>\n\t<meta property=\"og:image:width\" content=\"1280\" \/>\n\t<meta property=\"og:image:height\" content=\"1280\" \/>\n\t<meta property=\"og:image:type\" content=\"image\/jpeg\" \/>\n<meta name=\"author\" content=\"Javier Figueroa\" \/>\n<meta name=\"twitter:card\" content=\"summary_large_image\" \/>\n<meta name=\"twitter:label1\" content=\"Escrito por\" \/>\n\t<meta name=\"twitter:data1\" content=\"Javier Figueroa\" \/>\n\t<meta name=\"twitter:label2\" content=\"Tiempo de lectura\" \/>\n\t<meta name=\"twitter:data2\" content=\"2 minutos\" \/>\n<script type=\"application\/ld+json\" class=\"yoast-schema-graph\">{\"@context\":\"https:\/\/schema.org\",\"@graph\":[{\"@type\":\"Article\",\"@id\":\"https:\/\/web.consaguirre.com.ar\/noticias\/jonas-brothers-comparten-un-nuevo-sencillo-i-cant-lose\/#article\",\"isPartOf\":{\"@id\":\"https:\/\/web.consaguirre.com.ar\/noticias\/jonas-brothers-comparten-un-nuevo-sencillo-i-cant-lose\/\"},\"author\":{\"name\":\"Javier Figueroa\",\"@id\":\"https:\/\/web.consaguirre.com.ar\/noticias\/#\/schema\/person\/6558b0cfedee7ddc5425602b237d5722\"},\"headline\":\"Jonas Brothers comparten un nuevo sencillo &#8216;I Can&#8217;t Lose&#8217;\",\"datePublished\":\"2025-07-17T20:39:34+00:00\",\"dateModified\":\"2025-07-17T20:39:37+00:00\",\"mainEntityOfPage\":{\"@id\":\"https:\/\/web.consaguirre.com.ar\/noticias\/jonas-brothers-comparten-un-nuevo-sencillo-i-cant-lose\/\"},\"wordCount\":393,\"publisher\":{\"@id\":\"https:\/\/web.consaguirre.com.ar\/noticias\/#organization\"},\"image\":{\"@id\":\"https:\/\/web.consaguirre.com.ar\/noticias\/jonas-brothers-comparten-un-nuevo-sencillo-i-cant-lose\/#primaryimage\"},\"thumbnailUrl\":\"https:\/\/web.consaguirre.com.ar\/noticias\/wp-content\/uploads\/2025\/07\/Jonas-Brothers-comparten-un-nuevo-sencillo-I-Cant-Lose.jpg\",\"keywords\":[\"Brothers\",\"comparten\",\"Jonas\",\"Lose\",\"nuevo\",\"sencillo\"],\"articleSection\":[\"El \u00faltimo\"],\"inLanguage\":\"es-AR\"},{\"@type\":\"WebPage\",\"@id\":\"https:\/\/web.consaguirre.com.ar\/noticias\/jonas-brothers-comparten-un-nuevo-sencillo-i-cant-lose\/\",\"url\":\"https:\/\/web.consaguirre.com.ar\/noticias\/jonas-brothers-comparten-un-nuevo-sencillo-i-cant-lose\/\",\"name\":\"Jonas Brothers comparten un nuevo sencillo 'I Can't Lose'\",\"isPartOf\":{\"@id\":\"https:\/\/web.consaguirre.com.ar\/noticias\/#website\"},\"primaryImageOfPage\":{\"@id\":\"https:\/\/web.consaguirre.com.ar\/noticias\/jonas-brothers-comparten-un-nuevo-sencillo-i-cant-lose\/#primaryimage\"},\"image\":{\"@id\":\"https:\/\/web.consaguirre.com.ar\/noticias\/jonas-brothers-comparten-un-nuevo-sencillo-i-cant-lose\/#primaryimage\"},\"thumbnailUrl\":\"https:\/\/web.consaguirre.com.ar\/noticias\/wp-content\/uploads\/2025\/07\/Jonas-Brothers-comparten-un-nuevo-sencillo-I-Cant-Lose.jpg\",\"datePublished\":\"2025-07-17T20:39:34+00:00\",\"dateModified\":\"2025-07-17T20:39:37+00:00\",\"breadcrumb\":{\"@id\":\"https:\/\/web.consaguirre.com.ar\/noticias\/jonas-brothers-comparten-un-nuevo-sencillo-i-cant-lose\/#breadcrumb\"},\"inLanguage\":\"es-AR\",\"potentialAction\":[{\"@type\":\"ReadAction\",\"target\":[\"https:\/\/web.consaguirre.com.ar\/noticias\/jonas-brothers-comparten-un-nuevo-sencillo-i-cant-lose\/\"]}]},{\"@type\":\"ImageObject\",\"inLanguage\":\"es-AR\",\"@id\":\"https:\/\/web.consaguirre.com.ar\/noticias\/jonas-brothers-comparten-un-nuevo-sencillo-i-cant-lose\/#primaryimage\",\"url\":\"https:\/\/web.consaguirre.com.ar\/noticias\/wp-content\/uploads\/2025\/07\/Jonas-Brothers-comparten-un-nuevo-sencillo-I-Cant-Lose.jpg\",\"contentUrl\":\"https:\/\/web.consaguirre.com.ar\/noticias\/wp-content\/uploads\/2025\/07\/Jonas-Brothers-comparten-un-nuevo-sencillo-I-Cant-Lose.jpg\",\"width\":1280,\"height\":1280,\"caption\":\"Jonas Brothers comparten un nuevo sencillo 'I Can't Lose'\"},{\"@type\":\"BreadcrumbList\",\"@id\":\"https:\/\/web.consaguirre.com.ar\/noticias\/jonas-brothers-comparten-un-nuevo-sencillo-i-cant-lose\/#breadcrumb\",\"itemListElement\":[{\"@type\":\"ListItem\",\"position\":1,\"name\":\"Inicio\",\"item\":\"https:\/\/web.consaguirre.com.ar\/noticias\/\"},{\"@type\":\"ListItem\",\"position\":2,\"name\":\"Jonas Brothers comparten un nuevo sencillo &#8216;I Can&#8217;t Lose&#8217;\"}]},{\"@type\":\"WebSite\",\"@id\":\"https:\/\/web.consaguirre.com.ar\/noticias\/#website\",\"url\":\"https:\/\/web.consaguirre.com.ar\/noticias\/\",\"name\":\"Conservatorio de M\u00fasica Juli\u00e1n Aguirre\",\"description\":\"\",\"publisher\":{\"@id\":\"https:\/\/web.consaguirre.com.ar\/noticias\/#organization\"},\"potentialAction\":[{\"@type\":\"SearchAction\",\"target\":{\"@type\":\"EntryPoint\",\"urlTemplate\":\"https:\/\/web.consaguirre.com.ar\/noticias\/?s={search_term_string}\"},\"query-input\":\"required name=search_term_string\"}],\"inLanguage\":\"es-AR\"},{\"@type\":\"Organization\",\"@id\":\"https:\/\/web.consaguirre.com.ar\/noticias\/#organization\",\"name\":\"Conservatorio de M\u00fasica Juli\u00e1n Aguirre\",\"url\":\"https:\/\/web.consaguirre.com.ar\/noticias\/\",\"logo\":{\"@type\":\"ImageObject\",\"inLanguage\":\"es-AR\",\"@id\":\"https:\/\/web.consaguirre.com.ar\/noticias\/#\/schema\/logo\/image\/\",\"url\":\"https:\/\/web.consaguirre.com.ar\/noticias\/wp-content\/uploads\/2024\/08\/Banner-Aguirre-23.jpg\",\"contentUrl\":\"https:\/\/web.consaguirre.com.ar\/noticias\/wp-content\/uploads\/2024\/08\/Banner-Aguirre-23.jpg\",\"width\":1192,\"height\":600,\"caption\":\"Conservatorio de M\u00fasica Juli\u00e1n Aguirre\"},\"image\":{\"@id\":\"https:\/\/web.consaguirre.com.ar\/noticias\/#\/schema\/logo\/image\/\"}},{\"@type\":\"Person\",\"@id\":\"https:\/\/web.consaguirre.com.ar\/noticias\/#\/schema\/person\/6558b0cfedee7ddc5425602b237d5722\",\"name\":\"Javier Figueroa\",\"image\":{\"@type\":\"ImageObject\",\"inLanguage\":\"es-AR\",\"@id\":\"https:\/\/web.consaguirre.com.ar\/noticias\/#\/schema\/person\/image\/\",\"url\":\"https:\/\/web.consaguirre.com.ar\/noticias\/wp-content\/uploads\/2024\/08\/Consaguirre-scaled.jpg\",\"contentUrl\":\"https:\/\/web.consaguirre.com.ar\/noticias\/wp-content\/uploads\/2024\/08\/Consaguirre-scaled.jpg\",\"caption\":\"Javier Figueroa\"},\"description\":\"Me llamo Javier Figueroa y soy redactor para el sitio oficial del Conservatorio de M\u00fasica Juli\u00e1n Aguirre en Buenos Aires, consaguirre.com. Apasionado por la m\u00fasica y la escritura, me esfuerzo por destacar los talentos y eventos de nuestra prestigiosa instituci\u00f3n. Mi trayectoria se nutre de una profunda admiraci\u00f3n por los artistas, haciendo de cada art\u00edculo una celebraci\u00f3n de la creatividad y la cultura musical.\",\"sameAs\":[\"https:\/\/web.consaguirre.com.ar\/noticias\"]}]}<\/script>\n<!-- \/ Yoast SEO plugin. -->","yoast_head_json":{"title":"Jonas Brothers comparten un nuevo sencillo 'I Can't Lose'","robots":{"index":"index","follow":"follow","max-snippet":"max-snippet:-1","max-image-preview":"max-image-preview:large","max-video-preview":"max-video-preview:-1"},"canonical":"https:\/\/web.consaguirre.com.ar\/noticias\/jonas-brothers-comparten-un-nuevo-sencillo-i-cant-lose\/","og_locale":"es_ES","og_type":"article","og_title":"Jonas Brothers comparten un nuevo sencillo 'I Can't Lose'","og_description":"Los hermanos Jonas est\u00e1n manteniendo viva su racha caliente con su \u00faltimo sencillo &#8220;I Can&#8217;t Lost&#8221;. El tercer sencillo de su pr\u00f3ximo \u00e1lbum Saludos desde","og_url":"https:\/\/web.consaguirre.com.ar\/noticias\/jonas-brothers-comparten-un-nuevo-sencillo-i-cant-lose\/","og_site_name":"Conservatorio de M\u00fasica Juli\u00e1n Aguirre","article_published_time":"2025-07-17T20:39:34+00:00","article_modified_time":"2025-07-17T20:39:37+00:00","og_image":[{"width":1280,"height":1280,"url":"https:\/\/web.consaguirre.com.ar\/noticias\/wp-content\/uploads\/2025\/07\/Jonas-Brothers-comparten-un-nuevo-sencillo-I-Cant-Lose.jpg","type":"image\/jpeg"}],"author":"Javier Figueroa","twitter_card":"summary_large_image","twitter_misc":{"Escrito por":"Javier Figueroa","Tiempo de lectura":"2 minutos"},"schema":{"@context":"https:\/\/schema.org","@graph":[{"@type":"Article","@id":"https:\/\/web.consaguirre.com.ar\/noticias\/jonas-brothers-comparten-un-nuevo-sencillo-i-cant-lose\/#article","isPartOf":{"@id":"https:\/\/web.consaguirre.com.ar\/noticias\/jonas-brothers-comparten-un-nuevo-sencillo-i-cant-lose\/"},"author":{"name":"Javier Figueroa","@id":"https:\/\/web.consaguirre.com.ar\/noticias\/#\/schema\/person\/6558b0cfedee7ddc5425602b237d5722"},"headline":"Jonas Brothers comparten un nuevo sencillo &#8216;I Can&#8217;t Lose&#8217;","datePublished":"2025-07-17T20:39:34+00:00","dateModified":"2025-07-17T20:39:37+00:00","mainEntityOfPage":{"@id":"https:\/\/web.consaguirre.com.ar\/noticias\/jonas-brothers-comparten-un-nuevo-sencillo-i-cant-lose\/"},"wordCount":393,"publisher":{"@id":"https:\/\/web.consaguirre.com.ar\/noticias\/#organization"},"image":{"@id":"https:\/\/web.consaguirre.com.ar\/noticias\/jonas-brothers-comparten-un-nuevo-sencillo-i-cant-lose\/#primaryimage"},"thumbnailUrl":"https:\/\/web.consaguirre.com.ar\/noticias\/wp-content\/uploads\/2025\/07\/Jonas-Brothers-comparten-un-nuevo-sencillo-I-Cant-Lose.jpg","keywords":["Brothers","comparten","Jonas","Lose","nuevo","sencillo"],"articleSection":["El \u00faltimo"],"inLanguage":"es-AR"},{"@type":"WebPage","@id":"https:\/\/web.consaguirre.com.ar\/noticias\/jonas-brothers-comparten-un-nuevo-sencillo-i-cant-lose\/","url":"https:\/\/web.consaguirre.com.ar\/noticias\/jonas-brothers-comparten-un-nuevo-sencillo-i-cant-lose\/","name":"Jonas Brothers comparten un nuevo sencillo 'I Can't Lose'","isPartOf":{"@id":"https:\/\/web.consaguirre.com.ar\/noticias\/#website"},"primaryImageOfPage":{"@id":"https:\/\/web.consaguirre.com.ar\/noticias\/jonas-brothers-comparten-un-nuevo-sencillo-i-cant-lose\/#primaryimage"},"image":{"@id":"https:\/\/web.consaguirre.com.ar\/noticias\/jonas-brothers-comparten-un-nuevo-sencillo-i-cant-lose\/#primaryimage"},"thumbnailUrl":"https:\/\/web.consaguirre.com.ar\/noticias\/wp-content\/uploads\/2025\/07\/Jonas-Brothers-comparten-un-nuevo-sencillo-I-Cant-Lose.jpg","datePublished":"2025-07-17T20:39:34+00:00","dateModified":"2025-07-17T20:39:37+00:00","breadcrumb":{"@id":"https:\/\/web.consaguirre.com.ar\/noticias\/jonas-brothers-comparten-un-nuevo-sencillo-i-cant-lose\/#breadcrumb"},"inLanguage":"es-AR","potentialAction":[{"@type":"ReadAction","target":["https:\/\/web.consaguirre.com.ar\/noticias\/jonas-brothers-comparten-un-nuevo-sencillo-i-cant-lose\/"]}]},{"@type":"ImageObject","inLanguage":"es-AR","@id":"https:\/\/web.consaguirre.com.ar\/noticias\/jonas-brothers-comparten-un-nuevo-sencillo-i-cant-lose\/#primaryimage","url":"https:\/\/web.consaguirre.com.ar\/noticias\/wp-content\/uploads\/2025\/07\/Jonas-Brothers-comparten-un-nuevo-sencillo-I-Cant-Lose.jpg","contentUrl":"https:\/\/web.consaguirre.com.ar\/noticias\/wp-content\/uploads\/2025\/07\/Jonas-Brothers-comparten-un-nuevo-sencillo-I-Cant-Lose.jpg","width":1280,"height":1280,"caption":"Jonas Brothers comparten un nuevo sencillo 'I Can't Lose'"},{"@type":"BreadcrumbList","@id":"https:\/\/web.consaguirre.com.ar\/noticias\/jonas-brothers-comparten-un-nuevo-sencillo-i-cant-lose\/#breadcrumb","itemListElement":[{"@type":"ListItem","position":1,"name":"Inicio","item":"https:\/\/web.consaguirre.com.ar\/noticias\/"},{"@type":"ListItem","position":2,"name":"Jonas Brothers comparten un nuevo sencillo &#8216;I Can&#8217;t Lose&#8217;"}]},{"@type":"WebSite","@id":"https:\/\/web.consaguirre.com.ar\/noticias\/#website","url":"https:\/\/web.consaguirre.com.ar\/noticias\/","name":"Conservatorio de M\u00fasica Juli\u00e1n Aguirre","description":"","publisher":{"@id":"https:\/\/web.consaguirre.com.ar\/noticias\/#organization"},"potentialAction":[{"@type":"SearchAction","target":{"@type":"EntryPoint","urlTemplate":"https:\/\/web.consaguirre.com.ar\/noticias\/?s={search_term_string}"},"query-input":"required name=search_term_string"}],"inLanguage":"es-AR"},{"@type":"Organization","@id":"https:\/\/web.consaguirre.com.ar\/noticias\/#organization","name":"Conservatorio de M\u00fasica Juli\u00e1n Aguirre","url":"https:\/\/web.consaguirre.com.ar\/noticias\/","logo":{"@type":"ImageObject","inLanguage":"es-AR","@id":"https:\/\/web.consaguirre.com.ar\/noticias\/#\/schema\/logo\/image\/","url":"https:\/\/web.consaguirre.com.ar\/noticias\/wp-content\/uploads\/2024\/08\/Banner-Aguirre-23.jpg","contentUrl":"https:\/\/web.consaguirre.com.ar\/noticias\/wp-content\/uploads\/2024\/08\/Banner-Aguirre-23.jpg","width":1192,"height":600,"caption":"Conservatorio de M\u00fasica Juli\u00e1n Aguirre"},"image":{"@id":"https:\/\/web.consaguirre.com.ar\/noticias\/#\/schema\/logo\/image\/"}},{"@type":"Person","@id":"https:\/\/web.consaguirre.com.ar\/noticias\/#\/schema\/person\/6558b0cfedee7ddc5425602b237d5722","name":"Javier Figueroa","image":{"@type":"ImageObject","inLanguage":"es-AR","@id":"https:\/\/web.consaguirre.com.ar\/noticias\/#\/schema\/person\/image\/","url":"https:\/\/web.consaguirre.com.ar\/noticias\/wp-content\/uploads\/2024\/08\/Consaguirre-scaled.jpg","contentUrl":"https:\/\/web.consaguirre.com.ar\/noticias\/wp-content\/uploads\/2024\/08\/Consaguirre-scaled.jpg","caption":"Javier Figueroa"},"description":"Me llamo Javier Figueroa y soy redactor para el sitio oficial del Conservatorio de M\u00fasica Juli\u00e1n Aguirre en Buenos Aires, consaguirre.com. Apasionado por la m\u00fasica y la escritura, me esfuerzo por destacar los talentos y eventos de nuestra prestigiosa instituci\u00f3n. Mi trayectoria se nutre de una profunda admiraci\u00f3n por los artistas, haciendo de cada art\u00edculo una celebraci\u00f3n de la creatividad y la cultura musical.","sameAs":["https:\/\/web.consaguirre.com.ar\/noticias"]}]}},"_links":{"self":[{"href":"https:\/\/web.consaguirre.com.ar\/noticias\/wp-json\/wp\/v2\/posts\/3218"}],"collection":[{"href":"https:\/\/web.consaguirre.com.ar\/noticias\/wp-json\/wp\/v2\/posts"}],"about":[{"href":"https:\/\/web.consaguirre.com.ar\/noticias\/wp-json\/wp\/v2\/types\/post"}],"author":[{"embeddable":true,"href":"https:\/\/web.consaguirre.com.ar\/noticias\/wp-json\/wp\/v2\/users\/1"}],"replies":[{"embeddable":true,"href":"https:\/\/web.consaguirre.com.ar\/noticias\/wp-json\/wp\/v2\/comments?post=3218"}],"version-history":[{"count":1,"href":"https:\/\/web.consaguirre.com.ar\/noticias\/wp-json\/wp\/v2\/posts\/3218\/revisions"}],"predecessor-version":[{"id":3220,"href":"https:\/\/web.consaguirre.com.ar\/noticias\/wp-json\/wp\/v2\/posts\/3218\/revisions\/3220"}],"wp:featuredmedia":[{"embeddable":true,"href":"https:\/\/web.consaguirre.com.ar\/noticias\/wp-json\/wp\/v2\/media\/3219"}],"wp:attachment":[{"href":"https:\/\/web.consaguirre.com.ar\/noticias\/wp-json\/wp\/v2\/media?parent=3218"}],"wp:term":[{"taxonomy":"category","embeddable":true,"href":"https:\/\/web.consaguirre.com.ar\/noticias\/wp-json\/wp\/v2\/categories?post=3218"},{"taxonomy":"post_tag","embeddable":true,"href":"https:\/\/web.consaguirre.com.ar\/noticias\/wp-json\/wp\/v2\/tags?post=3218"}],"curies":[{"name":"wp","href":"https:\/\/api.w.org\/{rel}","templated":true}]}}