{"id":3194,"date":"2025-07-15T14:38:26","date_gmt":"2025-07-15T17:38:26","guid":{"rendered":"https:\/\/web.consaguirre.com.ar\/noticias\/paul-mccartney-anuncia-fechas-de-la-gira-de-america-del-norte-2025\/"},"modified":"2025-07-15T14:38:27","modified_gmt":"2025-07-15T17:38:27","slug":"paul-mccartney-anuncia-fechas-de-la-gira-de-america-del-norte-2025","status":"publish","type":"post","link":"https:\/\/web.consaguirre.com.ar\/noticias\/paul-mccartney-anuncia-fechas-de-la-gira-de-america-del-norte-2025\/","title":{"rendered":"Paul McCartney anuncia fechas de la gira de Am\u00e9rica del Norte 2025"},"content":{"rendered":"<p><strong>Paul McCartney<\/strong> est\u00e1 a punto de volver a los Estados Unidos una vez m\u00e1s. El \u00edcono de la m\u00fasica Get Back Tour lo llevar\u00e1 a estadios y arenas en todo el continente este oto\u00f1o. Es la primera gira norteamericana de McCartney desde 2022.<\/p>\n<p>Las fechas de regreso de 2025 devolver\u00e1n la leyenda de los Beatles y Wings a los mercados, incluidos Las Vegas, Denver, Des Moines, Minneapolis, Tulsa, Nueva Orleans, Atlanta, Nashville, Columbus, Pittsburgh, Buffalo, Montreal y Hamilton. Tambi\u00e9n lo tiene listo para interpretar a Albuquerque y el \u00e1rea de Palm Springs por primera vez. El general OnSale para todos los espect\u00e1culos comienza el 18 de julio a las 10 am hora local.<\/p>\n<p>McCartney comenz\u00f3 el a\u00f1o con una residencia sorpresa en el Bowery Ballroom de 600 capacidad para Nueva York, que obtuvo excelentes cr\u00edticas. Los conciertos mostraron a McCartney todav\u00eda en forma de lucha exuberante varios a\u00f1os despu\u00e9s de su cumplea\u00f1os n\u00famero 80. Como dijo Billboard, &#8220;ver a Paul McCartney Live sigue siendo una experiencia religiosa&#8221;. La gira Get Back lo llevar\u00e1 de regreso a donde alguna vez perteneci\u00f3, interpretando su cat\u00e1logo de cl\u00e1sicos para una gran audiencia que trasciende la demograf\u00eda.<\/p>\n<p>Poco despu\u00e9s de la residencia de Bowery, McCartney actu\u00f3 en el especial del 50 aniversario de Saturday Night Live <em>SNL50<\/em>. Desde entonces ha hecho campa\u00f1a para la inclusi\u00f3n de Joe Cocker en el Sal\u00f3n de la Fama del Rock &#038; Roll, apareci\u00f3 en el \u00e1lbum de los nuevos duetos de Barbra Streisand <em>El secreto de la vida: socios, volumen 2<\/em>y se uni\u00f3 a Bruce Springsteen en el escenario en su Liverpool natal. Tambi\u00e9n se confirm\u00f3 este a\u00f1o que Paul Mescal protagonizar\u00e1 McCartney en el pr\u00f3ximo Quartet of Beatles Biopics.<\/p>\n<p>Una iteraci\u00f3n anterior de la experiencia del concierto de McCartney fue empujado al centro de atenci\u00f3n el a\u00f1o pasado con el lanzamiento del \u00e1lbum Wings Live <strong><em>Aplaudir una mano<\/em><\/strong>. Grabado por primera vez en vivo en el estudio en 1974, el \u00e1lbum finalmente vio el lanzamiento medio siglo despu\u00e9s, sirviendo como un artefacto importante de la historia de McCartney y el \u00faltimo Santo Grial para su audiencia global de s\u00faper fan\u00e1ticos.<\/p>\n<p><strong>Compre boletos para la gira North American Paul McCartney aqu\u00ed.<\/strong><\/p><\/p>\n","protected":false},"excerpt":{"rendered":"<p>Paul McCartney est\u00e1 a punto de volver a los Estados Unidos una vez m\u00e1s. El \u00edcono de la m\u00fasica Get Back Tour lo llevar\u00e1 a<\/p>\n","protected":false},"author":1,"featured_media":3195,"comment_status":"closed","ping_status":"","sticky":false,"template":"","format":"standard","meta":{"footnotes":""},"categories":[50],"tags":[655,56,10,1299,492,424,899,423],"class_list":["post-3194","post","type-post","status-publish","format-standard","has-post-thumbnail","hentry","category-el-ultimo","tag-america","tag-anuncia","tag-del","tag-fechas","tag-gira","tag-mccartney","tag-norte","tag-paul","generate-columns","tablet-grid-50","mobile-grid-100","grid-parent","grid-50"],"yoast_head":"<!-- This site is optimized with the Yoast SEO plugin v23.3 - https:\/\/yoast.com\/wordpress\/plugins\/seo\/ -->\n<title>Paul McCartney anuncia fechas de la gira de Am\u00e9rica del Norte 2025<\/title>\n<meta name=\"robots\" content=\"index, follow, max-snippet:-1, max-image-preview:large, max-video-preview:-1\" \/>\n<link rel=\"canonical\" href=\"https:\/\/web.consaguirre.com.ar\/noticias\/paul-mccartney-anuncia-fechas-de-la-gira-de-america-del-norte-2025\/\" \/>\n<meta property=\"og:locale\" content=\"es_ES\" \/>\n<meta property=\"og:type\" content=\"article\" \/>\n<meta property=\"og:title\" content=\"Paul McCartney anuncia fechas de la gira de Am\u00e9rica del Norte 2025\" \/>\n<meta property=\"og:description\" content=\"Paul McCartney est\u00e1 a punto de volver a los Estados Unidos una vez m\u00e1s. El \u00edcono de la m\u00fasica Get Back Tour lo llevar\u00e1 a\" \/>\n<meta property=\"og:url\" content=\"https:\/\/web.consaguirre.com.ar\/noticias\/paul-mccartney-anuncia-fechas-de-la-gira-de-america-del-norte-2025\/\" \/>\n<meta property=\"og:site_name\" content=\"Conservatorio de M\u00fasica Juli\u00e1n Aguirre\" \/>\n<meta property=\"article:published_time\" content=\"2025-07-15T17:38:26+00:00\" \/>\n<meta property=\"article:modified_time\" content=\"2025-07-15T17:38:27+00:00\" \/>\n<meta property=\"og:image\" content=\"https:\/\/web.consaguirre.com.ar\/noticias\/wp-content\/uploads\/2025\/07\/Paul-McCartney-anuncia-fechas-de-la-gira-de-America-del.jpg\" \/>\n\t<meta property=\"og:image:width\" content=\"1440\" \/>\n\t<meta property=\"og:image:height\" content=\"864\" \/>\n\t<meta property=\"og:image:type\" content=\"image\/jpeg\" \/>\n<meta name=\"author\" content=\"Javier Figueroa\" \/>\n<meta name=\"twitter:card\" content=\"summary_large_image\" \/>\n<meta name=\"twitter:label1\" content=\"Escrito por\" \/>\n\t<meta name=\"twitter:data1\" content=\"Javier Figueroa\" \/>\n\t<meta name=\"twitter:label2\" content=\"Tiempo de lectura\" \/>\n\t<meta name=\"twitter:data2\" content=\"2 minutos\" \/>\n<script type=\"application\/ld+json\" class=\"yoast-schema-graph\">{\"@context\":\"https:\/\/schema.org\",\"@graph\":[{\"@type\":\"Article\",\"@id\":\"https:\/\/web.consaguirre.com.ar\/noticias\/paul-mccartney-anuncia-fechas-de-la-gira-de-america-del-norte-2025\/#article\",\"isPartOf\":{\"@id\":\"https:\/\/web.consaguirre.com.ar\/noticias\/paul-mccartney-anuncia-fechas-de-la-gira-de-america-del-norte-2025\/\"},\"author\":{\"name\":\"Javier Figueroa\",\"@id\":\"https:\/\/web.consaguirre.com.ar\/noticias\/#\/schema\/person\/6558b0cfedee7ddc5425602b237d5722\"},\"headline\":\"Paul McCartney anuncia fechas de la gira de Am\u00e9rica del Norte 2025\",\"datePublished\":\"2025-07-15T17:38:26+00:00\",\"dateModified\":\"2025-07-15T17:38:27+00:00\",\"mainEntityOfPage\":{\"@id\":\"https:\/\/web.consaguirre.com.ar\/noticias\/paul-mccartney-anuncia-fechas-de-la-gira-de-america-del-norte-2025\/\"},\"wordCount\":395,\"publisher\":{\"@id\":\"https:\/\/web.consaguirre.com.ar\/noticias\/#organization\"},\"image\":{\"@id\":\"https:\/\/web.consaguirre.com.ar\/noticias\/paul-mccartney-anuncia-fechas-de-la-gira-de-america-del-norte-2025\/#primaryimage\"},\"thumbnailUrl\":\"https:\/\/web.consaguirre.com.ar\/noticias\/wp-content\/uploads\/2025\/07\/Paul-McCartney-anuncia-fechas-de-la-gira-de-America-del.jpg\",\"keywords\":[\"America\",\"anuncia\",\"del\",\"fechas\",\"gira\",\"McCartney\",\"Norte\",\"Paul\"],\"articleSection\":[\"El \u00faltimo\"],\"inLanguage\":\"es-AR\"},{\"@type\":\"WebPage\",\"@id\":\"https:\/\/web.consaguirre.com.ar\/noticias\/paul-mccartney-anuncia-fechas-de-la-gira-de-america-del-norte-2025\/\",\"url\":\"https:\/\/web.consaguirre.com.ar\/noticias\/paul-mccartney-anuncia-fechas-de-la-gira-de-america-del-norte-2025\/\",\"name\":\"Paul McCartney anuncia fechas de la gira de Am\u00e9rica del Norte 2025\",\"isPartOf\":{\"@id\":\"https:\/\/web.consaguirre.com.ar\/noticias\/#website\"},\"primaryImageOfPage\":{\"@id\":\"https:\/\/web.consaguirre.com.ar\/noticias\/paul-mccartney-anuncia-fechas-de-la-gira-de-america-del-norte-2025\/#primaryimage\"},\"image\":{\"@id\":\"https:\/\/web.consaguirre.com.ar\/noticias\/paul-mccartney-anuncia-fechas-de-la-gira-de-america-del-norte-2025\/#primaryimage\"},\"thumbnailUrl\":\"https:\/\/web.consaguirre.com.ar\/noticias\/wp-content\/uploads\/2025\/07\/Paul-McCartney-anuncia-fechas-de-la-gira-de-America-del.jpg\",\"datePublished\":\"2025-07-15T17:38:26+00:00\",\"dateModified\":\"2025-07-15T17:38:27+00:00\",\"breadcrumb\":{\"@id\":\"https:\/\/web.consaguirre.com.ar\/noticias\/paul-mccartney-anuncia-fechas-de-la-gira-de-america-del-norte-2025\/#breadcrumb\"},\"inLanguage\":\"es-AR\",\"potentialAction\":[{\"@type\":\"ReadAction\",\"target\":[\"https:\/\/web.consaguirre.com.ar\/noticias\/paul-mccartney-anuncia-fechas-de-la-gira-de-america-del-norte-2025\/\"]}]},{\"@type\":\"ImageObject\",\"inLanguage\":\"es-AR\",\"@id\":\"https:\/\/web.consaguirre.com.ar\/noticias\/paul-mccartney-anuncia-fechas-de-la-gira-de-america-del-norte-2025\/#primaryimage\",\"url\":\"https:\/\/web.consaguirre.com.ar\/noticias\/wp-content\/uploads\/2025\/07\/Paul-McCartney-anuncia-fechas-de-la-gira-de-America-del.jpg\",\"contentUrl\":\"https:\/\/web.consaguirre.com.ar\/noticias\/wp-content\/uploads\/2025\/07\/Paul-McCartney-anuncia-fechas-de-la-gira-de-America-del.jpg\",\"width\":1440,\"height\":864,\"caption\":\"Paul McCartney anuncia fechas de la gira de Am\u00e9rica del Norte 2025\"},{\"@type\":\"BreadcrumbList\",\"@id\":\"https:\/\/web.consaguirre.com.ar\/noticias\/paul-mccartney-anuncia-fechas-de-la-gira-de-america-del-norte-2025\/#breadcrumb\",\"itemListElement\":[{\"@type\":\"ListItem\",\"position\":1,\"name\":\"Inicio\",\"item\":\"https:\/\/web.consaguirre.com.ar\/noticias\/\"},{\"@type\":\"ListItem\",\"position\":2,\"name\":\"Paul McCartney anuncia fechas de la gira de Am\u00e9rica del Norte 2025\"}]},{\"@type\":\"WebSite\",\"@id\":\"https:\/\/web.consaguirre.com.ar\/noticias\/#website\",\"url\":\"https:\/\/web.consaguirre.com.ar\/noticias\/\",\"name\":\"Conservatorio de M\u00fasica Juli\u00e1n Aguirre\",\"description\":\"\",\"publisher\":{\"@id\":\"https:\/\/web.consaguirre.com.ar\/noticias\/#organization\"},\"potentialAction\":[{\"@type\":\"SearchAction\",\"target\":{\"@type\":\"EntryPoint\",\"urlTemplate\":\"https:\/\/web.consaguirre.com.ar\/noticias\/?s={search_term_string}\"},\"query-input\":\"required name=search_term_string\"}],\"inLanguage\":\"es-AR\"},{\"@type\":\"Organization\",\"@id\":\"https:\/\/web.consaguirre.com.ar\/noticias\/#organization\",\"name\":\"Conservatorio de M\u00fasica Juli\u00e1n Aguirre\",\"url\":\"https:\/\/web.consaguirre.com.ar\/noticias\/\",\"logo\":{\"@type\":\"ImageObject\",\"inLanguage\":\"es-AR\",\"@id\":\"https:\/\/web.consaguirre.com.ar\/noticias\/#\/schema\/logo\/image\/\",\"url\":\"https:\/\/web.consaguirre.com.ar\/noticias\/wp-content\/uploads\/2024\/08\/Banner-Aguirre-23.jpg\",\"contentUrl\":\"https:\/\/web.consaguirre.com.ar\/noticias\/wp-content\/uploads\/2024\/08\/Banner-Aguirre-23.jpg\",\"width\":1192,\"height\":600,\"caption\":\"Conservatorio de M\u00fasica Juli\u00e1n Aguirre\"},\"image\":{\"@id\":\"https:\/\/web.consaguirre.com.ar\/noticias\/#\/schema\/logo\/image\/\"}},{\"@type\":\"Person\",\"@id\":\"https:\/\/web.consaguirre.com.ar\/noticias\/#\/schema\/person\/6558b0cfedee7ddc5425602b237d5722\",\"name\":\"Javier Figueroa\",\"image\":{\"@type\":\"ImageObject\",\"inLanguage\":\"es-AR\",\"@id\":\"https:\/\/web.consaguirre.com.ar\/noticias\/#\/schema\/person\/image\/\",\"url\":\"https:\/\/web.consaguirre.com.ar\/noticias\/wp-content\/uploads\/2024\/08\/Consaguirre-scaled.jpg\",\"contentUrl\":\"https:\/\/web.consaguirre.com.ar\/noticias\/wp-content\/uploads\/2024\/08\/Consaguirre-scaled.jpg\",\"caption\":\"Javier Figueroa\"},\"description\":\"Me llamo Javier Figueroa y soy redactor para el sitio oficial del Conservatorio de M\u00fasica Juli\u00e1n Aguirre en Buenos Aires, consaguirre.com. Apasionado por la m\u00fasica y la escritura, me esfuerzo por destacar los talentos y eventos de nuestra prestigiosa instituci\u00f3n. Mi trayectoria se nutre de una profunda admiraci\u00f3n por los artistas, haciendo de cada art\u00edculo una celebraci\u00f3n de la creatividad y la cultura musical.\",\"sameAs\":[\"https:\/\/web.consaguirre.com.ar\/noticias\"]}]}<\/script>\n<!-- \/ Yoast SEO plugin. -->","yoast_head_json":{"title":"Paul McCartney anuncia fechas de la gira de Am\u00e9rica del Norte 2025","robots":{"index":"index","follow":"follow","max-snippet":"max-snippet:-1","max-image-preview":"max-image-preview:large","max-video-preview":"max-video-preview:-1"},"canonical":"https:\/\/web.consaguirre.com.ar\/noticias\/paul-mccartney-anuncia-fechas-de-la-gira-de-america-del-norte-2025\/","og_locale":"es_ES","og_type":"article","og_title":"Paul McCartney anuncia fechas de la gira de Am\u00e9rica del Norte 2025","og_description":"Paul McCartney est\u00e1 a punto de volver a los Estados Unidos una vez m\u00e1s. El \u00edcono de la m\u00fasica Get Back Tour lo llevar\u00e1 a","og_url":"https:\/\/web.consaguirre.com.ar\/noticias\/paul-mccartney-anuncia-fechas-de-la-gira-de-america-del-norte-2025\/","og_site_name":"Conservatorio de M\u00fasica Juli\u00e1n Aguirre","article_published_time":"2025-07-15T17:38:26+00:00","article_modified_time":"2025-07-15T17:38:27+00:00","og_image":[{"width":1440,"height":864,"url":"https:\/\/web.consaguirre.com.ar\/noticias\/wp-content\/uploads\/2025\/07\/Paul-McCartney-anuncia-fechas-de-la-gira-de-America-del.jpg","type":"image\/jpeg"}],"author":"Javier Figueroa","twitter_card":"summary_large_image","twitter_misc":{"Escrito por":"Javier Figueroa","Tiempo de lectura":"2 minutos"},"schema":{"@context":"https:\/\/schema.org","@graph":[{"@type":"Article","@id":"https:\/\/web.consaguirre.com.ar\/noticias\/paul-mccartney-anuncia-fechas-de-la-gira-de-america-del-norte-2025\/#article","isPartOf":{"@id":"https:\/\/web.consaguirre.com.ar\/noticias\/paul-mccartney-anuncia-fechas-de-la-gira-de-america-del-norte-2025\/"},"author":{"name":"Javier Figueroa","@id":"https:\/\/web.consaguirre.com.ar\/noticias\/#\/schema\/person\/6558b0cfedee7ddc5425602b237d5722"},"headline":"Paul McCartney anuncia fechas de la gira de Am\u00e9rica del Norte 2025","datePublished":"2025-07-15T17:38:26+00:00","dateModified":"2025-07-15T17:38:27+00:00","mainEntityOfPage":{"@id":"https:\/\/web.consaguirre.com.ar\/noticias\/paul-mccartney-anuncia-fechas-de-la-gira-de-america-del-norte-2025\/"},"wordCount":395,"publisher":{"@id":"https:\/\/web.consaguirre.com.ar\/noticias\/#organization"},"image":{"@id":"https:\/\/web.consaguirre.com.ar\/noticias\/paul-mccartney-anuncia-fechas-de-la-gira-de-america-del-norte-2025\/#primaryimage"},"thumbnailUrl":"https:\/\/web.consaguirre.com.ar\/noticias\/wp-content\/uploads\/2025\/07\/Paul-McCartney-anuncia-fechas-de-la-gira-de-America-del.jpg","keywords":["America","anuncia","del","fechas","gira","McCartney","Norte","Paul"],"articleSection":["El \u00faltimo"],"inLanguage":"es-AR"},{"@type":"WebPage","@id":"https:\/\/web.consaguirre.com.ar\/noticias\/paul-mccartney-anuncia-fechas-de-la-gira-de-america-del-norte-2025\/","url":"https:\/\/web.consaguirre.com.ar\/noticias\/paul-mccartney-anuncia-fechas-de-la-gira-de-america-del-norte-2025\/","name":"Paul McCartney anuncia fechas de la gira de Am\u00e9rica del Norte 2025","isPartOf":{"@id":"https:\/\/web.consaguirre.com.ar\/noticias\/#website"},"primaryImageOfPage":{"@id":"https:\/\/web.consaguirre.com.ar\/noticias\/paul-mccartney-anuncia-fechas-de-la-gira-de-america-del-norte-2025\/#primaryimage"},"image":{"@id":"https:\/\/web.consaguirre.com.ar\/noticias\/paul-mccartney-anuncia-fechas-de-la-gira-de-america-del-norte-2025\/#primaryimage"},"thumbnailUrl":"https:\/\/web.consaguirre.com.ar\/noticias\/wp-content\/uploads\/2025\/07\/Paul-McCartney-anuncia-fechas-de-la-gira-de-America-del.jpg","datePublished":"2025-07-15T17:38:26+00:00","dateModified":"2025-07-15T17:38:27+00:00","breadcrumb":{"@id":"https:\/\/web.consaguirre.com.ar\/noticias\/paul-mccartney-anuncia-fechas-de-la-gira-de-america-del-norte-2025\/#breadcrumb"},"inLanguage":"es-AR","potentialAction":[{"@type":"ReadAction","target":["https:\/\/web.consaguirre.com.ar\/noticias\/paul-mccartney-anuncia-fechas-de-la-gira-de-america-del-norte-2025\/"]}]},{"@type":"ImageObject","inLanguage":"es-AR","@id":"https:\/\/web.consaguirre.com.ar\/noticias\/paul-mccartney-anuncia-fechas-de-la-gira-de-america-del-norte-2025\/#primaryimage","url":"https:\/\/web.consaguirre.com.ar\/noticias\/wp-content\/uploads\/2025\/07\/Paul-McCartney-anuncia-fechas-de-la-gira-de-America-del.jpg","contentUrl":"https:\/\/web.consaguirre.com.ar\/noticias\/wp-content\/uploads\/2025\/07\/Paul-McCartney-anuncia-fechas-de-la-gira-de-America-del.jpg","width":1440,"height":864,"caption":"Paul McCartney anuncia fechas de la gira de Am\u00e9rica del Norte 2025"},{"@type":"BreadcrumbList","@id":"https:\/\/web.consaguirre.com.ar\/noticias\/paul-mccartney-anuncia-fechas-de-la-gira-de-america-del-norte-2025\/#breadcrumb","itemListElement":[{"@type":"ListItem","position":1,"name":"Inicio","item":"https:\/\/web.consaguirre.com.ar\/noticias\/"},{"@type":"ListItem","position":2,"name":"Paul McCartney anuncia fechas de la gira de Am\u00e9rica del Norte 2025"}]},{"@type":"WebSite","@id":"https:\/\/web.consaguirre.com.ar\/noticias\/#website","url":"https:\/\/web.consaguirre.com.ar\/noticias\/","name":"Conservatorio de M\u00fasica Juli\u00e1n Aguirre","description":"","publisher":{"@id":"https:\/\/web.consaguirre.com.ar\/noticias\/#organization"},"potentialAction":[{"@type":"SearchAction","target":{"@type":"EntryPoint","urlTemplate":"https:\/\/web.consaguirre.com.ar\/noticias\/?s={search_term_string}"},"query-input":"required name=search_term_string"}],"inLanguage":"es-AR"},{"@type":"Organization","@id":"https:\/\/web.consaguirre.com.ar\/noticias\/#organization","name":"Conservatorio de M\u00fasica Juli\u00e1n Aguirre","url":"https:\/\/web.consaguirre.com.ar\/noticias\/","logo":{"@type":"ImageObject","inLanguage":"es-AR","@id":"https:\/\/web.consaguirre.com.ar\/noticias\/#\/schema\/logo\/image\/","url":"https:\/\/web.consaguirre.com.ar\/noticias\/wp-content\/uploads\/2024\/08\/Banner-Aguirre-23.jpg","contentUrl":"https:\/\/web.consaguirre.com.ar\/noticias\/wp-content\/uploads\/2024\/08\/Banner-Aguirre-23.jpg","width":1192,"height":600,"caption":"Conservatorio de M\u00fasica Juli\u00e1n Aguirre"},"image":{"@id":"https:\/\/web.consaguirre.com.ar\/noticias\/#\/schema\/logo\/image\/"}},{"@type":"Person","@id":"https:\/\/web.consaguirre.com.ar\/noticias\/#\/schema\/person\/6558b0cfedee7ddc5425602b237d5722","name":"Javier Figueroa","image":{"@type":"ImageObject","inLanguage":"es-AR","@id":"https:\/\/web.consaguirre.com.ar\/noticias\/#\/schema\/person\/image\/","url":"https:\/\/web.consaguirre.com.ar\/noticias\/wp-content\/uploads\/2024\/08\/Consaguirre-scaled.jpg","contentUrl":"https:\/\/web.consaguirre.com.ar\/noticias\/wp-content\/uploads\/2024\/08\/Consaguirre-scaled.jpg","caption":"Javier Figueroa"},"description":"Me llamo Javier Figueroa y soy redactor para el sitio oficial del Conservatorio de M\u00fasica Juli\u00e1n Aguirre en Buenos Aires, consaguirre.com. Apasionado por la m\u00fasica y la escritura, me esfuerzo por destacar los talentos y eventos de nuestra prestigiosa instituci\u00f3n. Mi trayectoria se nutre de una profunda admiraci\u00f3n por los artistas, haciendo de cada art\u00edculo una celebraci\u00f3n de la creatividad y la cultura musical.","sameAs":["https:\/\/web.consaguirre.com.ar\/noticias"]}]}},"_links":{"self":[{"href":"https:\/\/web.consaguirre.com.ar\/noticias\/wp-json\/wp\/v2\/posts\/3194"}],"collection":[{"href":"https:\/\/web.consaguirre.com.ar\/noticias\/wp-json\/wp\/v2\/posts"}],"about":[{"href":"https:\/\/web.consaguirre.com.ar\/noticias\/wp-json\/wp\/v2\/types\/post"}],"author":[{"embeddable":true,"href":"https:\/\/web.consaguirre.com.ar\/noticias\/wp-json\/wp\/v2\/users\/1"}],"replies":[{"embeddable":true,"href":"https:\/\/web.consaguirre.com.ar\/noticias\/wp-json\/wp\/v2\/comments?post=3194"}],"version-history":[{"count":1,"href":"https:\/\/web.consaguirre.com.ar\/noticias\/wp-json\/wp\/v2\/posts\/3194\/revisions"}],"predecessor-version":[{"id":3196,"href":"https:\/\/web.consaguirre.com.ar\/noticias\/wp-json\/wp\/v2\/posts\/3194\/revisions\/3196"}],"wp:featuredmedia":[{"embeddable":true,"href":"https:\/\/web.consaguirre.com.ar\/noticias\/wp-json\/wp\/v2\/media\/3195"}],"wp:attachment":[{"href":"https:\/\/web.consaguirre.com.ar\/noticias\/wp-json\/wp\/v2\/media?parent=3194"}],"wp:term":[{"taxonomy":"category","embeddable":true,"href":"https:\/\/web.consaguirre.com.ar\/noticias\/wp-json\/wp\/v2\/categories?post=3194"},{"taxonomy":"post_tag","embeddable":true,"href":"https:\/\/web.consaguirre.com.ar\/noticias\/wp-json\/wp\/v2\/tags?post=3194"}],"curies":[{"name":"wp","href":"https:\/\/api.w.org\/{rel}","templated":true}]}}