{"id":3176,"date":"2025-07-12T17:38:49","date_gmt":"2025-07-12T20:38:49","guid":{"rendered":"https:\/\/web.consaguirre.com.ar\/noticias\/el-cantante-y-compositor-rob-thomas-anuncia-all-night-days\/"},"modified":"2025-07-12T17:38:51","modified_gmt":"2025-07-12T20:38:51","slug":"el-cantante-y-compositor-rob-thomas-anuncia-all-night-days","status":"publish","type":"post","link":"https:\/\/web.consaguirre.com.ar\/noticias\/el-cantante-y-compositor-rob-thomas-anuncia-all-night-days\/","title":{"rendered":"El cantante y compositor Rob Thomas anuncia &#8216;All Night Days&#8217;"},"content":{"rendered":"<p>Cantante y compositor <strong>Rob Thomas<\/strong> ha anunciado su pr\u00f3ximo sexto \u00e1lbum en solitario, <em>Todos los d\u00edas nocturnos<\/em>. El \u00e1lbum marca su primer lanzamiento en asociaci\u00f3n con Universal Records, y estar\u00e1 disponible en todas las plataformas el 5 de septiembre. Junto con el anuncio, el Matchbox Twenty Singer ha compartido dos pistas que muestran los lados duales del \u00e1lbum: el sencillo Sunny Lead &#8220;Hard to Happy&#8221; y el ac\u00fastico B-Bide &#8220;Thrill Me&#8221;.<\/p>\n<p>Hablando sobre el sencillo principal, Thomas comparte: &#8220;Quer\u00eda escribir una canci\u00f3n que se sintiera feliz. M\u00e1s que nunca, vivimos en un momento en que el bienestar personal y mental puede convertirse en un enfoque en su vida. Para que eso suceda, debe ser aceptable decir: &#8216;No estoy feliz en este momento; no me siento c\u00f3modo en mi propia piel&#8217;. La canci\u00f3n en s\u00ed es muy no llena.<\/p>\n<div class=\"uD-YT-container\"><img decoding=\"async\" src=\"https:\/\/web.consaguirre.com.ar\/noticias\/wp-content\/uploads\/2025\/07\/1752352729_111_El-cantante-y-compositor-Rob-Thomas-anuncia-All-Night-Days.jpg\" alt=\"Video de YouTube\"><br \/>Haga clic para cargar video<\/div>\n<p>Reflexionando sobre c\u00f3mo quiere que se reciba el disco, Thomas les dice a los fan\u00e1ticos: &#8220;Espero que te veas en mi m\u00fasica&#8221;. \u00c9l se\u00f1ala: &#8220;Las grandes canciones que escucho son las que soy el h\u00e9roe de la historia en mi cabeza, incluso si no conozco al escritor. Hay muchas canciones de &#8216;Saturday Night&#8217; y &#8216;Sunday Morning&#8217; en <em>Todos los d\u00edas nocturnos<\/em>. Tal vez una de estas canciones se convierte en parte de tu vida &#8220;.<\/p>\n<p>Este verano antes del <em>Todos los d\u00edas nocturnos<\/em> Lanzamiento del \u00e1lbum, Rob se embarcar\u00e1 en una extensa gira en el encabezado con fechas en los EE. UU., Australia y Nueva Zelanda, marcando su primera gira completa desde el exitoso &#8220;Slow Dream Tour&#8221; de Matchbox, y la primera gira encabezada desde &#8220;Chip Tooth Tour&#8221; de 2019. Para boletos y m\u00e1s informaci\u00f3n sobre &#8220;The All Night Days Tour&#8221; <strong>Visite el sitio web de Rob Thomas.<\/strong><\/p>\n<p><strong>Escuche &#8220;Hard to Be Happy&#8221; ahora.<\/strong><\/p>\n","protected":false},"excerpt":{"rendered":"<p>Cantante y compositor Rob Thomas ha anunciado su pr\u00f3ximo sexto \u00e1lbum en solitario, Todos los d\u00edas nocturnos. El \u00e1lbum marca su primer lanzamiento en asociaci\u00f3n<\/p>\n","protected":false},"author":1,"featured_media":3177,"comment_status":"closed","ping_status":"","sticky":false,"template":"","format":"standard","meta":{"footnotes":""},"categories":[50],"tags":[56,623,770,785,125,2863,1158],"class_list":["post-3176","post","type-post","status-publish","format-standard","has-post-thumbnail","hentry","category-el-ultimo","tag-anuncia","tag-cantante","tag-compositor","tag-days","tag-night","tag-rob","tag-thomas","generate-columns","tablet-grid-50","mobile-grid-100","grid-parent","grid-50"],"yoast_head":"<!-- This site is optimized with the Yoast SEO plugin v23.3 - https:\/\/yoast.com\/wordpress\/plugins\/seo\/ -->\n<title>El cantante y compositor Rob Thomas anuncia &#039;All Night Days&#039;<\/title>\n<meta name=\"robots\" content=\"index, follow, max-snippet:-1, max-image-preview:large, max-video-preview:-1\" \/>\n<link rel=\"canonical\" href=\"https:\/\/web.consaguirre.com.ar\/noticias\/el-cantante-y-compositor-rob-thomas-anuncia-all-night-days\/\" \/>\n<meta property=\"og:locale\" content=\"es_ES\" \/>\n<meta property=\"og:type\" content=\"article\" \/>\n<meta property=\"og:title\" content=\"El cantante y compositor Rob Thomas anuncia &#039;All Night Days&#039;\" \/>\n<meta property=\"og:description\" content=\"Cantante y compositor Rob Thomas ha anunciado su pr\u00f3ximo sexto \u00e1lbum en solitario, Todos los d\u00edas nocturnos. El \u00e1lbum marca su primer lanzamiento en asociaci\u00f3n\" \/>\n<meta property=\"og:url\" content=\"https:\/\/web.consaguirre.com.ar\/noticias\/el-cantante-y-compositor-rob-thomas-anuncia-all-night-days\/\" \/>\n<meta property=\"og:site_name\" content=\"Conservatorio de M\u00fasica Juli\u00e1n Aguirre\" \/>\n<meta property=\"article:published_time\" content=\"2025-07-12T20:38:49+00:00\" \/>\n<meta property=\"article:modified_time\" content=\"2025-07-12T20:38:51+00:00\" \/>\n<meta property=\"og:image\" content=\"https:\/\/web.consaguirre.com.ar\/noticias\/wp-content\/uploads\/2025\/07\/El-cantante-y-compositor-Rob-Thomas-anuncia-All-Night-Days.jpg\" \/>\n\t<meta property=\"og:image:width\" content=\"1280\" \/>\n\t<meta property=\"og:image:height\" content=\"1280\" \/>\n\t<meta property=\"og:image:type\" content=\"image\/jpeg\" \/>\n<meta name=\"author\" content=\"Javier Figueroa\" \/>\n<meta name=\"twitter:card\" content=\"summary_large_image\" \/>\n<meta name=\"twitter:label1\" content=\"Escrito por\" \/>\n\t<meta name=\"twitter:data1\" content=\"Javier Figueroa\" \/>\n\t<meta name=\"twitter:label2\" content=\"Tiempo de lectura\" \/>\n\t<meta name=\"twitter:data2\" content=\"2 minutos\" \/>\n<script type=\"application\/ld+json\" class=\"yoast-schema-graph\">{\"@context\":\"https:\/\/schema.org\",\"@graph\":[{\"@type\":\"Article\",\"@id\":\"https:\/\/web.consaguirre.com.ar\/noticias\/el-cantante-y-compositor-rob-thomas-anuncia-all-night-days\/#article\",\"isPartOf\":{\"@id\":\"https:\/\/web.consaguirre.com.ar\/noticias\/el-cantante-y-compositor-rob-thomas-anuncia-all-night-days\/\"},\"author\":{\"name\":\"Javier Figueroa\",\"@id\":\"https:\/\/web.consaguirre.com.ar\/noticias\/#\/schema\/person\/6558b0cfedee7ddc5425602b237d5722\"},\"headline\":\"El cantante y compositor Rob Thomas anuncia &#8216;All Night Days&#8217;\",\"datePublished\":\"2025-07-12T20:38:49+00:00\",\"dateModified\":\"2025-07-12T20:38:51+00:00\",\"mainEntityOfPage\":{\"@id\":\"https:\/\/web.consaguirre.com.ar\/noticias\/el-cantante-y-compositor-rob-thomas-anuncia-all-night-days\/\"},\"wordCount\":322,\"publisher\":{\"@id\":\"https:\/\/web.consaguirre.com.ar\/noticias\/#organization\"},\"image\":{\"@id\":\"https:\/\/web.consaguirre.com.ar\/noticias\/el-cantante-y-compositor-rob-thomas-anuncia-all-night-days\/#primaryimage\"},\"thumbnailUrl\":\"https:\/\/web.consaguirre.com.ar\/noticias\/wp-content\/uploads\/2025\/07\/El-cantante-y-compositor-Rob-Thomas-anuncia-All-Night-Days.jpg\",\"keywords\":[\"anuncia\",\"cantante\",\"compositor\",\"Days\",\"Night\",\"Rob\",\"Thomas\"],\"articleSection\":[\"El \u00faltimo\"],\"inLanguage\":\"es-AR\"},{\"@type\":\"WebPage\",\"@id\":\"https:\/\/web.consaguirre.com.ar\/noticias\/el-cantante-y-compositor-rob-thomas-anuncia-all-night-days\/\",\"url\":\"https:\/\/web.consaguirre.com.ar\/noticias\/el-cantante-y-compositor-rob-thomas-anuncia-all-night-days\/\",\"name\":\"El cantante y compositor Rob Thomas anuncia 'All Night Days'\",\"isPartOf\":{\"@id\":\"https:\/\/web.consaguirre.com.ar\/noticias\/#website\"},\"primaryImageOfPage\":{\"@id\":\"https:\/\/web.consaguirre.com.ar\/noticias\/el-cantante-y-compositor-rob-thomas-anuncia-all-night-days\/#primaryimage\"},\"image\":{\"@id\":\"https:\/\/web.consaguirre.com.ar\/noticias\/el-cantante-y-compositor-rob-thomas-anuncia-all-night-days\/#primaryimage\"},\"thumbnailUrl\":\"https:\/\/web.consaguirre.com.ar\/noticias\/wp-content\/uploads\/2025\/07\/El-cantante-y-compositor-Rob-Thomas-anuncia-All-Night-Days.jpg\",\"datePublished\":\"2025-07-12T20:38:49+00:00\",\"dateModified\":\"2025-07-12T20:38:51+00:00\",\"breadcrumb\":{\"@id\":\"https:\/\/web.consaguirre.com.ar\/noticias\/el-cantante-y-compositor-rob-thomas-anuncia-all-night-days\/#breadcrumb\"},\"inLanguage\":\"es-AR\",\"potentialAction\":[{\"@type\":\"ReadAction\",\"target\":[\"https:\/\/web.consaguirre.com.ar\/noticias\/el-cantante-y-compositor-rob-thomas-anuncia-all-night-days\/\"]}]},{\"@type\":\"ImageObject\",\"inLanguage\":\"es-AR\",\"@id\":\"https:\/\/web.consaguirre.com.ar\/noticias\/el-cantante-y-compositor-rob-thomas-anuncia-all-night-days\/#primaryimage\",\"url\":\"https:\/\/web.consaguirre.com.ar\/noticias\/wp-content\/uploads\/2025\/07\/El-cantante-y-compositor-Rob-Thomas-anuncia-All-Night-Days.jpg\",\"contentUrl\":\"https:\/\/web.consaguirre.com.ar\/noticias\/wp-content\/uploads\/2025\/07\/El-cantante-y-compositor-Rob-Thomas-anuncia-All-Night-Days.jpg\",\"width\":1280,\"height\":1280,\"caption\":\"El cantante y compositor Rob Thomas anuncia 'All Night Days'\"},{\"@type\":\"BreadcrumbList\",\"@id\":\"https:\/\/web.consaguirre.com.ar\/noticias\/el-cantante-y-compositor-rob-thomas-anuncia-all-night-days\/#breadcrumb\",\"itemListElement\":[{\"@type\":\"ListItem\",\"position\":1,\"name\":\"Inicio\",\"item\":\"https:\/\/web.consaguirre.com.ar\/noticias\/\"},{\"@type\":\"ListItem\",\"position\":2,\"name\":\"El cantante y compositor Rob Thomas anuncia &#8216;All Night Days&#8217;\"}]},{\"@type\":\"WebSite\",\"@id\":\"https:\/\/web.consaguirre.com.ar\/noticias\/#website\",\"url\":\"https:\/\/web.consaguirre.com.ar\/noticias\/\",\"name\":\"Conservatorio de M\u00fasica Juli\u00e1n Aguirre\",\"description\":\"\",\"publisher\":{\"@id\":\"https:\/\/web.consaguirre.com.ar\/noticias\/#organization\"},\"potentialAction\":[{\"@type\":\"SearchAction\",\"target\":{\"@type\":\"EntryPoint\",\"urlTemplate\":\"https:\/\/web.consaguirre.com.ar\/noticias\/?s={search_term_string}\"},\"query-input\":\"required name=search_term_string\"}],\"inLanguage\":\"es-AR\"},{\"@type\":\"Organization\",\"@id\":\"https:\/\/web.consaguirre.com.ar\/noticias\/#organization\",\"name\":\"Conservatorio de M\u00fasica Juli\u00e1n Aguirre\",\"url\":\"https:\/\/web.consaguirre.com.ar\/noticias\/\",\"logo\":{\"@type\":\"ImageObject\",\"inLanguage\":\"es-AR\",\"@id\":\"https:\/\/web.consaguirre.com.ar\/noticias\/#\/schema\/logo\/image\/\",\"url\":\"https:\/\/web.consaguirre.com.ar\/noticias\/wp-content\/uploads\/2024\/08\/Banner-Aguirre-23.jpg\",\"contentUrl\":\"https:\/\/web.consaguirre.com.ar\/noticias\/wp-content\/uploads\/2024\/08\/Banner-Aguirre-23.jpg\",\"width\":1192,\"height\":600,\"caption\":\"Conservatorio de M\u00fasica Juli\u00e1n Aguirre\"},\"image\":{\"@id\":\"https:\/\/web.consaguirre.com.ar\/noticias\/#\/schema\/logo\/image\/\"}},{\"@type\":\"Person\",\"@id\":\"https:\/\/web.consaguirre.com.ar\/noticias\/#\/schema\/person\/6558b0cfedee7ddc5425602b237d5722\",\"name\":\"Javier Figueroa\",\"image\":{\"@type\":\"ImageObject\",\"inLanguage\":\"es-AR\",\"@id\":\"https:\/\/web.consaguirre.com.ar\/noticias\/#\/schema\/person\/image\/\",\"url\":\"https:\/\/web.consaguirre.com.ar\/noticias\/wp-content\/uploads\/2024\/08\/Consaguirre-scaled.jpg\",\"contentUrl\":\"https:\/\/web.consaguirre.com.ar\/noticias\/wp-content\/uploads\/2024\/08\/Consaguirre-scaled.jpg\",\"caption\":\"Javier Figueroa\"},\"description\":\"Me llamo Javier Figueroa y soy redactor para el sitio oficial del Conservatorio de M\u00fasica Juli\u00e1n Aguirre en Buenos Aires, consaguirre.com. Apasionado por la m\u00fasica y la escritura, me esfuerzo por destacar los talentos y eventos de nuestra prestigiosa instituci\u00f3n. Mi trayectoria se nutre de una profunda admiraci\u00f3n por los artistas, haciendo de cada art\u00edculo una celebraci\u00f3n de la creatividad y la cultura musical.\",\"sameAs\":[\"https:\/\/web.consaguirre.com.ar\/noticias\"]}]}<\/script>\n<!-- \/ Yoast SEO plugin. -->","yoast_head_json":{"title":"El cantante y compositor Rob Thomas anuncia 'All Night Days'","robots":{"index":"index","follow":"follow","max-snippet":"max-snippet:-1","max-image-preview":"max-image-preview:large","max-video-preview":"max-video-preview:-1"},"canonical":"https:\/\/web.consaguirre.com.ar\/noticias\/el-cantante-y-compositor-rob-thomas-anuncia-all-night-days\/","og_locale":"es_ES","og_type":"article","og_title":"El cantante y compositor Rob Thomas anuncia 'All Night Days'","og_description":"Cantante y compositor Rob Thomas ha anunciado su pr\u00f3ximo sexto \u00e1lbum en solitario, Todos los d\u00edas nocturnos. El \u00e1lbum marca su primer lanzamiento en asociaci\u00f3n","og_url":"https:\/\/web.consaguirre.com.ar\/noticias\/el-cantante-y-compositor-rob-thomas-anuncia-all-night-days\/","og_site_name":"Conservatorio de M\u00fasica Juli\u00e1n Aguirre","article_published_time":"2025-07-12T20:38:49+00:00","article_modified_time":"2025-07-12T20:38:51+00:00","og_image":[{"width":1280,"height":1280,"url":"https:\/\/web.consaguirre.com.ar\/noticias\/wp-content\/uploads\/2025\/07\/El-cantante-y-compositor-Rob-Thomas-anuncia-All-Night-Days.jpg","type":"image\/jpeg"}],"author":"Javier Figueroa","twitter_card":"summary_large_image","twitter_misc":{"Escrito por":"Javier Figueroa","Tiempo de lectura":"2 minutos"},"schema":{"@context":"https:\/\/schema.org","@graph":[{"@type":"Article","@id":"https:\/\/web.consaguirre.com.ar\/noticias\/el-cantante-y-compositor-rob-thomas-anuncia-all-night-days\/#article","isPartOf":{"@id":"https:\/\/web.consaguirre.com.ar\/noticias\/el-cantante-y-compositor-rob-thomas-anuncia-all-night-days\/"},"author":{"name":"Javier Figueroa","@id":"https:\/\/web.consaguirre.com.ar\/noticias\/#\/schema\/person\/6558b0cfedee7ddc5425602b237d5722"},"headline":"El cantante y compositor Rob Thomas anuncia &#8216;All Night Days&#8217;","datePublished":"2025-07-12T20:38:49+00:00","dateModified":"2025-07-12T20:38:51+00:00","mainEntityOfPage":{"@id":"https:\/\/web.consaguirre.com.ar\/noticias\/el-cantante-y-compositor-rob-thomas-anuncia-all-night-days\/"},"wordCount":322,"publisher":{"@id":"https:\/\/web.consaguirre.com.ar\/noticias\/#organization"},"image":{"@id":"https:\/\/web.consaguirre.com.ar\/noticias\/el-cantante-y-compositor-rob-thomas-anuncia-all-night-days\/#primaryimage"},"thumbnailUrl":"https:\/\/web.consaguirre.com.ar\/noticias\/wp-content\/uploads\/2025\/07\/El-cantante-y-compositor-Rob-Thomas-anuncia-All-Night-Days.jpg","keywords":["anuncia","cantante","compositor","Days","Night","Rob","Thomas"],"articleSection":["El \u00faltimo"],"inLanguage":"es-AR"},{"@type":"WebPage","@id":"https:\/\/web.consaguirre.com.ar\/noticias\/el-cantante-y-compositor-rob-thomas-anuncia-all-night-days\/","url":"https:\/\/web.consaguirre.com.ar\/noticias\/el-cantante-y-compositor-rob-thomas-anuncia-all-night-days\/","name":"El cantante y compositor Rob Thomas anuncia 'All Night Days'","isPartOf":{"@id":"https:\/\/web.consaguirre.com.ar\/noticias\/#website"},"primaryImageOfPage":{"@id":"https:\/\/web.consaguirre.com.ar\/noticias\/el-cantante-y-compositor-rob-thomas-anuncia-all-night-days\/#primaryimage"},"image":{"@id":"https:\/\/web.consaguirre.com.ar\/noticias\/el-cantante-y-compositor-rob-thomas-anuncia-all-night-days\/#primaryimage"},"thumbnailUrl":"https:\/\/web.consaguirre.com.ar\/noticias\/wp-content\/uploads\/2025\/07\/El-cantante-y-compositor-Rob-Thomas-anuncia-All-Night-Days.jpg","datePublished":"2025-07-12T20:38:49+00:00","dateModified":"2025-07-12T20:38:51+00:00","breadcrumb":{"@id":"https:\/\/web.consaguirre.com.ar\/noticias\/el-cantante-y-compositor-rob-thomas-anuncia-all-night-days\/#breadcrumb"},"inLanguage":"es-AR","potentialAction":[{"@type":"ReadAction","target":["https:\/\/web.consaguirre.com.ar\/noticias\/el-cantante-y-compositor-rob-thomas-anuncia-all-night-days\/"]}]},{"@type":"ImageObject","inLanguage":"es-AR","@id":"https:\/\/web.consaguirre.com.ar\/noticias\/el-cantante-y-compositor-rob-thomas-anuncia-all-night-days\/#primaryimage","url":"https:\/\/web.consaguirre.com.ar\/noticias\/wp-content\/uploads\/2025\/07\/El-cantante-y-compositor-Rob-Thomas-anuncia-All-Night-Days.jpg","contentUrl":"https:\/\/web.consaguirre.com.ar\/noticias\/wp-content\/uploads\/2025\/07\/El-cantante-y-compositor-Rob-Thomas-anuncia-All-Night-Days.jpg","width":1280,"height":1280,"caption":"El cantante y compositor Rob Thomas anuncia 'All Night Days'"},{"@type":"BreadcrumbList","@id":"https:\/\/web.consaguirre.com.ar\/noticias\/el-cantante-y-compositor-rob-thomas-anuncia-all-night-days\/#breadcrumb","itemListElement":[{"@type":"ListItem","position":1,"name":"Inicio","item":"https:\/\/web.consaguirre.com.ar\/noticias\/"},{"@type":"ListItem","position":2,"name":"El cantante y compositor Rob Thomas anuncia &#8216;All Night Days&#8217;"}]},{"@type":"WebSite","@id":"https:\/\/web.consaguirre.com.ar\/noticias\/#website","url":"https:\/\/web.consaguirre.com.ar\/noticias\/","name":"Conservatorio de M\u00fasica Juli\u00e1n Aguirre","description":"","publisher":{"@id":"https:\/\/web.consaguirre.com.ar\/noticias\/#organization"},"potentialAction":[{"@type":"SearchAction","target":{"@type":"EntryPoint","urlTemplate":"https:\/\/web.consaguirre.com.ar\/noticias\/?s={search_term_string}"},"query-input":"required name=search_term_string"}],"inLanguage":"es-AR"},{"@type":"Organization","@id":"https:\/\/web.consaguirre.com.ar\/noticias\/#organization","name":"Conservatorio de M\u00fasica Juli\u00e1n Aguirre","url":"https:\/\/web.consaguirre.com.ar\/noticias\/","logo":{"@type":"ImageObject","inLanguage":"es-AR","@id":"https:\/\/web.consaguirre.com.ar\/noticias\/#\/schema\/logo\/image\/","url":"https:\/\/web.consaguirre.com.ar\/noticias\/wp-content\/uploads\/2024\/08\/Banner-Aguirre-23.jpg","contentUrl":"https:\/\/web.consaguirre.com.ar\/noticias\/wp-content\/uploads\/2024\/08\/Banner-Aguirre-23.jpg","width":1192,"height":600,"caption":"Conservatorio de M\u00fasica Juli\u00e1n Aguirre"},"image":{"@id":"https:\/\/web.consaguirre.com.ar\/noticias\/#\/schema\/logo\/image\/"}},{"@type":"Person","@id":"https:\/\/web.consaguirre.com.ar\/noticias\/#\/schema\/person\/6558b0cfedee7ddc5425602b237d5722","name":"Javier Figueroa","image":{"@type":"ImageObject","inLanguage":"es-AR","@id":"https:\/\/web.consaguirre.com.ar\/noticias\/#\/schema\/person\/image\/","url":"https:\/\/web.consaguirre.com.ar\/noticias\/wp-content\/uploads\/2024\/08\/Consaguirre-scaled.jpg","contentUrl":"https:\/\/web.consaguirre.com.ar\/noticias\/wp-content\/uploads\/2024\/08\/Consaguirre-scaled.jpg","caption":"Javier Figueroa"},"description":"Me llamo Javier Figueroa y soy redactor para el sitio oficial del Conservatorio de M\u00fasica Juli\u00e1n Aguirre en Buenos Aires, consaguirre.com. Apasionado por la m\u00fasica y la escritura, me esfuerzo por destacar los talentos y eventos de nuestra prestigiosa instituci\u00f3n. Mi trayectoria se nutre de una profunda admiraci\u00f3n por los artistas, haciendo de cada art\u00edculo una celebraci\u00f3n de la creatividad y la cultura musical.","sameAs":["https:\/\/web.consaguirre.com.ar\/noticias"]}]}},"_links":{"self":[{"href":"https:\/\/web.consaguirre.com.ar\/noticias\/wp-json\/wp\/v2\/posts\/3176"}],"collection":[{"href":"https:\/\/web.consaguirre.com.ar\/noticias\/wp-json\/wp\/v2\/posts"}],"about":[{"href":"https:\/\/web.consaguirre.com.ar\/noticias\/wp-json\/wp\/v2\/types\/post"}],"author":[{"embeddable":true,"href":"https:\/\/web.consaguirre.com.ar\/noticias\/wp-json\/wp\/v2\/users\/1"}],"replies":[{"embeddable":true,"href":"https:\/\/web.consaguirre.com.ar\/noticias\/wp-json\/wp\/v2\/comments?post=3176"}],"version-history":[{"count":1,"href":"https:\/\/web.consaguirre.com.ar\/noticias\/wp-json\/wp\/v2\/posts\/3176\/revisions"}],"predecessor-version":[{"id":3178,"href":"https:\/\/web.consaguirre.com.ar\/noticias\/wp-json\/wp\/v2\/posts\/3176\/revisions\/3178"}],"wp:featuredmedia":[{"embeddable":true,"href":"https:\/\/web.consaguirre.com.ar\/noticias\/wp-json\/wp\/v2\/media\/3177"}],"wp:attachment":[{"href":"https:\/\/web.consaguirre.com.ar\/noticias\/wp-json\/wp\/v2\/media?parent=3176"}],"wp:term":[{"taxonomy":"category","embeddable":true,"href":"https:\/\/web.consaguirre.com.ar\/noticias\/wp-json\/wp\/v2\/categories?post=3176"},{"taxonomy":"post_tag","embeddable":true,"href":"https:\/\/web.consaguirre.com.ar\/noticias\/wp-json\/wp\/v2\/tags?post=3176"}],"curies":[{"name":"wp","href":"https:\/\/api.w.org\/{rel}","templated":true}]}}