{"id":3155,"date":"2025-07-11T20:40:58","date_gmt":"2025-07-11T23:40:58","guid":{"rendered":"https:\/\/web.consaguirre.com.ar\/noticias\/communion-communion-de-don-cherry-se-une-a-la-serie-tone-poet-vinyl-de-blue-note\/"},"modified":"2025-07-11T20:41:00","modified_gmt":"2025-07-11T23:41:00","slug":"communion-communion-de-don-cherry-se-une-a-la-serie-tone-poet-vinyl-de-blue-note","status":"publish","type":"post","link":"https:\/\/web.consaguirre.com.ar\/noticias\/communion-communion-de-don-cherry-se-une-a-la-serie-tone-poet-vinyl-de-blue-note\/","title":{"rendered":"&#8216;Communion&#8217; Communion &#8216;de Don Cherry se une a la serie Tone Poet Vinyl de Blue Note"},"content":{"rendered":"<p><em>Comuni\u00f3n completa<\/em> Pronto llegar\u00e1 a un tocadiscos cerca de ti. El 5 de septiembre, el \u00e1lbum debut de Don Cherry en 1966 se volver\u00e1 a emitir como parte de la serie Tone Poet Vinyl de Blue Note. Esta edici\u00f3n del LP fue producida por Joe Harley, dominada por Kevin Gray de las cintas maestras anal\u00f3gicas originales, presionada en 180 g de vinilo en RTI y empaquetado con una chaqueta de punta de lujo.<\/p>\n<p>Cherry se puso en el mapa tocando trompeta en el equipo de demolici\u00f3n de jazz gratis conocido como el <strong>Ornette Coleman<\/strong> Cuarteto. Sus apariciones en \u00e1lbumes cl\u00e1sicos de Coleman como 1959 <em>La forma del jazz por venir<\/em> y 1961 <em>Jazz gratis: una improvisaci\u00f3n colectiva<\/em> Lo convirti\u00f3 en uno de los jugadores de lat\u00f3n m\u00e1s respetados del mundo, una reputaci\u00f3n que bru\u00f1i\u00f3 colaborando con otros leyendas como John Coltrane y Sun Ra. Con <em>Comuni\u00f3n completa<\/em>recogi\u00f3 una corneta y consolid\u00f3 a\u00fan m\u00e1s su leyenda.<\/p>\n<p>En su debut en solitario, Cherry uni\u00f3 fuerzas con el saxofonista tenor Gato Barbieri, el bajista Henry Grimes y el baterista Ed Blackwell para deconstruir a\u00fan m\u00e1s el sonido de su g\u00e9nero. &#8220;La primera impresi\u00f3n que uno tiene al escuchar <em>Comuni\u00f3n completa<\/em> es de precisi\u00f3n de conjunto alcanzada de una manera completamente poco utilic\u00e9tica \u201d, escribi\u00f3 Ekkehard Jost en su libro <em>Jazz gratis<\/em>. &#8220;Las transiciones, por ejemplo, son relativamente complicadas: varias figuras musicales est\u00e1n unidas juntas; no hay patrones esquem\u00e1ticos; y, sin embargo, las transiciones se logran con asombrosas facilidad, como si fueran lo m\u00e1s natural del mundo&#8221;.<\/p>\n<p>Cada uno de los dos lados del \u00e1lbum presenta un conjunto de canciones reunidas en viajes extendidos de sonido. The A Side comprende la &#8220;Comuni\u00f3n Completa&#8221; de cuatro partes, mientras que la B cierra el \u00e1lbum con otra procesi\u00f3n de cuatro canciones conocida como &#8220;Elefantasy&#8221;. Seg\u00fan estas pistas, Cherry y su banda doblaron el jazz a sus propios fines, en \u00e1ngulos solo que podr\u00edan haber imaginado.<\/p>\n<p><strong>Pedir Don Cherry&#8217;s <em>Comuni\u00f3n completa<\/em> en vinilo ahora.<\/strong><\/p>\n","protected":false},"excerpt":{"rendered":"<p>Comuni\u00f3n completa Pronto llegar\u00e1 a un tocadiscos cerca de ti. El 5 de septiembre, el \u00e1lbum debut de Don Cherry en 1966 se volver\u00e1 a<\/p>\n","protected":false},"author":1,"featured_media":3156,"comment_status":"closed","ping_status":"","sticky":false,"template":"","format":"standard","meta":{"footnotes":""},"categories":[50],"tags":[498,844,2850,317,1238,1242,220,1241,455,1997],"class_list":["post-3155","post","type-post","status-publish","format-standard","has-post-thumbnail","hentry","category-el-ultimo","tag-blue","tag-cherry","tag-communion","tag-don","tag-note","tag-poet","tag-serie","tag-tone","tag-une","tag-vinyl","generate-columns","tablet-grid-50","mobile-grid-100","grid-parent","grid-50"],"yoast_head":"<!-- This site is optimized with the Yoast SEO plugin v23.3 - https:\/\/yoast.com\/wordpress\/plugins\/seo\/ -->\n<title>&#039;Communion&#039; Communion &#039;de Don Cherry se une a la serie Tone Poet Vinyl de Blue Note<\/title>\n<meta name=\"robots\" content=\"index, follow, max-snippet:-1, max-image-preview:large, max-video-preview:-1\" \/>\n<link rel=\"canonical\" href=\"https:\/\/web.consaguirre.com.ar\/noticias\/communion-communion-de-don-cherry-se-une-a-la-serie-tone-poet-vinyl-de-blue-note\/\" \/>\n<meta property=\"og:locale\" content=\"es_ES\" \/>\n<meta property=\"og:type\" content=\"article\" \/>\n<meta property=\"og:title\" content=\"&#039;Communion&#039; Communion &#039;de Don Cherry se une a la serie Tone Poet Vinyl de Blue Note\" \/>\n<meta property=\"og:description\" content=\"Comuni\u00f3n completa Pronto llegar\u00e1 a un tocadiscos cerca de ti. El 5 de septiembre, el \u00e1lbum debut de Don Cherry en 1966 se volver\u00e1 a\" \/>\n<meta property=\"og:url\" content=\"https:\/\/web.consaguirre.com.ar\/noticias\/communion-communion-de-don-cherry-se-une-a-la-serie-tone-poet-vinyl-de-blue-note\/\" \/>\n<meta property=\"og:site_name\" content=\"Conservatorio de M\u00fasica Juli\u00e1n Aguirre\" \/>\n<meta property=\"article:published_time\" content=\"2025-07-11T23:40:58+00:00\" \/>\n<meta property=\"article:modified_time\" content=\"2025-07-11T23:41:00+00:00\" \/>\n<meta property=\"og:image\" content=\"https:\/\/web.consaguirre.com.ar\/noticias\/wp-content\/uploads\/2025\/07\/Communion-Communion-de-Don-Cherry-se-une-a-la-serie.jpg\" \/>\n\t<meta property=\"og:image:width\" content=\"1280\" \/>\n\t<meta property=\"og:image:height\" content=\"1280\" \/>\n\t<meta property=\"og:image:type\" content=\"image\/jpeg\" \/>\n<meta name=\"author\" content=\"Javier Figueroa\" \/>\n<meta name=\"twitter:card\" content=\"summary_large_image\" \/>\n<meta name=\"twitter:label1\" content=\"Escrito por\" \/>\n\t<meta name=\"twitter:data1\" content=\"Javier Figueroa\" \/>\n\t<meta name=\"twitter:label2\" content=\"Tiempo de lectura\" \/>\n\t<meta name=\"twitter:data2\" content=\"2 minutos\" \/>\n<script type=\"application\/ld+json\" class=\"yoast-schema-graph\">{\"@context\":\"https:\/\/schema.org\",\"@graph\":[{\"@type\":\"Article\",\"@id\":\"https:\/\/web.consaguirre.com.ar\/noticias\/communion-communion-de-don-cherry-se-une-a-la-serie-tone-poet-vinyl-de-blue-note\/#article\",\"isPartOf\":{\"@id\":\"https:\/\/web.consaguirre.com.ar\/noticias\/communion-communion-de-don-cherry-se-une-a-la-serie-tone-poet-vinyl-de-blue-note\/\"},\"author\":{\"name\":\"Javier Figueroa\",\"@id\":\"https:\/\/web.consaguirre.com.ar\/noticias\/#\/schema\/person\/6558b0cfedee7ddc5425602b237d5722\"},\"headline\":\"&#8216;Communion&#8217; Communion &#8216;de Don Cherry se une a la serie Tone Poet Vinyl de Blue Note\",\"datePublished\":\"2025-07-11T23:40:58+00:00\",\"dateModified\":\"2025-07-11T23:41:00+00:00\",\"mainEntityOfPage\":{\"@id\":\"https:\/\/web.consaguirre.com.ar\/noticias\/communion-communion-de-don-cherry-se-une-a-la-serie-tone-poet-vinyl-de-blue-note\/\"},\"wordCount\":366,\"publisher\":{\"@id\":\"https:\/\/web.consaguirre.com.ar\/noticias\/#organization\"},\"image\":{\"@id\":\"https:\/\/web.consaguirre.com.ar\/noticias\/communion-communion-de-don-cherry-se-une-a-la-serie-tone-poet-vinyl-de-blue-note\/#primaryimage\"},\"thumbnailUrl\":\"https:\/\/web.consaguirre.com.ar\/noticias\/wp-content\/uploads\/2025\/07\/Communion-Communion-de-Don-Cherry-se-une-a-la-serie.jpg\",\"keywords\":[\"Blue\",\"Cherry\",\"Communion\",\"Don\",\"Note\",\"Poet\",\"serie\",\"Tone\",\"une\",\"Vinyl\"],\"articleSection\":[\"El \u00faltimo\"],\"inLanguage\":\"es-AR\"},{\"@type\":\"WebPage\",\"@id\":\"https:\/\/web.consaguirre.com.ar\/noticias\/communion-communion-de-don-cherry-se-une-a-la-serie-tone-poet-vinyl-de-blue-note\/\",\"url\":\"https:\/\/web.consaguirre.com.ar\/noticias\/communion-communion-de-don-cherry-se-une-a-la-serie-tone-poet-vinyl-de-blue-note\/\",\"name\":\"'Communion' Communion 'de Don Cherry se une a la serie Tone Poet Vinyl de Blue Note\",\"isPartOf\":{\"@id\":\"https:\/\/web.consaguirre.com.ar\/noticias\/#website\"},\"primaryImageOfPage\":{\"@id\":\"https:\/\/web.consaguirre.com.ar\/noticias\/communion-communion-de-don-cherry-se-une-a-la-serie-tone-poet-vinyl-de-blue-note\/#primaryimage\"},\"image\":{\"@id\":\"https:\/\/web.consaguirre.com.ar\/noticias\/communion-communion-de-don-cherry-se-une-a-la-serie-tone-poet-vinyl-de-blue-note\/#primaryimage\"},\"thumbnailUrl\":\"https:\/\/web.consaguirre.com.ar\/noticias\/wp-content\/uploads\/2025\/07\/Communion-Communion-de-Don-Cherry-se-une-a-la-serie.jpg\",\"datePublished\":\"2025-07-11T23:40:58+00:00\",\"dateModified\":\"2025-07-11T23:41:00+00:00\",\"breadcrumb\":{\"@id\":\"https:\/\/web.consaguirre.com.ar\/noticias\/communion-communion-de-don-cherry-se-une-a-la-serie-tone-poet-vinyl-de-blue-note\/#breadcrumb\"},\"inLanguage\":\"es-AR\",\"potentialAction\":[{\"@type\":\"ReadAction\",\"target\":[\"https:\/\/web.consaguirre.com.ar\/noticias\/communion-communion-de-don-cherry-se-une-a-la-serie-tone-poet-vinyl-de-blue-note\/\"]}]},{\"@type\":\"ImageObject\",\"inLanguage\":\"es-AR\",\"@id\":\"https:\/\/web.consaguirre.com.ar\/noticias\/communion-communion-de-don-cherry-se-une-a-la-serie-tone-poet-vinyl-de-blue-note\/#primaryimage\",\"url\":\"https:\/\/web.consaguirre.com.ar\/noticias\/wp-content\/uploads\/2025\/07\/Communion-Communion-de-Don-Cherry-se-une-a-la-serie.jpg\",\"contentUrl\":\"https:\/\/web.consaguirre.com.ar\/noticias\/wp-content\/uploads\/2025\/07\/Communion-Communion-de-Don-Cherry-se-une-a-la-serie.jpg\",\"width\":1280,\"height\":1280,\"caption\":\"'Communion' Communion 'de Don Cherry se une a la serie Tone Poet Vinyl de Blue Note\"},{\"@type\":\"BreadcrumbList\",\"@id\":\"https:\/\/web.consaguirre.com.ar\/noticias\/communion-communion-de-don-cherry-se-une-a-la-serie-tone-poet-vinyl-de-blue-note\/#breadcrumb\",\"itemListElement\":[{\"@type\":\"ListItem\",\"position\":1,\"name\":\"Inicio\",\"item\":\"https:\/\/web.consaguirre.com.ar\/noticias\/\"},{\"@type\":\"ListItem\",\"position\":2,\"name\":\"&#8216;Communion&#8217; Communion &#8216;de Don Cherry se une a la serie Tone Poet Vinyl de Blue Note\"}]},{\"@type\":\"WebSite\",\"@id\":\"https:\/\/web.consaguirre.com.ar\/noticias\/#website\",\"url\":\"https:\/\/web.consaguirre.com.ar\/noticias\/\",\"name\":\"Conservatorio de M\u00fasica Juli\u00e1n Aguirre\",\"description\":\"\",\"publisher\":{\"@id\":\"https:\/\/web.consaguirre.com.ar\/noticias\/#organization\"},\"potentialAction\":[{\"@type\":\"SearchAction\",\"target\":{\"@type\":\"EntryPoint\",\"urlTemplate\":\"https:\/\/web.consaguirre.com.ar\/noticias\/?s={search_term_string}\"},\"query-input\":\"required name=search_term_string\"}],\"inLanguage\":\"es-AR\"},{\"@type\":\"Organization\",\"@id\":\"https:\/\/web.consaguirre.com.ar\/noticias\/#organization\",\"name\":\"Conservatorio de M\u00fasica Juli\u00e1n Aguirre\",\"url\":\"https:\/\/web.consaguirre.com.ar\/noticias\/\",\"logo\":{\"@type\":\"ImageObject\",\"inLanguage\":\"es-AR\",\"@id\":\"https:\/\/web.consaguirre.com.ar\/noticias\/#\/schema\/logo\/image\/\",\"url\":\"https:\/\/web.consaguirre.com.ar\/noticias\/wp-content\/uploads\/2024\/08\/Banner-Aguirre-23.jpg\",\"contentUrl\":\"https:\/\/web.consaguirre.com.ar\/noticias\/wp-content\/uploads\/2024\/08\/Banner-Aguirre-23.jpg\",\"width\":1192,\"height\":600,\"caption\":\"Conservatorio de M\u00fasica Juli\u00e1n Aguirre\"},\"image\":{\"@id\":\"https:\/\/web.consaguirre.com.ar\/noticias\/#\/schema\/logo\/image\/\"}},{\"@type\":\"Person\",\"@id\":\"https:\/\/web.consaguirre.com.ar\/noticias\/#\/schema\/person\/6558b0cfedee7ddc5425602b237d5722\",\"name\":\"Javier Figueroa\",\"image\":{\"@type\":\"ImageObject\",\"inLanguage\":\"es-AR\",\"@id\":\"https:\/\/web.consaguirre.com.ar\/noticias\/#\/schema\/person\/image\/\",\"url\":\"https:\/\/web.consaguirre.com.ar\/noticias\/wp-content\/uploads\/2024\/08\/Consaguirre-scaled.jpg\",\"contentUrl\":\"https:\/\/web.consaguirre.com.ar\/noticias\/wp-content\/uploads\/2024\/08\/Consaguirre-scaled.jpg\",\"caption\":\"Javier Figueroa\"},\"description\":\"Me llamo Javier Figueroa y soy redactor para el sitio oficial del Conservatorio de M\u00fasica Juli\u00e1n Aguirre en Buenos Aires, consaguirre.com. Apasionado por la m\u00fasica y la escritura, me esfuerzo por destacar los talentos y eventos de nuestra prestigiosa instituci\u00f3n. Mi trayectoria se nutre de una profunda admiraci\u00f3n por los artistas, haciendo de cada art\u00edculo una celebraci\u00f3n de la creatividad y la cultura musical.\",\"sameAs\":[\"https:\/\/web.consaguirre.com.ar\/noticias\"]}]}<\/script>\n<!-- \/ Yoast SEO plugin. -->","yoast_head_json":{"title":"'Communion' Communion 'de Don Cherry se une a la serie Tone Poet Vinyl de Blue Note","robots":{"index":"index","follow":"follow","max-snippet":"max-snippet:-1","max-image-preview":"max-image-preview:large","max-video-preview":"max-video-preview:-1"},"canonical":"https:\/\/web.consaguirre.com.ar\/noticias\/communion-communion-de-don-cherry-se-une-a-la-serie-tone-poet-vinyl-de-blue-note\/","og_locale":"es_ES","og_type":"article","og_title":"'Communion' Communion 'de Don Cherry se une a la serie Tone Poet Vinyl de Blue Note","og_description":"Comuni\u00f3n completa Pronto llegar\u00e1 a un tocadiscos cerca de ti. El 5 de septiembre, el \u00e1lbum debut de Don Cherry en 1966 se volver\u00e1 a","og_url":"https:\/\/web.consaguirre.com.ar\/noticias\/communion-communion-de-don-cherry-se-une-a-la-serie-tone-poet-vinyl-de-blue-note\/","og_site_name":"Conservatorio de M\u00fasica Juli\u00e1n Aguirre","article_published_time":"2025-07-11T23:40:58+00:00","article_modified_time":"2025-07-11T23:41:00+00:00","og_image":[{"width":1280,"height":1280,"url":"https:\/\/web.consaguirre.com.ar\/noticias\/wp-content\/uploads\/2025\/07\/Communion-Communion-de-Don-Cherry-se-une-a-la-serie.jpg","type":"image\/jpeg"}],"author":"Javier Figueroa","twitter_card":"summary_large_image","twitter_misc":{"Escrito por":"Javier Figueroa","Tiempo de lectura":"2 minutos"},"schema":{"@context":"https:\/\/schema.org","@graph":[{"@type":"Article","@id":"https:\/\/web.consaguirre.com.ar\/noticias\/communion-communion-de-don-cherry-se-une-a-la-serie-tone-poet-vinyl-de-blue-note\/#article","isPartOf":{"@id":"https:\/\/web.consaguirre.com.ar\/noticias\/communion-communion-de-don-cherry-se-une-a-la-serie-tone-poet-vinyl-de-blue-note\/"},"author":{"name":"Javier Figueroa","@id":"https:\/\/web.consaguirre.com.ar\/noticias\/#\/schema\/person\/6558b0cfedee7ddc5425602b237d5722"},"headline":"&#8216;Communion&#8217; Communion &#8216;de Don Cherry se une a la serie Tone Poet Vinyl de Blue Note","datePublished":"2025-07-11T23:40:58+00:00","dateModified":"2025-07-11T23:41:00+00:00","mainEntityOfPage":{"@id":"https:\/\/web.consaguirre.com.ar\/noticias\/communion-communion-de-don-cherry-se-une-a-la-serie-tone-poet-vinyl-de-blue-note\/"},"wordCount":366,"publisher":{"@id":"https:\/\/web.consaguirre.com.ar\/noticias\/#organization"},"image":{"@id":"https:\/\/web.consaguirre.com.ar\/noticias\/communion-communion-de-don-cherry-se-une-a-la-serie-tone-poet-vinyl-de-blue-note\/#primaryimage"},"thumbnailUrl":"https:\/\/web.consaguirre.com.ar\/noticias\/wp-content\/uploads\/2025\/07\/Communion-Communion-de-Don-Cherry-se-une-a-la-serie.jpg","keywords":["Blue","Cherry","Communion","Don","Note","Poet","serie","Tone","une","Vinyl"],"articleSection":["El \u00faltimo"],"inLanguage":"es-AR"},{"@type":"WebPage","@id":"https:\/\/web.consaguirre.com.ar\/noticias\/communion-communion-de-don-cherry-se-une-a-la-serie-tone-poet-vinyl-de-blue-note\/","url":"https:\/\/web.consaguirre.com.ar\/noticias\/communion-communion-de-don-cherry-se-une-a-la-serie-tone-poet-vinyl-de-blue-note\/","name":"'Communion' Communion 'de Don Cherry se une a la serie Tone Poet Vinyl de Blue Note","isPartOf":{"@id":"https:\/\/web.consaguirre.com.ar\/noticias\/#website"},"primaryImageOfPage":{"@id":"https:\/\/web.consaguirre.com.ar\/noticias\/communion-communion-de-don-cherry-se-une-a-la-serie-tone-poet-vinyl-de-blue-note\/#primaryimage"},"image":{"@id":"https:\/\/web.consaguirre.com.ar\/noticias\/communion-communion-de-don-cherry-se-une-a-la-serie-tone-poet-vinyl-de-blue-note\/#primaryimage"},"thumbnailUrl":"https:\/\/web.consaguirre.com.ar\/noticias\/wp-content\/uploads\/2025\/07\/Communion-Communion-de-Don-Cherry-se-une-a-la-serie.jpg","datePublished":"2025-07-11T23:40:58+00:00","dateModified":"2025-07-11T23:41:00+00:00","breadcrumb":{"@id":"https:\/\/web.consaguirre.com.ar\/noticias\/communion-communion-de-don-cherry-se-une-a-la-serie-tone-poet-vinyl-de-blue-note\/#breadcrumb"},"inLanguage":"es-AR","potentialAction":[{"@type":"ReadAction","target":["https:\/\/web.consaguirre.com.ar\/noticias\/communion-communion-de-don-cherry-se-une-a-la-serie-tone-poet-vinyl-de-blue-note\/"]}]},{"@type":"ImageObject","inLanguage":"es-AR","@id":"https:\/\/web.consaguirre.com.ar\/noticias\/communion-communion-de-don-cherry-se-une-a-la-serie-tone-poet-vinyl-de-blue-note\/#primaryimage","url":"https:\/\/web.consaguirre.com.ar\/noticias\/wp-content\/uploads\/2025\/07\/Communion-Communion-de-Don-Cherry-se-une-a-la-serie.jpg","contentUrl":"https:\/\/web.consaguirre.com.ar\/noticias\/wp-content\/uploads\/2025\/07\/Communion-Communion-de-Don-Cherry-se-une-a-la-serie.jpg","width":1280,"height":1280,"caption":"'Communion' Communion 'de Don Cherry se une a la serie Tone Poet Vinyl de Blue Note"},{"@type":"BreadcrumbList","@id":"https:\/\/web.consaguirre.com.ar\/noticias\/communion-communion-de-don-cherry-se-une-a-la-serie-tone-poet-vinyl-de-blue-note\/#breadcrumb","itemListElement":[{"@type":"ListItem","position":1,"name":"Inicio","item":"https:\/\/web.consaguirre.com.ar\/noticias\/"},{"@type":"ListItem","position":2,"name":"&#8216;Communion&#8217; Communion &#8216;de Don Cherry se une a la serie Tone Poet Vinyl de Blue Note"}]},{"@type":"WebSite","@id":"https:\/\/web.consaguirre.com.ar\/noticias\/#website","url":"https:\/\/web.consaguirre.com.ar\/noticias\/","name":"Conservatorio de M\u00fasica Juli\u00e1n Aguirre","description":"","publisher":{"@id":"https:\/\/web.consaguirre.com.ar\/noticias\/#organization"},"potentialAction":[{"@type":"SearchAction","target":{"@type":"EntryPoint","urlTemplate":"https:\/\/web.consaguirre.com.ar\/noticias\/?s={search_term_string}"},"query-input":"required name=search_term_string"}],"inLanguage":"es-AR"},{"@type":"Organization","@id":"https:\/\/web.consaguirre.com.ar\/noticias\/#organization","name":"Conservatorio de M\u00fasica Juli\u00e1n Aguirre","url":"https:\/\/web.consaguirre.com.ar\/noticias\/","logo":{"@type":"ImageObject","inLanguage":"es-AR","@id":"https:\/\/web.consaguirre.com.ar\/noticias\/#\/schema\/logo\/image\/","url":"https:\/\/web.consaguirre.com.ar\/noticias\/wp-content\/uploads\/2024\/08\/Banner-Aguirre-23.jpg","contentUrl":"https:\/\/web.consaguirre.com.ar\/noticias\/wp-content\/uploads\/2024\/08\/Banner-Aguirre-23.jpg","width":1192,"height":600,"caption":"Conservatorio de M\u00fasica Juli\u00e1n Aguirre"},"image":{"@id":"https:\/\/web.consaguirre.com.ar\/noticias\/#\/schema\/logo\/image\/"}},{"@type":"Person","@id":"https:\/\/web.consaguirre.com.ar\/noticias\/#\/schema\/person\/6558b0cfedee7ddc5425602b237d5722","name":"Javier Figueroa","image":{"@type":"ImageObject","inLanguage":"es-AR","@id":"https:\/\/web.consaguirre.com.ar\/noticias\/#\/schema\/person\/image\/","url":"https:\/\/web.consaguirre.com.ar\/noticias\/wp-content\/uploads\/2024\/08\/Consaguirre-scaled.jpg","contentUrl":"https:\/\/web.consaguirre.com.ar\/noticias\/wp-content\/uploads\/2024\/08\/Consaguirre-scaled.jpg","caption":"Javier Figueroa"},"description":"Me llamo Javier Figueroa y soy redactor para el sitio oficial del Conservatorio de M\u00fasica Juli\u00e1n Aguirre en Buenos Aires, consaguirre.com. Apasionado por la m\u00fasica y la escritura, me esfuerzo por destacar los talentos y eventos de nuestra prestigiosa instituci\u00f3n. Mi trayectoria se nutre de una profunda admiraci\u00f3n por los artistas, haciendo de cada art\u00edculo una celebraci\u00f3n de la creatividad y la cultura musical.","sameAs":["https:\/\/web.consaguirre.com.ar\/noticias"]}]}},"_links":{"self":[{"href":"https:\/\/web.consaguirre.com.ar\/noticias\/wp-json\/wp\/v2\/posts\/3155"}],"collection":[{"href":"https:\/\/web.consaguirre.com.ar\/noticias\/wp-json\/wp\/v2\/posts"}],"about":[{"href":"https:\/\/web.consaguirre.com.ar\/noticias\/wp-json\/wp\/v2\/types\/post"}],"author":[{"embeddable":true,"href":"https:\/\/web.consaguirre.com.ar\/noticias\/wp-json\/wp\/v2\/users\/1"}],"replies":[{"embeddable":true,"href":"https:\/\/web.consaguirre.com.ar\/noticias\/wp-json\/wp\/v2\/comments?post=3155"}],"version-history":[{"count":1,"href":"https:\/\/web.consaguirre.com.ar\/noticias\/wp-json\/wp\/v2\/posts\/3155\/revisions"}],"predecessor-version":[{"id":3157,"href":"https:\/\/web.consaguirre.com.ar\/noticias\/wp-json\/wp\/v2\/posts\/3155\/revisions\/3157"}],"wp:featuredmedia":[{"embeddable":true,"href":"https:\/\/web.consaguirre.com.ar\/noticias\/wp-json\/wp\/v2\/media\/3156"}],"wp:attachment":[{"href":"https:\/\/web.consaguirre.com.ar\/noticias\/wp-json\/wp\/v2\/media?parent=3155"}],"wp:term":[{"taxonomy":"category","embeddable":true,"href":"https:\/\/web.consaguirre.com.ar\/noticias\/wp-json\/wp\/v2\/categories?post=3155"},{"taxonomy":"post_tag","embeddable":true,"href":"https:\/\/web.consaguirre.com.ar\/noticias\/wp-json\/wp\/v2\/tags?post=3155"}],"curies":[{"name":"wp","href":"https:\/\/api.w.org\/{rel}","templated":true}]}}