{"id":3152,"date":"2025-07-11T17:39:13","date_gmt":"2025-07-11T20:39:13","guid":{"rendered":"https:\/\/web.consaguirre.com.ar\/noticias\/bob-marley-the-wailers-podia-ser-amado-obtiene-remix\/"},"modified":"2025-07-11T17:39:15","modified_gmt":"2025-07-11T20:39:15","slug":"bob-marley-the-wailers-podia-ser-amado-obtiene-remix","status":"publish","type":"post","link":"https:\/\/web.consaguirre.com.ar\/noticias\/bob-marley-the-wailers-podia-ser-amado-obtiene-remix\/","title":{"rendered":"Bob Marley &#038; The Wailers &#8221; \u00bfPod\u00eda ser amado &#8216;obtiene remix"},"content":{"rendered":"<p>&#8220;\u00bfPodr\u00eda ser amado&#8221;, la canci\u00f3n cl\u00e1sica de <strong>Bob Marley y The Wailers<\/strong>acaba de obtener un nuevo remix del DJ LP Giobbi. El remix proviene de la familia Marley, junto con Ume e Island Records, para celebrar el 45 aniversario del r\u00e9cord de Marley <strong><em>Levantamiento<\/em><\/strong>Lanzado originalmente en 1980.<\/p>\n<p>Cuando se lanz\u00f3 en 1980, &#8220;PEDE You Be Loved&#8221; fue un \u00e9xito en todo el mundo, trazando en todas partes desde Estados Unidos hasta Australia y aterrizando entre los cinco primeros de Irlanda, los Pa\u00edses Bajos y el Reino Unido. Desde entonces, la pista solo ha crecido en popularidad, con <em>Piedra rodante<\/em> Clasific\u00e1ndolo entre las 500 mejores canciones de todos los tiempos en su actualizaci\u00f3n 2021 de la lista. La canci\u00f3n tambi\u00e9n obtuvo un video musical por primera vez en 2022.<\/p>\n<div class=\"uD-YT-container\"><img decoding=\"async\" src=\"https:\/\/web.consaguirre.com.ar\/noticias\/wp-content\/uploads\/2025\/07\/1752266353_938_Bob-Marley-The-Wailers-\u00bfPodia-ser-amado-obtiene-remix.jpg\" alt=\"Video de YouTube\"><br \/>Haga clic para cargar video<\/div>\n<p>Por supuesto, la m\u00fasica y la influencia de Marley han durado mucho despu\u00e9s de su muerte prematura en 1981. Especialmente en los \u00faltimos a\u00f1os, su legado ha sido explorado en una variedad de medios, incluida la pel\u00edcula biogr\u00e1fica de 2024 <em>Bob Marley: Un amor<\/em>. Este a\u00f1o, la webser\u00edas <strong>&#8220;Bob Marley &#038; I&#8221; lanz\u00f3 seis episodios<\/strong>que presentan entrevistas con personas que conoc\u00edan personalmente a Marley como m\u00fasico y DJ Don Letts, la int\u00e9rprete Marcia Griffiths, el escritor Chris Salewicz y el fot\u00f3grafo Adrian Boots. El hijo de Marley, Ziggy, tambi\u00e9n volver\u00e1 a colocar el documental <em>Marley<\/em> El 15 de julio a trav\u00e9s de su compa\u00f1\u00eda mundial de Tuff Gong, llevando el DOC a las plataformas de transmisi\u00f3n y el DVD de edici\u00f3n de un coleccionista para la 80\u00aa Celebraci\u00f3n de Earthstrong.<\/p>\n<p>En cuanto al remixer LP Giobbi, su historia de combinar diferentes g\u00e9neros en la m\u00fasica de baile la hace un ajuste fuerte para este remix &#8220;podr\u00eda ser amado&#8221;. El DJ ha trabajado y recorrido con m\u00fasicos tan diversos como John Summit, Diplo, Dead &#038; Co, Black Coffee y Sofi Tukker, y aplica sus antecedentes como pianista de entrenamiento cl\u00e1sico para albergar m\u00fasica. Al combinar elementos de Techno and House con la pista original de Reggae de Marley, LP Giobbi puede traer algo nuevo a un cl\u00e1sico querido.<\/p><\/p>\n","protected":false},"excerpt":{"rendered":"<p>&#8220;\u00bfPodr\u00eda ser amado&#8221;, la canci\u00f3n cl\u00e1sica de Bob Marley y The Wailersacaba de obtener un nuevo remix del DJ LP Giobbi. El remix proviene de<\/p>\n","protected":false},"author":1,"featured_media":3153,"comment_status":"closed","ping_status":"","sticky":false,"template":"","format":"standard","meta":{"footnotes":""},"categories":[50],"tags":[2849,780,781,800,2848,1217,1906,2847],"class_list":["post-3152","post","type-post","status-publish","format-standard","has-post-thumbnail","hentry","category-el-ultimo","tag-amado","tag-bob","tag-marley","tag-obtiene","tag-podia","tag-remix","tag-ser","tag-wailers","generate-columns","tablet-grid-50","mobile-grid-100","grid-parent","grid-50"],"yoast_head":"<!-- This site is optimized with the Yoast SEO plugin v23.3 - https:\/\/yoast.com\/wordpress\/plugins\/seo\/ -->\n<title>Bob Marley &amp; The Wailers &#039;&#039; \u00bfPod\u00eda ser amado &#039;obtiene remix<\/title>\n<meta name=\"robots\" content=\"index, follow, max-snippet:-1, max-image-preview:large, max-video-preview:-1\" \/>\n<link rel=\"canonical\" href=\"https:\/\/web.consaguirre.com.ar\/noticias\/bob-marley-the-wailers-podia-ser-amado-obtiene-remix\/\" \/>\n<meta property=\"og:locale\" content=\"es_ES\" \/>\n<meta property=\"og:type\" content=\"article\" \/>\n<meta property=\"og:title\" content=\"Bob Marley &amp; The Wailers &#039;&#039; \u00bfPod\u00eda ser amado &#039;obtiene remix\" \/>\n<meta property=\"og:description\" content=\"&#8220;\u00bfPodr\u00eda ser amado&#8221;, la canci\u00f3n cl\u00e1sica de Bob Marley y The Wailersacaba de obtener un nuevo remix del DJ LP Giobbi. El remix proviene de\" \/>\n<meta property=\"og:url\" content=\"https:\/\/web.consaguirre.com.ar\/noticias\/bob-marley-the-wailers-podia-ser-amado-obtiene-remix\/\" \/>\n<meta property=\"og:site_name\" content=\"Conservatorio de M\u00fasica Juli\u00e1n Aguirre\" \/>\n<meta property=\"article:published_time\" content=\"2025-07-11T20:39:13+00:00\" \/>\n<meta property=\"article:modified_time\" content=\"2025-07-11T20:39:15+00:00\" \/>\n<meta property=\"og:image\" content=\"https:\/\/web.consaguirre.com.ar\/noticias\/wp-content\/uploads\/2025\/07\/Bob-Marley-The-Wailers-\u00bfPodia-ser-amado-obtiene-remix.jpg\" \/>\n\t<meta property=\"og:image:width\" content=\"1280\" \/>\n\t<meta property=\"og:image:height\" content=\"1280\" \/>\n\t<meta property=\"og:image:type\" content=\"image\/jpeg\" \/>\n<meta name=\"author\" content=\"Javier Figueroa\" \/>\n<meta name=\"twitter:card\" content=\"summary_large_image\" \/>\n<meta name=\"twitter:label1\" content=\"Escrito por\" \/>\n\t<meta name=\"twitter:data1\" content=\"Javier Figueroa\" \/>\n\t<meta name=\"twitter:label2\" content=\"Tiempo de lectura\" \/>\n\t<meta name=\"twitter:data2\" content=\"2 minutos\" \/>\n<script type=\"application\/ld+json\" class=\"yoast-schema-graph\">{\"@context\":\"https:\/\/schema.org\",\"@graph\":[{\"@type\":\"Article\",\"@id\":\"https:\/\/web.consaguirre.com.ar\/noticias\/bob-marley-the-wailers-podia-ser-amado-obtiene-remix\/#article\",\"isPartOf\":{\"@id\":\"https:\/\/web.consaguirre.com.ar\/noticias\/bob-marley-the-wailers-podia-ser-amado-obtiene-remix\/\"},\"author\":{\"name\":\"Javier Figueroa\",\"@id\":\"https:\/\/web.consaguirre.com.ar\/noticias\/#\/schema\/person\/6558b0cfedee7ddc5425602b237d5722\"},\"headline\":\"Bob Marley &#038; The Wailers &#8221; \u00bfPod\u00eda ser amado &#8216;obtiene remix\",\"datePublished\":\"2025-07-11T20:39:13+00:00\",\"dateModified\":\"2025-07-11T20:39:15+00:00\",\"mainEntityOfPage\":{\"@id\":\"https:\/\/web.consaguirre.com.ar\/noticias\/bob-marley-the-wailers-podia-ser-amado-obtiene-remix\/\"},\"wordCount\":382,\"publisher\":{\"@id\":\"https:\/\/web.consaguirre.com.ar\/noticias\/#organization\"},\"image\":{\"@id\":\"https:\/\/web.consaguirre.com.ar\/noticias\/bob-marley-the-wailers-podia-ser-amado-obtiene-remix\/#primaryimage\"},\"thumbnailUrl\":\"https:\/\/web.consaguirre.com.ar\/noticias\/wp-content\/uploads\/2025\/07\/Bob-Marley-The-Wailers-\u00bfPodia-ser-amado-obtiene-remix.jpg\",\"keywords\":[\"amado\",\"Bob\",\"Marley\",\"obtiene\",\"Pod\u00eda\",\"remix\",\"ser\",\"Wailers\"],\"articleSection\":[\"El \u00faltimo\"],\"inLanguage\":\"es-AR\"},{\"@type\":\"WebPage\",\"@id\":\"https:\/\/web.consaguirre.com.ar\/noticias\/bob-marley-the-wailers-podia-ser-amado-obtiene-remix\/\",\"url\":\"https:\/\/web.consaguirre.com.ar\/noticias\/bob-marley-the-wailers-podia-ser-amado-obtiene-remix\/\",\"name\":\"Bob Marley & The Wailers '' \u00bfPod\u00eda ser amado 'obtiene remix\",\"isPartOf\":{\"@id\":\"https:\/\/web.consaguirre.com.ar\/noticias\/#website\"},\"primaryImageOfPage\":{\"@id\":\"https:\/\/web.consaguirre.com.ar\/noticias\/bob-marley-the-wailers-podia-ser-amado-obtiene-remix\/#primaryimage\"},\"image\":{\"@id\":\"https:\/\/web.consaguirre.com.ar\/noticias\/bob-marley-the-wailers-podia-ser-amado-obtiene-remix\/#primaryimage\"},\"thumbnailUrl\":\"https:\/\/web.consaguirre.com.ar\/noticias\/wp-content\/uploads\/2025\/07\/Bob-Marley-The-Wailers-\u00bfPodia-ser-amado-obtiene-remix.jpg\",\"datePublished\":\"2025-07-11T20:39:13+00:00\",\"dateModified\":\"2025-07-11T20:39:15+00:00\",\"breadcrumb\":{\"@id\":\"https:\/\/web.consaguirre.com.ar\/noticias\/bob-marley-the-wailers-podia-ser-amado-obtiene-remix\/#breadcrumb\"},\"inLanguage\":\"es-AR\",\"potentialAction\":[{\"@type\":\"ReadAction\",\"target\":[\"https:\/\/web.consaguirre.com.ar\/noticias\/bob-marley-the-wailers-podia-ser-amado-obtiene-remix\/\"]}]},{\"@type\":\"ImageObject\",\"inLanguage\":\"es-AR\",\"@id\":\"https:\/\/web.consaguirre.com.ar\/noticias\/bob-marley-the-wailers-podia-ser-amado-obtiene-remix\/#primaryimage\",\"url\":\"https:\/\/web.consaguirre.com.ar\/noticias\/wp-content\/uploads\/2025\/07\/Bob-Marley-The-Wailers-\u00bfPodia-ser-amado-obtiene-remix.jpg\",\"contentUrl\":\"https:\/\/web.consaguirre.com.ar\/noticias\/wp-content\/uploads\/2025\/07\/Bob-Marley-The-Wailers-\u00bfPodia-ser-amado-obtiene-remix.jpg\",\"width\":1280,\"height\":1280,\"caption\":\"Bob Marley & The Wailers '' \u00bfPod\u00eda ser amado 'obtiene remix\"},{\"@type\":\"BreadcrumbList\",\"@id\":\"https:\/\/web.consaguirre.com.ar\/noticias\/bob-marley-the-wailers-podia-ser-amado-obtiene-remix\/#breadcrumb\",\"itemListElement\":[{\"@type\":\"ListItem\",\"position\":1,\"name\":\"Inicio\",\"item\":\"https:\/\/web.consaguirre.com.ar\/noticias\/\"},{\"@type\":\"ListItem\",\"position\":2,\"name\":\"Bob Marley &#038; The Wailers &#8221; \u00bfPod\u00eda ser amado &#8216;obtiene remix\"}]},{\"@type\":\"WebSite\",\"@id\":\"https:\/\/web.consaguirre.com.ar\/noticias\/#website\",\"url\":\"https:\/\/web.consaguirre.com.ar\/noticias\/\",\"name\":\"Conservatorio de M\u00fasica Juli\u00e1n Aguirre\",\"description\":\"\",\"publisher\":{\"@id\":\"https:\/\/web.consaguirre.com.ar\/noticias\/#organization\"},\"potentialAction\":[{\"@type\":\"SearchAction\",\"target\":{\"@type\":\"EntryPoint\",\"urlTemplate\":\"https:\/\/web.consaguirre.com.ar\/noticias\/?s={search_term_string}\"},\"query-input\":\"required name=search_term_string\"}],\"inLanguage\":\"es-AR\"},{\"@type\":\"Organization\",\"@id\":\"https:\/\/web.consaguirre.com.ar\/noticias\/#organization\",\"name\":\"Conservatorio de M\u00fasica Juli\u00e1n Aguirre\",\"url\":\"https:\/\/web.consaguirre.com.ar\/noticias\/\",\"logo\":{\"@type\":\"ImageObject\",\"inLanguage\":\"es-AR\",\"@id\":\"https:\/\/web.consaguirre.com.ar\/noticias\/#\/schema\/logo\/image\/\",\"url\":\"https:\/\/web.consaguirre.com.ar\/noticias\/wp-content\/uploads\/2024\/08\/Banner-Aguirre-23.jpg\",\"contentUrl\":\"https:\/\/web.consaguirre.com.ar\/noticias\/wp-content\/uploads\/2024\/08\/Banner-Aguirre-23.jpg\",\"width\":1192,\"height\":600,\"caption\":\"Conservatorio de M\u00fasica Juli\u00e1n Aguirre\"},\"image\":{\"@id\":\"https:\/\/web.consaguirre.com.ar\/noticias\/#\/schema\/logo\/image\/\"}},{\"@type\":\"Person\",\"@id\":\"https:\/\/web.consaguirre.com.ar\/noticias\/#\/schema\/person\/6558b0cfedee7ddc5425602b237d5722\",\"name\":\"Javier Figueroa\",\"image\":{\"@type\":\"ImageObject\",\"inLanguage\":\"es-AR\",\"@id\":\"https:\/\/web.consaguirre.com.ar\/noticias\/#\/schema\/person\/image\/\",\"url\":\"https:\/\/web.consaguirre.com.ar\/noticias\/wp-content\/uploads\/2024\/08\/Consaguirre-scaled.jpg\",\"contentUrl\":\"https:\/\/web.consaguirre.com.ar\/noticias\/wp-content\/uploads\/2024\/08\/Consaguirre-scaled.jpg\",\"caption\":\"Javier Figueroa\"},\"description\":\"Me llamo Javier Figueroa y soy redactor para el sitio oficial del Conservatorio de M\u00fasica Juli\u00e1n Aguirre en Buenos Aires, consaguirre.com. Apasionado por la m\u00fasica y la escritura, me esfuerzo por destacar los talentos y eventos de nuestra prestigiosa instituci\u00f3n. Mi trayectoria se nutre de una profunda admiraci\u00f3n por los artistas, haciendo de cada art\u00edculo una celebraci\u00f3n de la creatividad y la cultura musical.\",\"sameAs\":[\"https:\/\/web.consaguirre.com.ar\/noticias\"]}]}<\/script>\n<!-- \/ Yoast SEO plugin. -->","yoast_head_json":{"title":"Bob Marley & The Wailers '' \u00bfPod\u00eda ser amado 'obtiene remix","robots":{"index":"index","follow":"follow","max-snippet":"max-snippet:-1","max-image-preview":"max-image-preview:large","max-video-preview":"max-video-preview:-1"},"canonical":"https:\/\/web.consaguirre.com.ar\/noticias\/bob-marley-the-wailers-podia-ser-amado-obtiene-remix\/","og_locale":"es_ES","og_type":"article","og_title":"Bob Marley & The Wailers '' \u00bfPod\u00eda ser amado 'obtiene remix","og_description":"&#8220;\u00bfPodr\u00eda ser amado&#8221;, la canci\u00f3n cl\u00e1sica de Bob Marley y The Wailersacaba de obtener un nuevo remix del DJ LP Giobbi. El remix proviene de","og_url":"https:\/\/web.consaguirre.com.ar\/noticias\/bob-marley-the-wailers-podia-ser-amado-obtiene-remix\/","og_site_name":"Conservatorio de M\u00fasica Juli\u00e1n Aguirre","article_published_time":"2025-07-11T20:39:13+00:00","article_modified_time":"2025-07-11T20:39:15+00:00","og_image":[{"width":1280,"height":1280,"url":"https:\/\/web.consaguirre.com.ar\/noticias\/wp-content\/uploads\/2025\/07\/Bob-Marley-The-Wailers-\u00bfPodia-ser-amado-obtiene-remix.jpg","type":"image\/jpeg"}],"author":"Javier Figueroa","twitter_card":"summary_large_image","twitter_misc":{"Escrito por":"Javier Figueroa","Tiempo de lectura":"2 minutos"},"schema":{"@context":"https:\/\/schema.org","@graph":[{"@type":"Article","@id":"https:\/\/web.consaguirre.com.ar\/noticias\/bob-marley-the-wailers-podia-ser-amado-obtiene-remix\/#article","isPartOf":{"@id":"https:\/\/web.consaguirre.com.ar\/noticias\/bob-marley-the-wailers-podia-ser-amado-obtiene-remix\/"},"author":{"name":"Javier Figueroa","@id":"https:\/\/web.consaguirre.com.ar\/noticias\/#\/schema\/person\/6558b0cfedee7ddc5425602b237d5722"},"headline":"Bob Marley &#038; The Wailers &#8221; \u00bfPod\u00eda ser amado &#8216;obtiene remix","datePublished":"2025-07-11T20:39:13+00:00","dateModified":"2025-07-11T20:39:15+00:00","mainEntityOfPage":{"@id":"https:\/\/web.consaguirre.com.ar\/noticias\/bob-marley-the-wailers-podia-ser-amado-obtiene-remix\/"},"wordCount":382,"publisher":{"@id":"https:\/\/web.consaguirre.com.ar\/noticias\/#organization"},"image":{"@id":"https:\/\/web.consaguirre.com.ar\/noticias\/bob-marley-the-wailers-podia-ser-amado-obtiene-remix\/#primaryimage"},"thumbnailUrl":"https:\/\/web.consaguirre.com.ar\/noticias\/wp-content\/uploads\/2025\/07\/Bob-Marley-The-Wailers-\u00bfPodia-ser-amado-obtiene-remix.jpg","keywords":["amado","Bob","Marley","obtiene","Pod\u00eda","remix","ser","Wailers"],"articleSection":["El \u00faltimo"],"inLanguage":"es-AR"},{"@type":"WebPage","@id":"https:\/\/web.consaguirre.com.ar\/noticias\/bob-marley-the-wailers-podia-ser-amado-obtiene-remix\/","url":"https:\/\/web.consaguirre.com.ar\/noticias\/bob-marley-the-wailers-podia-ser-amado-obtiene-remix\/","name":"Bob Marley & The Wailers '' \u00bfPod\u00eda ser amado 'obtiene remix","isPartOf":{"@id":"https:\/\/web.consaguirre.com.ar\/noticias\/#website"},"primaryImageOfPage":{"@id":"https:\/\/web.consaguirre.com.ar\/noticias\/bob-marley-the-wailers-podia-ser-amado-obtiene-remix\/#primaryimage"},"image":{"@id":"https:\/\/web.consaguirre.com.ar\/noticias\/bob-marley-the-wailers-podia-ser-amado-obtiene-remix\/#primaryimage"},"thumbnailUrl":"https:\/\/web.consaguirre.com.ar\/noticias\/wp-content\/uploads\/2025\/07\/Bob-Marley-The-Wailers-\u00bfPodia-ser-amado-obtiene-remix.jpg","datePublished":"2025-07-11T20:39:13+00:00","dateModified":"2025-07-11T20:39:15+00:00","breadcrumb":{"@id":"https:\/\/web.consaguirre.com.ar\/noticias\/bob-marley-the-wailers-podia-ser-amado-obtiene-remix\/#breadcrumb"},"inLanguage":"es-AR","potentialAction":[{"@type":"ReadAction","target":["https:\/\/web.consaguirre.com.ar\/noticias\/bob-marley-the-wailers-podia-ser-amado-obtiene-remix\/"]}]},{"@type":"ImageObject","inLanguage":"es-AR","@id":"https:\/\/web.consaguirre.com.ar\/noticias\/bob-marley-the-wailers-podia-ser-amado-obtiene-remix\/#primaryimage","url":"https:\/\/web.consaguirre.com.ar\/noticias\/wp-content\/uploads\/2025\/07\/Bob-Marley-The-Wailers-\u00bfPodia-ser-amado-obtiene-remix.jpg","contentUrl":"https:\/\/web.consaguirre.com.ar\/noticias\/wp-content\/uploads\/2025\/07\/Bob-Marley-The-Wailers-\u00bfPodia-ser-amado-obtiene-remix.jpg","width":1280,"height":1280,"caption":"Bob Marley & The Wailers '' \u00bfPod\u00eda ser amado 'obtiene remix"},{"@type":"BreadcrumbList","@id":"https:\/\/web.consaguirre.com.ar\/noticias\/bob-marley-the-wailers-podia-ser-amado-obtiene-remix\/#breadcrumb","itemListElement":[{"@type":"ListItem","position":1,"name":"Inicio","item":"https:\/\/web.consaguirre.com.ar\/noticias\/"},{"@type":"ListItem","position":2,"name":"Bob Marley &#038; The Wailers &#8221; \u00bfPod\u00eda ser amado &#8216;obtiene remix"}]},{"@type":"WebSite","@id":"https:\/\/web.consaguirre.com.ar\/noticias\/#website","url":"https:\/\/web.consaguirre.com.ar\/noticias\/","name":"Conservatorio de M\u00fasica Juli\u00e1n Aguirre","description":"","publisher":{"@id":"https:\/\/web.consaguirre.com.ar\/noticias\/#organization"},"potentialAction":[{"@type":"SearchAction","target":{"@type":"EntryPoint","urlTemplate":"https:\/\/web.consaguirre.com.ar\/noticias\/?s={search_term_string}"},"query-input":"required name=search_term_string"}],"inLanguage":"es-AR"},{"@type":"Organization","@id":"https:\/\/web.consaguirre.com.ar\/noticias\/#organization","name":"Conservatorio de M\u00fasica Juli\u00e1n Aguirre","url":"https:\/\/web.consaguirre.com.ar\/noticias\/","logo":{"@type":"ImageObject","inLanguage":"es-AR","@id":"https:\/\/web.consaguirre.com.ar\/noticias\/#\/schema\/logo\/image\/","url":"https:\/\/web.consaguirre.com.ar\/noticias\/wp-content\/uploads\/2024\/08\/Banner-Aguirre-23.jpg","contentUrl":"https:\/\/web.consaguirre.com.ar\/noticias\/wp-content\/uploads\/2024\/08\/Banner-Aguirre-23.jpg","width":1192,"height":600,"caption":"Conservatorio de M\u00fasica Juli\u00e1n Aguirre"},"image":{"@id":"https:\/\/web.consaguirre.com.ar\/noticias\/#\/schema\/logo\/image\/"}},{"@type":"Person","@id":"https:\/\/web.consaguirre.com.ar\/noticias\/#\/schema\/person\/6558b0cfedee7ddc5425602b237d5722","name":"Javier Figueroa","image":{"@type":"ImageObject","inLanguage":"es-AR","@id":"https:\/\/web.consaguirre.com.ar\/noticias\/#\/schema\/person\/image\/","url":"https:\/\/web.consaguirre.com.ar\/noticias\/wp-content\/uploads\/2024\/08\/Consaguirre-scaled.jpg","contentUrl":"https:\/\/web.consaguirre.com.ar\/noticias\/wp-content\/uploads\/2024\/08\/Consaguirre-scaled.jpg","caption":"Javier Figueroa"},"description":"Me llamo Javier Figueroa y soy redactor para el sitio oficial del Conservatorio de M\u00fasica Juli\u00e1n Aguirre en Buenos Aires, consaguirre.com. Apasionado por la m\u00fasica y la escritura, me esfuerzo por destacar los talentos y eventos de nuestra prestigiosa instituci\u00f3n. Mi trayectoria se nutre de una profunda admiraci\u00f3n por los artistas, haciendo de cada art\u00edculo una celebraci\u00f3n de la creatividad y la cultura musical.","sameAs":["https:\/\/web.consaguirre.com.ar\/noticias"]}]}},"_links":{"self":[{"href":"https:\/\/web.consaguirre.com.ar\/noticias\/wp-json\/wp\/v2\/posts\/3152"}],"collection":[{"href":"https:\/\/web.consaguirre.com.ar\/noticias\/wp-json\/wp\/v2\/posts"}],"about":[{"href":"https:\/\/web.consaguirre.com.ar\/noticias\/wp-json\/wp\/v2\/types\/post"}],"author":[{"embeddable":true,"href":"https:\/\/web.consaguirre.com.ar\/noticias\/wp-json\/wp\/v2\/users\/1"}],"replies":[{"embeddable":true,"href":"https:\/\/web.consaguirre.com.ar\/noticias\/wp-json\/wp\/v2\/comments?post=3152"}],"version-history":[{"count":1,"href":"https:\/\/web.consaguirre.com.ar\/noticias\/wp-json\/wp\/v2\/posts\/3152\/revisions"}],"predecessor-version":[{"id":3154,"href":"https:\/\/web.consaguirre.com.ar\/noticias\/wp-json\/wp\/v2\/posts\/3152\/revisions\/3154"}],"wp:featuredmedia":[{"embeddable":true,"href":"https:\/\/web.consaguirre.com.ar\/noticias\/wp-json\/wp\/v2\/media\/3153"}],"wp:attachment":[{"href":"https:\/\/web.consaguirre.com.ar\/noticias\/wp-json\/wp\/v2\/media?parent=3152"}],"wp:term":[{"taxonomy":"category","embeddable":true,"href":"https:\/\/web.consaguirre.com.ar\/noticias\/wp-json\/wp\/v2\/categories?post=3152"},{"taxonomy":"post_tag","embeddable":true,"href":"https:\/\/web.consaguirre.com.ar\/noticias\/wp-json\/wp\/v2\/tags?post=3152"}],"curies":[{"name":"wp","href":"https:\/\/api.w.org\/{rel}","templated":true}]}}