{"id":3146,"date":"2025-07-11T11:39:04","date_gmt":"2025-07-11T14:39:04","guid":{"rendered":"https:\/\/web.consaguirre.com.ar\/noticias\/la-banda-sonora-de-la-pelicula-original-de-the-breakfast-club-llega-a-vinyl\/"},"modified":"2025-07-11T11:39:05","modified_gmt":"2025-07-11T14:39:05","slug":"la-banda-sonora-de-la-pelicula-original-de-the-breakfast-club-llega-a-vinyl","status":"publish","type":"post","link":"https:\/\/web.consaguirre.com.ar\/noticias\/la-banda-sonora-de-la-pelicula-original-de-the-breakfast-club-llega-a-vinyl\/","title":{"rendered":"La banda sonora de la pel\u00edcula original de &#8216;The Breakfast Club&#8217; llega a Vinyl"},"content":{"rendered":"<p>La banda sonora de 1985 <em>El club de desayuno<\/em> est\u00e1 programado para ser liberado en el vinilo para celebrar el 40 aniversario de la pel\u00edcula que define la generaci\u00f3n. Es conocido por su elenco de conjunto All-Star que inclu\u00eda a Emilio Est\u00e9vez, Paul Gleason, Anthony Michael Hall, Judd Nelson, Molly Ringwald y Ally Sheedy.<\/p>\n<p>El lanzamiento de vinilo de edici\u00f3n limitada estar\u00e1 disponible en un color rojo de fruta. La compilaci\u00f3n tambi\u00e9n incluye nuevas fotos in\u00e9ditas de tomas detr\u00e1s de escena de la pel\u00edcula y un sencillo de 7 &#8220;de Simple Simple Minds&#8221; &#8220;<strong>\u00bfNo lo haces (olv\u00eddate de mi)?<\/strong>&#8220;En su chaqueta de lanzamiento original. La canci\u00f3n, que encabez\u00f3 el Billboard Hot 100, recibi\u00f3 un reconocimiento masivo de su aparici\u00f3n en la escena final de la pel\u00edcula.<\/p>\n<div class=\"uD-YT-container\"><img decoding=\"async\" src=\"https:\/\/web.consaguirre.com.ar\/noticias\/wp-content\/uploads\/2025\/07\/1752244744_881_La-banda-sonora-de-la-pelicula-original-de-The-Breakfast.jpg\" alt=\"Video de YouTube\"><br \/>Haga clic para cargar video<\/div>\n<p>La banda sonora original de la pel\u00edcula fue producida por el m\u00fasico pop brit\u00e1nico Keith Forsey y lleg\u00f3 al n\u00famero 17 en la lista Billboard 200. Junto con &#8220;Don&#8217;t You (Olvidy About Me)&#8221;, presenta canciones como &#8220;Waiting&#8221; de Eg Daily, &#8220;Fire in the Twilight&#8221; de Wang Chung, &#8220;I&#8217;m the Dude&#8221; de Keith Forsey y &#8220;Heart to Hold&#8221; de Jesse Johnson con Stephanie Spruill.<\/p>\n<p><em>El club de desayuno<\/em> es una de las pel\u00edculas mayores de la mayor\u00eda de edad de los a\u00f1os 80, escrita, producida y dirigida por el difunto John Hughes, que tambi\u00e9n era conocido por pel\u00edculas ic\u00f3nicas de adolescentes como <em>Diecis\u00e9is velas<\/em> y <em>El d\u00eda libre de Ferris Bueller<\/em>. Sigue a cinco estudiantes de secundaria de diferentes camarillas sociales que se encuentran pasando un d\u00eda juntos en detenci\u00f3n: el acad\u00e9mico socialmente inc\u00f3modo Brian Johnson (Hall), el luchador del equipo universitario Andrew Clark (Est\u00e9vez), una solitaria retraida Allison Reynolds (Sheedy), la popular ni\u00f1a Claire Standish (Ringwald) y la delincuente Rebelled John Bender (Nelson).<\/p>\n<p>En abril, el elenco principal se reuni\u00f3 por primera vez en 40 a\u00f1os en la Expo de Comics y Entertainment de Chicago. &#8220;Hughes nos explic\u00f3 las diferencias entre los j\u00f3venes y los viejos, por lo que ahora es el momento de que \u00e9l nos muestre d\u00f3nde nos encontramos al final, porque todos somos mayores ahora&#8221;, dijo Judd Nelson.<\/p>\n<p><strong>Orden <em>El club de desayuno<\/em> Banda sonora en vinilo ahora.<\/strong><\/p>\n","protected":false},"excerpt":{"rendered":"<p>La banda sonora de 1985 El club de desayuno est\u00e1 programado para ser liberado en el vinilo para celebrar el 40 aniversario de la pel\u00edcula<\/p>\n","protected":false},"author":1,"featured_media":3147,"comment_status":"closed","ping_status":"","sticky":false,"template":"","format":"standard","meta":{"footnotes":""},"categories":[50],"tags":[471,2845,247,542,1646,321,112,1997],"class_list":["post-3146","post","type-post","status-publish","format-standard","has-post-thumbnail","hentry","category-el-ultimo","tag-banda","tag-breakfast","tag-club","tag-llega","tag-original","tag-pelicula","tag-sonora","tag-vinyl","generate-columns","tablet-grid-50","mobile-grid-100","grid-parent","grid-50"],"yoast_head":"<!-- This site is optimized with the Yoast SEO plugin v23.3 - https:\/\/yoast.com\/wordpress\/plugins\/seo\/ -->\n<title>La banda sonora de la pel\u00edcula original de &#039;The Breakfast Club&#039; llega a Vinyl<\/title>\n<meta name=\"robots\" content=\"index, follow, max-snippet:-1, max-image-preview:large, max-video-preview:-1\" \/>\n<link rel=\"canonical\" href=\"https:\/\/web.consaguirre.com.ar\/noticias\/la-banda-sonora-de-la-pelicula-original-de-the-breakfast-club-llega-a-vinyl\/\" \/>\n<meta property=\"og:locale\" content=\"es_ES\" \/>\n<meta property=\"og:type\" content=\"article\" \/>\n<meta property=\"og:title\" content=\"La banda sonora de la pel\u00edcula original de &#039;The Breakfast Club&#039; llega a Vinyl\" \/>\n<meta property=\"og:description\" content=\"La banda sonora de 1985 El club de desayuno est\u00e1 programado para ser liberado en el vinilo para celebrar el 40 aniversario de la pel\u00edcula\" \/>\n<meta property=\"og:url\" content=\"https:\/\/web.consaguirre.com.ar\/noticias\/la-banda-sonora-de-la-pelicula-original-de-the-breakfast-club-llega-a-vinyl\/\" \/>\n<meta property=\"og:site_name\" content=\"Conservatorio de M\u00fasica Juli\u00e1n Aguirre\" \/>\n<meta property=\"article:published_time\" content=\"2025-07-11T14:39:04+00:00\" \/>\n<meta property=\"article:modified_time\" content=\"2025-07-11T14:39:05+00:00\" \/>\n<meta property=\"og:image\" content=\"https:\/\/web.consaguirre.com.ar\/noticias\/wp-content\/uploads\/2025\/07\/La-banda-sonora-de-la-pelicula-original-de-The-Breakfast.jpg\" \/>\n\t<meta property=\"og:image:width\" content=\"1440\" \/>\n\t<meta property=\"og:image:height\" content=\"864\" \/>\n\t<meta property=\"og:image:type\" content=\"image\/jpeg\" \/>\n<meta name=\"author\" content=\"Javier Figueroa\" \/>\n<meta name=\"twitter:card\" content=\"summary_large_image\" \/>\n<meta name=\"twitter:label1\" content=\"Escrito por\" \/>\n\t<meta name=\"twitter:data1\" content=\"Javier Figueroa\" \/>\n\t<meta name=\"twitter:label2\" content=\"Tiempo de lectura\" \/>\n\t<meta name=\"twitter:data2\" content=\"2 minutos\" \/>\n<script type=\"application\/ld+json\" class=\"yoast-schema-graph\">{\"@context\":\"https:\/\/schema.org\",\"@graph\":[{\"@type\":\"Article\",\"@id\":\"https:\/\/web.consaguirre.com.ar\/noticias\/la-banda-sonora-de-la-pelicula-original-de-the-breakfast-club-llega-a-vinyl\/#article\",\"isPartOf\":{\"@id\":\"https:\/\/web.consaguirre.com.ar\/noticias\/la-banda-sonora-de-la-pelicula-original-de-the-breakfast-club-llega-a-vinyl\/\"},\"author\":{\"name\":\"Javier Figueroa\",\"@id\":\"https:\/\/web.consaguirre.com.ar\/noticias\/#\/schema\/person\/6558b0cfedee7ddc5425602b237d5722\"},\"headline\":\"La banda sonora de la pel\u00edcula original de &#8216;The Breakfast Club&#8217; llega a Vinyl\",\"datePublished\":\"2025-07-11T14:39:04+00:00\",\"dateModified\":\"2025-07-11T14:39:05+00:00\",\"mainEntityOfPage\":{\"@id\":\"https:\/\/web.consaguirre.com.ar\/noticias\/la-banda-sonora-de-la-pelicula-original-de-the-breakfast-club-llega-a-vinyl\/\"},\"wordCount\":407,\"publisher\":{\"@id\":\"https:\/\/web.consaguirre.com.ar\/noticias\/#organization\"},\"image\":{\"@id\":\"https:\/\/web.consaguirre.com.ar\/noticias\/la-banda-sonora-de-la-pelicula-original-de-the-breakfast-club-llega-a-vinyl\/#primaryimage\"},\"thumbnailUrl\":\"https:\/\/web.consaguirre.com.ar\/noticias\/wp-content\/uploads\/2025\/07\/La-banda-sonora-de-la-pelicula-original-de-The-Breakfast.jpg\",\"keywords\":[\"banda\",\"Breakfast\",\"club\",\"llega\",\"Original\",\"pel\u00edcula\",\"Sonora\",\"Vinyl\"],\"articleSection\":[\"El \u00faltimo\"],\"inLanguage\":\"es-AR\"},{\"@type\":\"WebPage\",\"@id\":\"https:\/\/web.consaguirre.com.ar\/noticias\/la-banda-sonora-de-la-pelicula-original-de-the-breakfast-club-llega-a-vinyl\/\",\"url\":\"https:\/\/web.consaguirre.com.ar\/noticias\/la-banda-sonora-de-la-pelicula-original-de-the-breakfast-club-llega-a-vinyl\/\",\"name\":\"La banda sonora de la pel\u00edcula original de 'The Breakfast Club' llega a Vinyl\",\"isPartOf\":{\"@id\":\"https:\/\/web.consaguirre.com.ar\/noticias\/#website\"},\"primaryImageOfPage\":{\"@id\":\"https:\/\/web.consaguirre.com.ar\/noticias\/la-banda-sonora-de-la-pelicula-original-de-the-breakfast-club-llega-a-vinyl\/#primaryimage\"},\"image\":{\"@id\":\"https:\/\/web.consaguirre.com.ar\/noticias\/la-banda-sonora-de-la-pelicula-original-de-the-breakfast-club-llega-a-vinyl\/#primaryimage\"},\"thumbnailUrl\":\"https:\/\/web.consaguirre.com.ar\/noticias\/wp-content\/uploads\/2025\/07\/La-banda-sonora-de-la-pelicula-original-de-The-Breakfast.jpg\",\"datePublished\":\"2025-07-11T14:39:04+00:00\",\"dateModified\":\"2025-07-11T14:39:05+00:00\",\"breadcrumb\":{\"@id\":\"https:\/\/web.consaguirre.com.ar\/noticias\/la-banda-sonora-de-la-pelicula-original-de-the-breakfast-club-llega-a-vinyl\/#breadcrumb\"},\"inLanguage\":\"es-AR\",\"potentialAction\":[{\"@type\":\"ReadAction\",\"target\":[\"https:\/\/web.consaguirre.com.ar\/noticias\/la-banda-sonora-de-la-pelicula-original-de-the-breakfast-club-llega-a-vinyl\/\"]}]},{\"@type\":\"ImageObject\",\"inLanguage\":\"es-AR\",\"@id\":\"https:\/\/web.consaguirre.com.ar\/noticias\/la-banda-sonora-de-la-pelicula-original-de-the-breakfast-club-llega-a-vinyl\/#primaryimage\",\"url\":\"https:\/\/web.consaguirre.com.ar\/noticias\/wp-content\/uploads\/2025\/07\/La-banda-sonora-de-la-pelicula-original-de-The-Breakfast.jpg\",\"contentUrl\":\"https:\/\/web.consaguirre.com.ar\/noticias\/wp-content\/uploads\/2025\/07\/La-banda-sonora-de-la-pelicula-original-de-The-Breakfast.jpg\",\"width\":1440,\"height\":864,\"caption\":\"La banda sonora de la pel\u00edcula original de 'The Breakfast Club' llega a Vinyl\"},{\"@type\":\"BreadcrumbList\",\"@id\":\"https:\/\/web.consaguirre.com.ar\/noticias\/la-banda-sonora-de-la-pelicula-original-de-the-breakfast-club-llega-a-vinyl\/#breadcrumb\",\"itemListElement\":[{\"@type\":\"ListItem\",\"position\":1,\"name\":\"Inicio\",\"item\":\"https:\/\/web.consaguirre.com.ar\/noticias\/\"},{\"@type\":\"ListItem\",\"position\":2,\"name\":\"La banda sonora de la pel\u00edcula original de &#8216;The Breakfast Club&#8217; llega a Vinyl\"}]},{\"@type\":\"WebSite\",\"@id\":\"https:\/\/web.consaguirre.com.ar\/noticias\/#website\",\"url\":\"https:\/\/web.consaguirre.com.ar\/noticias\/\",\"name\":\"Conservatorio de M\u00fasica Juli\u00e1n Aguirre\",\"description\":\"\",\"publisher\":{\"@id\":\"https:\/\/web.consaguirre.com.ar\/noticias\/#organization\"},\"potentialAction\":[{\"@type\":\"SearchAction\",\"target\":{\"@type\":\"EntryPoint\",\"urlTemplate\":\"https:\/\/web.consaguirre.com.ar\/noticias\/?s={search_term_string}\"},\"query-input\":\"required name=search_term_string\"}],\"inLanguage\":\"es-AR\"},{\"@type\":\"Organization\",\"@id\":\"https:\/\/web.consaguirre.com.ar\/noticias\/#organization\",\"name\":\"Conservatorio de M\u00fasica Juli\u00e1n Aguirre\",\"url\":\"https:\/\/web.consaguirre.com.ar\/noticias\/\",\"logo\":{\"@type\":\"ImageObject\",\"inLanguage\":\"es-AR\",\"@id\":\"https:\/\/web.consaguirre.com.ar\/noticias\/#\/schema\/logo\/image\/\",\"url\":\"https:\/\/web.consaguirre.com.ar\/noticias\/wp-content\/uploads\/2024\/08\/Banner-Aguirre-23.jpg\",\"contentUrl\":\"https:\/\/web.consaguirre.com.ar\/noticias\/wp-content\/uploads\/2024\/08\/Banner-Aguirre-23.jpg\",\"width\":1192,\"height\":600,\"caption\":\"Conservatorio de M\u00fasica Juli\u00e1n Aguirre\"},\"image\":{\"@id\":\"https:\/\/web.consaguirre.com.ar\/noticias\/#\/schema\/logo\/image\/\"}},{\"@type\":\"Person\",\"@id\":\"https:\/\/web.consaguirre.com.ar\/noticias\/#\/schema\/person\/6558b0cfedee7ddc5425602b237d5722\",\"name\":\"Javier Figueroa\",\"image\":{\"@type\":\"ImageObject\",\"inLanguage\":\"es-AR\",\"@id\":\"https:\/\/web.consaguirre.com.ar\/noticias\/#\/schema\/person\/image\/\",\"url\":\"https:\/\/web.consaguirre.com.ar\/noticias\/wp-content\/uploads\/2024\/08\/Consaguirre-scaled.jpg\",\"contentUrl\":\"https:\/\/web.consaguirre.com.ar\/noticias\/wp-content\/uploads\/2024\/08\/Consaguirre-scaled.jpg\",\"caption\":\"Javier Figueroa\"},\"description\":\"Me llamo Javier Figueroa y soy redactor para el sitio oficial del Conservatorio de M\u00fasica Juli\u00e1n Aguirre en Buenos Aires, consaguirre.com. Apasionado por la m\u00fasica y la escritura, me esfuerzo por destacar los talentos y eventos de nuestra prestigiosa instituci\u00f3n. Mi trayectoria se nutre de una profunda admiraci\u00f3n por los artistas, haciendo de cada art\u00edculo una celebraci\u00f3n de la creatividad y la cultura musical.\",\"sameAs\":[\"https:\/\/web.consaguirre.com.ar\/noticias\"]}]}<\/script>\n<!-- \/ Yoast SEO plugin. -->","yoast_head_json":{"title":"La banda sonora de la pel\u00edcula original de 'The Breakfast Club' llega a Vinyl","robots":{"index":"index","follow":"follow","max-snippet":"max-snippet:-1","max-image-preview":"max-image-preview:large","max-video-preview":"max-video-preview:-1"},"canonical":"https:\/\/web.consaguirre.com.ar\/noticias\/la-banda-sonora-de-la-pelicula-original-de-the-breakfast-club-llega-a-vinyl\/","og_locale":"es_ES","og_type":"article","og_title":"La banda sonora de la pel\u00edcula original de 'The Breakfast Club' llega a Vinyl","og_description":"La banda sonora de 1985 El club de desayuno est\u00e1 programado para ser liberado en el vinilo para celebrar el 40 aniversario de la pel\u00edcula","og_url":"https:\/\/web.consaguirre.com.ar\/noticias\/la-banda-sonora-de-la-pelicula-original-de-the-breakfast-club-llega-a-vinyl\/","og_site_name":"Conservatorio de M\u00fasica Juli\u00e1n Aguirre","article_published_time":"2025-07-11T14:39:04+00:00","article_modified_time":"2025-07-11T14:39:05+00:00","og_image":[{"width":1440,"height":864,"url":"https:\/\/web.consaguirre.com.ar\/noticias\/wp-content\/uploads\/2025\/07\/La-banda-sonora-de-la-pelicula-original-de-The-Breakfast.jpg","type":"image\/jpeg"}],"author":"Javier Figueroa","twitter_card":"summary_large_image","twitter_misc":{"Escrito por":"Javier Figueroa","Tiempo de lectura":"2 minutos"},"schema":{"@context":"https:\/\/schema.org","@graph":[{"@type":"Article","@id":"https:\/\/web.consaguirre.com.ar\/noticias\/la-banda-sonora-de-la-pelicula-original-de-the-breakfast-club-llega-a-vinyl\/#article","isPartOf":{"@id":"https:\/\/web.consaguirre.com.ar\/noticias\/la-banda-sonora-de-la-pelicula-original-de-the-breakfast-club-llega-a-vinyl\/"},"author":{"name":"Javier Figueroa","@id":"https:\/\/web.consaguirre.com.ar\/noticias\/#\/schema\/person\/6558b0cfedee7ddc5425602b237d5722"},"headline":"La banda sonora de la pel\u00edcula original de &#8216;The Breakfast Club&#8217; llega a Vinyl","datePublished":"2025-07-11T14:39:04+00:00","dateModified":"2025-07-11T14:39:05+00:00","mainEntityOfPage":{"@id":"https:\/\/web.consaguirre.com.ar\/noticias\/la-banda-sonora-de-la-pelicula-original-de-the-breakfast-club-llega-a-vinyl\/"},"wordCount":407,"publisher":{"@id":"https:\/\/web.consaguirre.com.ar\/noticias\/#organization"},"image":{"@id":"https:\/\/web.consaguirre.com.ar\/noticias\/la-banda-sonora-de-la-pelicula-original-de-the-breakfast-club-llega-a-vinyl\/#primaryimage"},"thumbnailUrl":"https:\/\/web.consaguirre.com.ar\/noticias\/wp-content\/uploads\/2025\/07\/La-banda-sonora-de-la-pelicula-original-de-The-Breakfast.jpg","keywords":["banda","Breakfast","club","llega","Original","pel\u00edcula","Sonora","Vinyl"],"articleSection":["El \u00faltimo"],"inLanguage":"es-AR"},{"@type":"WebPage","@id":"https:\/\/web.consaguirre.com.ar\/noticias\/la-banda-sonora-de-la-pelicula-original-de-the-breakfast-club-llega-a-vinyl\/","url":"https:\/\/web.consaguirre.com.ar\/noticias\/la-banda-sonora-de-la-pelicula-original-de-the-breakfast-club-llega-a-vinyl\/","name":"La banda sonora de la pel\u00edcula original de 'The Breakfast Club' llega a Vinyl","isPartOf":{"@id":"https:\/\/web.consaguirre.com.ar\/noticias\/#website"},"primaryImageOfPage":{"@id":"https:\/\/web.consaguirre.com.ar\/noticias\/la-banda-sonora-de-la-pelicula-original-de-the-breakfast-club-llega-a-vinyl\/#primaryimage"},"image":{"@id":"https:\/\/web.consaguirre.com.ar\/noticias\/la-banda-sonora-de-la-pelicula-original-de-the-breakfast-club-llega-a-vinyl\/#primaryimage"},"thumbnailUrl":"https:\/\/web.consaguirre.com.ar\/noticias\/wp-content\/uploads\/2025\/07\/La-banda-sonora-de-la-pelicula-original-de-The-Breakfast.jpg","datePublished":"2025-07-11T14:39:04+00:00","dateModified":"2025-07-11T14:39:05+00:00","breadcrumb":{"@id":"https:\/\/web.consaguirre.com.ar\/noticias\/la-banda-sonora-de-la-pelicula-original-de-the-breakfast-club-llega-a-vinyl\/#breadcrumb"},"inLanguage":"es-AR","potentialAction":[{"@type":"ReadAction","target":["https:\/\/web.consaguirre.com.ar\/noticias\/la-banda-sonora-de-la-pelicula-original-de-the-breakfast-club-llega-a-vinyl\/"]}]},{"@type":"ImageObject","inLanguage":"es-AR","@id":"https:\/\/web.consaguirre.com.ar\/noticias\/la-banda-sonora-de-la-pelicula-original-de-the-breakfast-club-llega-a-vinyl\/#primaryimage","url":"https:\/\/web.consaguirre.com.ar\/noticias\/wp-content\/uploads\/2025\/07\/La-banda-sonora-de-la-pelicula-original-de-The-Breakfast.jpg","contentUrl":"https:\/\/web.consaguirre.com.ar\/noticias\/wp-content\/uploads\/2025\/07\/La-banda-sonora-de-la-pelicula-original-de-The-Breakfast.jpg","width":1440,"height":864,"caption":"La banda sonora de la pel\u00edcula original de 'The Breakfast Club' llega a Vinyl"},{"@type":"BreadcrumbList","@id":"https:\/\/web.consaguirre.com.ar\/noticias\/la-banda-sonora-de-la-pelicula-original-de-the-breakfast-club-llega-a-vinyl\/#breadcrumb","itemListElement":[{"@type":"ListItem","position":1,"name":"Inicio","item":"https:\/\/web.consaguirre.com.ar\/noticias\/"},{"@type":"ListItem","position":2,"name":"La banda sonora de la pel\u00edcula original de &#8216;The Breakfast Club&#8217; llega a Vinyl"}]},{"@type":"WebSite","@id":"https:\/\/web.consaguirre.com.ar\/noticias\/#website","url":"https:\/\/web.consaguirre.com.ar\/noticias\/","name":"Conservatorio de M\u00fasica Juli\u00e1n Aguirre","description":"","publisher":{"@id":"https:\/\/web.consaguirre.com.ar\/noticias\/#organization"},"potentialAction":[{"@type":"SearchAction","target":{"@type":"EntryPoint","urlTemplate":"https:\/\/web.consaguirre.com.ar\/noticias\/?s={search_term_string}"},"query-input":"required name=search_term_string"}],"inLanguage":"es-AR"},{"@type":"Organization","@id":"https:\/\/web.consaguirre.com.ar\/noticias\/#organization","name":"Conservatorio de M\u00fasica Juli\u00e1n Aguirre","url":"https:\/\/web.consaguirre.com.ar\/noticias\/","logo":{"@type":"ImageObject","inLanguage":"es-AR","@id":"https:\/\/web.consaguirre.com.ar\/noticias\/#\/schema\/logo\/image\/","url":"https:\/\/web.consaguirre.com.ar\/noticias\/wp-content\/uploads\/2024\/08\/Banner-Aguirre-23.jpg","contentUrl":"https:\/\/web.consaguirre.com.ar\/noticias\/wp-content\/uploads\/2024\/08\/Banner-Aguirre-23.jpg","width":1192,"height":600,"caption":"Conservatorio de M\u00fasica Juli\u00e1n Aguirre"},"image":{"@id":"https:\/\/web.consaguirre.com.ar\/noticias\/#\/schema\/logo\/image\/"}},{"@type":"Person","@id":"https:\/\/web.consaguirre.com.ar\/noticias\/#\/schema\/person\/6558b0cfedee7ddc5425602b237d5722","name":"Javier Figueroa","image":{"@type":"ImageObject","inLanguage":"es-AR","@id":"https:\/\/web.consaguirre.com.ar\/noticias\/#\/schema\/person\/image\/","url":"https:\/\/web.consaguirre.com.ar\/noticias\/wp-content\/uploads\/2024\/08\/Consaguirre-scaled.jpg","contentUrl":"https:\/\/web.consaguirre.com.ar\/noticias\/wp-content\/uploads\/2024\/08\/Consaguirre-scaled.jpg","caption":"Javier Figueroa"},"description":"Me llamo Javier Figueroa y soy redactor para el sitio oficial del Conservatorio de M\u00fasica Juli\u00e1n Aguirre en Buenos Aires, consaguirre.com. Apasionado por la m\u00fasica y la escritura, me esfuerzo por destacar los talentos y eventos de nuestra prestigiosa instituci\u00f3n. Mi trayectoria se nutre de una profunda admiraci\u00f3n por los artistas, haciendo de cada art\u00edculo una celebraci\u00f3n de la creatividad y la cultura musical.","sameAs":["https:\/\/web.consaguirre.com.ar\/noticias"]}]}},"_links":{"self":[{"href":"https:\/\/web.consaguirre.com.ar\/noticias\/wp-json\/wp\/v2\/posts\/3146"}],"collection":[{"href":"https:\/\/web.consaguirre.com.ar\/noticias\/wp-json\/wp\/v2\/posts"}],"about":[{"href":"https:\/\/web.consaguirre.com.ar\/noticias\/wp-json\/wp\/v2\/types\/post"}],"author":[{"embeddable":true,"href":"https:\/\/web.consaguirre.com.ar\/noticias\/wp-json\/wp\/v2\/users\/1"}],"replies":[{"embeddable":true,"href":"https:\/\/web.consaguirre.com.ar\/noticias\/wp-json\/wp\/v2\/comments?post=3146"}],"version-history":[{"count":1,"href":"https:\/\/web.consaguirre.com.ar\/noticias\/wp-json\/wp\/v2\/posts\/3146\/revisions"}],"predecessor-version":[{"id":3148,"href":"https:\/\/web.consaguirre.com.ar\/noticias\/wp-json\/wp\/v2\/posts\/3146\/revisions\/3148"}],"wp:featuredmedia":[{"embeddable":true,"href":"https:\/\/web.consaguirre.com.ar\/noticias\/wp-json\/wp\/v2\/media\/3147"}],"wp:attachment":[{"href":"https:\/\/web.consaguirre.com.ar\/noticias\/wp-json\/wp\/v2\/media?parent=3146"}],"wp:term":[{"taxonomy":"category","embeddable":true,"href":"https:\/\/web.consaguirre.com.ar\/noticias\/wp-json\/wp\/v2\/categories?post=3146"},{"taxonomy":"post_tag","embeddable":true,"href":"https:\/\/web.consaguirre.com.ar\/noticias\/wp-json\/wp\/v2\/tags?post=3146"}],"curies":[{"name":"wp","href":"https:\/\/api.w.org\/{rel}","templated":true}]}}