{"id":3140,"date":"2025-07-10T14:42:19","date_gmt":"2025-07-10T17:42:19","guid":{"rendered":"https:\/\/web.consaguirre.com.ar\/noticias\/ronan-keating-anuncia-la-edicion-del-25-aniversario-del-album-debut-ronan\/"},"modified":"2025-07-10T14:42:21","modified_gmt":"2025-07-10T17:42:21","slug":"ronan-keating-anuncia-la-edicion-del-25-aniversario-del-album-debut-ronan","status":"publish","type":"post","link":"https:\/\/web.consaguirre.com.ar\/noticias\/ronan-keating-anuncia-la-edicion-del-25-aniversario-del-album-debut-ronan\/","title":{"rendered":"Ronan Keating anuncia la edici\u00f3n del 25 aniversario del \u00e1lbum debut &#8216;Ronan&#8217;"},"content":{"rendered":"<p><strong>Ronan Keating<\/strong> est\u00e1 celebrando la edici\u00f3n del 25 aniversario de <em>Ronan<\/em> -Su \u00e1lbum debut en solitario multimillonario, con Double CD y 2LP reedicias que llegan el 5 de septiembre. Tambi\u00e9n recibir\u00e1 un nuevo cambio de imagen digital con Maxi-Singles de los singles que definen la era de los \u00e1lbumes, as\u00ed como una actualizaci\u00f3n HD a sus videos.<\/p>\n<p>La versi\u00f3n de doble CD contar\u00e1 con la versi\u00f3n relanzada del \u00e1lbum en su totalidad con el segundo CD que aparece, por primera vez como solo audio, <em>Ronan Live<\/em>su programa Royal Albert Hall de 2000 que se lanz\u00f3 en DVD y VHS en 2003. El 2LP tambi\u00e9n contar\u00e1 con el \u00e1lbum original en su totalidad y una selecci\u00f3n de pistas de <em>Ronan Live<\/em>.<\/p>\n<div class=\"uD-YT-container\"><img decoding=\"async\" src=\"https:\/\/web.consaguirre.com.ar\/noticias\/wp-content\/uploads\/2025\/07\/1752169339_0_Ronan-Keating-anuncia-la-edicion-del-25-aniversario-del-album.jpg\" alt=\"Video de YouTube\"><br \/>Haga clic para cargar video<\/div>\n<p>Digitalmente, habr\u00e1 un conjunto de ofertas digitales mejoradas disponibles con los EP Digital Maxi-Single lanzado alrededor de los enormes singles del \u00e1lbum: &#8220;La vida es una monta\u00f1a rusa&#8221;, &#8220;When You Say Nothing en absoluto&#8221;, &#8220;The Way You Make Me Feel&#8221; y &#8220;Lovin &#8216;todos los d\u00edas&#8221;. Todos estos presentar\u00e1n versiones alternativas y lados B. Est\u00e1n listos para pasar a trav\u00e9s de julio y agosto junto con cada uno de los videos para los singles, a los que se les ha dado un remaster de HD.<\/p>\n<p>Habiendo tomado un tiempo reflexionando sobre el lanzamiento, Ronan dijo: &#8220;Gracias a todos y a cualquiera que alguna vez creyera en m\u00ed y me apoyara en el camino &#8230; que compr\u00f3 este o cualquier otro \u00e1lbum; que acudieron a uno de mis conciertos; o que se alinearon fuera de un estudio de televisi\u00f3n o concierto para un aut\u00f3grafo. A quienes estaban en la prensa que escribieron cosas amables; o a las personas que defendieron cuando los pasadores ten\u00edan un estudio de televisi\u00f3n. A los que se mostraron a los que se mostraron de lealtemia y honor, hab\u00edan sido m\u00e1s f\u00e1ciles de ver, incluso cuando les hab\u00eda girado a los que les exhibi\u00f3 la lealtad y el Honor, ya que hab\u00edan sido los que hab\u00edan sido los que hab\u00edan sido los que hab\u00edan sido los que les mostr\u00f3 la lealtad y el Honor. La vista ciega, o para los amigos que estaban all\u00ed en los d\u00edas m\u00e1s oscuros y no solo los que podr\u00edan capitalizar a los dorados.<\/p>\n<p><strong>Ordenar a Ronan Keating&#8217;s <em>Ronan25<\/em> ahora.<\/strong><\/p>\n","protected":false},"excerpt":{"rendered":"<p>Ronan Keating est\u00e1 celebrando la edici\u00f3n del 25 aniversario de Ronan -Su \u00e1lbum debut en solitario multimillonario, con Double CD y 2LP reedicias que llegan<\/p>\n","protected":false},"author":1,"featured_media":3141,"comment_status":"closed","ping_status":"","sticky":false,"template":"","format":"standard","meta":{"footnotes":""},"categories":[50],"tags":[147,98,56,257,10,160,2840,2839],"class_list":["post-3140","post","type-post","status-publish","format-standard","has-post-thumbnail","hentry","category-el-ultimo","tag-album","tag-aniversario","tag-anuncia","tag-debut","tag-del","tag-edicion","tag-keating","tag-ronan","generate-columns","tablet-grid-50","mobile-grid-100","grid-parent","grid-50"],"yoast_head":"<!-- This site is optimized with the Yoast SEO plugin v23.3 - https:\/\/yoast.com\/wordpress\/plugins\/seo\/ -->\n<title>Ronan Keating anuncia la edici\u00f3n del 25 aniversario del \u00e1lbum debut &#039;Ronan&#039;<\/title>\n<meta name=\"robots\" content=\"index, follow, max-snippet:-1, max-image-preview:large, max-video-preview:-1\" \/>\n<link rel=\"canonical\" href=\"https:\/\/web.consaguirre.com.ar\/noticias\/ronan-keating-anuncia-la-edicion-del-25-aniversario-del-album-debut-ronan\/\" \/>\n<meta property=\"og:locale\" content=\"es_ES\" \/>\n<meta property=\"og:type\" content=\"article\" \/>\n<meta property=\"og:title\" content=\"Ronan Keating anuncia la edici\u00f3n del 25 aniversario del \u00e1lbum debut &#039;Ronan&#039;\" \/>\n<meta property=\"og:description\" content=\"Ronan Keating est\u00e1 celebrando la edici\u00f3n del 25 aniversario de Ronan -Su \u00e1lbum debut en solitario multimillonario, con Double CD y 2LP reedicias que llegan\" \/>\n<meta property=\"og:url\" content=\"https:\/\/web.consaguirre.com.ar\/noticias\/ronan-keating-anuncia-la-edicion-del-25-aniversario-del-album-debut-ronan\/\" \/>\n<meta property=\"og:site_name\" content=\"Conservatorio de M\u00fasica Juli\u00e1n Aguirre\" \/>\n<meta property=\"article:published_time\" content=\"2025-07-10T17:42:19+00:00\" \/>\n<meta property=\"article:modified_time\" content=\"2025-07-10T17:42:21+00:00\" \/>\n<meta property=\"og:image\" content=\"https:\/\/web.consaguirre.com.ar\/noticias\/wp-content\/uploads\/2025\/07\/Ronan-Keating-anuncia-la-edicion-del-25-aniversario-del-album.jpg\" \/>\n\t<meta property=\"og:image:width\" content=\"1280\" \/>\n\t<meta property=\"og:image:height\" content=\"1280\" \/>\n\t<meta property=\"og:image:type\" content=\"image\/jpeg\" \/>\n<meta name=\"author\" content=\"Javier Figueroa\" \/>\n<meta name=\"twitter:card\" content=\"summary_large_image\" \/>\n<meta name=\"twitter:label1\" content=\"Escrito por\" \/>\n\t<meta name=\"twitter:data1\" content=\"Javier Figueroa\" \/>\n\t<meta name=\"twitter:label2\" content=\"Tiempo de lectura\" \/>\n\t<meta name=\"twitter:data2\" content=\"2 minutos\" \/>\n<script type=\"application\/ld+json\" class=\"yoast-schema-graph\">{\"@context\":\"https:\/\/schema.org\",\"@graph\":[{\"@type\":\"Article\",\"@id\":\"https:\/\/web.consaguirre.com.ar\/noticias\/ronan-keating-anuncia-la-edicion-del-25-aniversario-del-album-debut-ronan\/#article\",\"isPartOf\":{\"@id\":\"https:\/\/web.consaguirre.com.ar\/noticias\/ronan-keating-anuncia-la-edicion-del-25-aniversario-del-album-debut-ronan\/\"},\"author\":{\"name\":\"Javier Figueroa\",\"@id\":\"https:\/\/web.consaguirre.com.ar\/noticias\/#\/schema\/person\/6558b0cfedee7ddc5425602b237d5722\"},\"headline\":\"Ronan Keating anuncia la edici\u00f3n del 25 aniversario del \u00e1lbum debut &#8216;Ronan&#8217;\",\"datePublished\":\"2025-07-10T17:42:19+00:00\",\"dateModified\":\"2025-07-10T17:42:21+00:00\",\"mainEntityOfPage\":{\"@id\":\"https:\/\/web.consaguirre.com.ar\/noticias\/ronan-keating-anuncia-la-edicion-del-25-aniversario-del-album-debut-ronan\/\"},\"wordCount\":417,\"publisher\":{\"@id\":\"https:\/\/web.consaguirre.com.ar\/noticias\/#organization\"},\"image\":{\"@id\":\"https:\/\/web.consaguirre.com.ar\/noticias\/ronan-keating-anuncia-la-edicion-del-25-aniversario-del-album-debut-ronan\/#primaryimage\"},\"thumbnailUrl\":\"https:\/\/web.consaguirre.com.ar\/noticias\/wp-content\/uploads\/2025\/07\/Ronan-Keating-anuncia-la-edicion-del-25-aniversario-del-album.jpg\",\"keywords\":[\"\u00e1lbum\",\"aniversario\",\"anuncia\",\"debut\",\"del\",\"edici\u00f3n\",\"Keating\",\"Ronan\"],\"articleSection\":[\"El \u00faltimo\"],\"inLanguage\":\"es-AR\"},{\"@type\":\"WebPage\",\"@id\":\"https:\/\/web.consaguirre.com.ar\/noticias\/ronan-keating-anuncia-la-edicion-del-25-aniversario-del-album-debut-ronan\/\",\"url\":\"https:\/\/web.consaguirre.com.ar\/noticias\/ronan-keating-anuncia-la-edicion-del-25-aniversario-del-album-debut-ronan\/\",\"name\":\"Ronan Keating anuncia la edici\u00f3n del 25 aniversario del \u00e1lbum debut 'Ronan'\",\"isPartOf\":{\"@id\":\"https:\/\/web.consaguirre.com.ar\/noticias\/#website\"},\"primaryImageOfPage\":{\"@id\":\"https:\/\/web.consaguirre.com.ar\/noticias\/ronan-keating-anuncia-la-edicion-del-25-aniversario-del-album-debut-ronan\/#primaryimage\"},\"image\":{\"@id\":\"https:\/\/web.consaguirre.com.ar\/noticias\/ronan-keating-anuncia-la-edicion-del-25-aniversario-del-album-debut-ronan\/#primaryimage\"},\"thumbnailUrl\":\"https:\/\/web.consaguirre.com.ar\/noticias\/wp-content\/uploads\/2025\/07\/Ronan-Keating-anuncia-la-edicion-del-25-aniversario-del-album.jpg\",\"datePublished\":\"2025-07-10T17:42:19+00:00\",\"dateModified\":\"2025-07-10T17:42:21+00:00\",\"breadcrumb\":{\"@id\":\"https:\/\/web.consaguirre.com.ar\/noticias\/ronan-keating-anuncia-la-edicion-del-25-aniversario-del-album-debut-ronan\/#breadcrumb\"},\"inLanguage\":\"es-AR\",\"potentialAction\":[{\"@type\":\"ReadAction\",\"target\":[\"https:\/\/web.consaguirre.com.ar\/noticias\/ronan-keating-anuncia-la-edicion-del-25-aniversario-del-album-debut-ronan\/\"]}]},{\"@type\":\"ImageObject\",\"inLanguage\":\"es-AR\",\"@id\":\"https:\/\/web.consaguirre.com.ar\/noticias\/ronan-keating-anuncia-la-edicion-del-25-aniversario-del-album-debut-ronan\/#primaryimage\",\"url\":\"https:\/\/web.consaguirre.com.ar\/noticias\/wp-content\/uploads\/2025\/07\/Ronan-Keating-anuncia-la-edicion-del-25-aniversario-del-album.jpg\",\"contentUrl\":\"https:\/\/web.consaguirre.com.ar\/noticias\/wp-content\/uploads\/2025\/07\/Ronan-Keating-anuncia-la-edicion-del-25-aniversario-del-album.jpg\",\"width\":1280,\"height\":1280,\"caption\":\"Ronan Keating anuncia la edici\u00f3n del 25 aniversario del \u00e1lbum debut 'Ronan'\"},{\"@type\":\"BreadcrumbList\",\"@id\":\"https:\/\/web.consaguirre.com.ar\/noticias\/ronan-keating-anuncia-la-edicion-del-25-aniversario-del-album-debut-ronan\/#breadcrumb\",\"itemListElement\":[{\"@type\":\"ListItem\",\"position\":1,\"name\":\"Inicio\",\"item\":\"https:\/\/web.consaguirre.com.ar\/noticias\/\"},{\"@type\":\"ListItem\",\"position\":2,\"name\":\"Ronan Keating anuncia la edici\u00f3n del 25 aniversario del \u00e1lbum debut &#8216;Ronan&#8217;\"}]},{\"@type\":\"WebSite\",\"@id\":\"https:\/\/web.consaguirre.com.ar\/noticias\/#website\",\"url\":\"https:\/\/web.consaguirre.com.ar\/noticias\/\",\"name\":\"Conservatorio de M\u00fasica Juli\u00e1n Aguirre\",\"description\":\"\",\"publisher\":{\"@id\":\"https:\/\/web.consaguirre.com.ar\/noticias\/#organization\"},\"potentialAction\":[{\"@type\":\"SearchAction\",\"target\":{\"@type\":\"EntryPoint\",\"urlTemplate\":\"https:\/\/web.consaguirre.com.ar\/noticias\/?s={search_term_string}\"},\"query-input\":\"required name=search_term_string\"}],\"inLanguage\":\"es-AR\"},{\"@type\":\"Organization\",\"@id\":\"https:\/\/web.consaguirre.com.ar\/noticias\/#organization\",\"name\":\"Conservatorio de M\u00fasica Juli\u00e1n Aguirre\",\"url\":\"https:\/\/web.consaguirre.com.ar\/noticias\/\",\"logo\":{\"@type\":\"ImageObject\",\"inLanguage\":\"es-AR\",\"@id\":\"https:\/\/web.consaguirre.com.ar\/noticias\/#\/schema\/logo\/image\/\",\"url\":\"https:\/\/web.consaguirre.com.ar\/noticias\/wp-content\/uploads\/2024\/08\/Banner-Aguirre-23.jpg\",\"contentUrl\":\"https:\/\/web.consaguirre.com.ar\/noticias\/wp-content\/uploads\/2024\/08\/Banner-Aguirre-23.jpg\",\"width\":1192,\"height\":600,\"caption\":\"Conservatorio de M\u00fasica Juli\u00e1n Aguirre\"},\"image\":{\"@id\":\"https:\/\/web.consaguirre.com.ar\/noticias\/#\/schema\/logo\/image\/\"}},{\"@type\":\"Person\",\"@id\":\"https:\/\/web.consaguirre.com.ar\/noticias\/#\/schema\/person\/6558b0cfedee7ddc5425602b237d5722\",\"name\":\"Javier Figueroa\",\"image\":{\"@type\":\"ImageObject\",\"inLanguage\":\"es-AR\",\"@id\":\"https:\/\/web.consaguirre.com.ar\/noticias\/#\/schema\/person\/image\/\",\"url\":\"https:\/\/web.consaguirre.com.ar\/noticias\/wp-content\/uploads\/2024\/08\/Consaguirre-scaled.jpg\",\"contentUrl\":\"https:\/\/web.consaguirre.com.ar\/noticias\/wp-content\/uploads\/2024\/08\/Consaguirre-scaled.jpg\",\"caption\":\"Javier Figueroa\"},\"description\":\"Me llamo Javier Figueroa y soy redactor para el sitio oficial del Conservatorio de M\u00fasica Juli\u00e1n Aguirre en Buenos Aires, consaguirre.com. Apasionado por la m\u00fasica y la escritura, me esfuerzo por destacar los talentos y eventos de nuestra prestigiosa instituci\u00f3n. Mi trayectoria se nutre de una profunda admiraci\u00f3n por los artistas, haciendo de cada art\u00edculo una celebraci\u00f3n de la creatividad y la cultura musical.\",\"sameAs\":[\"https:\/\/web.consaguirre.com.ar\/noticias\"]}]}<\/script>\n<!-- \/ Yoast SEO plugin. -->","yoast_head_json":{"title":"Ronan Keating anuncia la edici\u00f3n del 25 aniversario del \u00e1lbum debut 'Ronan'","robots":{"index":"index","follow":"follow","max-snippet":"max-snippet:-1","max-image-preview":"max-image-preview:large","max-video-preview":"max-video-preview:-1"},"canonical":"https:\/\/web.consaguirre.com.ar\/noticias\/ronan-keating-anuncia-la-edicion-del-25-aniversario-del-album-debut-ronan\/","og_locale":"es_ES","og_type":"article","og_title":"Ronan Keating anuncia la edici\u00f3n del 25 aniversario del \u00e1lbum debut 'Ronan'","og_description":"Ronan Keating est\u00e1 celebrando la edici\u00f3n del 25 aniversario de Ronan -Su \u00e1lbum debut en solitario multimillonario, con Double CD y 2LP reedicias que llegan","og_url":"https:\/\/web.consaguirre.com.ar\/noticias\/ronan-keating-anuncia-la-edicion-del-25-aniversario-del-album-debut-ronan\/","og_site_name":"Conservatorio de M\u00fasica Juli\u00e1n Aguirre","article_published_time":"2025-07-10T17:42:19+00:00","article_modified_time":"2025-07-10T17:42:21+00:00","og_image":[{"width":1280,"height":1280,"url":"https:\/\/web.consaguirre.com.ar\/noticias\/wp-content\/uploads\/2025\/07\/Ronan-Keating-anuncia-la-edicion-del-25-aniversario-del-album.jpg","type":"image\/jpeg"}],"author":"Javier Figueroa","twitter_card":"summary_large_image","twitter_misc":{"Escrito por":"Javier Figueroa","Tiempo de lectura":"2 minutos"},"schema":{"@context":"https:\/\/schema.org","@graph":[{"@type":"Article","@id":"https:\/\/web.consaguirre.com.ar\/noticias\/ronan-keating-anuncia-la-edicion-del-25-aniversario-del-album-debut-ronan\/#article","isPartOf":{"@id":"https:\/\/web.consaguirre.com.ar\/noticias\/ronan-keating-anuncia-la-edicion-del-25-aniversario-del-album-debut-ronan\/"},"author":{"name":"Javier Figueroa","@id":"https:\/\/web.consaguirre.com.ar\/noticias\/#\/schema\/person\/6558b0cfedee7ddc5425602b237d5722"},"headline":"Ronan Keating anuncia la edici\u00f3n del 25 aniversario del \u00e1lbum debut &#8216;Ronan&#8217;","datePublished":"2025-07-10T17:42:19+00:00","dateModified":"2025-07-10T17:42:21+00:00","mainEntityOfPage":{"@id":"https:\/\/web.consaguirre.com.ar\/noticias\/ronan-keating-anuncia-la-edicion-del-25-aniversario-del-album-debut-ronan\/"},"wordCount":417,"publisher":{"@id":"https:\/\/web.consaguirre.com.ar\/noticias\/#organization"},"image":{"@id":"https:\/\/web.consaguirre.com.ar\/noticias\/ronan-keating-anuncia-la-edicion-del-25-aniversario-del-album-debut-ronan\/#primaryimage"},"thumbnailUrl":"https:\/\/web.consaguirre.com.ar\/noticias\/wp-content\/uploads\/2025\/07\/Ronan-Keating-anuncia-la-edicion-del-25-aniversario-del-album.jpg","keywords":["\u00e1lbum","aniversario","anuncia","debut","del","edici\u00f3n","Keating","Ronan"],"articleSection":["El \u00faltimo"],"inLanguage":"es-AR"},{"@type":"WebPage","@id":"https:\/\/web.consaguirre.com.ar\/noticias\/ronan-keating-anuncia-la-edicion-del-25-aniversario-del-album-debut-ronan\/","url":"https:\/\/web.consaguirre.com.ar\/noticias\/ronan-keating-anuncia-la-edicion-del-25-aniversario-del-album-debut-ronan\/","name":"Ronan Keating anuncia la edici\u00f3n del 25 aniversario del \u00e1lbum debut 'Ronan'","isPartOf":{"@id":"https:\/\/web.consaguirre.com.ar\/noticias\/#website"},"primaryImageOfPage":{"@id":"https:\/\/web.consaguirre.com.ar\/noticias\/ronan-keating-anuncia-la-edicion-del-25-aniversario-del-album-debut-ronan\/#primaryimage"},"image":{"@id":"https:\/\/web.consaguirre.com.ar\/noticias\/ronan-keating-anuncia-la-edicion-del-25-aniversario-del-album-debut-ronan\/#primaryimage"},"thumbnailUrl":"https:\/\/web.consaguirre.com.ar\/noticias\/wp-content\/uploads\/2025\/07\/Ronan-Keating-anuncia-la-edicion-del-25-aniversario-del-album.jpg","datePublished":"2025-07-10T17:42:19+00:00","dateModified":"2025-07-10T17:42:21+00:00","breadcrumb":{"@id":"https:\/\/web.consaguirre.com.ar\/noticias\/ronan-keating-anuncia-la-edicion-del-25-aniversario-del-album-debut-ronan\/#breadcrumb"},"inLanguage":"es-AR","potentialAction":[{"@type":"ReadAction","target":["https:\/\/web.consaguirre.com.ar\/noticias\/ronan-keating-anuncia-la-edicion-del-25-aniversario-del-album-debut-ronan\/"]}]},{"@type":"ImageObject","inLanguage":"es-AR","@id":"https:\/\/web.consaguirre.com.ar\/noticias\/ronan-keating-anuncia-la-edicion-del-25-aniversario-del-album-debut-ronan\/#primaryimage","url":"https:\/\/web.consaguirre.com.ar\/noticias\/wp-content\/uploads\/2025\/07\/Ronan-Keating-anuncia-la-edicion-del-25-aniversario-del-album.jpg","contentUrl":"https:\/\/web.consaguirre.com.ar\/noticias\/wp-content\/uploads\/2025\/07\/Ronan-Keating-anuncia-la-edicion-del-25-aniversario-del-album.jpg","width":1280,"height":1280,"caption":"Ronan Keating anuncia la edici\u00f3n del 25 aniversario del \u00e1lbum debut 'Ronan'"},{"@type":"BreadcrumbList","@id":"https:\/\/web.consaguirre.com.ar\/noticias\/ronan-keating-anuncia-la-edicion-del-25-aniversario-del-album-debut-ronan\/#breadcrumb","itemListElement":[{"@type":"ListItem","position":1,"name":"Inicio","item":"https:\/\/web.consaguirre.com.ar\/noticias\/"},{"@type":"ListItem","position":2,"name":"Ronan Keating anuncia la edici\u00f3n del 25 aniversario del \u00e1lbum debut &#8216;Ronan&#8217;"}]},{"@type":"WebSite","@id":"https:\/\/web.consaguirre.com.ar\/noticias\/#website","url":"https:\/\/web.consaguirre.com.ar\/noticias\/","name":"Conservatorio de M\u00fasica Juli\u00e1n Aguirre","description":"","publisher":{"@id":"https:\/\/web.consaguirre.com.ar\/noticias\/#organization"},"potentialAction":[{"@type":"SearchAction","target":{"@type":"EntryPoint","urlTemplate":"https:\/\/web.consaguirre.com.ar\/noticias\/?s={search_term_string}"},"query-input":"required name=search_term_string"}],"inLanguage":"es-AR"},{"@type":"Organization","@id":"https:\/\/web.consaguirre.com.ar\/noticias\/#organization","name":"Conservatorio de M\u00fasica Juli\u00e1n Aguirre","url":"https:\/\/web.consaguirre.com.ar\/noticias\/","logo":{"@type":"ImageObject","inLanguage":"es-AR","@id":"https:\/\/web.consaguirre.com.ar\/noticias\/#\/schema\/logo\/image\/","url":"https:\/\/web.consaguirre.com.ar\/noticias\/wp-content\/uploads\/2024\/08\/Banner-Aguirre-23.jpg","contentUrl":"https:\/\/web.consaguirre.com.ar\/noticias\/wp-content\/uploads\/2024\/08\/Banner-Aguirre-23.jpg","width":1192,"height":600,"caption":"Conservatorio de M\u00fasica Juli\u00e1n Aguirre"},"image":{"@id":"https:\/\/web.consaguirre.com.ar\/noticias\/#\/schema\/logo\/image\/"}},{"@type":"Person","@id":"https:\/\/web.consaguirre.com.ar\/noticias\/#\/schema\/person\/6558b0cfedee7ddc5425602b237d5722","name":"Javier Figueroa","image":{"@type":"ImageObject","inLanguage":"es-AR","@id":"https:\/\/web.consaguirre.com.ar\/noticias\/#\/schema\/person\/image\/","url":"https:\/\/web.consaguirre.com.ar\/noticias\/wp-content\/uploads\/2024\/08\/Consaguirre-scaled.jpg","contentUrl":"https:\/\/web.consaguirre.com.ar\/noticias\/wp-content\/uploads\/2024\/08\/Consaguirre-scaled.jpg","caption":"Javier Figueroa"},"description":"Me llamo Javier Figueroa y soy redactor para el sitio oficial del Conservatorio de M\u00fasica Juli\u00e1n Aguirre en Buenos Aires, consaguirre.com. Apasionado por la m\u00fasica y la escritura, me esfuerzo por destacar los talentos y eventos de nuestra prestigiosa instituci\u00f3n. Mi trayectoria se nutre de una profunda admiraci\u00f3n por los artistas, haciendo de cada art\u00edculo una celebraci\u00f3n de la creatividad y la cultura musical.","sameAs":["https:\/\/web.consaguirre.com.ar\/noticias"]}]}},"_links":{"self":[{"href":"https:\/\/web.consaguirre.com.ar\/noticias\/wp-json\/wp\/v2\/posts\/3140"}],"collection":[{"href":"https:\/\/web.consaguirre.com.ar\/noticias\/wp-json\/wp\/v2\/posts"}],"about":[{"href":"https:\/\/web.consaguirre.com.ar\/noticias\/wp-json\/wp\/v2\/types\/post"}],"author":[{"embeddable":true,"href":"https:\/\/web.consaguirre.com.ar\/noticias\/wp-json\/wp\/v2\/users\/1"}],"replies":[{"embeddable":true,"href":"https:\/\/web.consaguirre.com.ar\/noticias\/wp-json\/wp\/v2\/comments?post=3140"}],"version-history":[{"count":1,"href":"https:\/\/web.consaguirre.com.ar\/noticias\/wp-json\/wp\/v2\/posts\/3140\/revisions"}],"predecessor-version":[{"id":3142,"href":"https:\/\/web.consaguirre.com.ar\/noticias\/wp-json\/wp\/v2\/posts\/3140\/revisions\/3142"}],"wp:featuredmedia":[{"embeddable":true,"href":"https:\/\/web.consaguirre.com.ar\/noticias\/wp-json\/wp\/v2\/media\/3141"}],"wp:attachment":[{"href":"https:\/\/web.consaguirre.com.ar\/noticias\/wp-json\/wp\/v2\/media?parent=3140"}],"wp:term":[{"taxonomy":"category","embeddable":true,"href":"https:\/\/web.consaguirre.com.ar\/noticias\/wp-json\/wp\/v2\/categories?post=3140"},{"taxonomy":"post_tag","embeddable":true,"href":"https:\/\/web.consaguirre.com.ar\/noticias\/wp-json\/wp\/v2\/tags?post=3140"}],"curies":[{"name":"wp","href":"https:\/\/api.w.org\/{rel}","templated":true}]}}