{"id":3137,"date":"2025-07-10T11:45:22","date_gmt":"2025-07-10T14:45:22","guid":{"rendered":"https:\/\/web.consaguirre.com.ar\/noticias\/yusuf-cat-stevens-anuncia-la-coleccion-de-carrera-profesional\/"},"modified":"2025-07-10T11:45:24","modified_gmt":"2025-07-10T14:45:24","slug":"yusuf-cat-stevens-anuncia-la-coleccion-de-carrera-profesional","status":"publish","type":"post","link":"https:\/\/web.consaguirre.com.ar\/noticias\/yusuf-cat-stevens-anuncia-la-coleccion-de-carrera-profesional\/","title":{"rendered":"Yusuf \/ Cat Stevens anuncia la colecci\u00f3n de carrera profesional"},"content":{"rendered":"<p><strong>Yusuf\/Cat Stevens<\/strong> ha anunciado una colecci\u00f3n definitiva y de primera vez que abarca su carrera. <em>En el camino hacia el hallazgo: grandes \u00e9xitos<\/em> Presenta lo m\u00e1s destacado de una carrera de grabaci\u00f3n de casi 60 a\u00f1os con canciones de su debut en 1967 LP, <em>Matthew e hijo<\/em>hasta su 2023 <em>Rey de una tierra<\/em> \u00e1lbum. La colecci\u00f3n presenta pistas atemporales como &#8220;Where Do The Children Play?&#8221;, &#8220;Wild World&#8221;, &#8220;Moonshadow&#8221;, &#8220;The Hurt&#8221; y &#8220;Padre and Son&#8221;. Ahora disponible para pre-pedido, la colecci\u00f3n saldr\u00e1 el 5 de septiembre.<\/p>\n<p>Yusuf \/ Cat Stevens dice: &#8220;Estoy feliz de que, por fin, una colecci\u00f3n de grabaciones incluya algunas de las canciones que escrib\u00ed despu\u00e9s de mi evoluci\u00f3n, &#8216;Take the World Apart&#8217; y &#8216;Heaven \/ Where Love Love Goes&#8217; por ejemplo, reflejando la paz y la felicidad que desde entonces ha cambiado mi vida. Gracias a uno y todos. Es realmente humillante pensar sobre cu\u00e1ntas almas han estado viajando en este viaje conmigo&#8221;.<\/p>\n<p>Con nuevas notas del propio Yusuf, <em>En el camino hacia el hallazgo: grandes \u00e9xitos<\/em> se lanzar\u00e1 a nivel mundial en m\u00faltiples formatos, incluidos formatos 1CD y 2LP 140G, con una edici\u00f3n de buceo m\u00e1s profunda disponible en 2CD y 4LP 140G, todos con audio reci\u00e9n remasterizado.<\/p>\n<div class=\"uD-YT-container\"><img decoding=\"async\" src=\"https:\/\/web.consaguirre.com.ar\/noticias\/wp-content\/uploads\/2025\/07\/1752158722_891_Yusuf-Cat-Stevens-anuncia-la-coleccion-de-carrera-profesional.jpg\" alt=\"Video de YouTube\"><br \/>Haga clic para cargar video<\/div>\n<p><em>En el camino hacia el hallazgo: grandes \u00e9xitos<\/em> ser\u00e1 lanzado por delante de las tan esperadas memorias de Yusuf <em>Gato en el camino hacia el hallazgo<\/em>cual <strong>sale a la venta en el Reino Unido en septiembre<\/strong>. La nueva autobiograf\u00eda es un viaje extraordinario que da al alma a trav\u00e9s de los triunfos, las pruebas y la b\u00fasqueda trascendental de una de las figuras m\u00e1s enigm\u00e1ticas de la m\u00fasica de nuestro tiempo. La carrera de Yusuf\/Stevens comenz\u00f3 en la d\u00e9cada de 1960 con \u00e9xitos pop que encabezaban los gr\u00e1ficos como &#8220;Matthew and Son&#8221; y &#8220;The First Cut es el m\u00e1s profundo&#8221;. Su carrera temprana fue interrumpida por una batalla casi fatal con la tuberculosis y surgi\u00f3 del otro lado con una nueva comprensi\u00f3n y deseo de paz. Fue un prol\u00edfico cantante y compositor en los a\u00f1os 70, lanzando \u00e1lbumes queridos como <strong><em>T\u00e9 para el tillerman<\/em><\/strong>, <strong><em>Atrapa Bull a las cuatro<\/em><\/strong>y m\u00e1s. Despu\u00e9s de una experiencia casi a la derrota en 1975, se convirti\u00f3 a Islan, cambi\u00f3 su nombre al Islam Yusuf y dedic\u00f3 su vida a Dios, familia y trabajo humanitario.<\/p>\n<p>Yusuf tambi\u00e9n se embarcar\u00e1 en una gira de libros del Reino Unido titulada <em>Cat On the Road to Findout: una noche de cuentos, melod\u00edas y otros misterios<\/em>. La gira de libros es su primera gira por el Reino Unido durante nueve a\u00f1os y tomar\u00e1 siete espect\u00e1culos en los teatros \u00edntimos de todo el pa\u00eds, a partir del 6 de septiembre en Cambridge&#8217;s Corn Exchange, y cerrando el 22 de septiembre en el Royal Concert Hall de Glasgow.<\/p>\n<p>El 11 de julio, Yusuf aparecer\u00e1 en BST Hyde Park, Londres, como un invitado especial para Neil Young. La \u00faltima aparici\u00f3n en el festival del Reino Unido de Yusuf fue su debut en el Festival del Glastonbury en junio de 2023, donde actu\u00f3 en el escenario de la pir\u00e1mide a m\u00e1s de 100,000 fan\u00e1ticos.<\/p>\n<p><strong>Comprar yusuf \/ gato stevens &#8216; <em>En el camino hacia el hallazgo: grandes \u00e9xitos <\/em>ahora.<\/strong><\/p>\n","protected":false},"excerpt":{"rendered":"<p>Yusuf\/Cat Stevens ha anunciado una colecci\u00f3n definitiva y de primera vez que abarca su carrera. En el camino hacia el hallazgo: grandes \u00e9xitos Presenta lo<\/p>\n","protected":false},"author":1,"featured_media":3138,"comment_status":"closed","ping_status":"","sticky":false,"template":"","format":"standard","meta":{"footnotes":""},"categories":[50],"tags":[56,650,1178,170,2747,1179,1177],"class_list":["post-3137","post","type-post","status-publish","format-standard","has-post-thumbnail","hentry","category-el-ultimo","tag-anuncia","tag-carrera","tag-cat","tag-coleccion","tag-profesional","tag-stevens","tag-yusuf","generate-columns","tablet-grid-50","mobile-grid-100","grid-parent","grid-50"],"yoast_head":"<!-- This site is optimized with the Yoast SEO plugin v23.3 - https:\/\/yoast.com\/wordpress\/plugins\/seo\/ -->\n<title>Yusuf \/ Cat Stevens anuncia la colecci\u00f3n de carrera profesional<\/title>\n<meta name=\"robots\" content=\"index, follow, max-snippet:-1, max-image-preview:large, max-video-preview:-1\" \/>\n<link rel=\"canonical\" href=\"https:\/\/web.consaguirre.com.ar\/noticias\/yusuf-cat-stevens-anuncia-la-coleccion-de-carrera-profesional\/\" \/>\n<meta property=\"og:locale\" content=\"es_ES\" \/>\n<meta property=\"og:type\" content=\"article\" \/>\n<meta property=\"og:title\" content=\"Yusuf \/ Cat Stevens anuncia la colecci\u00f3n de carrera profesional\" \/>\n<meta property=\"og:description\" content=\"Yusuf\/Cat Stevens ha anunciado una colecci\u00f3n definitiva y de primera vez que abarca su carrera. En el camino hacia el hallazgo: grandes \u00e9xitos Presenta lo\" \/>\n<meta property=\"og:url\" content=\"https:\/\/web.consaguirre.com.ar\/noticias\/yusuf-cat-stevens-anuncia-la-coleccion-de-carrera-profesional\/\" \/>\n<meta property=\"og:site_name\" content=\"Conservatorio de M\u00fasica Juli\u00e1n Aguirre\" \/>\n<meta property=\"article:published_time\" content=\"2025-07-10T14:45:22+00:00\" \/>\n<meta property=\"article:modified_time\" content=\"2025-07-10T14:45:24+00:00\" \/>\n<meta property=\"og:image\" content=\"https:\/\/web.consaguirre.com.ar\/noticias\/wp-content\/uploads\/2025\/07\/Yusuf-Cat-Stevens-anuncia-la-coleccion-de-carrera-profesional.jpg\" \/>\n\t<meta property=\"og:image:width\" content=\"1280\" \/>\n\t<meta property=\"og:image:height\" content=\"1280\" \/>\n\t<meta property=\"og:image:type\" content=\"image\/jpeg\" \/>\n<meta name=\"author\" content=\"Javier Figueroa\" \/>\n<meta name=\"twitter:card\" content=\"summary_large_image\" \/>\n<meta name=\"twitter:label1\" content=\"Escrito por\" \/>\n\t<meta name=\"twitter:data1\" content=\"Javier Figueroa\" \/>\n\t<meta name=\"twitter:label2\" content=\"Tiempo de lectura\" \/>\n\t<meta name=\"twitter:data2\" content=\"3 minutos\" \/>\n<script type=\"application\/ld+json\" class=\"yoast-schema-graph\">{\"@context\":\"https:\/\/schema.org\",\"@graph\":[{\"@type\":\"Article\",\"@id\":\"https:\/\/web.consaguirre.com.ar\/noticias\/yusuf-cat-stevens-anuncia-la-coleccion-de-carrera-profesional\/#article\",\"isPartOf\":{\"@id\":\"https:\/\/web.consaguirre.com.ar\/noticias\/yusuf-cat-stevens-anuncia-la-coleccion-de-carrera-profesional\/\"},\"author\":{\"name\":\"Javier Figueroa\",\"@id\":\"https:\/\/web.consaguirre.com.ar\/noticias\/#\/schema\/person\/6558b0cfedee7ddc5425602b237d5722\"},\"headline\":\"Yusuf \/ Cat Stevens anuncia la colecci\u00f3n de carrera profesional\",\"datePublished\":\"2025-07-10T14:45:22+00:00\",\"dateModified\":\"2025-07-10T14:45:24+00:00\",\"mainEntityOfPage\":{\"@id\":\"https:\/\/web.consaguirre.com.ar\/noticias\/yusuf-cat-stevens-anuncia-la-coleccion-de-carrera-profesional\/\"},\"wordCount\":568,\"publisher\":{\"@id\":\"https:\/\/web.consaguirre.com.ar\/noticias\/#organization\"},\"image\":{\"@id\":\"https:\/\/web.consaguirre.com.ar\/noticias\/yusuf-cat-stevens-anuncia-la-coleccion-de-carrera-profesional\/#primaryimage\"},\"thumbnailUrl\":\"https:\/\/web.consaguirre.com.ar\/noticias\/wp-content\/uploads\/2025\/07\/Yusuf-Cat-Stevens-anuncia-la-coleccion-de-carrera-profesional.jpg\",\"keywords\":[\"anuncia\",\"carrera\",\"Cat\",\"colecci\u00f3n\",\"profesional\",\"Stevens\",\"Yusuf\"],\"articleSection\":[\"El \u00faltimo\"],\"inLanguage\":\"es-AR\"},{\"@type\":\"WebPage\",\"@id\":\"https:\/\/web.consaguirre.com.ar\/noticias\/yusuf-cat-stevens-anuncia-la-coleccion-de-carrera-profesional\/\",\"url\":\"https:\/\/web.consaguirre.com.ar\/noticias\/yusuf-cat-stevens-anuncia-la-coleccion-de-carrera-profesional\/\",\"name\":\"Yusuf \/ Cat Stevens anuncia la colecci\u00f3n de carrera profesional\",\"isPartOf\":{\"@id\":\"https:\/\/web.consaguirre.com.ar\/noticias\/#website\"},\"primaryImageOfPage\":{\"@id\":\"https:\/\/web.consaguirre.com.ar\/noticias\/yusuf-cat-stevens-anuncia-la-coleccion-de-carrera-profesional\/#primaryimage\"},\"image\":{\"@id\":\"https:\/\/web.consaguirre.com.ar\/noticias\/yusuf-cat-stevens-anuncia-la-coleccion-de-carrera-profesional\/#primaryimage\"},\"thumbnailUrl\":\"https:\/\/web.consaguirre.com.ar\/noticias\/wp-content\/uploads\/2025\/07\/Yusuf-Cat-Stevens-anuncia-la-coleccion-de-carrera-profesional.jpg\",\"datePublished\":\"2025-07-10T14:45:22+00:00\",\"dateModified\":\"2025-07-10T14:45:24+00:00\",\"breadcrumb\":{\"@id\":\"https:\/\/web.consaguirre.com.ar\/noticias\/yusuf-cat-stevens-anuncia-la-coleccion-de-carrera-profesional\/#breadcrumb\"},\"inLanguage\":\"es-AR\",\"potentialAction\":[{\"@type\":\"ReadAction\",\"target\":[\"https:\/\/web.consaguirre.com.ar\/noticias\/yusuf-cat-stevens-anuncia-la-coleccion-de-carrera-profesional\/\"]}]},{\"@type\":\"ImageObject\",\"inLanguage\":\"es-AR\",\"@id\":\"https:\/\/web.consaguirre.com.ar\/noticias\/yusuf-cat-stevens-anuncia-la-coleccion-de-carrera-profesional\/#primaryimage\",\"url\":\"https:\/\/web.consaguirre.com.ar\/noticias\/wp-content\/uploads\/2025\/07\/Yusuf-Cat-Stevens-anuncia-la-coleccion-de-carrera-profesional.jpg\",\"contentUrl\":\"https:\/\/web.consaguirre.com.ar\/noticias\/wp-content\/uploads\/2025\/07\/Yusuf-Cat-Stevens-anuncia-la-coleccion-de-carrera-profesional.jpg\",\"width\":1280,\"height\":1280,\"caption\":\"Yusuf \/ Cat Stevens anuncia la colecci\u00f3n de carrera profesional\"},{\"@type\":\"BreadcrumbList\",\"@id\":\"https:\/\/web.consaguirre.com.ar\/noticias\/yusuf-cat-stevens-anuncia-la-coleccion-de-carrera-profesional\/#breadcrumb\",\"itemListElement\":[{\"@type\":\"ListItem\",\"position\":1,\"name\":\"Inicio\",\"item\":\"https:\/\/web.consaguirre.com.ar\/noticias\/\"},{\"@type\":\"ListItem\",\"position\":2,\"name\":\"Yusuf \/ Cat Stevens anuncia la colecci\u00f3n de carrera profesional\"}]},{\"@type\":\"WebSite\",\"@id\":\"https:\/\/web.consaguirre.com.ar\/noticias\/#website\",\"url\":\"https:\/\/web.consaguirre.com.ar\/noticias\/\",\"name\":\"Conservatorio de M\u00fasica Juli\u00e1n Aguirre\",\"description\":\"\",\"publisher\":{\"@id\":\"https:\/\/web.consaguirre.com.ar\/noticias\/#organization\"},\"potentialAction\":[{\"@type\":\"SearchAction\",\"target\":{\"@type\":\"EntryPoint\",\"urlTemplate\":\"https:\/\/web.consaguirre.com.ar\/noticias\/?s={search_term_string}\"},\"query-input\":\"required name=search_term_string\"}],\"inLanguage\":\"es-AR\"},{\"@type\":\"Organization\",\"@id\":\"https:\/\/web.consaguirre.com.ar\/noticias\/#organization\",\"name\":\"Conservatorio de M\u00fasica Juli\u00e1n Aguirre\",\"url\":\"https:\/\/web.consaguirre.com.ar\/noticias\/\",\"logo\":{\"@type\":\"ImageObject\",\"inLanguage\":\"es-AR\",\"@id\":\"https:\/\/web.consaguirre.com.ar\/noticias\/#\/schema\/logo\/image\/\",\"url\":\"https:\/\/web.consaguirre.com.ar\/noticias\/wp-content\/uploads\/2024\/08\/Banner-Aguirre-23.jpg\",\"contentUrl\":\"https:\/\/web.consaguirre.com.ar\/noticias\/wp-content\/uploads\/2024\/08\/Banner-Aguirre-23.jpg\",\"width\":1192,\"height\":600,\"caption\":\"Conservatorio de M\u00fasica Juli\u00e1n Aguirre\"},\"image\":{\"@id\":\"https:\/\/web.consaguirre.com.ar\/noticias\/#\/schema\/logo\/image\/\"}},{\"@type\":\"Person\",\"@id\":\"https:\/\/web.consaguirre.com.ar\/noticias\/#\/schema\/person\/6558b0cfedee7ddc5425602b237d5722\",\"name\":\"Javier Figueroa\",\"image\":{\"@type\":\"ImageObject\",\"inLanguage\":\"es-AR\",\"@id\":\"https:\/\/web.consaguirre.com.ar\/noticias\/#\/schema\/person\/image\/\",\"url\":\"https:\/\/web.consaguirre.com.ar\/noticias\/wp-content\/uploads\/2024\/08\/Consaguirre-scaled.jpg\",\"contentUrl\":\"https:\/\/web.consaguirre.com.ar\/noticias\/wp-content\/uploads\/2024\/08\/Consaguirre-scaled.jpg\",\"caption\":\"Javier Figueroa\"},\"description\":\"Me llamo Javier Figueroa y soy redactor para el sitio oficial del Conservatorio de M\u00fasica Juli\u00e1n Aguirre en Buenos Aires, consaguirre.com. Apasionado por la m\u00fasica y la escritura, me esfuerzo por destacar los talentos y eventos de nuestra prestigiosa instituci\u00f3n. Mi trayectoria se nutre de una profunda admiraci\u00f3n por los artistas, haciendo de cada art\u00edculo una celebraci\u00f3n de la creatividad y la cultura musical.\",\"sameAs\":[\"https:\/\/web.consaguirre.com.ar\/noticias\"]}]}<\/script>\n<!-- \/ Yoast SEO plugin. -->","yoast_head_json":{"title":"Yusuf \/ Cat Stevens anuncia la colecci\u00f3n de carrera profesional","robots":{"index":"index","follow":"follow","max-snippet":"max-snippet:-1","max-image-preview":"max-image-preview:large","max-video-preview":"max-video-preview:-1"},"canonical":"https:\/\/web.consaguirre.com.ar\/noticias\/yusuf-cat-stevens-anuncia-la-coleccion-de-carrera-profesional\/","og_locale":"es_ES","og_type":"article","og_title":"Yusuf \/ Cat Stevens anuncia la colecci\u00f3n de carrera profesional","og_description":"Yusuf\/Cat Stevens ha anunciado una colecci\u00f3n definitiva y de primera vez que abarca su carrera. En el camino hacia el hallazgo: grandes \u00e9xitos Presenta lo","og_url":"https:\/\/web.consaguirre.com.ar\/noticias\/yusuf-cat-stevens-anuncia-la-coleccion-de-carrera-profesional\/","og_site_name":"Conservatorio de M\u00fasica Juli\u00e1n Aguirre","article_published_time":"2025-07-10T14:45:22+00:00","article_modified_time":"2025-07-10T14:45:24+00:00","og_image":[{"width":1280,"height":1280,"url":"https:\/\/web.consaguirre.com.ar\/noticias\/wp-content\/uploads\/2025\/07\/Yusuf-Cat-Stevens-anuncia-la-coleccion-de-carrera-profesional.jpg","type":"image\/jpeg"}],"author":"Javier Figueroa","twitter_card":"summary_large_image","twitter_misc":{"Escrito por":"Javier Figueroa","Tiempo de lectura":"3 minutos"},"schema":{"@context":"https:\/\/schema.org","@graph":[{"@type":"Article","@id":"https:\/\/web.consaguirre.com.ar\/noticias\/yusuf-cat-stevens-anuncia-la-coleccion-de-carrera-profesional\/#article","isPartOf":{"@id":"https:\/\/web.consaguirre.com.ar\/noticias\/yusuf-cat-stevens-anuncia-la-coleccion-de-carrera-profesional\/"},"author":{"name":"Javier Figueroa","@id":"https:\/\/web.consaguirre.com.ar\/noticias\/#\/schema\/person\/6558b0cfedee7ddc5425602b237d5722"},"headline":"Yusuf \/ Cat Stevens anuncia la colecci\u00f3n de carrera profesional","datePublished":"2025-07-10T14:45:22+00:00","dateModified":"2025-07-10T14:45:24+00:00","mainEntityOfPage":{"@id":"https:\/\/web.consaguirre.com.ar\/noticias\/yusuf-cat-stevens-anuncia-la-coleccion-de-carrera-profesional\/"},"wordCount":568,"publisher":{"@id":"https:\/\/web.consaguirre.com.ar\/noticias\/#organization"},"image":{"@id":"https:\/\/web.consaguirre.com.ar\/noticias\/yusuf-cat-stevens-anuncia-la-coleccion-de-carrera-profesional\/#primaryimage"},"thumbnailUrl":"https:\/\/web.consaguirre.com.ar\/noticias\/wp-content\/uploads\/2025\/07\/Yusuf-Cat-Stevens-anuncia-la-coleccion-de-carrera-profesional.jpg","keywords":["anuncia","carrera","Cat","colecci\u00f3n","profesional","Stevens","Yusuf"],"articleSection":["El \u00faltimo"],"inLanguage":"es-AR"},{"@type":"WebPage","@id":"https:\/\/web.consaguirre.com.ar\/noticias\/yusuf-cat-stevens-anuncia-la-coleccion-de-carrera-profesional\/","url":"https:\/\/web.consaguirre.com.ar\/noticias\/yusuf-cat-stevens-anuncia-la-coleccion-de-carrera-profesional\/","name":"Yusuf \/ Cat Stevens anuncia la colecci\u00f3n de carrera profesional","isPartOf":{"@id":"https:\/\/web.consaguirre.com.ar\/noticias\/#website"},"primaryImageOfPage":{"@id":"https:\/\/web.consaguirre.com.ar\/noticias\/yusuf-cat-stevens-anuncia-la-coleccion-de-carrera-profesional\/#primaryimage"},"image":{"@id":"https:\/\/web.consaguirre.com.ar\/noticias\/yusuf-cat-stevens-anuncia-la-coleccion-de-carrera-profesional\/#primaryimage"},"thumbnailUrl":"https:\/\/web.consaguirre.com.ar\/noticias\/wp-content\/uploads\/2025\/07\/Yusuf-Cat-Stevens-anuncia-la-coleccion-de-carrera-profesional.jpg","datePublished":"2025-07-10T14:45:22+00:00","dateModified":"2025-07-10T14:45:24+00:00","breadcrumb":{"@id":"https:\/\/web.consaguirre.com.ar\/noticias\/yusuf-cat-stevens-anuncia-la-coleccion-de-carrera-profesional\/#breadcrumb"},"inLanguage":"es-AR","potentialAction":[{"@type":"ReadAction","target":["https:\/\/web.consaguirre.com.ar\/noticias\/yusuf-cat-stevens-anuncia-la-coleccion-de-carrera-profesional\/"]}]},{"@type":"ImageObject","inLanguage":"es-AR","@id":"https:\/\/web.consaguirre.com.ar\/noticias\/yusuf-cat-stevens-anuncia-la-coleccion-de-carrera-profesional\/#primaryimage","url":"https:\/\/web.consaguirre.com.ar\/noticias\/wp-content\/uploads\/2025\/07\/Yusuf-Cat-Stevens-anuncia-la-coleccion-de-carrera-profesional.jpg","contentUrl":"https:\/\/web.consaguirre.com.ar\/noticias\/wp-content\/uploads\/2025\/07\/Yusuf-Cat-Stevens-anuncia-la-coleccion-de-carrera-profesional.jpg","width":1280,"height":1280,"caption":"Yusuf \/ Cat Stevens anuncia la colecci\u00f3n de carrera profesional"},{"@type":"BreadcrumbList","@id":"https:\/\/web.consaguirre.com.ar\/noticias\/yusuf-cat-stevens-anuncia-la-coleccion-de-carrera-profesional\/#breadcrumb","itemListElement":[{"@type":"ListItem","position":1,"name":"Inicio","item":"https:\/\/web.consaguirre.com.ar\/noticias\/"},{"@type":"ListItem","position":2,"name":"Yusuf \/ Cat Stevens anuncia la colecci\u00f3n de carrera profesional"}]},{"@type":"WebSite","@id":"https:\/\/web.consaguirre.com.ar\/noticias\/#website","url":"https:\/\/web.consaguirre.com.ar\/noticias\/","name":"Conservatorio de M\u00fasica Juli\u00e1n Aguirre","description":"","publisher":{"@id":"https:\/\/web.consaguirre.com.ar\/noticias\/#organization"},"potentialAction":[{"@type":"SearchAction","target":{"@type":"EntryPoint","urlTemplate":"https:\/\/web.consaguirre.com.ar\/noticias\/?s={search_term_string}"},"query-input":"required name=search_term_string"}],"inLanguage":"es-AR"},{"@type":"Organization","@id":"https:\/\/web.consaguirre.com.ar\/noticias\/#organization","name":"Conservatorio de M\u00fasica Juli\u00e1n Aguirre","url":"https:\/\/web.consaguirre.com.ar\/noticias\/","logo":{"@type":"ImageObject","inLanguage":"es-AR","@id":"https:\/\/web.consaguirre.com.ar\/noticias\/#\/schema\/logo\/image\/","url":"https:\/\/web.consaguirre.com.ar\/noticias\/wp-content\/uploads\/2024\/08\/Banner-Aguirre-23.jpg","contentUrl":"https:\/\/web.consaguirre.com.ar\/noticias\/wp-content\/uploads\/2024\/08\/Banner-Aguirre-23.jpg","width":1192,"height":600,"caption":"Conservatorio de M\u00fasica Juli\u00e1n Aguirre"},"image":{"@id":"https:\/\/web.consaguirre.com.ar\/noticias\/#\/schema\/logo\/image\/"}},{"@type":"Person","@id":"https:\/\/web.consaguirre.com.ar\/noticias\/#\/schema\/person\/6558b0cfedee7ddc5425602b237d5722","name":"Javier Figueroa","image":{"@type":"ImageObject","inLanguage":"es-AR","@id":"https:\/\/web.consaguirre.com.ar\/noticias\/#\/schema\/person\/image\/","url":"https:\/\/web.consaguirre.com.ar\/noticias\/wp-content\/uploads\/2024\/08\/Consaguirre-scaled.jpg","contentUrl":"https:\/\/web.consaguirre.com.ar\/noticias\/wp-content\/uploads\/2024\/08\/Consaguirre-scaled.jpg","caption":"Javier Figueroa"},"description":"Me llamo Javier Figueroa y soy redactor para el sitio oficial del Conservatorio de M\u00fasica Juli\u00e1n Aguirre en Buenos Aires, consaguirre.com. Apasionado por la m\u00fasica y la escritura, me esfuerzo por destacar los talentos y eventos de nuestra prestigiosa instituci\u00f3n. Mi trayectoria se nutre de una profunda admiraci\u00f3n por los artistas, haciendo de cada art\u00edculo una celebraci\u00f3n de la creatividad y la cultura musical.","sameAs":["https:\/\/web.consaguirre.com.ar\/noticias"]}]}},"_links":{"self":[{"href":"https:\/\/web.consaguirre.com.ar\/noticias\/wp-json\/wp\/v2\/posts\/3137"}],"collection":[{"href":"https:\/\/web.consaguirre.com.ar\/noticias\/wp-json\/wp\/v2\/posts"}],"about":[{"href":"https:\/\/web.consaguirre.com.ar\/noticias\/wp-json\/wp\/v2\/types\/post"}],"author":[{"embeddable":true,"href":"https:\/\/web.consaguirre.com.ar\/noticias\/wp-json\/wp\/v2\/users\/1"}],"replies":[{"embeddable":true,"href":"https:\/\/web.consaguirre.com.ar\/noticias\/wp-json\/wp\/v2\/comments?post=3137"}],"version-history":[{"count":1,"href":"https:\/\/web.consaguirre.com.ar\/noticias\/wp-json\/wp\/v2\/posts\/3137\/revisions"}],"predecessor-version":[{"id":3139,"href":"https:\/\/web.consaguirre.com.ar\/noticias\/wp-json\/wp\/v2\/posts\/3137\/revisions\/3139"}],"wp:featuredmedia":[{"embeddable":true,"href":"https:\/\/web.consaguirre.com.ar\/noticias\/wp-json\/wp\/v2\/media\/3138"}],"wp:attachment":[{"href":"https:\/\/web.consaguirre.com.ar\/noticias\/wp-json\/wp\/v2\/media?parent=3137"}],"wp:term":[{"taxonomy":"category","embeddable":true,"href":"https:\/\/web.consaguirre.com.ar\/noticias\/wp-json\/wp\/v2\/categories?post=3137"},{"taxonomy":"post_tag","embeddable":true,"href":"https:\/\/web.consaguirre.com.ar\/noticias\/wp-json\/wp\/v2\/tags?post=3137"}],"curies":[{"name":"wp","href":"https:\/\/api.w.org\/{rel}","templated":true}]}}