{"id":3086,"date":"2025-07-03T11:38:33","date_gmt":"2025-07-03T14:38:33","guid":{"rendered":"https:\/\/web.consaguirre.com.ar\/noticias\/robyn-anuncia-la-reedicion-de-vinilo-del-album-homonimo\/"},"modified":"2025-07-03T11:38:34","modified_gmt":"2025-07-03T14:38:34","slug":"robyn-anuncia-la-reedicion-de-vinilo-del-album-homonimo","status":"publish","type":"post","link":"https:\/\/web.consaguirre.com.ar\/noticias\/robyn-anuncia-la-reedicion-de-vinilo-del-album-homonimo\/","title":{"rendered":"Robyn anuncia la reedici\u00f3n de vinilo del \u00e1lbum hom\u00f3nimo"},"content":{"rendered":"<p>\u00cdcono pop sueco <strong>Petirrojo<\/strong> est\u00e1 celebrando el vig\u00e9simo aniversario de su emblem\u00e1tico \u00e1lbum hom\u00f3nimo con una edici\u00f3n especial, reedici\u00f3n de vinilo de 2 lp de <em>Petirrojo<\/em>presionado en un vinilo limpio de botellas de Coca-Cola. La nueva edici\u00f3n llegar\u00e1 el 12 de septiembre a trav\u00e9s de UMR\/Island Records.<\/p>\n<p>Lanzado a trav\u00e9s de su propio sello de Konichiwa Records en 2005, <em>Petirrojo<\/em> Marc\u00f3 un momento decisivo en el pop moderno al separarse del molde tradicional con su producci\u00f3n electr\u00f3nica, composici\u00f3n incisiva y profundidad emocional. El \u00e1lbum produjo singles destacados como &#8220;Be Mine!&#8221;, &#8220;Handle Me&#8221; y el Reino Unido No.1 &#8220;With Every Heartbeat&#8221;.<\/p>\n<p>Obtener una extensa aclamaci\u00f3n cr\u00edtica, el disco destac\u00f3 la valent\u00eda de Robyn y allan\u00f3 el camino para una ola de pop independiente y de mezcla de g\u00e9neros; Su influencia todav\u00eda se siente dos d\u00e9cadas despu\u00e9s.<\/p>\n<p>Esta reedici\u00f3n de hitos sigue a Robyn en equipo con Charli XCX en su remix de &#8220;360&#8221; con Yung Lean; su colaboraci\u00f3n con Jamie XX en &#8220;Life&#8221;; y una actuaci\u00f3n en vivo en <em>Saturday Night Live 50<\/em> con David Byrne.<\/p>\n<p>Tras su lanzamiento, <strong>Robyn habl\u00f3 con MTV Asia<\/strong> sobre su perspectiva para hacer el \u00e1lbum. Ella dijo: &#8220;No veo esto como un regreso, realmente no.<\/p>\n<p>En <strong>una entrevista de 2010 con <em>Horca<\/em><\/strong>tambi\u00e9n reflexion\u00f3 sobre su estado en la industria del pop con una idea que suena verdadera 20 a\u00f1os despu\u00e9s del lanzamiento de <em>Petirrojo<\/em>. Ella explic\u00f3: &#8220;Definitivamente es una contradicci\u00f3n porque hago m\u00fasica pop, pero, al mismo tiempo, tal vez no estoy tan ansioso por ser un artista pop exitoso. Por supuesto, quiero que a las personas les guste mi m\u00fasica, pero tambi\u00e9n s\u00e9 cu\u00e1l puede ser el precio del \u00e9xito. B\u00e1sicamente, estoy feliz mientras pueda mantener mi libertad, por lo que estoy tan feliz con el momento en que las cosas son las cosas.<\/p>\n<p><strong>Orden <em>Petirrojo<\/em> en vinilo ahora.<\/strong><\/p>\n","protected":false},"excerpt":{"rendered":"<p>\u00cdcono pop sueco Petirrojo est\u00e1 celebrando el vig\u00e9simo aniversario de su emblem\u00e1tico \u00e1lbum hom\u00f3nimo con una edici\u00f3n especial, reedici\u00f3n de vinilo de 2 lp de<\/p>\n","protected":false},"author":1,"featured_media":3087,"comment_status":"closed","ping_status":"","sticky":false,"template":"","format":"standard","meta":{"footnotes":""},"categories":[50],"tags":[147,56,10,258,117,2806,87],"class_list":["post-3086","post","type-post","status-publish","format-standard","has-post-thumbnail","hentry","category-el-ultimo","tag-album","tag-anuncia","tag-del","tag-homonimo","tag-reedicion","tag-robyn","tag-vinilo","generate-columns","tablet-grid-50","mobile-grid-100","grid-parent","grid-50"],"yoast_head":"<!-- This site is optimized with the Yoast SEO plugin v23.3 - https:\/\/yoast.com\/wordpress\/plugins\/seo\/ -->\n<title>Robyn anuncia la reedici\u00f3n de vinilo del \u00e1lbum hom\u00f3nimo<\/title>\n<meta name=\"robots\" content=\"index, follow, max-snippet:-1, max-image-preview:large, max-video-preview:-1\" \/>\n<link rel=\"canonical\" href=\"https:\/\/web.consaguirre.com.ar\/noticias\/robyn-anuncia-la-reedicion-de-vinilo-del-album-homonimo\/\" \/>\n<meta property=\"og:locale\" content=\"es_ES\" \/>\n<meta property=\"og:type\" content=\"article\" \/>\n<meta property=\"og:title\" content=\"Robyn anuncia la reedici\u00f3n de vinilo del \u00e1lbum hom\u00f3nimo\" \/>\n<meta property=\"og:description\" content=\"\u00cdcono pop sueco Petirrojo est\u00e1 celebrando el vig\u00e9simo aniversario de su emblem\u00e1tico \u00e1lbum hom\u00f3nimo con una edici\u00f3n especial, reedici\u00f3n de vinilo de 2 lp de\" \/>\n<meta property=\"og:url\" content=\"https:\/\/web.consaguirre.com.ar\/noticias\/robyn-anuncia-la-reedicion-de-vinilo-del-album-homonimo\/\" \/>\n<meta property=\"og:site_name\" content=\"Conservatorio de M\u00fasica Juli\u00e1n Aguirre\" \/>\n<meta property=\"article:published_time\" content=\"2025-07-03T14:38:33+00:00\" \/>\n<meta property=\"article:modified_time\" content=\"2025-07-03T14:38:34+00:00\" \/>\n<meta property=\"og:image\" content=\"https:\/\/web.consaguirre.com.ar\/noticias\/wp-content\/uploads\/2025\/07\/Robyn-anuncia-la-reedicion-de-vinilo-del-album-homonimo.jpg\" \/>\n\t<meta property=\"og:image:width\" content=\"1440\" \/>\n\t<meta property=\"og:image:height\" content=\"864\" \/>\n\t<meta property=\"og:image:type\" content=\"image\/jpeg\" \/>\n<meta name=\"author\" content=\"Javier Figueroa\" \/>\n<meta name=\"twitter:card\" content=\"summary_large_image\" \/>\n<meta name=\"twitter:label1\" content=\"Escrito por\" \/>\n\t<meta name=\"twitter:data1\" content=\"Javier Figueroa\" \/>\n\t<meta name=\"twitter:label2\" content=\"Tiempo de lectura\" \/>\n\t<meta name=\"twitter:data2\" content=\"2 minutos\" \/>\n<script type=\"application\/ld+json\" class=\"yoast-schema-graph\">{\"@context\":\"https:\/\/schema.org\",\"@graph\":[{\"@type\":\"Article\",\"@id\":\"https:\/\/web.consaguirre.com.ar\/noticias\/robyn-anuncia-la-reedicion-de-vinilo-del-album-homonimo\/#article\",\"isPartOf\":{\"@id\":\"https:\/\/web.consaguirre.com.ar\/noticias\/robyn-anuncia-la-reedicion-de-vinilo-del-album-homonimo\/\"},\"author\":{\"name\":\"Javier Figueroa\",\"@id\":\"https:\/\/web.consaguirre.com.ar\/noticias\/#\/schema\/person\/6558b0cfedee7ddc5425602b237d5722\"},\"headline\":\"Robyn anuncia la reedici\u00f3n de vinilo del \u00e1lbum hom\u00f3nimo\",\"datePublished\":\"2025-07-03T14:38:33+00:00\",\"dateModified\":\"2025-07-03T14:38:34+00:00\",\"mainEntityOfPage\":{\"@id\":\"https:\/\/web.consaguirre.com.ar\/noticias\/robyn-anuncia-la-reedicion-de-vinilo-del-album-homonimo\/\"},\"wordCount\":341,\"publisher\":{\"@id\":\"https:\/\/web.consaguirre.com.ar\/noticias\/#organization\"},\"image\":{\"@id\":\"https:\/\/web.consaguirre.com.ar\/noticias\/robyn-anuncia-la-reedicion-de-vinilo-del-album-homonimo\/#primaryimage\"},\"thumbnailUrl\":\"https:\/\/web.consaguirre.com.ar\/noticias\/wp-content\/uploads\/2025\/07\/Robyn-anuncia-la-reedicion-de-vinilo-del-album-homonimo.jpg\",\"keywords\":[\"\u00e1lbum\",\"anuncia\",\"del\",\"hom\u00f3nimo\",\"reedici\u00f3n\",\"Robyn\",\"vinilo\"],\"articleSection\":[\"El \u00faltimo\"],\"inLanguage\":\"es-AR\"},{\"@type\":\"WebPage\",\"@id\":\"https:\/\/web.consaguirre.com.ar\/noticias\/robyn-anuncia-la-reedicion-de-vinilo-del-album-homonimo\/\",\"url\":\"https:\/\/web.consaguirre.com.ar\/noticias\/robyn-anuncia-la-reedicion-de-vinilo-del-album-homonimo\/\",\"name\":\"Robyn anuncia la reedici\u00f3n de vinilo del \u00e1lbum hom\u00f3nimo\",\"isPartOf\":{\"@id\":\"https:\/\/web.consaguirre.com.ar\/noticias\/#website\"},\"primaryImageOfPage\":{\"@id\":\"https:\/\/web.consaguirre.com.ar\/noticias\/robyn-anuncia-la-reedicion-de-vinilo-del-album-homonimo\/#primaryimage\"},\"image\":{\"@id\":\"https:\/\/web.consaguirre.com.ar\/noticias\/robyn-anuncia-la-reedicion-de-vinilo-del-album-homonimo\/#primaryimage\"},\"thumbnailUrl\":\"https:\/\/web.consaguirre.com.ar\/noticias\/wp-content\/uploads\/2025\/07\/Robyn-anuncia-la-reedicion-de-vinilo-del-album-homonimo.jpg\",\"datePublished\":\"2025-07-03T14:38:33+00:00\",\"dateModified\":\"2025-07-03T14:38:34+00:00\",\"breadcrumb\":{\"@id\":\"https:\/\/web.consaguirre.com.ar\/noticias\/robyn-anuncia-la-reedicion-de-vinilo-del-album-homonimo\/#breadcrumb\"},\"inLanguage\":\"es-AR\",\"potentialAction\":[{\"@type\":\"ReadAction\",\"target\":[\"https:\/\/web.consaguirre.com.ar\/noticias\/robyn-anuncia-la-reedicion-de-vinilo-del-album-homonimo\/\"]}]},{\"@type\":\"ImageObject\",\"inLanguage\":\"es-AR\",\"@id\":\"https:\/\/web.consaguirre.com.ar\/noticias\/robyn-anuncia-la-reedicion-de-vinilo-del-album-homonimo\/#primaryimage\",\"url\":\"https:\/\/web.consaguirre.com.ar\/noticias\/wp-content\/uploads\/2025\/07\/Robyn-anuncia-la-reedicion-de-vinilo-del-album-homonimo.jpg\",\"contentUrl\":\"https:\/\/web.consaguirre.com.ar\/noticias\/wp-content\/uploads\/2025\/07\/Robyn-anuncia-la-reedicion-de-vinilo-del-album-homonimo.jpg\",\"width\":1440,\"height\":864,\"caption\":\"Robyn anuncia la reedici\u00f3n de vinilo del \u00e1lbum hom\u00f3nimo\"},{\"@type\":\"BreadcrumbList\",\"@id\":\"https:\/\/web.consaguirre.com.ar\/noticias\/robyn-anuncia-la-reedicion-de-vinilo-del-album-homonimo\/#breadcrumb\",\"itemListElement\":[{\"@type\":\"ListItem\",\"position\":1,\"name\":\"Inicio\",\"item\":\"https:\/\/web.consaguirre.com.ar\/noticias\/\"},{\"@type\":\"ListItem\",\"position\":2,\"name\":\"Robyn anuncia la reedici\u00f3n de vinilo del \u00e1lbum hom\u00f3nimo\"}]},{\"@type\":\"WebSite\",\"@id\":\"https:\/\/web.consaguirre.com.ar\/noticias\/#website\",\"url\":\"https:\/\/web.consaguirre.com.ar\/noticias\/\",\"name\":\"Conservatorio de M\u00fasica Juli\u00e1n Aguirre\",\"description\":\"\",\"publisher\":{\"@id\":\"https:\/\/web.consaguirre.com.ar\/noticias\/#organization\"},\"potentialAction\":[{\"@type\":\"SearchAction\",\"target\":{\"@type\":\"EntryPoint\",\"urlTemplate\":\"https:\/\/web.consaguirre.com.ar\/noticias\/?s={search_term_string}\"},\"query-input\":\"required name=search_term_string\"}],\"inLanguage\":\"es-AR\"},{\"@type\":\"Organization\",\"@id\":\"https:\/\/web.consaguirre.com.ar\/noticias\/#organization\",\"name\":\"Conservatorio de M\u00fasica Juli\u00e1n Aguirre\",\"url\":\"https:\/\/web.consaguirre.com.ar\/noticias\/\",\"logo\":{\"@type\":\"ImageObject\",\"inLanguage\":\"es-AR\",\"@id\":\"https:\/\/web.consaguirre.com.ar\/noticias\/#\/schema\/logo\/image\/\",\"url\":\"https:\/\/web.consaguirre.com.ar\/noticias\/wp-content\/uploads\/2024\/08\/Banner-Aguirre-23.jpg\",\"contentUrl\":\"https:\/\/web.consaguirre.com.ar\/noticias\/wp-content\/uploads\/2024\/08\/Banner-Aguirre-23.jpg\",\"width\":1192,\"height\":600,\"caption\":\"Conservatorio de M\u00fasica Juli\u00e1n Aguirre\"},\"image\":{\"@id\":\"https:\/\/web.consaguirre.com.ar\/noticias\/#\/schema\/logo\/image\/\"}},{\"@type\":\"Person\",\"@id\":\"https:\/\/web.consaguirre.com.ar\/noticias\/#\/schema\/person\/6558b0cfedee7ddc5425602b237d5722\",\"name\":\"Javier Figueroa\",\"image\":{\"@type\":\"ImageObject\",\"inLanguage\":\"es-AR\",\"@id\":\"https:\/\/web.consaguirre.com.ar\/noticias\/#\/schema\/person\/image\/\",\"url\":\"https:\/\/web.consaguirre.com.ar\/noticias\/wp-content\/uploads\/2024\/08\/Consaguirre-scaled.jpg\",\"contentUrl\":\"https:\/\/web.consaguirre.com.ar\/noticias\/wp-content\/uploads\/2024\/08\/Consaguirre-scaled.jpg\",\"caption\":\"Javier Figueroa\"},\"description\":\"Me llamo Javier Figueroa y soy redactor para el sitio oficial del Conservatorio de M\u00fasica Juli\u00e1n Aguirre en Buenos Aires, consaguirre.com. Apasionado por la m\u00fasica y la escritura, me esfuerzo por destacar los talentos y eventos de nuestra prestigiosa instituci\u00f3n. Mi trayectoria se nutre de una profunda admiraci\u00f3n por los artistas, haciendo de cada art\u00edculo una celebraci\u00f3n de la creatividad y la cultura musical.\",\"sameAs\":[\"https:\/\/web.consaguirre.com.ar\/noticias\"]}]}<\/script>\n<!-- \/ Yoast SEO plugin. -->","yoast_head_json":{"title":"Robyn anuncia la reedici\u00f3n de vinilo del \u00e1lbum hom\u00f3nimo","robots":{"index":"index","follow":"follow","max-snippet":"max-snippet:-1","max-image-preview":"max-image-preview:large","max-video-preview":"max-video-preview:-1"},"canonical":"https:\/\/web.consaguirre.com.ar\/noticias\/robyn-anuncia-la-reedicion-de-vinilo-del-album-homonimo\/","og_locale":"es_ES","og_type":"article","og_title":"Robyn anuncia la reedici\u00f3n de vinilo del \u00e1lbum hom\u00f3nimo","og_description":"\u00cdcono pop sueco Petirrojo est\u00e1 celebrando el vig\u00e9simo aniversario de su emblem\u00e1tico \u00e1lbum hom\u00f3nimo con una edici\u00f3n especial, reedici\u00f3n de vinilo de 2 lp de","og_url":"https:\/\/web.consaguirre.com.ar\/noticias\/robyn-anuncia-la-reedicion-de-vinilo-del-album-homonimo\/","og_site_name":"Conservatorio de M\u00fasica Juli\u00e1n Aguirre","article_published_time":"2025-07-03T14:38:33+00:00","article_modified_time":"2025-07-03T14:38:34+00:00","og_image":[{"width":1440,"height":864,"url":"https:\/\/web.consaguirre.com.ar\/noticias\/wp-content\/uploads\/2025\/07\/Robyn-anuncia-la-reedicion-de-vinilo-del-album-homonimo.jpg","type":"image\/jpeg"}],"author":"Javier Figueroa","twitter_card":"summary_large_image","twitter_misc":{"Escrito por":"Javier Figueroa","Tiempo de lectura":"2 minutos"},"schema":{"@context":"https:\/\/schema.org","@graph":[{"@type":"Article","@id":"https:\/\/web.consaguirre.com.ar\/noticias\/robyn-anuncia-la-reedicion-de-vinilo-del-album-homonimo\/#article","isPartOf":{"@id":"https:\/\/web.consaguirre.com.ar\/noticias\/robyn-anuncia-la-reedicion-de-vinilo-del-album-homonimo\/"},"author":{"name":"Javier Figueroa","@id":"https:\/\/web.consaguirre.com.ar\/noticias\/#\/schema\/person\/6558b0cfedee7ddc5425602b237d5722"},"headline":"Robyn anuncia la reedici\u00f3n de vinilo del \u00e1lbum hom\u00f3nimo","datePublished":"2025-07-03T14:38:33+00:00","dateModified":"2025-07-03T14:38:34+00:00","mainEntityOfPage":{"@id":"https:\/\/web.consaguirre.com.ar\/noticias\/robyn-anuncia-la-reedicion-de-vinilo-del-album-homonimo\/"},"wordCount":341,"publisher":{"@id":"https:\/\/web.consaguirre.com.ar\/noticias\/#organization"},"image":{"@id":"https:\/\/web.consaguirre.com.ar\/noticias\/robyn-anuncia-la-reedicion-de-vinilo-del-album-homonimo\/#primaryimage"},"thumbnailUrl":"https:\/\/web.consaguirre.com.ar\/noticias\/wp-content\/uploads\/2025\/07\/Robyn-anuncia-la-reedicion-de-vinilo-del-album-homonimo.jpg","keywords":["\u00e1lbum","anuncia","del","hom\u00f3nimo","reedici\u00f3n","Robyn","vinilo"],"articleSection":["El \u00faltimo"],"inLanguage":"es-AR"},{"@type":"WebPage","@id":"https:\/\/web.consaguirre.com.ar\/noticias\/robyn-anuncia-la-reedicion-de-vinilo-del-album-homonimo\/","url":"https:\/\/web.consaguirre.com.ar\/noticias\/robyn-anuncia-la-reedicion-de-vinilo-del-album-homonimo\/","name":"Robyn anuncia la reedici\u00f3n de vinilo del \u00e1lbum hom\u00f3nimo","isPartOf":{"@id":"https:\/\/web.consaguirre.com.ar\/noticias\/#website"},"primaryImageOfPage":{"@id":"https:\/\/web.consaguirre.com.ar\/noticias\/robyn-anuncia-la-reedicion-de-vinilo-del-album-homonimo\/#primaryimage"},"image":{"@id":"https:\/\/web.consaguirre.com.ar\/noticias\/robyn-anuncia-la-reedicion-de-vinilo-del-album-homonimo\/#primaryimage"},"thumbnailUrl":"https:\/\/web.consaguirre.com.ar\/noticias\/wp-content\/uploads\/2025\/07\/Robyn-anuncia-la-reedicion-de-vinilo-del-album-homonimo.jpg","datePublished":"2025-07-03T14:38:33+00:00","dateModified":"2025-07-03T14:38:34+00:00","breadcrumb":{"@id":"https:\/\/web.consaguirre.com.ar\/noticias\/robyn-anuncia-la-reedicion-de-vinilo-del-album-homonimo\/#breadcrumb"},"inLanguage":"es-AR","potentialAction":[{"@type":"ReadAction","target":["https:\/\/web.consaguirre.com.ar\/noticias\/robyn-anuncia-la-reedicion-de-vinilo-del-album-homonimo\/"]}]},{"@type":"ImageObject","inLanguage":"es-AR","@id":"https:\/\/web.consaguirre.com.ar\/noticias\/robyn-anuncia-la-reedicion-de-vinilo-del-album-homonimo\/#primaryimage","url":"https:\/\/web.consaguirre.com.ar\/noticias\/wp-content\/uploads\/2025\/07\/Robyn-anuncia-la-reedicion-de-vinilo-del-album-homonimo.jpg","contentUrl":"https:\/\/web.consaguirre.com.ar\/noticias\/wp-content\/uploads\/2025\/07\/Robyn-anuncia-la-reedicion-de-vinilo-del-album-homonimo.jpg","width":1440,"height":864,"caption":"Robyn anuncia la reedici\u00f3n de vinilo del \u00e1lbum hom\u00f3nimo"},{"@type":"BreadcrumbList","@id":"https:\/\/web.consaguirre.com.ar\/noticias\/robyn-anuncia-la-reedicion-de-vinilo-del-album-homonimo\/#breadcrumb","itemListElement":[{"@type":"ListItem","position":1,"name":"Inicio","item":"https:\/\/web.consaguirre.com.ar\/noticias\/"},{"@type":"ListItem","position":2,"name":"Robyn anuncia la reedici\u00f3n de vinilo del \u00e1lbum hom\u00f3nimo"}]},{"@type":"WebSite","@id":"https:\/\/web.consaguirre.com.ar\/noticias\/#website","url":"https:\/\/web.consaguirre.com.ar\/noticias\/","name":"Conservatorio de M\u00fasica Juli\u00e1n Aguirre","description":"","publisher":{"@id":"https:\/\/web.consaguirre.com.ar\/noticias\/#organization"},"potentialAction":[{"@type":"SearchAction","target":{"@type":"EntryPoint","urlTemplate":"https:\/\/web.consaguirre.com.ar\/noticias\/?s={search_term_string}"},"query-input":"required name=search_term_string"}],"inLanguage":"es-AR"},{"@type":"Organization","@id":"https:\/\/web.consaguirre.com.ar\/noticias\/#organization","name":"Conservatorio de M\u00fasica Juli\u00e1n Aguirre","url":"https:\/\/web.consaguirre.com.ar\/noticias\/","logo":{"@type":"ImageObject","inLanguage":"es-AR","@id":"https:\/\/web.consaguirre.com.ar\/noticias\/#\/schema\/logo\/image\/","url":"https:\/\/web.consaguirre.com.ar\/noticias\/wp-content\/uploads\/2024\/08\/Banner-Aguirre-23.jpg","contentUrl":"https:\/\/web.consaguirre.com.ar\/noticias\/wp-content\/uploads\/2024\/08\/Banner-Aguirre-23.jpg","width":1192,"height":600,"caption":"Conservatorio de M\u00fasica Juli\u00e1n Aguirre"},"image":{"@id":"https:\/\/web.consaguirre.com.ar\/noticias\/#\/schema\/logo\/image\/"}},{"@type":"Person","@id":"https:\/\/web.consaguirre.com.ar\/noticias\/#\/schema\/person\/6558b0cfedee7ddc5425602b237d5722","name":"Javier Figueroa","image":{"@type":"ImageObject","inLanguage":"es-AR","@id":"https:\/\/web.consaguirre.com.ar\/noticias\/#\/schema\/person\/image\/","url":"https:\/\/web.consaguirre.com.ar\/noticias\/wp-content\/uploads\/2024\/08\/Consaguirre-scaled.jpg","contentUrl":"https:\/\/web.consaguirre.com.ar\/noticias\/wp-content\/uploads\/2024\/08\/Consaguirre-scaled.jpg","caption":"Javier Figueroa"},"description":"Me llamo Javier Figueroa y soy redactor para el sitio oficial del Conservatorio de M\u00fasica Juli\u00e1n Aguirre en Buenos Aires, consaguirre.com. Apasionado por la m\u00fasica y la escritura, me esfuerzo por destacar los talentos y eventos de nuestra prestigiosa instituci\u00f3n. Mi trayectoria se nutre de una profunda admiraci\u00f3n por los artistas, haciendo de cada art\u00edculo una celebraci\u00f3n de la creatividad y la cultura musical.","sameAs":["https:\/\/web.consaguirre.com.ar\/noticias"]}]}},"_links":{"self":[{"href":"https:\/\/web.consaguirre.com.ar\/noticias\/wp-json\/wp\/v2\/posts\/3086"}],"collection":[{"href":"https:\/\/web.consaguirre.com.ar\/noticias\/wp-json\/wp\/v2\/posts"}],"about":[{"href":"https:\/\/web.consaguirre.com.ar\/noticias\/wp-json\/wp\/v2\/types\/post"}],"author":[{"embeddable":true,"href":"https:\/\/web.consaguirre.com.ar\/noticias\/wp-json\/wp\/v2\/users\/1"}],"replies":[{"embeddable":true,"href":"https:\/\/web.consaguirre.com.ar\/noticias\/wp-json\/wp\/v2\/comments?post=3086"}],"version-history":[{"count":1,"href":"https:\/\/web.consaguirre.com.ar\/noticias\/wp-json\/wp\/v2\/posts\/3086\/revisions"}],"predecessor-version":[{"id":3088,"href":"https:\/\/web.consaguirre.com.ar\/noticias\/wp-json\/wp\/v2\/posts\/3086\/revisions\/3088"}],"wp:featuredmedia":[{"embeddable":true,"href":"https:\/\/web.consaguirre.com.ar\/noticias\/wp-json\/wp\/v2\/media\/3087"}],"wp:attachment":[{"href":"https:\/\/web.consaguirre.com.ar\/noticias\/wp-json\/wp\/v2\/media?parent=3086"}],"wp:term":[{"taxonomy":"category","embeddable":true,"href":"https:\/\/web.consaguirre.com.ar\/noticias\/wp-json\/wp\/v2\/categories?post=3086"},{"taxonomy":"post_tag","embeddable":true,"href":"https:\/\/web.consaguirre.com.ar\/noticias\/wp-json\/wp\/v2\/tags?post=3086"}],"curies":[{"name":"wp","href":"https:\/\/api.w.org\/{rel}","templated":true}]}}