{"id":3077,"date":"2025-07-02T14:40:33","date_gmt":"2025-07-02T17:40:33","guid":{"rendered":"https:\/\/web.consaguirre.com.ar\/noticias\/dos-albumes-de-supertramp-que-llegan-al-vinilo\/"},"modified":"2025-07-02T14:40:34","modified_gmt":"2025-07-02T17:40:34","slug":"dos-albumes-de-supertramp-que-llegan-al-vinilo","status":"publish","type":"post","link":"https:\/\/web.consaguirre.com.ar\/noticias\/dos-albumes-de-supertramp-que-llegan-al-vinilo\/","title":{"rendered":"Dos \u00e1lbumes de Supertramp que llegan al vinilo"},"content":{"rendered":"<p>Un par de <strong>Supertramp<\/strong> Los \u00e1lbumes llegan al vinilo. <strong><em>Crimen del siglo<\/em><\/strong>  y <em>\u00bfCrisis? \u00bfQu\u00e9 crisis?<\/em> Capture a la banda de rock ingl\u00e9s en un punto de inflexi\u00f3n cuando se convirtieron en estrellas internacionales.<\/p>\n<p>Con la supervisi\u00f3n de la banda y coproductor Ken Scott, estas reediciones del 50 aniversario han sido remasterizadas a media velocidad por Miles Showell en Abbey Road Studios, lo que resulta en un sonido limpio y preciso.<\/p>\n<p>1974 <em>Crimen del siglo<\/em> fue el tercer LP de la banda y su avance comercial, present\u00e1ndolos en las Cinco Top Cinco y Billboard Top 40 de los Estados Unidos. El \u00e1lbum ha alcanzado los singles tanto en el Reino Unido como en los Estados Unidos, incluidos &#8220;School&#8221;, &#8220;Dreamer&#8221; y &#8220;Bloody Well Right&#8221;. El \u00e1lbum presentaba canciones clave de Rick Davies y Roger Hodgson como su primer sencillo del Reino Unido &#8220;Dreamer&#8221;, que alcanz\u00f3 el n\u00famero 13 a principios de 1975, mientras que &#8220;Bloody Well Right&#8221; se convirti\u00f3 en el top 40 de los EE. UU.<\/p>\n<div class=\"uD-YT-container\"><img decoding=\"async\" src=\"https:\/\/web.consaguirre.com.ar\/noticias\/wp-content\/uploads\/2025\/07\/1751478033_878_Dos-albumes-de-Supertramp-que-llegan-al-vinilo.jpg\" alt=\"Video de YouTube\"><br \/>Haga clic para cargar video<\/div>\n<p><em>Crimen del siglo<\/em> Tambi\u00e9n fue el primer disco de Supertramp en presentar el baterista Bob Siebenberg (en ese momento acreditado como Bob C. Benberg), el jugador de lat\u00f3n y el viento de madera John Helliwell, el bajista Dougie Thomson y el coproductor Ken Scott. El \u00e1lbum fue grabado en varios estudios de Londres, incluidos Trident y el Who&#8217;s Ramport Studios. Mientras grababan el \u00e1lbum, Davies y Hodgson grabaron aproximadamente 42 canciones de demostraci\u00f3n, de las cuales solo 8 fueron elegidos para aparecer en el \u00e1lbum.<\/p>\n<p>Varias de esas pistas desechadas aparecer\u00edan en 1975 <em>\u00bfCrisis? \u00bfQu\u00e9 crisis?<\/em>que se lanz\u00f3 solo 13 meses despu\u00e9s <em>Crimen del siglo<\/em>. Ahora considerado por muchos como el puente de sus registros de Prog anteriores a su per\u00edodo m\u00e1s comercialmente exitoso, el \u00e1lbum fue escrito mientras la banda trabajaba para mantenerse al d\u00eda con su nuevo \u00e9xito. El trabajo duro vali\u00f3 la pena: a nivel mundial, ambos registros han vendido millones y han sido certificados de diamante, platino y oro en m\u00faltiples pa\u00edses.<\/p>\n<p><strong>Compre la m\u00fasica de SuperTramp en vinilo ahora.<\/strong><\/p>\n","protected":false},"excerpt":{"rendered":"<p>Un par de Supertramp Los \u00e1lbumes llegan al vinilo. Crimen del siglo y \u00bfCrisis? \u00bfQu\u00e9 crisis? Capture a la banda de rock ingl\u00e9s en un<\/p>\n","protected":false},"author":1,"featured_media":3078,"comment_status":"closed","ping_status":"","sticky":false,"template":"","format":"standard","meta":{"footnotes":""},"categories":[50],"tags":[205,103,2402,1686,87],"class_list":["post-3077","post","type-post","status-publish","format-standard","has-post-thumbnail","hentry","category-el-ultimo","tag-albumes","tag-dos","tag-llegan","tag-supertramp","tag-vinilo","generate-columns","tablet-grid-50","mobile-grid-100","grid-parent","grid-50"],"yoast_head":"<!-- This site is optimized with the Yoast SEO plugin v23.3 - https:\/\/yoast.com\/wordpress\/plugins\/seo\/ -->\n<title>Dos \u00e1lbumes de Supertramp que llegan al vinilo<\/title>\n<meta name=\"robots\" content=\"index, follow, max-snippet:-1, max-image-preview:large, max-video-preview:-1\" \/>\n<link rel=\"canonical\" href=\"https:\/\/web.consaguirre.com.ar\/noticias\/dos-albumes-de-supertramp-que-llegan-al-vinilo\/\" \/>\n<meta property=\"og:locale\" content=\"es_ES\" \/>\n<meta property=\"og:type\" content=\"article\" \/>\n<meta property=\"og:title\" content=\"Dos \u00e1lbumes de Supertramp que llegan al vinilo\" \/>\n<meta property=\"og:description\" content=\"Un par de Supertramp Los \u00e1lbumes llegan al vinilo. Crimen del siglo y \u00bfCrisis? \u00bfQu\u00e9 crisis? Capture a la banda de rock ingl\u00e9s en un\" \/>\n<meta property=\"og:url\" content=\"https:\/\/web.consaguirre.com.ar\/noticias\/dos-albumes-de-supertramp-que-llegan-al-vinilo\/\" \/>\n<meta property=\"og:site_name\" content=\"Conservatorio de M\u00fasica Juli\u00e1n Aguirre\" \/>\n<meta property=\"article:published_time\" content=\"2025-07-02T17:40:33+00:00\" \/>\n<meta property=\"article:modified_time\" content=\"2025-07-02T17:40:34+00:00\" \/>\n<meta property=\"og:image\" content=\"https:\/\/web.consaguirre.com.ar\/noticias\/wp-content\/uploads\/2025\/07\/Dos-albumes-de-Supertramp-que-llegan-al-vinilo.jpg\" \/>\n\t<meta property=\"og:image:width\" content=\"1280\" \/>\n\t<meta property=\"og:image:height\" content=\"1280\" \/>\n\t<meta property=\"og:image:type\" content=\"image\/jpeg\" \/>\n<meta name=\"author\" content=\"Javier Figueroa\" \/>\n<meta name=\"twitter:card\" content=\"summary_large_image\" \/>\n<meta name=\"twitter:label1\" content=\"Escrito por\" \/>\n\t<meta name=\"twitter:data1\" content=\"Javier Figueroa\" \/>\n\t<meta name=\"twitter:label2\" content=\"Tiempo de lectura\" \/>\n\t<meta name=\"twitter:data2\" content=\"2 minutos\" \/>\n<script type=\"application\/ld+json\" class=\"yoast-schema-graph\">{\"@context\":\"https:\/\/schema.org\",\"@graph\":[{\"@type\":\"Article\",\"@id\":\"https:\/\/web.consaguirre.com.ar\/noticias\/dos-albumes-de-supertramp-que-llegan-al-vinilo\/#article\",\"isPartOf\":{\"@id\":\"https:\/\/web.consaguirre.com.ar\/noticias\/dos-albumes-de-supertramp-que-llegan-al-vinilo\/\"},\"author\":{\"name\":\"Javier Figueroa\",\"@id\":\"https:\/\/web.consaguirre.com.ar\/noticias\/#\/schema\/person\/6558b0cfedee7ddc5425602b237d5722\"},\"headline\":\"Dos \u00e1lbumes de Supertramp que llegan al vinilo\",\"datePublished\":\"2025-07-02T17:40:33+00:00\",\"dateModified\":\"2025-07-02T17:40:34+00:00\",\"mainEntityOfPage\":{\"@id\":\"https:\/\/web.consaguirre.com.ar\/noticias\/dos-albumes-de-supertramp-que-llegan-al-vinilo\/\"},\"wordCount\":361,\"publisher\":{\"@id\":\"https:\/\/web.consaguirre.com.ar\/noticias\/#organization\"},\"image\":{\"@id\":\"https:\/\/web.consaguirre.com.ar\/noticias\/dos-albumes-de-supertramp-que-llegan-al-vinilo\/#primaryimage\"},\"thumbnailUrl\":\"https:\/\/web.consaguirre.com.ar\/noticias\/wp-content\/uploads\/2025\/07\/Dos-albumes-de-Supertramp-que-llegan-al-vinilo.jpg\",\"keywords\":[\"\u00e1lbumes\",\"dos\",\"llegan\",\"Supertramp\",\"vinilo\"],\"articleSection\":[\"El \u00faltimo\"],\"inLanguage\":\"es-AR\"},{\"@type\":\"WebPage\",\"@id\":\"https:\/\/web.consaguirre.com.ar\/noticias\/dos-albumes-de-supertramp-que-llegan-al-vinilo\/\",\"url\":\"https:\/\/web.consaguirre.com.ar\/noticias\/dos-albumes-de-supertramp-que-llegan-al-vinilo\/\",\"name\":\"Dos \u00e1lbumes de Supertramp que llegan al vinilo\",\"isPartOf\":{\"@id\":\"https:\/\/web.consaguirre.com.ar\/noticias\/#website\"},\"primaryImageOfPage\":{\"@id\":\"https:\/\/web.consaguirre.com.ar\/noticias\/dos-albumes-de-supertramp-que-llegan-al-vinilo\/#primaryimage\"},\"image\":{\"@id\":\"https:\/\/web.consaguirre.com.ar\/noticias\/dos-albumes-de-supertramp-que-llegan-al-vinilo\/#primaryimage\"},\"thumbnailUrl\":\"https:\/\/web.consaguirre.com.ar\/noticias\/wp-content\/uploads\/2025\/07\/Dos-albumes-de-Supertramp-que-llegan-al-vinilo.jpg\",\"datePublished\":\"2025-07-02T17:40:33+00:00\",\"dateModified\":\"2025-07-02T17:40:34+00:00\",\"breadcrumb\":{\"@id\":\"https:\/\/web.consaguirre.com.ar\/noticias\/dos-albumes-de-supertramp-que-llegan-al-vinilo\/#breadcrumb\"},\"inLanguage\":\"es-AR\",\"potentialAction\":[{\"@type\":\"ReadAction\",\"target\":[\"https:\/\/web.consaguirre.com.ar\/noticias\/dos-albumes-de-supertramp-que-llegan-al-vinilo\/\"]}]},{\"@type\":\"ImageObject\",\"inLanguage\":\"es-AR\",\"@id\":\"https:\/\/web.consaguirre.com.ar\/noticias\/dos-albumes-de-supertramp-que-llegan-al-vinilo\/#primaryimage\",\"url\":\"https:\/\/web.consaguirre.com.ar\/noticias\/wp-content\/uploads\/2025\/07\/Dos-albumes-de-Supertramp-que-llegan-al-vinilo.jpg\",\"contentUrl\":\"https:\/\/web.consaguirre.com.ar\/noticias\/wp-content\/uploads\/2025\/07\/Dos-albumes-de-Supertramp-que-llegan-al-vinilo.jpg\",\"width\":1280,\"height\":1280,\"caption\":\"Dos \u00e1lbumes de Supertramp que llegan al vinilo\"},{\"@type\":\"BreadcrumbList\",\"@id\":\"https:\/\/web.consaguirre.com.ar\/noticias\/dos-albumes-de-supertramp-que-llegan-al-vinilo\/#breadcrumb\",\"itemListElement\":[{\"@type\":\"ListItem\",\"position\":1,\"name\":\"Inicio\",\"item\":\"https:\/\/web.consaguirre.com.ar\/noticias\/\"},{\"@type\":\"ListItem\",\"position\":2,\"name\":\"Dos \u00e1lbumes de Supertramp que llegan al vinilo\"}]},{\"@type\":\"WebSite\",\"@id\":\"https:\/\/web.consaguirre.com.ar\/noticias\/#website\",\"url\":\"https:\/\/web.consaguirre.com.ar\/noticias\/\",\"name\":\"Conservatorio de M\u00fasica Juli\u00e1n Aguirre\",\"description\":\"\",\"publisher\":{\"@id\":\"https:\/\/web.consaguirre.com.ar\/noticias\/#organization\"},\"potentialAction\":[{\"@type\":\"SearchAction\",\"target\":{\"@type\":\"EntryPoint\",\"urlTemplate\":\"https:\/\/web.consaguirre.com.ar\/noticias\/?s={search_term_string}\"},\"query-input\":\"required name=search_term_string\"}],\"inLanguage\":\"es-AR\"},{\"@type\":\"Organization\",\"@id\":\"https:\/\/web.consaguirre.com.ar\/noticias\/#organization\",\"name\":\"Conservatorio de M\u00fasica Juli\u00e1n Aguirre\",\"url\":\"https:\/\/web.consaguirre.com.ar\/noticias\/\",\"logo\":{\"@type\":\"ImageObject\",\"inLanguage\":\"es-AR\",\"@id\":\"https:\/\/web.consaguirre.com.ar\/noticias\/#\/schema\/logo\/image\/\",\"url\":\"https:\/\/web.consaguirre.com.ar\/noticias\/wp-content\/uploads\/2024\/08\/Banner-Aguirre-23.jpg\",\"contentUrl\":\"https:\/\/web.consaguirre.com.ar\/noticias\/wp-content\/uploads\/2024\/08\/Banner-Aguirre-23.jpg\",\"width\":1192,\"height\":600,\"caption\":\"Conservatorio de M\u00fasica Juli\u00e1n Aguirre\"},\"image\":{\"@id\":\"https:\/\/web.consaguirre.com.ar\/noticias\/#\/schema\/logo\/image\/\"}},{\"@type\":\"Person\",\"@id\":\"https:\/\/web.consaguirre.com.ar\/noticias\/#\/schema\/person\/6558b0cfedee7ddc5425602b237d5722\",\"name\":\"Javier Figueroa\",\"image\":{\"@type\":\"ImageObject\",\"inLanguage\":\"es-AR\",\"@id\":\"https:\/\/web.consaguirre.com.ar\/noticias\/#\/schema\/person\/image\/\",\"url\":\"https:\/\/web.consaguirre.com.ar\/noticias\/wp-content\/uploads\/2024\/08\/Consaguirre-scaled.jpg\",\"contentUrl\":\"https:\/\/web.consaguirre.com.ar\/noticias\/wp-content\/uploads\/2024\/08\/Consaguirre-scaled.jpg\",\"caption\":\"Javier Figueroa\"},\"description\":\"Me llamo Javier Figueroa y soy redactor para el sitio oficial del Conservatorio de M\u00fasica Juli\u00e1n Aguirre en Buenos Aires, consaguirre.com. Apasionado por la m\u00fasica y la escritura, me esfuerzo por destacar los talentos y eventos de nuestra prestigiosa instituci\u00f3n. Mi trayectoria se nutre de una profunda admiraci\u00f3n por los artistas, haciendo de cada art\u00edculo una celebraci\u00f3n de la creatividad y la cultura musical.\",\"sameAs\":[\"https:\/\/web.consaguirre.com.ar\/noticias\"]}]}<\/script>\n<!-- \/ Yoast SEO plugin. -->","yoast_head_json":{"title":"Dos \u00e1lbumes de Supertramp que llegan al vinilo","robots":{"index":"index","follow":"follow","max-snippet":"max-snippet:-1","max-image-preview":"max-image-preview:large","max-video-preview":"max-video-preview:-1"},"canonical":"https:\/\/web.consaguirre.com.ar\/noticias\/dos-albumes-de-supertramp-que-llegan-al-vinilo\/","og_locale":"es_ES","og_type":"article","og_title":"Dos \u00e1lbumes de Supertramp que llegan al vinilo","og_description":"Un par de Supertramp Los \u00e1lbumes llegan al vinilo. Crimen del siglo y \u00bfCrisis? \u00bfQu\u00e9 crisis? Capture a la banda de rock ingl\u00e9s en un","og_url":"https:\/\/web.consaguirre.com.ar\/noticias\/dos-albumes-de-supertramp-que-llegan-al-vinilo\/","og_site_name":"Conservatorio de M\u00fasica Juli\u00e1n Aguirre","article_published_time":"2025-07-02T17:40:33+00:00","article_modified_time":"2025-07-02T17:40:34+00:00","og_image":[{"width":1280,"height":1280,"url":"https:\/\/web.consaguirre.com.ar\/noticias\/wp-content\/uploads\/2025\/07\/Dos-albumes-de-Supertramp-que-llegan-al-vinilo.jpg","type":"image\/jpeg"}],"author":"Javier Figueroa","twitter_card":"summary_large_image","twitter_misc":{"Escrito por":"Javier Figueroa","Tiempo de lectura":"2 minutos"},"schema":{"@context":"https:\/\/schema.org","@graph":[{"@type":"Article","@id":"https:\/\/web.consaguirre.com.ar\/noticias\/dos-albumes-de-supertramp-que-llegan-al-vinilo\/#article","isPartOf":{"@id":"https:\/\/web.consaguirre.com.ar\/noticias\/dos-albumes-de-supertramp-que-llegan-al-vinilo\/"},"author":{"name":"Javier Figueroa","@id":"https:\/\/web.consaguirre.com.ar\/noticias\/#\/schema\/person\/6558b0cfedee7ddc5425602b237d5722"},"headline":"Dos \u00e1lbumes de Supertramp que llegan al vinilo","datePublished":"2025-07-02T17:40:33+00:00","dateModified":"2025-07-02T17:40:34+00:00","mainEntityOfPage":{"@id":"https:\/\/web.consaguirre.com.ar\/noticias\/dos-albumes-de-supertramp-que-llegan-al-vinilo\/"},"wordCount":361,"publisher":{"@id":"https:\/\/web.consaguirre.com.ar\/noticias\/#organization"},"image":{"@id":"https:\/\/web.consaguirre.com.ar\/noticias\/dos-albumes-de-supertramp-que-llegan-al-vinilo\/#primaryimage"},"thumbnailUrl":"https:\/\/web.consaguirre.com.ar\/noticias\/wp-content\/uploads\/2025\/07\/Dos-albumes-de-Supertramp-que-llegan-al-vinilo.jpg","keywords":["\u00e1lbumes","dos","llegan","Supertramp","vinilo"],"articleSection":["El \u00faltimo"],"inLanguage":"es-AR"},{"@type":"WebPage","@id":"https:\/\/web.consaguirre.com.ar\/noticias\/dos-albumes-de-supertramp-que-llegan-al-vinilo\/","url":"https:\/\/web.consaguirre.com.ar\/noticias\/dos-albumes-de-supertramp-que-llegan-al-vinilo\/","name":"Dos \u00e1lbumes de Supertramp que llegan al vinilo","isPartOf":{"@id":"https:\/\/web.consaguirre.com.ar\/noticias\/#website"},"primaryImageOfPage":{"@id":"https:\/\/web.consaguirre.com.ar\/noticias\/dos-albumes-de-supertramp-que-llegan-al-vinilo\/#primaryimage"},"image":{"@id":"https:\/\/web.consaguirre.com.ar\/noticias\/dos-albumes-de-supertramp-que-llegan-al-vinilo\/#primaryimage"},"thumbnailUrl":"https:\/\/web.consaguirre.com.ar\/noticias\/wp-content\/uploads\/2025\/07\/Dos-albumes-de-Supertramp-que-llegan-al-vinilo.jpg","datePublished":"2025-07-02T17:40:33+00:00","dateModified":"2025-07-02T17:40:34+00:00","breadcrumb":{"@id":"https:\/\/web.consaguirre.com.ar\/noticias\/dos-albumes-de-supertramp-que-llegan-al-vinilo\/#breadcrumb"},"inLanguage":"es-AR","potentialAction":[{"@type":"ReadAction","target":["https:\/\/web.consaguirre.com.ar\/noticias\/dos-albumes-de-supertramp-que-llegan-al-vinilo\/"]}]},{"@type":"ImageObject","inLanguage":"es-AR","@id":"https:\/\/web.consaguirre.com.ar\/noticias\/dos-albumes-de-supertramp-que-llegan-al-vinilo\/#primaryimage","url":"https:\/\/web.consaguirre.com.ar\/noticias\/wp-content\/uploads\/2025\/07\/Dos-albumes-de-Supertramp-que-llegan-al-vinilo.jpg","contentUrl":"https:\/\/web.consaguirre.com.ar\/noticias\/wp-content\/uploads\/2025\/07\/Dos-albumes-de-Supertramp-que-llegan-al-vinilo.jpg","width":1280,"height":1280,"caption":"Dos \u00e1lbumes de Supertramp que llegan al vinilo"},{"@type":"BreadcrumbList","@id":"https:\/\/web.consaguirre.com.ar\/noticias\/dos-albumes-de-supertramp-que-llegan-al-vinilo\/#breadcrumb","itemListElement":[{"@type":"ListItem","position":1,"name":"Inicio","item":"https:\/\/web.consaguirre.com.ar\/noticias\/"},{"@type":"ListItem","position":2,"name":"Dos \u00e1lbumes de Supertramp que llegan al vinilo"}]},{"@type":"WebSite","@id":"https:\/\/web.consaguirre.com.ar\/noticias\/#website","url":"https:\/\/web.consaguirre.com.ar\/noticias\/","name":"Conservatorio de M\u00fasica Juli\u00e1n Aguirre","description":"","publisher":{"@id":"https:\/\/web.consaguirre.com.ar\/noticias\/#organization"},"potentialAction":[{"@type":"SearchAction","target":{"@type":"EntryPoint","urlTemplate":"https:\/\/web.consaguirre.com.ar\/noticias\/?s={search_term_string}"},"query-input":"required name=search_term_string"}],"inLanguage":"es-AR"},{"@type":"Organization","@id":"https:\/\/web.consaguirre.com.ar\/noticias\/#organization","name":"Conservatorio de M\u00fasica Juli\u00e1n Aguirre","url":"https:\/\/web.consaguirre.com.ar\/noticias\/","logo":{"@type":"ImageObject","inLanguage":"es-AR","@id":"https:\/\/web.consaguirre.com.ar\/noticias\/#\/schema\/logo\/image\/","url":"https:\/\/web.consaguirre.com.ar\/noticias\/wp-content\/uploads\/2024\/08\/Banner-Aguirre-23.jpg","contentUrl":"https:\/\/web.consaguirre.com.ar\/noticias\/wp-content\/uploads\/2024\/08\/Banner-Aguirre-23.jpg","width":1192,"height":600,"caption":"Conservatorio de M\u00fasica Juli\u00e1n Aguirre"},"image":{"@id":"https:\/\/web.consaguirre.com.ar\/noticias\/#\/schema\/logo\/image\/"}},{"@type":"Person","@id":"https:\/\/web.consaguirre.com.ar\/noticias\/#\/schema\/person\/6558b0cfedee7ddc5425602b237d5722","name":"Javier Figueroa","image":{"@type":"ImageObject","inLanguage":"es-AR","@id":"https:\/\/web.consaguirre.com.ar\/noticias\/#\/schema\/person\/image\/","url":"https:\/\/web.consaguirre.com.ar\/noticias\/wp-content\/uploads\/2024\/08\/Consaguirre-scaled.jpg","contentUrl":"https:\/\/web.consaguirre.com.ar\/noticias\/wp-content\/uploads\/2024\/08\/Consaguirre-scaled.jpg","caption":"Javier Figueroa"},"description":"Me llamo Javier Figueroa y soy redactor para el sitio oficial del Conservatorio de M\u00fasica Juli\u00e1n Aguirre en Buenos Aires, consaguirre.com. Apasionado por la m\u00fasica y la escritura, me esfuerzo por destacar los talentos y eventos de nuestra prestigiosa instituci\u00f3n. Mi trayectoria se nutre de una profunda admiraci\u00f3n por los artistas, haciendo de cada art\u00edculo una celebraci\u00f3n de la creatividad y la cultura musical.","sameAs":["https:\/\/web.consaguirre.com.ar\/noticias"]}]}},"_links":{"self":[{"href":"https:\/\/web.consaguirre.com.ar\/noticias\/wp-json\/wp\/v2\/posts\/3077"}],"collection":[{"href":"https:\/\/web.consaguirre.com.ar\/noticias\/wp-json\/wp\/v2\/posts"}],"about":[{"href":"https:\/\/web.consaguirre.com.ar\/noticias\/wp-json\/wp\/v2\/types\/post"}],"author":[{"embeddable":true,"href":"https:\/\/web.consaguirre.com.ar\/noticias\/wp-json\/wp\/v2\/users\/1"}],"replies":[{"embeddable":true,"href":"https:\/\/web.consaguirre.com.ar\/noticias\/wp-json\/wp\/v2\/comments?post=3077"}],"version-history":[{"count":1,"href":"https:\/\/web.consaguirre.com.ar\/noticias\/wp-json\/wp\/v2\/posts\/3077\/revisions"}],"predecessor-version":[{"id":3079,"href":"https:\/\/web.consaguirre.com.ar\/noticias\/wp-json\/wp\/v2\/posts\/3077\/revisions\/3079"}],"wp:featuredmedia":[{"embeddable":true,"href":"https:\/\/web.consaguirre.com.ar\/noticias\/wp-json\/wp\/v2\/media\/3078"}],"wp:attachment":[{"href":"https:\/\/web.consaguirre.com.ar\/noticias\/wp-json\/wp\/v2\/media?parent=3077"}],"wp:term":[{"taxonomy":"category","embeddable":true,"href":"https:\/\/web.consaguirre.com.ar\/noticias\/wp-json\/wp\/v2\/categories?post=3077"},{"taxonomy":"post_tag","embeddable":true,"href":"https:\/\/web.consaguirre.com.ar\/noticias\/wp-json\/wp\/v2\/tags?post=3077"}],"curies":[{"name":"wp","href":"https:\/\/api.w.org\/{rel}","templated":true}]}}