{"id":3044,"date":"2025-06-28T02:39:19","date_gmt":"2025-06-28T05:39:19","guid":{"rendered":"https:\/\/web.consaguirre.com.ar\/noticias\/la-celebracion-de-kool-y-la-pandilla-obtiene-dj-crazy-remix\/"},"modified":"2025-06-28T02:39:20","modified_gmt":"2025-06-28T05:39:20","slug":"la-celebracion-de-kool-y-la-pandilla-obtiene-dj-crazy-remix","status":"publish","type":"post","link":"https:\/\/web.consaguirre.com.ar\/noticias\/la-celebracion-de-kool-y-la-pandilla-obtiene-dj-crazy-remix\/","title":{"rendered":"La &#8216;celebraci\u00f3n&#8217; de Kool y la pandilla obtiene DJ Crazy Remix"},"content":{"rendered":"<p>Uno de <strong>Kool y la pandilla<\/strong>Las pistas m\u00e1s conocidas es obtener una actualizaci\u00f3n moderna de DJ Crazy. &#8220;Celebration&#8221;, del \u00e1lbum de 1980 de la banda <em>\u00a1Celebrar!<\/em>ahora es el tema del remix del New Jersey Club de DJ Crazy, que combina el cl\u00e1sico de discoteca con elementos de las tendencias de los 90 y 2020. El sencillo fue lanzado oficialmente hoy.<\/p>\n<p>Aunque Kool y la pandilla a menudo se consideran una banda asociada con la era de la discoteca de los a\u00f1os setenta y 80, la banda ha sido constantemente relevante. Kool &#038; the Gang no solo lanz\u00f3 un \u00e1lbum tan recientemente como 2023, un a\u00f1o que marc\u00f3 el 60 aniversario de la banda, sino que tambi\u00e9n se han mantenido populares entre los DJ y los clubbers. &#8220;Celebration&#8221; ha sido el tema de varias portadas a lo largo de los a\u00f1os, con la estrella del pop Kylie Minogue grabando su versi\u00f3n de la canci\u00f3n y lanz\u00e1ndola en 1992, y la banda australiana Dragon grabando su versi\u00f3n en la d\u00e9cada de 1980. A principios de este mes, el sencillo de 1981 de la banda &#8220;Get Down On It&#8221;, de su \u00e1lbum <em>Algo especial<\/em>, <strong>fue remezclado por el DJ australiano Young Franco<\/strong>.<\/p>\n<p>DJ Crazy tambi\u00e9n tiene una historia con m\u00fasica de baile, despu\u00e9s de haber aparecido en la escena del club de Filadelfia y abrirse paso a principios de la d\u00e9cada de 2020 con su ritmo para &#8220;Shake Dhat&#8221;. Mientras Drill Rap despegaba en Nueva York, la m\u00fasica dance se combinaba con el rap de diferentes maneras en otras ciudades. &#8220;Jersey jug\u00f3 un papel muy importante en lo que est\u00e1 sucediendo&#8221;, dijo DJ Crazy en <strong>una entrevista de 2022 con <em>El fader<\/em><\/strong>.<\/p>\n<p>&#8220;Siempre me gusta decirle a la gente la historia. Fue de Baltimore a Filadelfia a Nueva Jersey. Jersey fue la \u00faltima parada. Todos obtuvieron sus propios sentimientos, pero siento que Jersey se meti\u00f3 en el mundo&#8221;. En ese momento, el g\u00e9nero de Jersey Club estaba aumentando a nuevos niveles de \u00e9xito, niveles que posiblemente ha superado en los a\u00f1os posteriores, con el sonido adoptado por grupos K-pop como Newjeans y raperos como Lil Uzi Vert. Ahora, Kool &#038; The Gang tambi\u00e9n est\u00e1 en la acci\u00f3n.<\/p>\n<p><strong>Escuche el DJ Crazy Remix de la &#8220;celebraci\u00f3n&#8221; de Kool y la pandilla ahora.<\/strong><\/p>\n","protected":false},"excerpt":{"rendered":"<p>Uno de Kool y la pandillaLas pistas m\u00e1s conocidas es obtener una actualizaci\u00f3n moderna de DJ Crazy. &#8220;Celebration&#8221;, del \u00e1lbum de 1980 de la banda<\/p>\n","protected":false},"author":1,"featured_media":3045,"comment_status":"closed","ping_status":"","sticky":false,"template":"","format":"standard","meta":{"footnotes":""},"categories":[50],"tags":[143,1335,2708,800,2709,1217],"class_list":["post-3044","post","type-post","status-publish","format-standard","has-post-thumbnail","hentry","category-el-ultimo","tag-celebracion","tag-crazy","tag-kool","tag-obtiene","tag-pandilla","tag-remix","generate-columns","tablet-grid-50","mobile-grid-100","grid-parent","grid-50"],"yoast_head":"<!-- This site is optimized with the Yoast SEO plugin v23.3 - https:\/\/yoast.com\/wordpress\/plugins\/seo\/ -->\n<title>La &#039;celebraci\u00f3n&#039; de Kool y la pandilla obtiene DJ Crazy Remix<\/title>\n<meta name=\"robots\" content=\"index, follow, max-snippet:-1, max-image-preview:large, max-video-preview:-1\" \/>\n<link rel=\"canonical\" href=\"https:\/\/web.consaguirre.com.ar\/noticias\/la-celebracion-de-kool-y-la-pandilla-obtiene-dj-crazy-remix\/\" \/>\n<meta property=\"og:locale\" content=\"es_ES\" \/>\n<meta property=\"og:type\" content=\"article\" \/>\n<meta property=\"og:title\" content=\"La &#039;celebraci\u00f3n&#039; de Kool y la pandilla obtiene DJ Crazy Remix\" \/>\n<meta property=\"og:description\" content=\"Uno de Kool y la pandillaLas pistas m\u00e1s conocidas es obtener una actualizaci\u00f3n moderna de DJ Crazy. &#8220;Celebration&#8221;, del \u00e1lbum de 1980 de la banda\" \/>\n<meta property=\"og:url\" content=\"https:\/\/web.consaguirre.com.ar\/noticias\/la-celebracion-de-kool-y-la-pandilla-obtiene-dj-crazy-remix\/\" \/>\n<meta property=\"og:site_name\" content=\"Conservatorio de M\u00fasica Juli\u00e1n Aguirre\" \/>\n<meta property=\"article:published_time\" content=\"2025-06-28T05:39:19+00:00\" \/>\n<meta property=\"article:modified_time\" content=\"2025-06-28T05:39:20+00:00\" \/>\n<meta property=\"og:image\" content=\"https:\/\/web.consaguirre.com.ar\/noticias\/wp-content\/uploads\/2025\/06\/La-celebracion-de-Kool-y-la-pandilla-obtiene-DJ-Crazy.jpg\" \/>\n\t<meta property=\"og:image:width\" content=\"1280\" \/>\n\t<meta property=\"og:image:height\" content=\"1280\" \/>\n\t<meta property=\"og:image:type\" content=\"image\/jpeg\" \/>\n<meta name=\"author\" content=\"Javier Figueroa\" \/>\n<meta name=\"twitter:card\" content=\"summary_large_image\" \/>\n<meta name=\"twitter:label1\" content=\"Escrito por\" \/>\n\t<meta name=\"twitter:data1\" content=\"Javier Figueroa\" \/>\n\t<meta name=\"twitter:label2\" content=\"Tiempo de lectura\" \/>\n\t<meta name=\"twitter:data2\" content=\"2 minutos\" \/>\n<script type=\"application\/ld+json\" class=\"yoast-schema-graph\">{\"@context\":\"https:\/\/schema.org\",\"@graph\":[{\"@type\":\"Article\",\"@id\":\"https:\/\/web.consaguirre.com.ar\/noticias\/la-celebracion-de-kool-y-la-pandilla-obtiene-dj-crazy-remix\/#article\",\"isPartOf\":{\"@id\":\"https:\/\/web.consaguirre.com.ar\/noticias\/la-celebracion-de-kool-y-la-pandilla-obtiene-dj-crazy-remix\/\"},\"author\":{\"name\":\"Javier Figueroa\",\"@id\":\"https:\/\/web.consaguirre.com.ar\/noticias\/#\/schema\/person\/6558b0cfedee7ddc5425602b237d5722\"},\"headline\":\"La &#8216;celebraci\u00f3n&#8217; de Kool y la pandilla obtiene DJ Crazy Remix\",\"datePublished\":\"2025-06-28T05:39:19+00:00\",\"dateModified\":\"2025-06-28T05:39:20+00:00\",\"mainEntityOfPage\":{\"@id\":\"https:\/\/web.consaguirre.com.ar\/noticias\/la-celebracion-de-kool-y-la-pandilla-obtiene-dj-crazy-remix\/\"},\"wordCount\":400,\"publisher\":{\"@id\":\"https:\/\/web.consaguirre.com.ar\/noticias\/#organization\"},\"image\":{\"@id\":\"https:\/\/web.consaguirre.com.ar\/noticias\/la-celebracion-de-kool-y-la-pandilla-obtiene-dj-crazy-remix\/#primaryimage\"},\"thumbnailUrl\":\"https:\/\/web.consaguirre.com.ar\/noticias\/wp-content\/uploads\/2025\/06\/La-celebracion-de-Kool-y-la-pandilla-obtiene-DJ-Crazy.jpg\",\"keywords\":[\"celebraci\u00f3n\",\"Crazy\",\"Kool\",\"obtiene\",\"pandilla\",\"remix\"],\"articleSection\":[\"El \u00faltimo\"],\"inLanguage\":\"es-AR\"},{\"@type\":\"WebPage\",\"@id\":\"https:\/\/web.consaguirre.com.ar\/noticias\/la-celebracion-de-kool-y-la-pandilla-obtiene-dj-crazy-remix\/\",\"url\":\"https:\/\/web.consaguirre.com.ar\/noticias\/la-celebracion-de-kool-y-la-pandilla-obtiene-dj-crazy-remix\/\",\"name\":\"La 'celebraci\u00f3n' de Kool y la pandilla obtiene DJ Crazy Remix\",\"isPartOf\":{\"@id\":\"https:\/\/web.consaguirre.com.ar\/noticias\/#website\"},\"primaryImageOfPage\":{\"@id\":\"https:\/\/web.consaguirre.com.ar\/noticias\/la-celebracion-de-kool-y-la-pandilla-obtiene-dj-crazy-remix\/#primaryimage\"},\"image\":{\"@id\":\"https:\/\/web.consaguirre.com.ar\/noticias\/la-celebracion-de-kool-y-la-pandilla-obtiene-dj-crazy-remix\/#primaryimage\"},\"thumbnailUrl\":\"https:\/\/web.consaguirre.com.ar\/noticias\/wp-content\/uploads\/2025\/06\/La-celebracion-de-Kool-y-la-pandilla-obtiene-DJ-Crazy.jpg\",\"datePublished\":\"2025-06-28T05:39:19+00:00\",\"dateModified\":\"2025-06-28T05:39:20+00:00\",\"breadcrumb\":{\"@id\":\"https:\/\/web.consaguirre.com.ar\/noticias\/la-celebracion-de-kool-y-la-pandilla-obtiene-dj-crazy-remix\/#breadcrumb\"},\"inLanguage\":\"es-AR\",\"potentialAction\":[{\"@type\":\"ReadAction\",\"target\":[\"https:\/\/web.consaguirre.com.ar\/noticias\/la-celebracion-de-kool-y-la-pandilla-obtiene-dj-crazy-remix\/\"]}]},{\"@type\":\"ImageObject\",\"inLanguage\":\"es-AR\",\"@id\":\"https:\/\/web.consaguirre.com.ar\/noticias\/la-celebracion-de-kool-y-la-pandilla-obtiene-dj-crazy-remix\/#primaryimage\",\"url\":\"https:\/\/web.consaguirre.com.ar\/noticias\/wp-content\/uploads\/2025\/06\/La-celebracion-de-Kool-y-la-pandilla-obtiene-DJ-Crazy.jpg\",\"contentUrl\":\"https:\/\/web.consaguirre.com.ar\/noticias\/wp-content\/uploads\/2025\/06\/La-celebracion-de-Kool-y-la-pandilla-obtiene-DJ-Crazy.jpg\",\"width\":1280,\"height\":1280,\"caption\":\"La 'celebraci\u00f3n' de Kool y la pandilla obtiene DJ Crazy Remix\"},{\"@type\":\"BreadcrumbList\",\"@id\":\"https:\/\/web.consaguirre.com.ar\/noticias\/la-celebracion-de-kool-y-la-pandilla-obtiene-dj-crazy-remix\/#breadcrumb\",\"itemListElement\":[{\"@type\":\"ListItem\",\"position\":1,\"name\":\"Inicio\",\"item\":\"https:\/\/web.consaguirre.com.ar\/noticias\/\"},{\"@type\":\"ListItem\",\"position\":2,\"name\":\"La &#8216;celebraci\u00f3n&#8217; de Kool y la pandilla obtiene DJ Crazy Remix\"}]},{\"@type\":\"WebSite\",\"@id\":\"https:\/\/web.consaguirre.com.ar\/noticias\/#website\",\"url\":\"https:\/\/web.consaguirre.com.ar\/noticias\/\",\"name\":\"Conservatorio de M\u00fasica Juli\u00e1n Aguirre\",\"description\":\"\",\"publisher\":{\"@id\":\"https:\/\/web.consaguirre.com.ar\/noticias\/#organization\"},\"potentialAction\":[{\"@type\":\"SearchAction\",\"target\":{\"@type\":\"EntryPoint\",\"urlTemplate\":\"https:\/\/web.consaguirre.com.ar\/noticias\/?s={search_term_string}\"},\"query-input\":\"required name=search_term_string\"}],\"inLanguage\":\"es-AR\"},{\"@type\":\"Organization\",\"@id\":\"https:\/\/web.consaguirre.com.ar\/noticias\/#organization\",\"name\":\"Conservatorio de M\u00fasica Juli\u00e1n Aguirre\",\"url\":\"https:\/\/web.consaguirre.com.ar\/noticias\/\",\"logo\":{\"@type\":\"ImageObject\",\"inLanguage\":\"es-AR\",\"@id\":\"https:\/\/web.consaguirre.com.ar\/noticias\/#\/schema\/logo\/image\/\",\"url\":\"https:\/\/web.consaguirre.com.ar\/noticias\/wp-content\/uploads\/2024\/08\/Banner-Aguirre-23.jpg\",\"contentUrl\":\"https:\/\/web.consaguirre.com.ar\/noticias\/wp-content\/uploads\/2024\/08\/Banner-Aguirre-23.jpg\",\"width\":1192,\"height\":600,\"caption\":\"Conservatorio de M\u00fasica Juli\u00e1n Aguirre\"},\"image\":{\"@id\":\"https:\/\/web.consaguirre.com.ar\/noticias\/#\/schema\/logo\/image\/\"}},{\"@type\":\"Person\",\"@id\":\"https:\/\/web.consaguirre.com.ar\/noticias\/#\/schema\/person\/6558b0cfedee7ddc5425602b237d5722\",\"name\":\"Javier Figueroa\",\"image\":{\"@type\":\"ImageObject\",\"inLanguage\":\"es-AR\",\"@id\":\"https:\/\/web.consaguirre.com.ar\/noticias\/#\/schema\/person\/image\/\",\"url\":\"https:\/\/web.consaguirre.com.ar\/noticias\/wp-content\/uploads\/2024\/08\/Consaguirre-scaled.jpg\",\"contentUrl\":\"https:\/\/web.consaguirre.com.ar\/noticias\/wp-content\/uploads\/2024\/08\/Consaguirre-scaled.jpg\",\"caption\":\"Javier Figueroa\"},\"description\":\"Me llamo Javier Figueroa y soy redactor para el sitio oficial del Conservatorio de M\u00fasica Juli\u00e1n Aguirre en Buenos Aires, consaguirre.com. Apasionado por la m\u00fasica y la escritura, me esfuerzo por destacar los talentos y eventos de nuestra prestigiosa instituci\u00f3n. Mi trayectoria se nutre de una profunda admiraci\u00f3n por los artistas, haciendo de cada art\u00edculo una celebraci\u00f3n de la creatividad y la cultura musical.\",\"sameAs\":[\"https:\/\/web.consaguirre.com.ar\/noticias\"]}]}<\/script>\n<!-- \/ Yoast SEO plugin. -->","yoast_head_json":{"title":"La 'celebraci\u00f3n' de Kool y la pandilla obtiene DJ Crazy Remix","robots":{"index":"index","follow":"follow","max-snippet":"max-snippet:-1","max-image-preview":"max-image-preview:large","max-video-preview":"max-video-preview:-1"},"canonical":"https:\/\/web.consaguirre.com.ar\/noticias\/la-celebracion-de-kool-y-la-pandilla-obtiene-dj-crazy-remix\/","og_locale":"es_ES","og_type":"article","og_title":"La 'celebraci\u00f3n' de Kool y la pandilla obtiene DJ Crazy Remix","og_description":"Uno de Kool y la pandillaLas pistas m\u00e1s conocidas es obtener una actualizaci\u00f3n moderna de DJ Crazy. &#8220;Celebration&#8221;, del \u00e1lbum de 1980 de la banda","og_url":"https:\/\/web.consaguirre.com.ar\/noticias\/la-celebracion-de-kool-y-la-pandilla-obtiene-dj-crazy-remix\/","og_site_name":"Conservatorio de M\u00fasica Juli\u00e1n Aguirre","article_published_time":"2025-06-28T05:39:19+00:00","article_modified_time":"2025-06-28T05:39:20+00:00","og_image":[{"width":1280,"height":1280,"url":"https:\/\/web.consaguirre.com.ar\/noticias\/wp-content\/uploads\/2025\/06\/La-celebracion-de-Kool-y-la-pandilla-obtiene-DJ-Crazy.jpg","type":"image\/jpeg"}],"author":"Javier Figueroa","twitter_card":"summary_large_image","twitter_misc":{"Escrito por":"Javier Figueroa","Tiempo de lectura":"2 minutos"},"schema":{"@context":"https:\/\/schema.org","@graph":[{"@type":"Article","@id":"https:\/\/web.consaguirre.com.ar\/noticias\/la-celebracion-de-kool-y-la-pandilla-obtiene-dj-crazy-remix\/#article","isPartOf":{"@id":"https:\/\/web.consaguirre.com.ar\/noticias\/la-celebracion-de-kool-y-la-pandilla-obtiene-dj-crazy-remix\/"},"author":{"name":"Javier Figueroa","@id":"https:\/\/web.consaguirre.com.ar\/noticias\/#\/schema\/person\/6558b0cfedee7ddc5425602b237d5722"},"headline":"La &#8216;celebraci\u00f3n&#8217; de Kool y la pandilla obtiene DJ Crazy Remix","datePublished":"2025-06-28T05:39:19+00:00","dateModified":"2025-06-28T05:39:20+00:00","mainEntityOfPage":{"@id":"https:\/\/web.consaguirre.com.ar\/noticias\/la-celebracion-de-kool-y-la-pandilla-obtiene-dj-crazy-remix\/"},"wordCount":400,"publisher":{"@id":"https:\/\/web.consaguirre.com.ar\/noticias\/#organization"},"image":{"@id":"https:\/\/web.consaguirre.com.ar\/noticias\/la-celebracion-de-kool-y-la-pandilla-obtiene-dj-crazy-remix\/#primaryimage"},"thumbnailUrl":"https:\/\/web.consaguirre.com.ar\/noticias\/wp-content\/uploads\/2025\/06\/La-celebracion-de-Kool-y-la-pandilla-obtiene-DJ-Crazy.jpg","keywords":["celebraci\u00f3n","Crazy","Kool","obtiene","pandilla","remix"],"articleSection":["El \u00faltimo"],"inLanguage":"es-AR"},{"@type":"WebPage","@id":"https:\/\/web.consaguirre.com.ar\/noticias\/la-celebracion-de-kool-y-la-pandilla-obtiene-dj-crazy-remix\/","url":"https:\/\/web.consaguirre.com.ar\/noticias\/la-celebracion-de-kool-y-la-pandilla-obtiene-dj-crazy-remix\/","name":"La 'celebraci\u00f3n' de Kool y la pandilla obtiene DJ Crazy Remix","isPartOf":{"@id":"https:\/\/web.consaguirre.com.ar\/noticias\/#website"},"primaryImageOfPage":{"@id":"https:\/\/web.consaguirre.com.ar\/noticias\/la-celebracion-de-kool-y-la-pandilla-obtiene-dj-crazy-remix\/#primaryimage"},"image":{"@id":"https:\/\/web.consaguirre.com.ar\/noticias\/la-celebracion-de-kool-y-la-pandilla-obtiene-dj-crazy-remix\/#primaryimage"},"thumbnailUrl":"https:\/\/web.consaguirre.com.ar\/noticias\/wp-content\/uploads\/2025\/06\/La-celebracion-de-Kool-y-la-pandilla-obtiene-DJ-Crazy.jpg","datePublished":"2025-06-28T05:39:19+00:00","dateModified":"2025-06-28T05:39:20+00:00","breadcrumb":{"@id":"https:\/\/web.consaguirre.com.ar\/noticias\/la-celebracion-de-kool-y-la-pandilla-obtiene-dj-crazy-remix\/#breadcrumb"},"inLanguage":"es-AR","potentialAction":[{"@type":"ReadAction","target":["https:\/\/web.consaguirre.com.ar\/noticias\/la-celebracion-de-kool-y-la-pandilla-obtiene-dj-crazy-remix\/"]}]},{"@type":"ImageObject","inLanguage":"es-AR","@id":"https:\/\/web.consaguirre.com.ar\/noticias\/la-celebracion-de-kool-y-la-pandilla-obtiene-dj-crazy-remix\/#primaryimage","url":"https:\/\/web.consaguirre.com.ar\/noticias\/wp-content\/uploads\/2025\/06\/La-celebracion-de-Kool-y-la-pandilla-obtiene-DJ-Crazy.jpg","contentUrl":"https:\/\/web.consaguirre.com.ar\/noticias\/wp-content\/uploads\/2025\/06\/La-celebracion-de-Kool-y-la-pandilla-obtiene-DJ-Crazy.jpg","width":1280,"height":1280,"caption":"La 'celebraci\u00f3n' de Kool y la pandilla obtiene DJ Crazy Remix"},{"@type":"BreadcrumbList","@id":"https:\/\/web.consaguirre.com.ar\/noticias\/la-celebracion-de-kool-y-la-pandilla-obtiene-dj-crazy-remix\/#breadcrumb","itemListElement":[{"@type":"ListItem","position":1,"name":"Inicio","item":"https:\/\/web.consaguirre.com.ar\/noticias\/"},{"@type":"ListItem","position":2,"name":"La &#8216;celebraci\u00f3n&#8217; de Kool y la pandilla obtiene DJ Crazy Remix"}]},{"@type":"WebSite","@id":"https:\/\/web.consaguirre.com.ar\/noticias\/#website","url":"https:\/\/web.consaguirre.com.ar\/noticias\/","name":"Conservatorio de M\u00fasica Juli\u00e1n Aguirre","description":"","publisher":{"@id":"https:\/\/web.consaguirre.com.ar\/noticias\/#organization"},"potentialAction":[{"@type":"SearchAction","target":{"@type":"EntryPoint","urlTemplate":"https:\/\/web.consaguirre.com.ar\/noticias\/?s={search_term_string}"},"query-input":"required name=search_term_string"}],"inLanguage":"es-AR"},{"@type":"Organization","@id":"https:\/\/web.consaguirre.com.ar\/noticias\/#organization","name":"Conservatorio de M\u00fasica Juli\u00e1n Aguirre","url":"https:\/\/web.consaguirre.com.ar\/noticias\/","logo":{"@type":"ImageObject","inLanguage":"es-AR","@id":"https:\/\/web.consaguirre.com.ar\/noticias\/#\/schema\/logo\/image\/","url":"https:\/\/web.consaguirre.com.ar\/noticias\/wp-content\/uploads\/2024\/08\/Banner-Aguirre-23.jpg","contentUrl":"https:\/\/web.consaguirre.com.ar\/noticias\/wp-content\/uploads\/2024\/08\/Banner-Aguirre-23.jpg","width":1192,"height":600,"caption":"Conservatorio de M\u00fasica Juli\u00e1n Aguirre"},"image":{"@id":"https:\/\/web.consaguirre.com.ar\/noticias\/#\/schema\/logo\/image\/"}},{"@type":"Person","@id":"https:\/\/web.consaguirre.com.ar\/noticias\/#\/schema\/person\/6558b0cfedee7ddc5425602b237d5722","name":"Javier Figueroa","image":{"@type":"ImageObject","inLanguage":"es-AR","@id":"https:\/\/web.consaguirre.com.ar\/noticias\/#\/schema\/person\/image\/","url":"https:\/\/web.consaguirre.com.ar\/noticias\/wp-content\/uploads\/2024\/08\/Consaguirre-scaled.jpg","contentUrl":"https:\/\/web.consaguirre.com.ar\/noticias\/wp-content\/uploads\/2024\/08\/Consaguirre-scaled.jpg","caption":"Javier Figueroa"},"description":"Me llamo Javier Figueroa y soy redactor para el sitio oficial del Conservatorio de M\u00fasica Juli\u00e1n Aguirre en Buenos Aires, consaguirre.com. Apasionado por la m\u00fasica y la escritura, me esfuerzo por destacar los talentos y eventos de nuestra prestigiosa instituci\u00f3n. Mi trayectoria se nutre de una profunda admiraci\u00f3n por los artistas, haciendo de cada art\u00edculo una celebraci\u00f3n de la creatividad y la cultura musical.","sameAs":["https:\/\/web.consaguirre.com.ar\/noticias"]}]}},"_links":{"self":[{"href":"https:\/\/web.consaguirre.com.ar\/noticias\/wp-json\/wp\/v2\/posts\/3044"}],"collection":[{"href":"https:\/\/web.consaguirre.com.ar\/noticias\/wp-json\/wp\/v2\/posts"}],"about":[{"href":"https:\/\/web.consaguirre.com.ar\/noticias\/wp-json\/wp\/v2\/types\/post"}],"author":[{"embeddable":true,"href":"https:\/\/web.consaguirre.com.ar\/noticias\/wp-json\/wp\/v2\/users\/1"}],"replies":[{"embeddable":true,"href":"https:\/\/web.consaguirre.com.ar\/noticias\/wp-json\/wp\/v2\/comments?post=3044"}],"version-history":[{"count":1,"href":"https:\/\/web.consaguirre.com.ar\/noticias\/wp-json\/wp\/v2\/posts\/3044\/revisions"}],"predecessor-version":[{"id":3046,"href":"https:\/\/web.consaguirre.com.ar\/noticias\/wp-json\/wp\/v2\/posts\/3044\/revisions\/3046"}],"wp:featuredmedia":[{"embeddable":true,"href":"https:\/\/web.consaguirre.com.ar\/noticias\/wp-json\/wp\/v2\/media\/3045"}],"wp:attachment":[{"href":"https:\/\/web.consaguirre.com.ar\/noticias\/wp-json\/wp\/v2\/media?parent=3044"}],"wp:term":[{"taxonomy":"category","embeddable":true,"href":"https:\/\/web.consaguirre.com.ar\/noticias\/wp-json\/wp\/v2\/categories?post=3044"},{"taxonomy":"post_tag","embeddable":true,"href":"https:\/\/web.consaguirre.com.ar\/noticias\/wp-json\/wp\/v2\/tags?post=3044"}],"curies":[{"name":"wp","href":"https:\/\/api.w.org\/{rel}","templated":true}]}}