{"id":3020,"date":"2025-06-27T14:43:35","date_gmt":"2025-06-27T17:43:35","guid":{"rendered":"https:\/\/web.consaguirre.com.ar\/noticias\/los-arandanos-anuncian-mas-formatos-de-aniversario-no-es-necesario-discutir\/"},"modified":"2025-06-27T14:43:36","modified_gmt":"2025-06-27T17:43:36","slug":"los-arandanos-anuncian-mas-formatos-de-aniversario-no-es-necesario-discutir","status":"publish","type":"post","link":"https:\/\/web.consaguirre.com.ar\/noticias\/los-arandanos-anuncian-mas-formatos-de-aniversario-no-es-necesario-discutir\/","title":{"rendered":"Los ar\u00e1ndanos anuncian m\u00e1s formatos de aniversario &#8216;No es necesario discutir&#8217;"},"content":{"rendered":"<p><strong>Los ar\u00e1ndanos<\/strong> han anunciado planes para lanzar formatos adicionales de su LP <strong><em>No hay necesidad de discutir<\/em><\/strong>  En celebraci\u00f3n del 30 aniversario del disco.<\/p>\n<p>A finales de este a\u00f1o, el querido \u00e1lbum estar\u00e1 disponible en formato 2LP, 2CD, 1LP y 1CD por primera vez desde su lanzamiento de 1994.<\/p>\n<p>El anuncio sigue el lanzamiento de una edici\u00f3n de 3LP y 30 aniversario de <em>No hay necesidad de discutir<\/em> Completo con audio remasterizado del productor original del disco, Stephen Street. La edici\u00f3n 3LP re\u00fane grabaciones en vivo y m\u00faltiples pistas en vivo in\u00e9ditas grabadas durante la actuaci\u00f3n del grupo en Woodstock &#8217;94. Tambi\u00e9n presenta cortes del set de 1994 de los Cranberries en <em>MTV Desenchufado<\/em>.<\/p>\n<div class=\"uD-YT-container\"><img decoding=\"async\" src=\"https:\/\/web.consaguirre.com.ar\/noticias\/wp-content\/uploads\/2025\/06\/1751046215_798_Los-arandanos-anuncian-mas-formatos-de-aniversario-No-es-necesario.jpg\" alt=\"Video de YouTube\"><br \/>Haga clic para cargar video<\/div>\n<p>Adem\u00e1s de la variedad de nuevos formatos, el grupo tambi\u00e9n comparti\u00f3 un nuevo remix de la canci\u00f3n m\u00e1s emblem\u00e1tica del \u00e1lbum, &#8220;Zombie&#8221;, de Iain Cook de Chvrches. (Hablando sobre el \u00e9xito inicial de la canci\u00f3n en un comunicado de prensa, el baterista de los Cranberries, Fergal Lawler, comparti\u00f3: &#8220;Recuerdo haber interpretado a &#8216;Zombie&#8217;, por ejemplo, a principios de 1993 en nuestra primera gira europea con Flores de Hothouse. En el momento en que el Corus lleg\u00f3 por segunda vez, podr\u00eda sentir la reacci\u00f3n en la sala. A la gente solo le encant\u00f3 de la hora de obtener&#8221;. Vida simple en tierra despu\u00e9s del exitosa que se basa en un arreglo de cuerda original del cantante principal del difunto Dolores O&#8217;Riordan.<\/p>\n<p>Escrito mientras el grupo estaba en la carretera recorriendo su debut bien recibido <em>Todos los dem\u00e1s lo est\u00e1n haciendo, entonces, \u00bfpor qu\u00e9 no podemos?<\/em> (hogar de su primer gran \u00e9xito, &#8220;Linger&#8221;), <em>No hay necesidad de discutir<\/em> ciment\u00f3 el estrellato global del grupo y afirm\u00f3 a\u00fan m\u00e1s su esp\u00edritu revolucionario y de mentalidad pol\u00edtica. &#8220;A veces, parece que solo ha pasado hace unos a\u00f1os y otras veces se siente como una eternidad&#8221;, agreg\u00f3 Lawler. &#8220;Todav\u00eda hay muchos recuerdos frescos en nuestras mentes&#8221;.<\/p>\n<p><strong>Ordene la edici\u00f3n del 30 aniversario de los ar\u00e1ndanos &#8216; <em>No hay necesidad de discutir<\/em> ahora. <\/strong><\/p>\n","protected":false},"excerpt":{"rendered":"<p>Los ar\u00e1ndanos han anunciado planes para lanzar formatos adicionales de su LP No hay necesidad de discutir En celebraci\u00f3n del 30 aniversario del disco. A<\/p>\n","protected":false},"author":1,"featured_media":3021,"comment_status":"closed","ping_status":"","sticky":false,"template":"","format":"standard","meta":{"footnotes":""},"categories":[50],"tags":[98,725,2760,2731,2761,180,707,1873],"class_list":["post-3020","post","type-post","status-publish","format-standard","has-post-thumbnail","hentry","category-el-ultimo","tag-aniversario","tag-anuncian","tag-arandanos","tag-discutir","tag-formatos","tag-los","tag-mas","tag-necesario","generate-columns","tablet-grid-50","mobile-grid-100","grid-parent","grid-50"],"yoast_head":"<!-- This site is optimized with the Yoast SEO plugin v23.3 - https:\/\/yoast.com\/wordpress\/plugins\/seo\/ -->\n<title>Los ar\u00e1ndanos anuncian m\u00e1s formatos de aniversario &#039;No es necesario discutir&#039;<\/title>\n<meta name=\"robots\" content=\"index, follow, max-snippet:-1, max-image-preview:large, max-video-preview:-1\" \/>\n<link rel=\"canonical\" href=\"https:\/\/web.consaguirre.com.ar\/noticias\/los-arandanos-anuncian-mas-formatos-de-aniversario-no-es-necesario-discutir\/\" \/>\n<meta property=\"og:locale\" content=\"es_ES\" \/>\n<meta property=\"og:type\" content=\"article\" \/>\n<meta property=\"og:title\" content=\"Los ar\u00e1ndanos anuncian m\u00e1s formatos de aniversario &#039;No es necesario discutir&#039;\" \/>\n<meta property=\"og:description\" content=\"Los ar\u00e1ndanos han anunciado planes para lanzar formatos adicionales de su LP No hay necesidad de discutir En celebraci\u00f3n del 30 aniversario del disco. A\" \/>\n<meta property=\"og:url\" content=\"https:\/\/web.consaguirre.com.ar\/noticias\/los-arandanos-anuncian-mas-formatos-de-aniversario-no-es-necesario-discutir\/\" \/>\n<meta property=\"og:site_name\" content=\"Conservatorio de M\u00fasica Juli\u00e1n Aguirre\" \/>\n<meta property=\"article:published_time\" content=\"2025-06-27T17:43:35+00:00\" \/>\n<meta property=\"article:modified_time\" content=\"2025-06-27T17:43:36+00:00\" \/>\n<meta property=\"og:image\" content=\"https:\/\/web.consaguirre.com.ar\/noticias\/wp-content\/uploads\/2025\/06\/Los-arandanos-anuncian-mas-formatos-de-aniversario-No-es-necesario.jpg\" \/>\n\t<meta property=\"og:image:width\" content=\"1280\" \/>\n\t<meta property=\"og:image:height\" content=\"1280\" \/>\n\t<meta property=\"og:image:type\" content=\"image\/jpeg\" \/>\n<meta name=\"author\" content=\"Javier Figueroa\" \/>\n<meta name=\"twitter:card\" content=\"summary_large_image\" \/>\n<meta name=\"twitter:label1\" content=\"Escrito por\" \/>\n\t<meta name=\"twitter:data1\" content=\"Javier Figueroa\" \/>\n\t<meta name=\"twitter:label2\" content=\"Tiempo de lectura\" \/>\n\t<meta name=\"twitter:data2\" content=\"2 minutos\" \/>\n<script type=\"application\/ld+json\" class=\"yoast-schema-graph\">{\"@context\":\"https:\/\/schema.org\",\"@graph\":[{\"@type\":\"Article\",\"@id\":\"https:\/\/web.consaguirre.com.ar\/noticias\/los-arandanos-anuncian-mas-formatos-de-aniversario-no-es-necesario-discutir\/#article\",\"isPartOf\":{\"@id\":\"https:\/\/web.consaguirre.com.ar\/noticias\/los-arandanos-anuncian-mas-formatos-de-aniversario-no-es-necesario-discutir\/\"},\"author\":{\"name\":\"Javier Figueroa\",\"@id\":\"https:\/\/web.consaguirre.com.ar\/noticias\/#\/schema\/person\/6558b0cfedee7ddc5425602b237d5722\"},\"headline\":\"Los ar\u00e1ndanos anuncian m\u00e1s formatos de aniversario &#8216;No es necesario discutir&#8217;\",\"datePublished\":\"2025-06-27T17:43:35+00:00\",\"dateModified\":\"2025-06-27T17:43:36+00:00\",\"mainEntityOfPage\":{\"@id\":\"https:\/\/web.consaguirre.com.ar\/noticias\/los-arandanos-anuncian-mas-formatos-de-aniversario-no-es-necesario-discutir\/\"},\"wordCount\":371,\"publisher\":{\"@id\":\"https:\/\/web.consaguirre.com.ar\/noticias\/#organization\"},\"image\":{\"@id\":\"https:\/\/web.consaguirre.com.ar\/noticias\/los-arandanos-anuncian-mas-formatos-de-aniversario-no-es-necesario-discutir\/#primaryimage\"},\"thumbnailUrl\":\"https:\/\/web.consaguirre.com.ar\/noticias\/wp-content\/uploads\/2025\/06\/Los-arandanos-anuncian-mas-formatos-de-aniversario-No-es-necesario.jpg\",\"keywords\":[\"aniversario\",\"anuncian\",\"ar\u00e1ndanos\",\"discutir\",\"formatos\",\"los\",\"m\u00e1s\",\"necesario\"],\"articleSection\":[\"El \u00faltimo\"],\"inLanguage\":\"es-AR\"},{\"@type\":\"WebPage\",\"@id\":\"https:\/\/web.consaguirre.com.ar\/noticias\/los-arandanos-anuncian-mas-formatos-de-aniversario-no-es-necesario-discutir\/\",\"url\":\"https:\/\/web.consaguirre.com.ar\/noticias\/los-arandanos-anuncian-mas-formatos-de-aniversario-no-es-necesario-discutir\/\",\"name\":\"Los ar\u00e1ndanos anuncian m\u00e1s formatos de aniversario 'No es necesario discutir'\",\"isPartOf\":{\"@id\":\"https:\/\/web.consaguirre.com.ar\/noticias\/#website\"},\"primaryImageOfPage\":{\"@id\":\"https:\/\/web.consaguirre.com.ar\/noticias\/los-arandanos-anuncian-mas-formatos-de-aniversario-no-es-necesario-discutir\/#primaryimage\"},\"image\":{\"@id\":\"https:\/\/web.consaguirre.com.ar\/noticias\/los-arandanos-anuncian-mas-formatos-de-aniversario-no-es-necesario-discutir\/#primaryimage\"},\"thumbnailUrl\":\"https:\/\/web.consaguirre.com.ar\/noticias\/wp-content\/uploads\/2025\/06\/Los-arandanos-anuncian-mas-formatos-de-aniversario-No-es-necesario.jpg\",\"datePublished\":\"2025-06-27T17:43:35+00:00\",\"dateModified\":\"2025-06-27T17:43:36+00:00\",\"breadcrumb\":{\"@id\":\"https:\/\/web.consaguirre.com.ar\/noticias\/los-arandanos-anuncian-mas-formatos-de-aniversario-no-es-necesario-discutir\/#breadcrumb\"},\"inLanguage\":\"es-AR\",\"potentialAction\":[{\"@type\":\"ReadAction\",\"target\":[\"https:\/\/web.consaguirre.com.ar\/noticias\/los-arandanos-anuncian-mas-formatos-de-aniversario-no-es-necesario-discutir\/\"]}]},{\"@type\":\"ImageObject\",\"inLanguage\":\"es-AR\",\"@id\":\"https:\/\/web.consaguirre.com.ar\/noticias\/los-arandanos-anuncian-mas-formatos-de-aniversario-no-es-necesario-discutir\/#primaryimage\",\"url\":\"https:\/\/web.consaguirre.com.ar\/noticias\/wp-content\/uploads\/2025\/06\/Los-arandanos-anuncian-mas-formatos-de-aniversario-No-es-necesario.jpg\",\"contentUrl\":\"https:\/\/web.consaguirre.com.ar\/noticias\/wp-content\/uploads\/2025\/06\/Los-arandanos-anuncian-mas-formatos-de-aniversario-No-es-necesario.jpg\",\"width\":1280,\"height\":1280,\"caption\":\"Los ar\u00e1ndanos anuncian m\u00e1s formatos de aniversario 'No es necesario discutir'\"},{\"@type\":\"BreadcrumbList\",\"@id\":\"https:\/\/web.consaguirre.com.ar\/noticias\/los-arandanos-anuncian-mas-formatos-de-aniversario-no-es-necesario-discutir\/#breadcrumb\",\"itemListElement\":[{\"@type\":\"ListItem\",\"position\":1,\"name\":\"Inicio\",\"item\":\"https:\/\/web.consaguirre.com.ar\/noticias\/\"},{\"@type\":\"ListItem\",\"position\":2,\"name\":\"Los ar\u00e1ndanos anuncian m\u00e1s formatos de aniversario &#8216;No es necesario discutir&#8217;\"}]},{\"@type\":\"WebSite\",\"@id\":\"https:\/\/web.consaguirre.com.ar\/noticias\/#website\",\"url\":\"https:\/\/web.consaguirre.com.ar\/noticias\/\",\"name\":\"Conservatorio de M\u00fasica Juli\u00e1n Aguirre\",\"description\":\"\",\"publisher\":{\"@id\":\"https:\/\/web.consaguirre.com.ar\/noticias\/#organization\"},\"potentialAction\":[{\"@type\":\"SearchAction\",\"target\":{\"@type\":\"EntryPoint\",\"urlTemplate\":\"https:\/\/web.consaguirre.com.ar\/noticias\/?s={search_term_string}\"},\"query-input\":\"required name=search_term_string\"}],\"inLanguage\":\"es-AR\"},{\"@type\":\"Organization\",\"@id\":\"https:\/\/web.consaguirre.com.ar\/noticias\/#organization\",\"name\":\"Conservatorio de M\u00fasica Juli\u00e1n Aguirre\",\"url\":\"https:\/\/web.consaguirre.com.ar\/noticias\/\",\"logo\":{\"@type\":\"ImageObject\",\"inLanguage\":\"es-AR\",\"@id\":\"https:\/\/web.consaguirre.com.ar\/noticias\/#\/schema\/logo\/image\/\",\"url\":\"https:\/\/web.consaguirre.com.ar\/noticias\/wp-content\/uploads\/2024\/08\/Banner-Aguirre-23.jpg\",\"contentUrl\":\"https:\/\/web.consaguirre.com.ar\/noticias\/wp-content\/uploads\/2024\/08\/Banner-Aguirre-23.jpg\",\"width\":1192,\"height\":600,\"caption\":\"Conservatorio de M\u00fasica Juli\u00e1n Aguirre\"},\"image\":{\"@id\":\"https:\/\/web.consaguirre.com.ar\/noticias\/#\/schema\/logo\/image\/\"}},{\"@type\":\"Person\",\"@id\":\"https:\/\/web.consaguirre.com.ar\/noticias\/#\/schema\/person\/6558b0cfedee7ddc5425602b237d5722\",\"name\":\"Javier Figueroa\",\"image\":{\"@type\":\"ImageObject\",\"inLanguage\":\"es-AR\",\"@id\":\"https:\/\/web.consaguirre.com.ar\/noticias\/#\/schema\/person\/image\/\",\"url\":\"https:\/\/web.consaguirre.com.ar\/noticias\/wp-content\/uploads\/2024\/08\/Consaguirre-scaled.jpg\",\"contentUrl\":\"https:\/\/web.consaguirre.com.ar\/noticias\/wp-content\/uploads\/2024\/08\/Consaguirre-scaled.jpg\",\"caption\":\"Javier Figueroa\"},\"description\":\"Me llamo Javier Figueroa y soy redactor para el sitio oficial del Conservatorio de M\u00fasica Juli\u00e1n Aguirre en Buenos Aires, consaguirre.com. Apasionado por la m\u00fasica y la escritura, me esfuerzo por destacar los talentos y eventos de nuestra prestigiosa instituci\u00f3n. Mi trayectoria se nutre de una profunda admiraci\u00f3n por los artistas, haciendo de cada art\u00edculo una celebraci\u00f3n de la creatividad y la cultura musical.\",\"sameAs\":[\"https:\/\/web.consaguirre.com.ar\/noticias\"]}]}<\/script>\n<!-- \/ Yoast SEO plugin. -->","yoast_head_json":{"title":"Los ar\u00e1ndanos anuncian m\u00e1s formatos de aniversario 'No es necesario discutir'","robots":{"index":"index","follow":"follow","max-snippet":"max-snippet:-1","max-image-preview":"max-image-preview:large","max-video-preview":"max-video-preview:-1"},"canonical":"https:\/\/web.consaguirre.com.ar\/noticias\/los-arandanos-anuncian-mas-formatos-de-aniversario-no-es-necesario-discutir\/","og_locale":"es_ES","og_type":"article","og_title":"Los ar\u00e1ndanos anuncian m\u00e1s formatos de aniversario 'No es necesario discutir'","og_description":"Los ar\u00e1ndanos han anunciado planes para lanzar formatos adicionales de su LP No hay necesidad de discutir En celebraci\u00f3n del 30 aniversario del disco. A","og_url":"https:\/\/web.consaguirre.com.ar\/noticias\/los-arandanos-anuncian-mas-formatos-de-aniversario-no-es-necesario-discutir\/","og_site_name":"Conservatorio de M\u00fasica Juli\u00e1n Aguirre","article_published_time":"2025-06-27T17:43:35+00:00","article_modified_time":"2025-06-27T17:43:36+00:00","og_image":[{"width":1280,"height":1280,"url":"https:\/\/web.consaguirre.com.ar\/noticias\/wp-content\/uploads\/2025\/06\/Los-arandanos-anuncian-mas-formatos-de-aniversario-No-es-necesario.jpg","type":"image\/jpeg"}],"author":"Javier Figueroa","twitter_card":"summary_large_image","twitter_misc":{"Escrito por":"Javier Figueroa","Tiempo de lectura":"2 minutos"},"schema":{"@context":"https:\/\/schema.org","@graph":[{"@type":"Article","@id":"https:\/\/web.consaguirre.com.ar\/noticias\/los-arandanos-anuncian-mas-formatos-de-aniversario-no-es-necesario-discutir\/#article","isPartOf":{"@id":"https:\/\/web.consaguirre.com.ar\/noticias\/los-arandanos-anuncian-mas-formatos-de-aniversario-no-es-necesario-discutir\/"},"author":{"name":"Javier Figueroa","@id":"https:\/\/web.consaguirre.com.ar\/noticias\/#\/schema\/person\/6558b0cfedee7ddc5425602b237d5722"},"headline":"Los ar\u00e1ndanos anuncian m\u00e1s formatos de aniversario &#8216;No es necesario discutir&#8217;","datePublished":"2025-06-27T17:43:35+00:00","dateModified":"2025-06-27T17:43:36+00:00","mainEntityOfPage":{"@id":"https:\/\/web.consaguirre.com.ar\/noticias\/los-arandanos-anuncian-mas-formatos-de-aniversario-no-es-necesario-discutir\/"},"wordCount":371,"publisher":{"@id":"https:\/\/web.consaguirre.com.ar\/noticias\/#organization"},"image":{"@id":"https:\/\/web.consaguirre.com.ar\/noticias\/los-arandanos-anuncian-mas-formatos-de-aniversario-no-es-necesario-discutir\/#primaryimage"},"thumbnailUrl":"https:\/\/web.consaguirre.com.ar\/noticias\/wp-content\/uploads\/2025\/06\/Los-arandanos-anuncian-mas-formatos-de-aniversario-No-es-necesario.jpg","keywords":["aniversario","anuncian","ar\u00e1ndanos","discutir","formatos","los","m\u00e1s","necesario"],"articleSection":["El \u00faltimo"],"inLanguage":"es-AR"},{"@type":"WebPage","@id":"https:\/\/web.consaguirre.com.ar\/noticias\/los-arandanos-anuncian-mas-formatos-de-aniversario-no-es-necesario-discutir\/","url":"https:\/\/web.consaguirre.com.ar\/noticias\/los-arandanos-anuncian-mas-formatos-de-aniversario-no-es-necesario-discutir\/","name":"Los ar\u00e1ndanos anuncian m\u00e1s formatos de aniversario 'No es necesario discutir'","isPartOf":{"@id":"https:\/\/web.consaguirre.com.ar\/noticias\/#website"},"primaryImageOfPage":{"@id":"https:\/\/web.consaguirre.com.ar\/noticias\/los-arandanos-anuncian-mas-formatos-de-aniversario-no-es-necesario-discutir\/#primaryimage"},"image":{"@id":"https:\/\/web.consaguirre.com.ar\/noticias\/los-arandanos-anuncian-mas-formatos-de-aniversario-no-es-necesario-discutir\/#primaryimage"},"thumbnailUrl":"https:\/\/web.consaguirre.com.ar\/noticias\/wp-content\/uploads\/2025\/06\/Los-arandanos-anuncian-mas-formatos-de-aniversario-No-es-necesario.jpg","datePublished":"2025-06-27T17:43:35+00:00","dateModified":"2025-06-27T17:43:36+00:00","breadcrumb":{"@id":"https:\/\/web.consaguirre.com.ar\/noticias\/los-arandanos-anuncian-mas-formatos-de-aniversario-no-es-necesario-discutir\/#breadcrumb"},"inLanguage":"es-AR","potentialAction":[{"@type":"ReadAction","target":["https:\/\/web.consaguirre.com.ar\/noticias\/los-arandanos-anuncian-mas-formatos-de-aniversario-no-es-necesario-discutir\/"]}]},{"@type":"ImageObject","inLanguage":"es-AR","@id":"https:\/\/web.consaguirre.com.ar\/noticias\/los-arandanos-anuncian-mas-formatos-de-aniversario-no-es-necesario-discutir\/#primaryimage","url":"https:\/\/web.consaguirre.com.ar\/noticias\/wp-content\/uploads\/2025\/06\/Los-arandanos-anuncian-mas-formatos-de-aniversario-No-es-necesario.jpg","contentUrl":"https:\/\/web.consaguirre.com.ar\/noticias\/wp-content\/uploads\/2025\/06\/Los-arandanos-anuncian-mas-formatos-de-aniversario-No-es-necesario.jpg","width":1280,"height":1280,"caption":"Los ar\u00e1ndanos anuncian m\u00e1s formatos de aniversario 'No es necesario discutir'"},{"@type":"BreadcrumbList","@id":"https:\/\/web.consaguirre.com.ar\/noticias\/los-arandanos-anuncian-mas-formatos-de-aniversario-no-es-necesario-discutir\/#breadcrumb","itemListElement":[{"@type":"ListItem","position":1,"name":"Inicio","item":"https:\/\/web.consaguirre.com.ar\/noticias\/"},{"@type":"ListItem","position":2,"name":"Los ar\u00e1ndanos anuncian m\u00e1s formatos de aniversario &#8216;No es necesario discutir&#8217;"}]},{"@type":"WebSite","@id":"https:\/\/web.consaguirre.com.ar\/noticias\/#website","url":"https:\/\/web.consaguirre.com.ar\/noticias\/","name":"Conservatorio de M\u00fasica Juli\u00e1n Aguirre","description":"","publisher":{"@id":"https:\/\/web.consaguirre.com.ar\/noticias\/#organization"},"potentialAction":[{"@type":"SearchAction","target":{"@type":"EntryPoint","urlTemplate":"https:\/\/web.consaguirre.com.ar\/noticias\/?s={search_term_string}"},"query-input":"required name=search_term_string"}],"inLanguage":"es-AR"},{"@type":"Organization","@id":"https:\/\/web.consaguirre.com.ar\/noticias\/#organization","name":"Conservatorio de M\u00fasica Juli\u00e1n Aguirre","url":"https:\/\/web.consaguirre.com.ar\/noticias\/","logo":{"@type":"ImageObject","inLanguage":"es-AR","@id":"https:\/\/web.consaguirre.com.ar\/noticias\/#\/schema\/logo\/image\/","url":"https:\/\/web.consaguirre.com.ar\/noticias\/wp-content\/uploads\/2024\/08\/Banner-Aguirre-23.jpg","contentUrl":"https:\/\/web.consaguirre.com.ar\/noticias\/wp-content\/uploads\/2024\/08\/Banner-Aguirre-23.jpg","width":1192,"height":600,"caption":"Conservatorio de M\u00fasica Juli\u00e1n Aguirre"},"image":{"@id":"https:\/\/web.consaguirre.com.ar\/noticias\/#\/schema\/logo\/image\/"}},{"@type":"Person","@id":"https:\/\/web.consaguirre.com.ar\/noticias\/#\/schema\/person\/6558b0cfedee7ddc5425602b237d5722","name":"Javier Figueroa","image":{"@type":"ImageObject","inLanguage":"es-AR","@id":"https:\/\/web.consaguirre.com.ar\/noticias\/#\/schema\/person\/image\/","url":"https:\/\/web.consaguirre.com.ar\/noticias\/wp-content\/uploads\/2024\/08\/Consaguirre-scaled.jpg","contentUrl":"https:\/\/web.consaguirre.com.ar\/noticias\/wp-content\/uploads\/2024\/08\/Consaguirre-scaled.jpg","caption":"Javier Figueroa"},"description":"Me llamo Javier Figueroa y soy redactor para el sitio oficial del Conservatorio de M\u00fasica Juli\u00e1n Aguirre en Buenos Aires, consaguirre.com. Apasionado por la m\u00fasica y la escritura, me esfuerzo por destacar los talentos y eventos de nuestra prestigiosa instituci\u00f3n. Mi trayectoria se nutre de una profunda admiraci\u00f3n por los artistas, haciendo de cada art\u00edculo una celebraci\u00f3n de la creatividad y la cultura musical.","sameAs":["https:\/\/web.consaguirre.com.ar\/noticias"]}]}},"_links":{"self":[{"href":"https:\/\/web.consaguirre.com.ar\/noticias\/wp-json\/wp\/v2\/posts\/3020"}],"collection":[{"href":"https:\/\/web.consaguirre.com.ar\/noticias\/wp-json\/wp\/v2\/posts"}],"about":[{"href":"https:\/\/web.consaguirre.com.ar\/noticias\/wp-json\/wp\/v2\/types\/post"}],"author":[{"embeddable":true,"href":"https:\/\/web.consaguirre.com.ar\/noticias\/wp-json\/wp\/v2\/users\/1"}],"replies":[{"embeddable":true,"href":"https:\/\/web.consaguirre.com.ar\/noticias\/wp-json\/wp\/v2\/comments?post=3020"}],"version-history":[{"count":1,"href":"https:\/\/web.consaguirre.com.ar\/noticias\/wp-json\/wp\/v2\/posts\/3020\/revisions"}],"predecessor-version":[{"id":3022,"href":"https:\/\/web.consaguirre.com.ar\/noticias\/wp-json\/wp\/v2\/posts\/3020\/revisions\/3022"}],"wp:featuredmedia":[{"embeddable":true,"href":"https:\/\/web.consaguirre.com.ar\/noticias\/wp-json\/wp\/v2\/media\/3021"}],"wp:attachment":[{"href":"https:\/\/web.consaguirre.com.ar\/noticias\/wp-json\/wp\/v2\/media?parent=3020"}],"wp:term":[{"taxonomy":"category","embeddable":true,"href":"https:\/\/web.consaguirre.com.ar\/noticias\/wp-json\/wp\/v2\/categories?post=3020"},{"taxonomy":"post_tag","embeddable":true,"href":"https:\/\/web.consaguirre.com.ar\/noticias\/wp-json\/wp\/v2\/tags?post=3020"}],"curies":[{"name":"wp","href":"https:\/\/api.w.org\/{rel}","templated":true}]}}