{"id":2996,"date":"2025-06-24T23:38:09","date_gmt":"2025-06-25T02:38:09","guid":{"rendered":"https:\/\/web.consaguirre.com.ar\/noticias\/renee-rapp-anuncia-la-mayor-gira-hasta-ahora\/"},"modified":"2025-06-24T23:38:11","modified_gmt":"2025-06-25T02:38:11","slug":"renee-rapp-anuncia-la-mayor-gira-hasta-ahora","status":"publish","type":"post","link":"https:\/\/web.consaguirre.com.ar\/noticias\/renee-rapp-anuncia-la-mayor-gira-hasta-ahora\/","title":{"rendered":"Rene\u00e9 Rapp anuncia la mayor gira hasta ahora"},"content":{"rendered":"<p><strong>Ren\u00e9 Rapp<\/strong> est\u00e1 avanzando en el mundo. El aclamado actor y floreciente superestrella del pop ha anunciado la gira m\u00e1s grande de su carrera hasta el momento, una serie de programas principales que la llevar\u00e1 a algunos de los lugares m\u00e1s emblem\u00e1ticos de Am\u00e9rica del Norte en apoyo de su nuevo \u00e1lbum, <em>Morderme<\/em>.<\/p>\n<p>Los viajes de Rapp comenzar\u00e1n en Morrison, el legendario anfiteatro Red Rocks de Colorado en septiembre. A partir de ah\u00ed, tocar\u00e1 shows en el Madison Square Garden de Nueva York, el Foro Kia de Los \u00c1ngeles y el Pabell\u00f3n Merriweather Post de Columbia, adem\u00e1s de una parada en la entrega de Toronto del Festival All Things Go. Unirse a ella para algunas fechas estar\u00e1n Syd y Ravyn Lenae. A lo largo de la gira, Rapp se est\u00e1 asociando con la organizaci\u00f3n humanitaria Save the Children and Reverb, una organizaci\u00f3n sin fines de lucro centrada en ecologizar la industria de la m\u00fasica.<\/p>\n<div class=\"uD-YT-container\"><img decoding=\"async\" src=\"https:\/\/web.consaguirre.com.ar\/noticias\/wp-content\/uploads\/2025\/06\/1750819089_465_Renee-Rapp-anuncia-la-mayor-gira-hasta-ahora.jpg\" alt=\"Video de YouTube\"><br \/>Haga clic para cargar video<\/div>\n<p>Una preventa especial se lanzar\u00e1 el 24 de junio a las 10 am hora local para la tarjeta Gap Inc. y los cardales de MasterCard (incluidos Old Navy, Gap, Banana Republic y Athleta Credit Tearters) y los miembros de lealtad de marca cruzada de Gap Inc. Los fan\u00e1ticos pueden inscribirse en <strong>El artista preventa en livemu.sc\/reneerapp<\/strong> hasta el 24 de junio a las 11 pm hora local; La venta se extender\u00e1 de 10 a.m. a 10 p.m. hora local el 26 de junio. Oficial Insale comienza el 27 de junio a las 10 am hora local.<\/p>\n<p>La salida de 16 ciudades de Rapp estar\u00e1 precedida por el lanzamiento del 1 de agosto de <em>Morderme<\/em>su segundo \u00e1lbum. El sencillo principal &#8220;Leave Me Alone&#8221; ha sido aclamado por NME como &#8220;un banger pop provocativo y rebelde&#8221;. <em>Morderme<\/em> Sigue el \u00e1lbum debut de 2023 de Rapp <em>\u00c1ngel de la nieve<\/em> y su sencillo de 2024 &#8220;No es mi culpa&#8221;. Una exitosa colaboraci\u00f3n con Megan Thee Stallion, la canci\u00f3n surgi\u00f3 de la banda sonora a <em>Chicas malas<\/em>La adaptaci\u00f3n cinematogr\u00e1fica del musical de Broadway, para la cual Rapp repiti\u00f3 su papel como Regina George.<\/p>\n<p><strong>Ordene el \u00e1lbum de Rene\u00e9 Rapp <em>Morderme<\/em> ahora.<\/strong><\/p>\n","protected":false},"excerpt":{"rendered":"<p>Ren\u00e9 Rapp est\u00e1 avanzando en el mundo. El aclamado actor y floreciente superestrella del pop ha anunciado la gira m\u00e1s grande de su carrera hasta<\/p>\n","protected":false},"author":1,"featured_media":2997,"comment_status":"closed","ping_status":"","sticky":false,"template":"","format":"standard","meta":{"footnotes":""},"categories":[50],"tags":[1692,56,492,1138,2752,1618,1617],"class_list":["post-2996","post","type-post","status-publish","format-standard","has-post-thumbnail","hentry","category-el-ultimo","tag-ahora","tag-anuncia","tag-gira","tag-hasta","tag-mayor","tag-rapp","tag-renee","generate-columns","tablet-grid-50","mobile-grid-100","grid-parent","grid-50"],"yoast_head":"<!-- This site is optimized with the Yoast SEO plugin v23.3 - https:\/\/yoast.com\/wordpress\/plugins\/seo\/ -->\n<title>Rene\u00e9 Rapp anuncia la mayor gira hasta ahora<\/title>\n<meta name=\"robots\" content=\"index, follow, max-snippet:-1, max-image-preview:large, max-video-preview:-1\" \/>\n<link rel=\"canonical\" href=\"https:\/\/web.consaguirre.com.ar\/noticias\/renee-rapp-anuncia-la-mayor-gira-hasta-ahora\/\" \/>\n<meta property=\"og:locale\" content=\"es_ES\" \/>\n<meta property=\"og:type\" content=\"article\" \/>\n<meta property=\"og:title\" content=\"Rene\u00e9 Rapp anuncia la mayor gira hasta ahora\" \/>\n<meta property=\"og:description\" content=\"Ren\u00e9 Rapp est\u00e1 avanzando en el mundo. El aclamado actor y floreciente superestrella del pop ha anunciado la gira m\u00e1s grande de su carrera hasta\" \/>\n<meta property=\"og:url\" content=\"https:\/\/web.consaguirre.com.ar\/noticias\/renee-rapp-anuncia-la-mayor-gira-hasta-ahora\/\" \/>\n<meta property=\"og:site_name\" content=\"Conservatorio de M\u00fasica Juli\u00e1n Aguirre\" \/>\n<meta property=\"article:published_time\" content=\"2025-06-25T02:38:09+00:00\" \/>\n<meta property=\"article:modified_time\" content=\"2025-06-25T02:38:11+00:00\" \/>\n<meta property=\"og:image\" content=\"https:\/\/web.consaguirre.com.ar\/noticias\/wp-content\/uploads\/2025\/06\/Renee-Rapp-anuncia-la-mayor-gira-hasta-ahora.jpg\" \/>\n\t<meta property=\"og:image:width\" content=\"1280\" \/>\n\t<meta property=\"og:image:height\" content=\"1280\" \/>\n\t<meta property=\"og:image:type\" content=\"image\/jpeg\" \/>\n<meta name=\"author\" content=\"Javier Figueroa\" \/>\n<meta name=\"twitter:card\" content=\"summary_large_image\" \/>\n<meta name=\"twitter:label1\" content=\"Escrito por\" \/>\n\t<meta name=\"twitter:data1\" content=\"Javier Figueroa\" \/>\n\t<meta name=\"twitter:label2\" content=\"Tiempo de lectura\" \/>\n\t<meta name=\"twitter:data2\" content=\"2 minutos\" \/>\n<script type=\"application\/ld+json\" class=\"yoast-schema-graph\">{\"@context\":\"https:\/\/schema.org\",\"@graph\":[{\"@type\":\"Article\",\"@id\":\"https:\/\/web.consaguirre.com.ar\/noticias\/renee-rapp-anuncia-la-mayor-gira-hasta-ahora\/#article\",\"isPartOf\":{\"@id\":\"https:\/\/web.consaguirre.com.ar\/noticias\/renee-rapp-anuncia-la-mayor-gira-hasta-ahora\/\"},\"author\":{\"name\":\"Javier Figueroa\",\"@id\":\"https:\/\/web.consaguirre.com.ar\/noticias\/#\/schema\/person\/6558b0cfedee7ddc5425602b237d5722\"},\"headline\":\"Rene\u00e9 Rapp anuncia la mayor gira hasta ahora\",\"datePublished\":\"2025-06-25T02:38:09+00:00\",\"dateModified\":\"2025-06-25T02:38:11+00:00\",\"mainEntityOfPage\":{\"@id\":\"https:\/\/web.consaguirre.com.ar\/noticias\/renee-rapp-anuncia-la-mayor-gira-hasta-ahora\/\"},\"wordCount\":371,\"publisher\":{\"@id\":\"https:\/\/web.consaguirre.com.ar\/noticias\/#organization\"},\"image\":{\"@id\":\"https:\/\/web.consaguirre.com.ar\/noticias\/renee-rapp-anuncia-la-mayor-gira-hasta-ahora\/#primaryimage\"},\"thumbnailUrl\":\"https:\/\/web.consaguirre.com.ar\/noticias\/wp-content\/uploads\/2025\/06\/Renee-Rapp-anuncia-la-mayor-gira-hasta-ahora.jpg\",\"keywords\":[\"ahora\",\"anuncia\",\"gira\",\"Hasta\",\"mayor\",\"Rapp\",\"Ren\u00e9e\"],\"articleSection\":[\"El \u00faltimo\"],\"inLanguage\":\"es-AR\"},{\"@type\":\"WebPage\",\"@id\":\"https:\/\/web.consaguirre.com.ar\/noticias\/renee-rapp-anuncia-la-mayor-gira-hasta-ahora\/\",\"url\":\"https:\/\/web.consaguirre.com.ar\/noticias\/renee-rapp-anuncia-la-mayor-gira-hasta-ahora\/\",\"name\":\"Rene\u00e9 Rapp anuncia la mayor gira hasta ahora\",\"isPartOf\":{\"@id\":\"https:\/\/web.consaguirre.com.ar\/noticias\/#website\"},\"primaryImageOfPage\":{\"@id\":\"https:\/\/web.consaguirre.com.ar\/noticias\/renee-rapp-anuncia-la-mayor-gira-hasta-ahora\/#primaryimage\"},\"image\":{\"@id\":\"https:\/\/web.consaguirre.com.ar\/noticias\/renee-rapp-anuncia-la-mayor-gira-hasta-ahora\/#primaryimage\"},\"thumbnailUrl\":\"https:\/\/web.consaguirre.com.ar\/noticias\/wp-content\/uploads\/2025\/06\/Renee-Rapp-anuncia-la-mayor-gira-hasta-ahora.jpg\",\"datePublished\":\"2025-06-25T02:38:09+00:00\",\"dateModified\":\"2025-06-25T02:38:11+00:00\",\"breadcrumb\":{\"@id\":\"https:\/\/web.consaguirre.com.ar\/noticias\/renee-rapp-anuncia-la-mayor-gira-hasta-ahora\/#breadcrumb\"},\"inLanguage\":\"es-AR\",\"potentialAction\":[{\"@type\":\"ReadAction\",\"target\":[\"https:\/\/web.consaguirre.com.ar\/noticias\/renee-rapp-anuncia-la-mayor-gira-hasta-ahora\/\"]}]},{\"@type\":\"ImageObject\",\"inLanguage\":\"es-AR\",\"@id\":\"https:\/\/web.consaguirre.com.ar\/noticias\/renee-rapp-anuncia-la-mayor-gira-hasta-ahora\/#primaryimage\",\"url\":\"https:\/\/web.consaguirre.com.ar\/noticias\/wp-content\/uploads\/2025\/06\/Renee-Rapp-anuncia-la-mayor-gira-hasta-ahora.jpg\",\"contentUrl\":\"https:\/\/web.consaguirre.com.ar\/noticias\/wp-content\/uploads\/2025\/06\/Renee-Rapp-anuncia-la-mayor-gira-hasta-ahora.jpg\",\"width\":1280,\"height\":1280,\"caption\":\"Rene\u00e9 Rapp anuncia la mayor gira hasta ahora\"},{\"@type\":\"BreadcrumbList\",\"@id\":\"https:\/\/web.consaguirre.com.ar\/noticias\/renee-rapp-anuncia-la-mayor-gira-hasta-ahora\/#breadcrumb\",\"itemListElement\":[{\"@type\":\"ListItem\",\"position\":1,\"name\":\"Inicio\",\"item\":\"https:\/\/web.consaguirre.com.ar\/noticias\/\"},{\"@type\":\"ListItem\",\"position\":2,\"name\":\"Rene\u00e9 Rapp anuncia la mayor gira hasta ahora\"}]},{\"@type\":\"WebSite\",\"@id\":\"https:\/\/web.consaguirre.com.ar\/noticias\/#website\",\"url\":\"https:\/\/web.consaguirre.com.ar\/noticias\/\",\"name\":\"Conservatorio de M\u00fasica Juli\u00e1n Aguirre\",\"description\":\"\",\"publisher\":{\"@id\":\"https:\/\/web.consaguirre.com.ar\/noticias\/#organization\"},\"potentialAction\":[{\"@type\":\"SearchAction\",\"target\":{\"@type\":\"EntryPoint\",\"urlTemplate\":\"https:\/\/web.consaguirre.com.ar\/noticias\/?s={search_term_string}\"},\"query-input\":\"required name=search_term_string\"}],\"inLanguage\":\"es-AR\"},{\"@type\":\"Organization\",\"@id\":\"https:\/\/web.consaguirre.com.ar\/noticias\/#organization\",\"name\":\"Conservatorio de M\u00fasica Juli\u00e1n Aguirre\",\"url\":\"https:\/\/web.consaguirre.com.ar\/noticias\/\",\"logo\":{\"@type\":\"ImageObject\",\"inLanguage\":\"es-AR\",\"@id\":\"https:\/\/web.consaguirre.com.ar\/noticias\/#\/schema\/logo\/image\/\",\"url\":\"https:\/\/web.consaguirre.com.ar\/noticias\/wp-content\/uploads\/2024\/08\/Banner-Aguirre-23.jpg\",\"contentUrl\":\"https:\/\/web.consaguirre.com.ar\/noticias\/wp-content\/uploads\/2024\/08\/Banner-Aguirre-23.jpg\",\"width\":1192,\"height\":600,\"caption\":\"Conservatorio de M\u00fasica Juli\u00e1n Aguirre\"},\"image\":{\"@id\":\"https:\/\/web.consaguirre.com.ar\/noticias\/#\/schema\/logo\/image\/\"}},{\"@type\":\"Person\",\"@id\":\"https:\/\/web.consaguirre.com.ar\/noticias\/#\/schema\/person\/6558b0cfedee7ddc5425602b237d5722\",\"name\":\"Javier Figueroa\",\"image\":{\"@type\":\"ImageObject\",\"inLanguage\":\"es-AR\",\"@id\":\"https:\/\/web.consaguirre.com.ar\/noticias\/#\/schema\/person\/image\/\",\"url\":\"https:\/\/web.consaguirre.com.ar\/noticias\/wp-content\/uploads\/2024\/08\/Consaguirre-scaled.jpg\",\"contentUrl\":\"https:\/\/web.consaguirre.com.ar\/noticias\/wp-content\/uploads\/2024\/08\/Consaguirre-scaled.jpg\",\"caption\":\"Javier Figueroa\"},\"description\":\"Me llamo Javier Figueroa y soy redactor para el sitio oficial del Conservatorio de M\u00fasica Juli\u00e1n Aguirre en Buenos Aires, consaguirre.com. Apasionado por la m\u00fasica y la escritura, me esfuerzo por destacar los talentos y eventos de nuestra prestigiosa instituci\u00f3n. Mi trayectoria se nutre de una profunda admiraci\u00f3n por los artistas, haciendo de cada art\u00edculo una celebraci\u00f3n de la creatividad y la cultura musical.\",\"sameAs\":[\"https:\/\/web.consaguirre.com.ar\/noticias\"]}]}<\/script>\n<!-- \/ Yoast SEO plugin. -->","yoast_head_json":{"title":"Rene\u00e9 Rapp anuncia la mayor gira hasta ahora","robots":{"index":"index","follow":"follow","max-snippet":"max-snippet:-1","max-image-preview":"max-image-preview:large","max-video-preview":"max-video-preview:-1"},"canonical":"https:\/\/web.consaguirre.com.ar\/noticias\/renee-rapp-anuncia-la-mayor-gira-hasta-ahora\/","og_locale":"es_ES","og_type":"article","og_title":"Rene\u00e9 Rapp anuncia la mayor gira hasta ahora","og_description":"Ren\u00e9 Rapp est\u00e1 avanzando en el mundo. El aclamado actor y floreciente superestrella del pop ha anunciado la gira m\u00e1s grande de su carrera hasta","og_url":"https:\/\/web.consaguirre.com.ar\/noticias\/renee-rapp-anuncia-la-mayor-gira-hasta-ahora\/","og_site_name":"Conservatorio de M\u00fasica Juli\u00e1n Aguirre","article_published_time":"2025-06-25T02:38:09+00:00","article_modified_time":"2025-06-25T02:38:11+00:00","og_image":[{"width":1280,"height":1280,"url":"https:\/\/web.consaguirre.com.ar\/noticias\/wp-content\/uploads\/2025\/06\/Renee-Rapp-anuncia-la-mayor-gira-hasta-ahora.jpg","type":"image\/jpeg"}],"author":"Javier Figueroa","twitter_card":"summary_large_image","twitter_misc":{"Escrito por":"Javier Figueroa","Tiempo de lectura":"2 minutos"},"schema":{"@context":"https:\/\/schema.org","@graph":[{"@type":"Article","@id":"https:\/\/web.consaguirre.com.ar\/noticias\/renee-rapp-anuncia-la-mayor-gira-hasta-ahora\/#article","isPartOf":{"@id":"https:\/\/web.consaguirre.com.ar\/noticias\/renee-rapp-anuncia-la-mayor-gira-hasta-ahora\/"},"author":{"name":"Javier Figueroa","@id":"https:\/\/web.consaguirre.com.ar\/noticias\/#\/schema\/person\/6558b0cfedee7ddc5425602b237d5722"},"headline":"Rene\u00e9 Rapp anuncia la mayor gira hasta ahora","datePublished":"2025-06-25T02:38:09+00:00","dateModified":"2025-06-25T02:38:11+00:00","mainEntityOfPage":{"@id":"https:\/\/web.consaguirre.com.ar\/noticias\/renee-rapp-anuncia-la-mayor-gira-hasta-ahora\/"},"wordCount":371,"publisher":{"@id":"https:\/\/web.consaguirre.com.ar\/noticias\/#organization"},"image":{"@id":"https:\/\/web.consaguirre.com.ar\/noticias\/renee-rapp-anuncia-la-mayor-gira-hasta-ahora\/#primaryimage"},"thumbnailUrl":"https:\/\/web.consaguirre.com.ar\/noticias\/wp-content\/uploads\/2025\/06\/Renee-Rapp-anuncia-la-mayor-gira-hasta-ahora.jpg","keywords":["ahora","anuncia","gira","Hasta","mayor","Rapp","Ren\u00e9e"],"articleSection":["El \u00faltimo"],"inLanguage":"es-AR"},{"@type":"WebPage","@id":"https:\/\/web.consaguirre.com.ar\/noticias\/renee-rapp-anuncia-la-mayor-gira-hasta-ahora\/","url":"https:\/\/web.consaguirre.com.ar\/noticias\/renee-rapp-anuncia-la-mayor-gira-hasta-ahora\/","name":"Rene\u00e9 Rapp anuncia la mayor gira hasta ahora","isPartOf":{"@id":"https:\/\/web.consaguirre.com.ar\/noticias\/#website"},"primaryImageOfPage":{"@id":"https:\/\/web.consaguirre.com.ar\/noticias\/renee-rapp-anuncia-la-mayor-gira-hasta-ahora\/#primaryimage"},"image":{"@id":"https:\/\/web.consaguirre.com.ar\/noticias\/renee-rapp-anuncia-la-mayor-gira-hasta-ahora\/#primaryimage"},"thumbnailUrl":"https:\/\/web.consaguirre.com.ar\/noticias\/wp-content\/uploads\/2025\/06\/Renee-Rapp-anuncia-la-mayor-gira-hasta-ahora.jpg","datePublished":"2025-06-25T02:38:09+00:00","dateModified":"2025-06-25T02:38:11+00:00","breadcrumb":{"@id":"https:\/\/web.consaguirre.com.ar\/noticias\/renee-rapp-anuncia-la-mayor-gira-hasta-ahora\/#breadcrumb"},"inLanguage":"es-AR","potentialAction":[{"@type":"ReadAction","target":["https:\/\/web.consaguirre.com.ar\/noticias\/renee-rapp-anuncia-la-mayor-gira-hasta-ahora\/"]}]},{"@type":"ImageObject","inLanguage":"es-AR","@id":"https:\/\/web.consaguirre.com.ar\/noticias\/renee-rapp-anuncia-la-mayor-gira-hasta-ahora\/#primaryimage","url":"https:\/\/web.consaguirre.com.ar\/noticias\/wp-content\/uploads\/2025\/06\/Renee-Rapp-anuncia-la-mayor-gira-hasta-ahora.jpg","contentUrl":"https:\/\/web.consaguirre.com.ar\/noticias\/wp-content\/uploads\/2025\/06\/Renee-Rapp-anuncia-la-mayor-gira-hasta-ahora.jpg","width":1280,"height":1280,"caption":"Rene\u00e9 Rapp anuncia la mayor gira hasta ahora"},{"@type":"BreadcrumbList","@id":"https:\/\/web.consaguirre.com.ar\/noticias\/renee-rapp-anuncia-la-mayor-gira-hasta-ahora\/#breadcrumb","itemListElement":[{"@type":"ListItem","position":1,"name":"Inicio","item":"https:\/\/web.consaguirre.com.ar\/noticias\/"},{"@type":"ListItem","position":2,"name":"Rene\u00e9 Rapp anuncia la mayor gira hasta ahora"}]},{"@type":"WebSite","@id":"https:\/\/web.consaguirre.com.ar\/noticias\/#website","url":"https:\/\/web.consaguirre.com.ar\/noticias\/","name":"Conservatorio de M\u00fasica Juli\u00e1n Aguirre","description":"","publisher":{"@id":"https:\/\/web.consaguirre.com.ar\/noticias\/#organization"},"potentialAction":[{"@type":"SearchAction","target":{"@type":"EntryPoint","urlTemplate":"https:\/\/web.consaguirre.com.ar\/noticias\/?s={search_term_string}"},"query-input":"required name=search_term_string"}],"inLanguage":"es-AR"},{"@type":"Organization","@id":"https:\/\/web.consaguirre.com.ar\/noticias\/#organization","name":"Conservatorio de M\u00fasica Juli\u00e1n Aguirre","url":"https:\/\/web.consaguirre.com.ar\/noticias\/","logo":{"@type":"ImageObject","inLanguage":"es-AR","@id":"https:\/\/web.consaguirre.com.ar\/noticias\/#\/schema\/logo\/image\/","url":"https:\/\/web.consaguirre.com.ar\/noticias\/wp-content\/uploads\/2024\/08\/Banner-Aguirre-23.jpg","contentUrl":"https:\/\/web.consaguirre.com.ar\/noticias\/wp-content\/uploads\/2024\/08\/Banner-Aguirre-23.jpg","width":1192,"height":600,"caption":"Conservatorio de M\u00fasica Juli\u00e1n Aguirre"},"image":{"@id":"https:\/\/web.consaguirre.com.ar\/noticias\/#\/schema\/logo\/image\/"}},{"@type":"Person","@id":"https:\/\/web.consaguirre.com.ar\/noticias\/#\/schema\/person\/6558b0cfedee7ddc5425602b237d5722","name":"Javier Figueroa","image":{"@type":"ImageObject","inLanguage":"es-AR","@id":"https:\/\/web.consaguirre.com.ar\/noticias\/#\/schema\/person\/image\/","url":"https:\/\/web.consaguirre.com.ar\/noticias\/wp-content\/uploads\/2024\/08\/Consaguirre-scaled.jpg","contentUrl":"https:\/\/web.consaguirre.com.ar\/noticias\/wp-content\/uploads\/2024\/08\/Consaguirre-scaled.jpg","caption":"Javier Figueroa"},"description":"Me llamo Javier Figueroa y soy redactor para el sitio oficial del Conservatorio de M\u00fasica Juli\u00e1n Aguirre en Buenos Aires, consaguirre.com. Apasionado por la m\u00fasica y la escritura, me esfuerzo por destacar los talentos y eventos de nuestra prestigiosa instituci\u00f3n. Mi trayectoria se nutre de una profunda admiraci\u00f3n por los artistas, haciendo de cada art\u00edculo una celebraci\u00f3n de la creatividad y la cultura musical.","sameAs":["https:\/\/web.consaguirre.com.ar\/noticias"]}]}},"_links":{"self":[{"href":"https:\/\/web.consaguirre.com.ar\/noticias\/wp-json\/wp\/v2\/posts\/2996"}],"collection":[{"href":"https:\/\/web.consaguirre.com.ar\/noticias\/wp-json\/wp\/v2\/posts"}],"about":[{"href":"https:\/\/web.consaguirre.com.ar\/noticias\/wp-json\/wp\/v2\/types\/post"}],"author":[{"embeddable":true,"href":"https:\/\/web.consaguirre.com.ar\/noticias\/wp-json\/wp\/v2\/users\/1"}],"replies":[{"embeddable":true,"href":"https:\/\/web.consaguirre.com.ar\/noticias\/wp-json\/wp\/v2\/comments?post=2996"}],"version-history":[{"count":1,"href":"https:\/\/web.consaguirre.com.ar\/noticias\/wp-json\/wp\/v2\/posts\/2996\/revisions"}],"predecessor-version":[{"id":2998,"href":"https:\/\/web.consaguirre.com.ar\/noticias\/wp-json\/wp\/v2\/posts\/2996\/revisions\/2998"}],"wp:featuredmedia":[{"embeddable":true,"href":"https:\/\/web.consaguirre.com.ar\/noticias\/wp-json\/wp\/v2\/media\/2997"}],"wp:attachment":[{"href":"https:\/\/web.consaguirre.com.ar\/noticias\/wp-json\/wp\/v2\/media?parent=2996"}],"wp:term":[{"taxonomy":"category","embeddable":true,"href":"https:\/\/web.consaguirre.com.ar\/noticias\/wp-json\/wp\/v2\/categories?post=2996"},{"taxonomy":"post_tag","embeddable":true,"href":"https:\/\/web.consaguirre.com.ar\/noticias\/wp-json\/wp\/v2\/tags?post=2996"}],"curies":[{"name":"wp","href":"https:\/\/api.w.org\/{rel}","templated":true}]}}