{"id":2993,"date":"2025-06-24T20:38:54","date_gmt":"2025-06-24T23:38:54","guid":{"rendered":"https:\/\/web.consaguirre.com.ar\/noticias\/royel-otis-lanzo-un-nuevo-album-hickey-en-agosto\/"},"modified":"2025-06-24T20:38:55","modified_gmt":"2025-06-24T23:38:55","slug":"royel-otis-lanzo-un-nuevo-album-hickey-en-agosto","status":"publish","type":"post","link":"https:\/\/web.consaguirre.com.ar\/noticias\/royel-otis-lanzo-un-nuevo-album-hickey-en-agosto\/","title":{"rendered":"Royel Otis lanz\u00f3 un nuevo \u00e1lbum, &#8216;Hickey&#8217;, en agosto"},"content":{"rendered":"<p>Prep\u00e1rate para m\u00e1s <strong>Royel Otis<\/strong> m\u00fasica m\u00e1s temprano que tarde. Poco m\u00e1s de un a\u00f1o despu\u00e9s de lanzar su \u00e1lbum debut <em>Pratts y dolor<\/em>el d\u00fao de Sydney ha anunciado el pr\u00f3ximo lanzamiento de <em>coso<\/em>. El grupo dice que su segundo LP, que sale el 22 de agosto, se llama &#8220;porque el amor muerde m\u00e1s duro que cualquier otra emoci\u00f3n en el mundo&#8221;.<\/p>\n<p>El primer gusto del mundo de <em>coso<\/em> Lleg\u00f3 el mes pasado con el lanzamiento del sencillo principal &#8220;Moody&#8221;, una canci\u00f3n que vive en su nombre con vibraciones de verano de bajo tono, un ritmo contagioso de mitad de tiempo y letra sobre un romance ca\u00f3tico y adictivo. El coro comienza con una serie de lamentos sobre la dificultad con una pareja, luego pivote: &#8220;Pero ella es mi todo\/ ella es todo lo que necesito\/ a veces m\u00e1s de lo que quiero&#8221;. La canci\u00f3n fue producida por Blake Slatkin (Gracie Abrams, Omar Apollo, Charli XCX) y escrita por Slatkin, Amy Allen (Sabrina Carpenter) y los compa\u00f1eros de banda de Royel Otis Royel Maddell y Otis Pavlovic.<\/p>\n<div class=\"uD-YT-container\"><img decoding=\"async\" src=\"https:\/\/web.consaguirre.com.ar\/noticias\/wp-content\/uploads\/2025\/06\/1750808334_619_Royel-Otis-lanzo-un-nuevo-album-Hickey-en-agosto.jpg\" alt=\"Video de YouTube\"><br \/>Haga clic para cargar video<\/div>\n<p>Adem\u00e1s de un nuevo \u00e1lbum en el camino, Royel Otis llevar\u00e1 su show en vivo a una amplia gama de lugares en Am\u00e9rica del Norte. Despu\u00e9s de haber aparecido en el Goberne Ball de Nueva York a principios de este mes, el d\u00fao tiene las pr\u00f3ximas apariciones reservadas en festivales, incluidos Lollapalooza de Chicago y las tierras externas de San Francisco. Tambi\u00e9n lanzar\u00e1n su gira &#8220;Meet Me in the Car&#8221; este verano. El itinerario llevar\u00e1 a Maddell y Pavlovic en Am\u00e9rica del Norte y Europa por el resto de 2025.<\/p>\n<p>El a\u00f1o pasado <em>Piedra rodante<\/em> llamado <em>Pratts y dolor<\/em> &#8220;Una colecci\u00f3n de pop indie propulsivo y bailable&#8221;, elogi\u00e1ndolo por &#8220;Trucos s\u00f3nicos juguetones y melod\u00edas gaseosas y bien buenas&#8221;. Mientras tanto <em>El guardi\u00e1n<\/em> Apodado la banda &#8220;Indie&#8217;s Next Big Thing&#8221; mientras relataba c\u00f3mo los dos cayeron juntos: &#8220;La historia de origen de la banda se siente predestinada: Maddell y Pavlovic corr\u00edan en c\u00edrculos similares en la escena musical de Bondi durante a\u00f1os, pero no fue hasta 2019 que comenzaron a colaborar, y encontraron una colisi\u00f3n perfecta de gustos e intereses&#8221;.<\/p>\n<p><strong>Orden el \u00e1lbum de Royel Otis <em>coso<\/em> ahora.<\/strong><\/p>\n","protected":false},"excerpt":{"rendered":"<p>Prep\u00e1rate para m\u00e1s Royel Otis m\u00fasica m\u00e1s temprano que tarde. Poco m\u00e1s de un a\u00f1o despu\u00e9s de lanzar su \u00e1lbum debut Pratts y dolorel d\u00fao<\/p>\n","protected":false},"author":1,"featured_media":2994,"comment_status":"closed","ping_status":"","sticky":false,"template":"","format":"standard","meta":{"footnotes":""},"categories":[50],"tags":[2750,147,2751,2246,146,866,2491],"class_list":["post-2993","post","type-post","status-publish","format-standard","has-post-thumbnail","hentry","category-el-ultimo","tag-agosto","tag-album","tag-hickey","tag-lanzo","tag-nuevo","tag-otis","tag-royel","generate-columns","tablet-grid-50","mobile-grid-100","grid-parent","grid-50"],"yoast_head":"<!-- This site is optimized with the Yoast SEO plugin v23.3 - https:\/\/yoast.com\/wordpress\/plugins\/seo\/ -->\n<title>Royel Otis lanz\u00f3 un nuevo \u00e1lbum, &#039;Hickey&#039;, en agosto<\/title>\n<meta name=\"robots\" content=\"index, follow, max-snippet:-1, max-image-preview:large, max-video-preview:-1\" \/>\n<link rel=\"canonical\" href=\"https:\/\/web.consaguirre.com.ar\/noticias\/royel-otis-lanzo-un-nuevo-album-hickey-en-agosto\/\" \/>\n<meta property=\"og:locale\" content=\"es_ES\" \/>\n<meta property=\"og:type\" content=\"article\" \/>\n<meta property=\"og:title\" content=\"Royel Otis lanz\u00f3 un nuevo \u00e1lbum, &#039;Hickey&#039;, en agosto\" \/>\n<meta property=\"og:description\" content=\"Prep\u00e1rate para m\u00e1s Royel Otis m\u00fasica m\u00e1s temprano que tarde. Poco m\u00e1s de un a\u00f1o despu\u00e9s de lanzar su \u00e1lbum debut Pratts y dolorel d\u00fao\" \/>\n<meta property=\"og:url\" content=\"https:\/\/web.consaguirre.com.ar\/noticias\/royel-otis-lanzo-un-nuevo-album-hickey-en-agosto\/\" \/>\n<meta property=\"og:site_name\" content=\"Conservatorio de M\u00fasica Juli\u00e1n Aguirre\" \/>\n<meta property=\"article:published_time\" content=\"2025-06-24T23:38:54+00:00\" \/>\n<meta property=\"article:modified_time\" content=\"2025-06-24T23:38:55+00:00\" \/>\n<meta property=\"og:image\" content=\"https:\/\/web.consaguirre.com.ar\/noticias\/wp-content\/uploads\/2025\/06\/Royel-Otis-lanzo-un-nuevo-album-Hickey-en-agosto.jpg\" \/>\n\t<meta property=\"og:image:width\" content=\"1280\" \/>\n\t<meta property=\"og:image:height\" content=\"1280\" \/>\n\t<meta property=\"og:image:type\" content=\"image\/jpeg\" \/>\n<meta name=\"author\" content=\"Javier Figueroa\" \/>\n<meta name=\"twitter:card\" content=\"summary_large_image\" \/>\n<meta name=\"twitter:label1\" content=\"Escrito por\" \/>\n\t<meta name=\"twitter:data1\" content=\"Javier Figueroa\" \/>\n\t<meta name=\"twitter:label2\" content=\"Tiempo de lectura\" \/>\n\t<meta name=\"twitter:data2\" content=\"2 minutos\" \/>\n<script type=\"application\/ld+json\" class=\"yoast-schema-graph\">{\"@context\":\"https:\/\/schema.org\",\"@graph\":[{\"@type\":\"Article\",\"@id\":\"https:\/\/web.consaguirre.com.ar\/noticias\/royel-otis-lanzo-un-nuevo-album-hickey-en-agosto\/#article\",\"isPartOf\":{\"@id\":\"https:\/\/web.consaguirre.com.ar\/noticias\/royel-otis-lanzo-un-nuevo-album-hickey-en-agosto\/\"},\"author\":{\"name\":\"Javier Figueroa\",\"@id\":\"https:\/\/web.consaguirre.com.ar\/noticias\/#\/schema\/person\/6558b0cfedee7ddc5425602b237d5722\"},\"headline\":\"Royel Otis lanz\u00f3 un nuevo \u00e1lbum, &#8216;Hickey&#8217;, en agosto\",\"datePublished\":\"2025-06-24T23:38:54+00:00\",\"dateModified\":\"2025-06-24T23:38:55+00:00\",\"mainEntityOfPage\":{\"@id\":\"https:\/\/web.consaguirre.com.ar\/noticias\/royel-otis-lanzo-un-nuevo-album-hickey-en-agosto\/\"},\"wordCount\":411,\"publisher\":{\"@id\":\"https:\/\/web.consaguirre.com.ar\/noticias\/#organization\"},\"image\":{\"@id\":\"https:\/\/web.consaguirre.com.ar\/noticias\/royel-otis-lanzo-un-nuevo-album-hickey-en-agosto\/#primaryimage\"},\"thumbnailUrl\":\"https:\/\/web.consaguirre.com.ar\/noticias\/wp-content\/uploads\/2025\/06\/Royel-Otis-lanzo-un-nuevo-album-Hickey-en-agosto.jpg\",\"keywords\":[\"agosto\",\"\u00e1lbum\",\"Hickey\",\"lanz\u00f3\",\"nuevo\",\"Otis\",\"Royel\"],\"articleSection\":[\"El \u00faltimo\"],\"inLanguage\":\"es-AR\"},{\"@type\":\"WebPage\",\"@id\":\"https:\/\/web.consaguirre.com.ar\/noticias\/royel-otis-lanzo-un-nuevo-album-hickey-en-agosto\/\",\"url\":\"https:\/\/web.consaguirre.com.ar\/noticias\/royel-otis-lanzo-un-nuevo-album-hickey-en-agosto\/\",\"name\":\"Royel Otis lanz\u00f3 un nuevo \u00e1lbum, 'Hickey', en agosto\",\"isPartOf\":{\"@id\":\"https:\/\/web.consaguirre.com.ar\/noticias\/#website\"},\"primaryImageOfPage\":{\"@id\":\"https:\/\/web.consaguirre.com.ar\/noticias\/royel-otis-lanzo-un-nuevo-album-hickey-en-agosto\/#primaryimage\"},\"image\":{\"@id\":\"https:\/\/web.consaguirre.com.ar\/noticias\/royel-otis-lanzo-un-nuevo-album-hickey-en-agosto\/#primaryimage\"},\"thumbnailUrl\":\"https:\/\/web.consaguirre.com.ar\/noticias\/wp-content\/uploads\/2025\/06\/Royel-Otis-lanzo-un-nuevo-album-Hickey-en-agosto.jpg\",\"datePublished\":\"2025-06-24T23:38:54+00:00\",\"dateModified\":\"2025-06-24T23:38:55+00:00\",\"breadcrumb\":{\"@id\":\"https:\/\/web.consaguirre.com.ar\/noticias\/royel-otis-lanzo-un-nuevo-album-hickey-en-agosto\/#breadcrumb\"},\"inLanguage\":\"es-AR\",\"potentialAction\":[{\"@type\":\"ReadAction\",\"target\":[\"https:\/\/web.consaguirre.com.ar\/noticias\/royel-otis-lanzo-un-nuevo-album-hickey-en-agosto\/\"]}]},{\"@type\":\"ImageObject\",\"inLanguage\":\"es-AR\",\"@id\":\"https:\/\/web.consaguirre.com.ar\/noticias\/royel-otis-lanzo-un-nuevo-album-hickey-en-agosto\/#primaryimage\",\"url\":\"https:\/\/web.consaguirre.com.ar\/noticias\/wp-content\/uploads\/2025\/06\/Royel-Otis-lanzo-un-nuevo-album-Hickey-en-agosto.jpg\",\"contentUrl\":\"https:\/\/web.consaguirre.com.ar\/noticias\/wp-content\/uploads\/2025\/06\/Royel-Otis-lanzo-un-nuevo-album-Hickey-en-agosto.jpg\",\"width\":1280,\"height\":1280,\"caption\":\"Royel Otis lanz\u00f3 un nuevo \u00e1lbum, 'Hickey', en agosto\"},{\"@type\":\"BreadcrumbList\",\"@id\":\"https:\/\/web.consaguirre.com.ar\/noticias\/royel-otis-lanzo-un-nuevo-album-hickey-en-agosto\/#breadcrumb\",\"itemListElement\":[{\"@type\":\"ListItem\",\"position\":1,\"name\":\"Inicio\",\"item\":\"https:\/\/web.consaguirre.com.ar\/noticias\/\"},{\"@type\":\"ListItem\",\"position\":2,\"name\":\"Royel Otis lanz\u00f3 un nuevo \u00e1lbum, &#8216;Hickey&#8217;, en agosto\"}]},{\"@type\":\"WebSite\",\"@id\":\"https:\/\/web.consaguirre.com.ar\/noticias\/#website\",\"url\":\"https:\/\/web.consaguirre.com.ar\/noticias\/\",\"name\":\"Conservatorio de M\u00fasica Juli\u00e1n Aguirre\",\"description\":\"\",\"publisher\":{\"@id\":\"https:\/\/web.consaguirre.com.ar\/noticias\/#organization\"},\"potentialAction\":[{\"@type\":\"SearchAction\",\"target\":{\"@type\":\"EntryPoint\",\"urlTemplate\":\"https:\/\/web.consaguirre.com.ar\/noticias\/?s={search_term_string}\"},\"query-input\":\"required name=search_term_string\"}],\"inLanguage\":\"es-AR\"},{\"@type\":\"Organization\",\"@id\":\"https:\/\/web.consaguirre.com.ar\/noticias\/#organization\",\"name\":\"Conservatorio de M\u00fasica Juli\u00e1n Aguirre\",\"url\":\"https:\/\/web.consaguirre.com.ar\/noticias\/\",\"logo\":{\"@type\":\"ImageObject\",\"inLanguage\":\"es-AR\",\"@id\":\"https:\/\/web.consaguirre.com.ar\/noticias\/#\/schema\/logo\/image\/\",\"url\":\"https:\/\/web.consaguirre.com.ar\/noticias\/wp-content\/uploads\/2024\/08\/Banner-Aguirre-23.jpg\",\"contentUrl\":\"https:\/\/web.consaguirre.com.ar\/noticias\/wp-content\/uploads\/2024\/08\/Banner-Aguirre-23.jpg\",\"width\":1192,\"height\":600,\"caption\":\"Conservatorio de M\u00fasica Juli\u00e1n Aguirre\"},\"image\":{\"@id\":\"https:\/\/web.consaguirre.com.ar\/noticias\/#\/schema\/logo\/image\/\"}},{\"@type\":\"Person\",\"@id\":\"https:\/\/web.consaguirre.com.ar\/noticias\/#\/schema\/person\/6558b0cfedee7ddc5425602b237d5722\",\"name\":\"Javier Figueroa\",\"image\":{\"@type\":\"ImageObject\",\"inLanguage\":\"es-AR\",\"@id\":\"https:\/\/web.consaguirre.com.ar\/noticias\/#\/schema\/person\/image\/\",\"url\":\"https:\/\/web.consaguirre.com.ar\/noticias\/wp-content\/uploads\/2024\/08\/Consaguirre-scaled.jpg\",\"contentUrl\":\"https:\/\/web.consaguirre.com.ar\/noticias\/wp-content\/uploads\/2024\/08\/Consaguirre-scaled.jpg\",\"caption\":\"Javier Figueroa\"},\"description\":\"Me llamo Javier Figueroa y soy redactor para el sitio oficial del Conservatorio de M\u00fasica Juli\u00e1n Aguirre en Buenos Aires, consaguirre.com. Apasionado por la m\u00fasica y la escritura, me esfuerzo por destacar los talentos y eventos de nuestra prestigiosa instituci\u00f3n. Mi trayectoria se nutre de una profunda admiraci\u00f3n por los artistas, haciendo de cada art\u00edculo una celebraci\u00f3n de la creatividad y la cultura musical.\",\"sameAs\":[\"https:\/\/web.consaguirre.com.ar\/noticias\"]}]}<\/script>\n<!-- \/ Yoast SEO plugin. -->","yoast_head_json":{"title":"Royel Otis lanz\u00f3 un nuevo \u00e1lbum, 'Hickey', en agosto","robots":{"index":"index","follow":"follow","max-snippet":"max-snippet:-1","max-image-preview":"max-image-preview:large","max-video-preview":"max-video-preview:-1"},"canonical":"https:\/\/web.consaguirre.com.ar\/noticias\/royel-otis-lanzo-un-nuevo-album-hickey-en-agosto\/","og_locale":"es_ES","og_type":"article","og_title":"Royel Otis lanz\u00f3 un nuevo \u00e1lbum, 'Hickey', en agosto","og_description":"Prep\u00e1rate para m\u00e1s Royel Otis m\u00fasica m\u00e1s temprano que tarde. Poco m\u00e1s de un a\u00f1o despu\u00e9s de lanzar su \u00e1lbum debut Pratts y dolorel d\u00fao","og_url":"https:\/\/web.consaguirre.com.ar\/noticias\/royel-otis-lanzo-un-nuevo-album-hickey-en-agosto\/","og_site_name":"Conservatorio de M\u00fasica Juli\u00e1n Aguirre","article_published_time":"2025-06-24T23:38:54+00:00","article_modified_time":"2025-06-24T23:38:55+00:00","og_image":[{"width":1280,"height":1280,"url":"https:\/\/web.consaguirre.com.ar\/noticias\/wp-content\/uploads\/2025\/06\/Royel-Otis-lanzo-un-nuevo-album-Hickey-en-agosto.jpg","type":"image\/jpeg"}],"author":"Javier Figueroa","twitter_card":"summary_large_image","twitter_misc":{"Escrito por":"Javier Figueroa","Tiempo de lectura":"2 minutos"},"schema":{"@context":"https:\/\/schema.org","@graph":[{"@type":"Article","@id":"https:\/\/web.consaguirre.com.ar\/noticias\/royel-otis-lanzo-un-nuevo-album-hickey-en-agosto\/#article","isPartOf":{"@id":"https:\/\/web.consaguirre.com.ar\/noticias\/royel-otis-lanzo-un-nuevo-album-hickey-en-agosto\/"},"author":{"name":"Javier Figueroa","@id":"https:\/\/web.consaguirre.com.ar\/noticias\/#\/schema\/person\/6558b0cfedee7ddc5425602b237d5722"},"headline":"Royel Otis lanz\u00f3 un nuevo \u00e1lbum, &#8216;Hickey&#8217;, en agosto","datePublished":"2025-06-24T23:38:54+00:00","dateModified":"2025-06-24T23:38:55+00:00","mainEntityOfPage":{"@id":"https:\/\/web.consaguirre.com.ar\/noticias\/royel-otis-lanzo-un-nuevo-album-hickey-en-agosto\/"},"wordCount":411,"publisher":{"@id":"https:\/\/web.consaguirre.com.ar\/noticias\/#organization"},"image":{"@id":"https:\/\/web.consaguirre.com.ar\/noticias\/royel-otis-lanzo-un-nuevo-album-hickey-en-agosto\/#primaryimage"},"thumbnailUrl":"https:\/\/web.consaguirre.com.ar\/noticias\/wp-content\/uploads\/2025\/06\/Royel-Otis-lanzo-un-nuevo-album-Hickey-en-agosto.jpg","keywords":["agosto","\u00e1lbum","Hickey","lanz\u00f3","nuevo","Otis","Royel"],"articleSection":["El \u00faltimo"],"inLanguage":"es-AR"},{"@type":"WebPage","@id":"https:\/\/web.consaguirre.com.ar\/noticias\/royel-otis-lanzo-un-nuevo-album-hickey-en-agosto\/","url":"https:\/\/web.consaguirre.com.ar\/noticias\/royel-otis-lanzo-un-nuevo-album-hickey-en-agosto\/","name":"Royel Otis lanz\u00f3 un nuevo \u00e1lbum, 'Hickey', en agosto","isPartOf":{"@id":"https:\/\/web.consaguirre.com.ar\/noticias\/#website"},"primaryImageOfPage":{"@id":"https:\/\/web.consaguirre.com.ar\/noticias\/royel-otis-lanzo-un-nuevo-album-hickey-en-agosto\/#primaryimage"},"image":{"@id":"https:\/\/web.consaguirre.com.ar\/noticias\/royel-otis-lanzo-un-nuevo-album-hickey-en-agosto\/#primaryimage"},"thumbnailUrl":"https:\/\/web.consaguirre.com.ar\/noticias\/wp-content\/uploads\/2025\/06\/Royel-Otis-lanzo-un-nuevo-album-Hickey-en-agosto.jpg","datePublished":"2025-06-24T23:38:54+00:00","dateModified":"2025-06-24T23:38:55+00:00","breadcrumb":{"@id":"https:\/\/web.consaguirre.com.ar\/noticias\/royel-otis-lanzo-un-nuevo-album-hickey-en-agosto\/#breadcrumb"},"inLanguage":"es-AR","potentialAction":[{"@type":"ReadAction","target":["https:\/\/web.consaguirre.com.ar\/noticias\/royel-otis-lanzo-un-nuevo-album-hickey-en-agosto\/"]}]},{"@type":"ImageObject","inLanguage":"es-AR","@id":"https:\/\/web.consaguirre.com.ar\/noticias\/royel-otis-lanzo-un-nuevo-album-hickey-en-agosto\/#primaryimage","url":"https:\/\/web.consaguirre.com.ar\/noticias\/wp-content\/uploads\/2025\/06\/Royel-Otis-lanzo-un-nuevo-album-Hickey-en-agosto.jpg","contentUrl":"https:\/\/web.consaguirre.com.ar\/noticias\/wp-content\/uploads\/2025\/06\/Royel-Otis-lanzo-un-nuevo-album-Hickey-en-agosto.jpg","width":1280,"height":1280,"caption":"Royel Otis lanz\u00f3 un nuevo \u00e1lbum, 'Hickey', en agosto"},{"@type":"BreadcrumbList","@id":"https:\/\/web.consaguirre.com.ar\/noticias\/royel-otis-lanzo-un-nuevo-album-hickey-en-agosto\/#breadcrumb","itemListElement":[{"@type":"ListItem","position":1,"name":"Inicio","item":"https:\/\/web.consaguirre.com.ar\/noticias\/"},{"@type":"ListItem","position":2,"name":"Royel Otis lanz\u00f3 un nuevo \u00e1lbum, &#8216;Hickey&#8217;, en agosto"}]},{"@type":"WebSite","@id":"https:\/\/web.consaguirre.com.ar\/noticias\/#website","url":"https:\/\/web.consaguirre.com.ar\/noticias\/","name":"Conservatorio de M\u00fasica Juli\u00e1n Aguirre","description":"","publisher":{"@id":"https:\/\/web.consaguirre.com.ar\/noticias\/#organization"},"potentialAction":[{"@type":"SearchAction","target":{"@type":"EntryPoint","urlTemplate":"https:\/\/web.consaguirre.com.ar\/noticias\/?s={search_term_string}"},"query-input":"required name=search_term_string"}],"inLanguage":"es-AR"},{"@type":"Organization","@id":"https:\/\/web.consaguirre.com.ar\/noticias\/#organization","name":"Conservatorio de M\u00fasica Juli\u00e1n Aguirre","url":"https:\/\/web.consaguirre.com.ar\/noticias\/","logo":{"@type":"ImageObject","inLanguage":"es-AR","@id":"https:\/\/web.consaguirre.com.ar\/noticias\/#\/schema\/logo\/image\/","url":"https:\/\/web.consaguirre.com.ar\/noticias\/wp-content\/uploads\/2024\/08\/Banner-Aguirre-23.jpg","contentUrl":"https:\/\/web.consaguirre.com.ar\/noticias\/wp-content\/uploads\/2024\/08\/Banner-Aguirre-23.jpg","width":1192,"height":600,"caption":"Conservatorio de M\u00fasica Juli\u00e1n Aguirre"},"image":{"@id":"https:\/\/web.consaguirre.com.ar\/noticias\/#\/schema\/logo\/image\/"}},{"@type":"Person","@id":"https:\/\/web.consaguirre.com.ar\/noticias\/#\/schema\/person\/6558b0cfedee7ddc5425602b237d5722","name":"Javier Figueroa","image":{"@type":"ImageObject","inLanguage":"es-AR","@id":"https:\/\/web.consaguirre.com.ar\/noticias\/#\/schema\/person\/image\/","url":"https:\/\/web.consaguirre.com.ar\/noticias\/wp-content\/uploads\/2024\/08\/Consaguirre-scaled.jpg","contentUrl":"https:\/\/web.consaguirre.com.ar\/noticias\/wp-content\/uploads\/2024\/08\/Consaguirre-scaled.jpg","caption":"Javier Figueroa"},"description":"Me llamo Javier Figueroa y soy redactor para el sitio oficial del Conservatorio de M\u00fasica Juli\u00e1n Aguirre en Buenos Aires, consaguirre.com. Apasionado por la m\u00fasica y la escritura, me esfuerzo por destacar los talentos y eventos de nuestra prestigiosa instituci\u00f3n. Mi trayectoria se nutre de una profunda admiraci\u00f3n por los artistas, haciendo de cada art\u00edculo una celebraci\u00f3n de la creatividad y la cultura musical.","sameAs":["https:\/\/web.consaguirre.com.ar\/noticias"]}]}},"_links":{"self":[{"href":"https:\/\/web.consaguirre.com.ar\/noticias\/wp-json\/wp\/v2\/posts\/2993"}],"collection":[{"href":"https:\/\/web.consaguirre.com.ar\/noticias\/wp-json\/wp\/v2\/posts"}],"about":[{"href":"https:\/\/web.consaguirre.com.ar\/noticias\/wp-json\/wp\/v2\/types\/post"}],"author":[{"embeddable":true,"href":"https:\/\/web.consaguirre.com.ar\/noticias\/wp-json\/wp\/v2\/users\/1"}],"replies":[{"embeddable":true,"href":"https:\/\/web.consaguirre.com.ar\/noticias\/wp-json\/wp\/v2\/comments?post=2993"}],"version-history":[{"count":1,"href":"https:\/\/web.consaguirre.com.ar\/noticias\/wp-json\/wp\/v2\/posts\/2993\/revisions"}],"predecessor-version":[{"id":2995,"href":"https:\/\/web.consaguirre.com.ar\/noticias\/wp-json\/wp\/v2\/posts\/2993\/revisions\/2995"}],"wp:featuredmedia":[{"embeddable":true,"href":"https:\/\/web.consaguirre.com.ar\/noticias\/wp-json\/wp\/v2\/media\/2994"}],"wp:attachment":[{"href":"https:\/\/web.consaguirre.com.ar\/noticias\/wp-json\/wp\/v2\/media?parent=2993"}],"wp:term":[{"taxonomy":"category","embeddable":true,"href":"https:\/\/web.consaguirre.com.ar\/noticias\/wp-json\/wp\/v2\/categories?post=2993"},{"taxonomy":"post_tag","embeddable":true,"href":"https:\/\/web.consaguirre.com.ar\/noticias\/wp-json\/wp\/v2\/tags?post=2993"}],"curies":[{"name":"wp","href":"https:\/\/api.w.org\/{rel}","templated":true}]}}