{"id":2990,"date":"2025-06-24T17:41:05","date_gmt":"2025-06-24T20:41:05","guid":{"rendered":"https:\/\/web.consaguirre.com.ar\/noticias\/el-nuevo-album-de-maroon-5-love-is-like-esta-fuera-el-15-de-agosto\/"},"modified":"2025-06-24T17:41:07","modified_gmt":"2025-06-24T20:41:07","slug":"el-nuevo-album-de-maroon-5-love-is-like-esta-fuera-el-15-de-agosto","status":"publish","type":"post","link":"https:\/\/web.consaguirre.com.ar\/noticias\/el-nuevo-album-de-maroon-5-love-is-like-esta-fuera-el-15-de-agosto\/","title":{"rendered":"El nuevo \u00e1lbum de Maroon 5 &#8216;Love Is Like&#8217; est\u00e1 fuera el 15 de agosto"},"content":{"rendered":"<p>Es un buen momento para ser un <strong>Maroon 5<\/strong> admirador. Despu\u00e9s de provocar la existencia de un nuevo \u00e1lbum a principios de este a\u00f1o, Adam Levine y Company ahora han revelado los detalles del proyecto. <em>El amor es como<\/em>el primer \u00e1lbum Maroon 5 desde 2021 <em>Jordi<\/em>saldr\u00e1 el 15 de agosto.<\/p>\n<p>&#8220;Siento que hemos vuelto a lo que sol\u00edamos hacer, que es no prestar atenci\u00f3n a d\u00f3nde encajamos y producir la m\u00fasica org\u00e1nicamente&#8221;, dice Levine. &#8220;As\u00ed es como nos afirmamos al principio cuando comenzamos nuestra carrera&#8221;.<\/p>\n<div class=\"uD-YT-container\"><img decoding=\"async\" src=\"https:\/\/web.consaguirre.com.ar\/noticias\/wp-content\/uploads\/2025\/06\/1750797665_651_El-nuevo-album-de-Maroon-5-Love-Is-Like-esta.jpg\" alt=\"Video de YouTube\"><br \/>Haga clic para cargar video<\/div>\n<p>Maroon 5 comenz\u00f3 el amor es como la campa\u00f1a con el sencillo principal &#8220;Precaleless&#8221;, una colaboraci\u00f3n con Lisa de Blackpink. Junto con el anuncio oficial del \u00e1lbum, la banda ahora ha compartido una segunda canci\u00f3n anticipada. El \u00e1gil y funky &#8220;toda la noche&#8221; se expande en la paleta est\u00e9tica Maroon 5 establecida con &#8220;invaluable&#8221;, especialmente en un puente que combina con el bajo con saxof\u00f3n suave. El video &#8220;All Night&#8221; se estrenar\u00e1 este viernes 27 de junio y ser\u00e1 dirigido por Aerin Moreno, quien tambi\u00e9n dirigi\u00f3 el video &#8220;invaluable&#8221;.<\/p>\n<p>Otra cosa para Levine-Heads para esperar: Maroon 5 se dirigir\u00e1 a la carretera este oto\u00f1o. Comenzando en Phoenix y envolviendo en Detroit, la gira de arena promovida de 23 date en vivo incluir\u00e1 un espect\u00e1culo de ciudad natal en el foro Kia de Los \u00c1ngeles y una visita al famoso Madison Square Garden de la ciudad de Nueva York. Un club de fans se lanza el mi\u00e9rcoles 25 de junio a las 10 am hora local. Las preventas adicionales continuar\u00e1n durante toda la semana, antes de <strong>El general a la venta a partir del viernes 27 de junio a las 10 am hora local<\/strong>.<\/p>\n<p>Maroon 5 tiene algunos conciertos independientes alineados antes de que la gira comience en octubre. El 11 de julio, jugar\u00e1n el En-Joie Golf Club en Endicott, NY. Lo siguiente es una parada en Rockefeller Plaza como parte de la serie de conciertos Citi de Today Show el viernes 1 de agosto. Y el 19 de septiembre, la banda tocar\u00e1 el Festival de M\u00fasica IheartRadio en Las Vegas.<\/p>\n<p><strong>Pedir Maroon 5&#8217;s <em>El amor es como<\/em> ahora.<\/strong><\/p>\n","protected":false},"excerpt":{"rendered":"<p>Es un buen momento para ser un Maroon 5 admirador. Despu\u00e9s de provocar la existencia de un nuevo \u00e1lbum a principios de este a\u00f1o, Adam<\/p>\n","protected":false},"author":1,"featured_media":2991,"comment_status":"closed","ping_status":"","sticky":false,"template":"","format":"standard","meta":{"footnotes":""},"categories":[50],"tags":[2750,147,302,2749,328,236,146],"class_list":["post-2990","post","type-post","status-publish","format-standard","has-post-thumbnail","hentry","category-el-ultimo","tag-agosto","tag-album","tag-esta","tag-fuera","tag-love","tag-maroon","tag-nuevo","generate-columns","tablet-grid-50","mobile-grid-100","grid-parent","grid-50"],"yoast_head":"<!-- This site is optimized with the Yoast SEO plugin v23.3 - https:\/\/yoast.com\/wordpress\/plugins\/seo\/ -->\n<title>El nuevo \u00e1lbum de Maroon 5 &#039;Love Is Like&#039; est\u00e1 fuera el 15 de agosto<\/title>\n<meta name=\"robots\" content=\"index, follow, max-snippet:-1, max-image-preview:large, max-video-preview:-1\" \/>\n<link rel=\"canonical\" href=\"https:\/\/web.consaguirre.com.ar\/noticias\/el-nuevo-album-de-maroon-5-love-is-like-esta-fuera-el-15-de-agosto\/\" \/>\n<meta property=\"og:locale\" content=\"es_ES\" \/>\n<meta property=\"og:type\" content=\"article\" \/>\n<meta property=\"og:title\" content=\"El nuevo \u00e1lbum de Maroon 5 &#039;Love Is Like&#039; est\u00e1 fuera el 15 de agosto\" \/>\n<meta property=\"og:description\" content=\"Es un buen momento para ser un Maroon 5 admirador. Despu\u00e9s de provocar la existencia de un nuevo \u00e1lbum a principios de este a\u00f1o, Adam\" \/>\n<meta property=\"og:url\" content=\"https:\/\/web.consaguirre.com.ar\/noticias\/el-nuevo-album-de-maroon-5-love-is-like-esta-fuera-el-15-de-agosto\/\" \/>\n<meta property=\"og:site_name\" content=\"Conservatorio de M\u00fasica Juli\u00e1n Aguirre\" \/>\n<meta property=\"article:published_time\" content=\"2025-06-24T20:41:05+00:00\" \/>\n<meta property=\"article:modified_time\" content=\"2025-06-24T20:41:07+00:00\" \/>\n<meta property=\"og:image\" content=\"https:\/\/web.consaguirre.com.ar\/noticias\/wp-content\/uploads\/2025\/06\/El-nuevo-album-de-Maroon-5-Love-Is-Like-esta.jpg\" \/>\n\t<meta property=\"og:image:width\" content=\"1280\" \/>\n\t<meta property=\"og:image:height\" content=\"1280\" \/>\n\t<meta property=\"og:image:type\" content=\"image\/jpeg\" \/>\n<meta name=\"author\" content=\"Javier Figueroa\" \/>\n<meta name=\"twitter:card\" content=\"summary_large_image\" \/>\n<meta name=\"twitter:label1\" content=\"Escrito por\" \/>\n\t<meta name=\"twitter:data1\" content=\"Javier Figueroa\" \/>\n\t<meta name=\"twitter:label2\" content=\"Tiempo de lectura\" \/>\n\t<meta name=\"twitter:data2\" content=\"2 minutos\" \/>\n<script type=\"application\/ld+json\" class=\"yoast-schema-graph\">{\"@context\":\"https:\/\/schema.org\",\"@graph\":[{\"@type\":\"Article\",\"@id\":\"https:\/\/web.consaguirre.com.ar\/noticias\/el-nuevo-album-de-maroon-5-love-is-like-esta-fuera-el-15-de-agosto\/#article\",\"isPartOf\":{\"@id\":\"https:\/\/web.consaguirre.com.ar\/noticias\/el-nuevo-album-de-maroon-5-love-is-like-esta-fuera-el-15-de-agosto\/\"},\"author\":{\"name\":\"Javier Figueroa\",\"@id\":\"https:\/\/web.consaguirre.com.ar\/noticias\/#\/schema\/person\/6558b0cfedee7ddc5425602b237d5722\"},\"headline\":\"El nuevo \u00e1lbum de Maroon 5 &#8216;Love Is Like&#8217; est\u00e1 fuera el 15 de agosto\",\"datePublished\":\"2025-06-24T20:41:05+00:00\",\"dateModified\":\"2025-06-24T20:41:07+00:00\",\"mainEntityOfPage\":{\"@id\":\"https:\/\/web.consaguirre.com.ar\/noticias\/el-nuevo-album-de-maroon-5-love-is-like-esta-fuera-el-15-de-agosto\/\"},\"wordCount\":373,\"publisher\":{\"@id\":\"https:\/\/web.consaguirre.com.ar\/noticias\/#organization\"},\"image\":{\"@id\":\"https:\/\/web.consaguirre.com.ar\/noticias\/el-nuevo-album-de-maroon-5-love-is-like-esta-fuera-el-15-de-agosto\/#primaryimage\"},\"thumbnailUrl\":\"https:\/\/web.consaguirre.com.ar\/noticias\/wp-content\/uploads\/2025\/06\/El-nuevo-album-de-Maroon-5-Love-Is-Like-esta.jpg\",\"keywords\":[\"agosto\",\"\u00e1lbum\",\"est\u00e1\",\"fuera\",\"Love\",\"Maroon\",\"nuevo\"],\"articleSection\":[\"El \u00faltimo\"],\"inLanguage\":\"es-AR\"},{\"@type\":\"WebPage\",\"@id\":\"https:\/\/web.consaguirre.com.ar\/noticias\/el-nuevo-album-de-maroon-5-love-is-like-esta-fuera-el-15-de-agosto\/\",\"url\":\"https:\/\/web.consaguirre.com.ar\/noticias\/el-nuevo-album-de-maroon-5-love-is-like-esta-fuera-el-15-de-agosto\/\",\"name\":\"El nuevo \u00e1lbum de Maroon 5 'Love Is Like' est\u00e1 fuera el 15 de agosto\",\"isPartOf\":{\"@id\":\"https:\/\/web.consaguirre.com.ar\/noticias\/#website\"},\"primaryImageOfPage\":{\"@id\":\"https:\/\/web.consaguirre.com.ar\/noticias\/el-nuevo-album-de-maroon-5-love-is-like-esta-fuera-el-15-de-agosto\/#primaryimage\"},\"image\":{\"@id\":\"https:\/\/web.consaguirre.com.ar\/noticias\/el-nuevo-album-de-maroon-5-love-is-like-esta-fuera-el-15-de-agosto\/#primaryimage\"},\"thumbnailUrl\":\"https:\/\/web.consaguirre.com.ar\/noticias\/wp-content\/uploads\/2025\/06\/El-nuevo-album-de-Maroon-5-Love-Is-Like-esta.jpg\",\"datePublished\":\"2025-06-24T20:41:05+00:00\",\"dateModified\":\"2025-06-24T20:41:07+00:00\",\"breadcrumb\":{\"@id\":\"https:\/\/web.consaguirre.com.ar\/noticias\/el-nuevo-album-de-maroon-5-love-is-like-esta-fuera-el-15-de-agosto\/#breadcrumb\"},\"inLanguage\":\"es-AR\",\"potentialAction\":[{\"@type\":\"ReadAction\",\"target\":[\"https:\/\/web.consaguirre.com.ar\/noticias\/el-nuevo-album-de-maroon-5-love-is-like-esta-fuera-el-15-de-agosto\/\"]}]},{\"@type\":\"ImageObject\",\"inLanguage\":\"es-AR\",\"@id\":\"https:\/\/web.consaguirre.com.ar\/noticias\/el-nuevo-album-de-maroon-5-love-is-like-esta-fuera-el-15-de-agosto\/#primaryimage\",\"url\":\"https:\/\/web.consaguirre.com.ar\/noticias\/wp-content\/uploads\/2025\/06\/El-nuevo-album-de-Maroon-5-Love-Is-Like-esta.jpg\",\"contentUrl\":\"https:\/\/web.consaguirre.com.ar\/noticias\/wp-content\/uploads\/2025\/06\/El-nuevo-album-de-Maroon-5-Love-Is-Like-esta.jpg\",\"width\":1280,\"height\":1280,\"caption\":\"El nuevo \u00e1lbum de Maroon 5 'Love Is Like' est\u00e1 fuera el 15 de agosto\"},{\"@type\":\"BreadcrumbList\",\"@id\":\"https:\/\/web.consaguirre.com.ar\/noticias\/el-nuevo-album-de-maroon-5-love-is-like-esta-fuera-el-15-de-agosto\/#breadcrumb\",\"itemListElement\":[{\"@type\":\"ListItem\",\"position\":1,\"name\":\"Inicio\",\"item\":\"https:\/\/web.consaguirre.com.ar\/noticias\/\"},{\"@type\":\"ListItem\",\"position\":2,\"name\":\"El nuevo \u00e1lbum de Maroon 5 &#8216;Love Is Like&#8217; est\u00e1 fuera el 15 de agosto\"}]},{\"@type\":\"WebSite\",\"@id\":\"https:\/\/web.consaguirre.com.ar\/noticias\/#website\",\"url\":\"https:\/\/web.consaguirre.com.ar\/noticias\/\",\"name\":\"Conservatorio de M\u00fasica Juli\u00e1n Aguirre\",\"description\":\"\",\"publisher\":{\"@id\":\"https:\/\/web.consaguirre.com.ar\/noticias\/#organization\"},\"potentialAction\":[{\"@type\":\"SearchAction\",\"target\":{\"@type\":\"EntryPoint\",\"urlTemplate\":\"https:\/\/web.consaguirre.com.ar\/noticias\/?s={search_term_string}\"},\"query-input\":\"required name=search_term_string\"}],\"inLanguage\":\"es-AR\"},{\"@type\":\"Organization\",\"@id\":\"https:\/\/web.consaguirre.com.ar\/noticias\/#organization\",\"name\":\"Conservatorio de M\u00fasica Juli\u00e1n Aguirre\",\"url\":\"https:\/\/web.consaguirre.com.ar\/noticias\/\",\"logo\":{\"@type\":\"ImageObject\",\"inLanguage\":\"es-AR\",\"@id\":\"https:\/\/web.consaguirre.com.ar\/noticias\/#\/schema\/logo\/image\/\",\"url\":\"https:\/\/web.consaguirre.com.ar\/noticias\/wp-content\/uploads\/2024\/08\/Banner-Aguirre-23.jpg\",\"contentUrl\":\"https:\/\/web.consaguirre.com.ar\/noticias\/wp-content\/uploads\/2024\/08\/Banner-Aguirre-23.jpg\",\"width\":1192,\"height\":600,\"caption\":\"Conservatorio de M\u00fasica Juli\u00e1n Aguirre\"},\"image\":{\"@id\":\"https:\/\/web.consaguirre.com.ar\/noticias\/#\/schema\/logo\/image\/\"}},{\"@type\":\"Person\",\"@id\":\"https:\/\/web.consaguirre.com.ar\/noticias\/#\/schema\/person\/6558b0cfedee7ddc5425602b237d5722\",\"name\":\"Javier Figueroa\",\"image\":{\"@type\":\"ImageObject\",\"inLanguage\":\"es-AR\",\"@id\":\"https:\/\/web.consaguirre.com.ar\/noticias\/#\/schema\/person\/image\/\",\"url\":\"https:\/\/web.consaguirre.com.ar\/noticias\/wp-content\/uploads\/2024\/08\/Consaguirre-scaled.jpg\",\"contentUrl\":\"https:\/\/web.consaguirre.com.ar\/noticias\/wp-content\/uploads\/2024\/08\/Consaguirre-scaled.jpg\",\"caption\":\"Javier Figueroa\"},\"description\":\"Me llamo Javier Figueroa y soy redactor para el sitio oficial del Conservatorio de M\u00fasica Juli\u00e1n Aguirre en Buenos Aires, consaguirre.com. Apasionado por la m\u00fasica y la escritura, me esfuerzo por destacar los talentos y eventos de nuestra prestigiosa instituci\u00f3n. Mi trayectoria se nutre de una profunda admiraci\u00f3n por los artistas, haciendo de cada art\u00edculo una celebraci\u00f3n de la creatividad y la cultura musical.\",\"sameAs\":[\"https:\/\/web.consaguirre.com.ar\/noticias\"]}]}<\/script>\n<!-- \/ Yoast SEO plugin. -->","yoast_head_json":{"title":"El nuevo \u00e1lbum de Maroon 5 'Love Is Like' est\u00e1 fuera el 15 de agosto","robots":{"index":"index","follow":"follow","max-snippet":"max-snippet:-1","max-image-preview":"max-image-preview:large","max-video-preview":"max-video-preview:-1"},"canonical":"https:\/\/web.consaguirre.com.ar\/noticias\/el-nuevo-album-de-maroon-5-love-is-like-esta-fuera-el-15-de-agosto\/","og_locale":"es_ES","og_type":"article","og_title":"El nuevo \u00e1lbum de Maroon 5 'Love Is Like' est\u00e1 fuera el 15 de agosto","og_description":"Es un buen momento para ser un Maroon 5 admirador. Despu\u00e9s de provocar la existencia de un nuevo \u00e1lbum a principios de este a\u00f1o, Adam","og_url":"https:\/\/web.consaguirre.com.ar\/noticias\/el-nuevo-album-de-maroon-5-love-is-like-esta-fuera-el-15-de-agosto\/","og_site_name":"Conservatorio de M\u00fasica Juli\u00e1n Aguirre","article_published_time":"2025-06-24T20:41:05+00:00","article_modified_time":"2025-06-24T20:41:07+00:00","og_image":[{"width":1280,"height":1280,"url":"https:\/\/web.consaguirre.com.ar\/noticias\/wp-content\/uploads\/2025\/06\/El-nuevo-album-de-Maroon-5-Love-Is-Like-esta.jpg","type":"image\/jpeg"}],"author":"Javier Figueroa","twitter_card":"summary_large_image","twitter_misc":{"Escrito por":"Javier Figueroa","Tiempo de lectura":"2 minutos"},"schema":{"@context":"https:\/\/schema.org","@graph":[{"@type":"Article","@id":"https:\/\/web.consaguirre.com.ar\/noticias\/el-nuevo-album-de-maroon-5-love-is-like-esta-fuera-el-15-de-agosto\/#article","isPartOf":{"@id":"https:\/\/web.consaguirre.com.ar\/noticias\/el-nuevo-album-de-maroon-5-love-is-like-esta-fuera-el-15-de-agosto\/"},"author":{"name":"Javier Figueroa","@id":"https:\/\/web.consaguirre.com.ar\/noticias\/#\/schema\/person\/6558b0cfedee7ddc5425602b237d5722"},"headline":"El nuevo \u00e1lbum de Maroon 5 &#8216;Love Is Like&#8217; est\u00e1 fuera el 15 de agosto","datePublished":"2025-06-24T20:41:05+00:00","dateModified":"2025-06-24T20:41:07+00:00","mainEntityOfPage":{"@id":"https:\/\/web.consaguirre.com.ar\/noticias\/el-nuevo-album-de-maroon-5-love-is-like-esta-fuera-el-15-de-agosto\/"},"wordCount":373,"publisher":{"@id":"https:\/\/web.consaguirre.com.ar\/noticias\/#organization"},"image":{"@id":"https:\/\/web.consaguirre.com.ar\/noticias\/el-nuevo-album-de-maroon-5-love-is-like-esta-fuera-el-15-de-agosto\/#primaryimage"},"thumbnailUrl":"https:\/\/web.consaguirre.com.ar\/noticias\/wp-content\/uploads\/2025\/06\/El-nuevo-album-de-Maroon-5-Love-Is-Like-esta.jpg","keywords":["agosto","\u00e1lbum","est\u00e1","fuera","Love","Maroon","nuevo"],"articleSection":["El \u00faltimo"],"inLanguage":"es-AR"},{"@type":"WebPage","@id":"https:\/\/web.consaguirre.com.ar\/noticias\/el-nuevo-album-de-maroon-5-love-is-like-esta-fuera-el-15-de-agosto\/","url":"https:\/\/web.consaguirre.com.ar\/noticias\/el-nuevo-album-de-maroon-5-love-is-like-esta-fuera-el-15-de-agosto\/","name":"El nuevo \u00e1lbum de Maroon 5 'Love Is Like' est\u00e1 fuera el 15 de agosto","isPartOf":{"@id":"https:\/\/web.consaguirre.com.ar\/noticias\/#website"},"primaryImageOfPage":{"@id":"https:\/\/web.consaguirre.com.ar\/noticias\/el-nuevo-album-de-maroon-5-love-is-like-esta-fuera-el-15-de-agosto\/#primaryimage"},"image":{"@id":"https:\/\/web.consaguirre.com.ar\/noticias\/el-nuevo-album-de-maroon-5-love-is-like-esta-fuera-el-15-de-agosto\/#primaryimage"},"thumbnailUrl":"https:\/\/web.consaguirre.com.ar\/noticias\/wp-content\/uploads\/2025\/06\/El-nuevo-album-de-Maroon-5-Love-Is-Like-esta.jpg","datePublished":"2025-06-24T20:41:05+00:00","dateModified":"2025-06-24T20:41:07+00:00","breadcrumb":{"@id":"https:\/\/web.consaguirre.com.ar\/noticias\/el-nuevo-album-de-maroon-5-love-is-like-esta-fuera-el-15-de-agosto\/#breadcrumb"},"inLanguage":"es-AR","potentialAction":[{"@type":"ReadAction","target":["https:\/\/web.consaguirre.com.ar\/noticias\/el-nuevo-album-de-maroon-5-love-is-like-esta-fuera-el-15-de-agosto\/"]}]},{"@type":"ImageObject","inLanguage":"es-AR","@id":"https:\/\/web.consaguirre.com.ar\/noticias\/el-nuevo-album-de-maroon-5-love-is-like-esta-fuera-el-15-de-agosto\/#primaryimage","url":"https:\/\/web.consaguirre.com.ar\/noticias\/wp-content\/uploads\/2025\/06\/El-nuevo-album-de-Maroon-5-Love-Is-Like-esta.jpg","contentUrl":"https:\/\/web.consaguirre.com.ar\/noticias\/wp-content\/uploads\/2025\/06\/El-nuevo-album-de-Maroon-5-Love-Is-Like-esta.jpg","width":1280,"height":1280,"caption":"El nuevo \u00e1lbum de Maroon 5 'Love Is Like' est\u00e1 fuera el 15 de agosto"},{"@type":"BreadcrumbList","@id":"https:\/\/web.consaguirre.com.ar\/noticias\/el-nuevo-album-de-maroon-5-love-is-like-esta-fuera-el-15-de-agosto\/#breadcrumb","itemListElement":[{"@type":"ListItem","position":1,"name":"Inicio","item":"https:\/\/web.consaguirre.com.ar\/noticias\/"},{"@type":"ListItem","position":2,"name":"El nuevo \u00e1lbum de Maroon 5 &#8216;Love Is Like&#8217; est\u00e1 fuera el 15 de agosto"}]},{"@type":"WebSite","@id":"https:\/\/web.consaguirre.com.ar\/noticias\/#website","url":"https:\/\/web.consaguirre.com.ar\/noticias\/","name":"Conservatorio de M\u00fasica Juli\u00e1n Aguirre","description":"","publisher":{"@id":"https:\/\/web.consaguirre.com.ar\/noticias\/#organization"},"potentialAction":[{"@type":"SearchAction","target":{"@type":"EntryPoint","urlTemplate":"https:\/\/web.consaguirre.com.ar\/noticias\/?s={search_term_string}"},"query-input":"required name=search_term_string"}],"inLanguage":"es-AR"},{"@type":"Organization","@id":"https:\/\/web.consaguirre.com.ar\/noticias\/#organization","name":"Conservatorio de M\u00fasica Juli\u00e1n Aguirre","url":"https:\/\/web.consaguirre.com.ar\/noticias\/","logo":{"@type":"ImageObject","inLanguage":"es-AR","@id":"https:\/\/web.consaguirre.com.ar\/noticias\/#\/schema\/logo\/image\/","url":"https:\/\/web.consaguirre.com.ar\/noticias\/wp-content\/uploads\/2024\/08\/Banner-Aguirre-23.jpg","contentUrl":"https:\/\/web.consaguirre.com.ar\/noticias\/wp-content\/uploads\/2024\/08\/Banner-Aguirre-23.jpg","width":1192,"height":600,"caption":"Conservatorio de M\u00fasica Juli\u00e1n Aguirre"},"image":{"@id":"https:\/\/web.consaguirre.com.ar\/noticias\/#\/schema\/logo\/image\/"}},{"@type":"Person","@id":"https:\/\/web.consaguirre.com.ar\/noticias\/#\/schema\/person\/6558b0cfedee7ddc5425602b237d5722","name":"Javier Figueroa","image":{"@type":"ImageObject","inLanguage":"es-AR","@id":"https:\/\/web.consaguirre.com.ar\/noticias\/#\/schema\/person\/image\/","url":"https:\/\/web.consaguirre.com.ar\/noticias\/wp-content\/uploads\/2024\/08\/Consaguirre-scaled.jpg","contentUrl":"https:\/\/web.consaguirre.com.ar\/noticias\/wp-content\/uploads\/2024\/08\/Consaguirre-scaled.jpg","caption":"Javier Figueroa"},"description":"Me llamo Javier Figueroa y soy redactor para el sitio oficial del Conservatorio de M\u00fasica Juli\u00e1n Aguirre en Buenos Aires, consaguirre.com. Apasionado por la m\u00fasica y la escritura, me esfuerzo por destacar los talentos y eventos de nuestra prestigiosa instituci\u00f3n. Mi trayectoria se nutre de una profunda admiraci\u00f3n por los artistas, haciendo de cada art\u00edculo una celebraci\u00f3n de la creatividad y la cultura musical.","sameAs":["https:\/\/web.consaguirre.com.ar\/noticias"]}]}},"_links":{"self":[{"href":"https:\/\/web.consaguirre.com.ar\/noticias\/wp-json\/wp\/v2\/posts\/2990"}],"collection":[{"href":"https:\/\/web.consaguirre.com.ar\/noticias\/wp-json\/wp\/v2\/posts"}],"about":[{"href":"https:\/\/web.consaguirre.com.ar\/noticias\/wp-json\/wp\/v2\/types\/post"}],"author":[{"embeddable":true,"href":"https:\/\/web.consaguirre.com.ar\/noticias\/wp-json\/wp\/v2\/users\/1"}],"replies":[{"embeddable":true,"href":"https:\/\/web.consaguirre.com.ar\/noticias\/wp-json\/wp\/v2\/comments?post=2990"}],"version-history":[{"count":1,"href":"https:\/\/web.consaguirre.com.ar\/noticias\/wp-json\/wp\/v2\/posts\/2990\/revisions"}],"predecessor-version":[{"id":2992,"href":"https:\/\/web.consaguirre.com.ar\/noticias\/wp-json\/wp\/v2\/posts\/2990\/revisions\/2992"}],"wp:featuredmedia":[{"embeddable":true,"href":"https:\/\/web.consaguirre.com.ar\/noticias\/wp-json\/wp\/v2\/media\/2991"}],"wp:attachment":[{"href":"https:\/\/web.consaguirre.com.ar\/noticias\/wp-json\/wp\/v2\/media?parent=2990"}],"wp:term":[{"taxonomy":"category","embeddable":true,"href":"https:\/\/web.consaguirre.com.ar\/noticias\/wp-json\/wp\/v2\/categories?post=2990"},{"taxonomy":"post_tag","embeddable":true,"href":"https:\/\/web.consaguirre.com.ar\/noticias\/wp-json\/wp\/v2\/tags?post=2990"}],"curies":[{"name":"wp","href":"https:\/\/api.w.org\/{rel}","templated":true}]}}