{"id":2987,"date":"2025-06-24T14:38:17","date_gmt":"2025-06-24T17:38:17","guid":{"rendered":"https:\/\/web.consaguirre.com.ar\/noticias\/jonas-brothers-lanzo-un-nuevo-sencillo-no-time-to-talk\/"},"modified":"2025-06-24T14:38:19","modified_gmt":"2025-06-24T17:38:19","slug":"jonas-brothers-lanzo-un-nuevo-sencillo-no-time-to-talk","status":"publish","type":"post","link":"https:\/\/web.consaguirre.com.ar\/noticias\/jonas-brothers-lanzo-un-nuevo-sencillo-no-time-to-talk\/","title":{"rendered":"Jonas Brothers lanz\u00f3 un nuevo sencillo, &#8216;No Time to Talk&#8217;"},"content":{"rendered":"<p><strong>Jonas Brothers<\/strong>&#8216;Rollout para <em>Saludos desde su ciudad natal<\/em> Acabo de recibir una sacudida nost\u00e1lgica. El \u00faltimo sencillo del nuevo \u00e1lbum &#8220;No Time to Talk&#8221;, Out Now, Interpolates &#8220;Stayin &#8216;Alive&#8221;, un cl\u00e1sico de la pista de baile del <strong>Gees de abejas<\/strong>&#8216;ic\u00f3nico <strong><em>Fiebre del s\u00e1bado por la noche<\/em> banda sonora<\/strong>. Producido por Julian Bunetta (&#8220;Espresso&#8221; de Sabrina Carpenter) y Gabe Simon (Lana del Rey, Noah Kahan, Calum Scott), la canci\u00f3n es una devoluci\u00f3n de llamada a las fiestas de baile de la infancia de Jobros sonoras por los Bee Gees, dando a la m\u00fasica una conexi\u00f3n personal con el atractivo universal.<\/p>\n<p>Mientras que los Bee Gees, otro tr\u00edo de hermanos que hacen \u00e9xito, usaron &#8220;Stayin &#8216;Alive&#8221; de 1977 como monumento a su propia arrogancia, &#8220;No Time to Talk&#8221; voltea la perspectiva l\u00edrica, en lugar de celebrar a una pareja rom\u00e1ntica en la pista de baile: &#8220;Porque puedo decir por la forma en que usas tu caminata\/ que viniste a bailar\/ tiempo para hablar&#8221;.<\/p>\n<div class=\"uD-YT-container\"><img decoding=\"async\" src=\"https:\/\/web.consaguirre.com.ar\/noticias\/wp-content\/uploads\/2025\/06\/1750786697_971_Jonas-Brothers-lanzo-un-nuevo-sencillo-No-Time-to-Talk.jpg\" alt=\"Video de YouTube\"><br \/>Haga clic para cargar video<\/div>\n<p>&#8220;No Time to Talk&#8221; sigue a los favoritos de los fan\u00e1ticos &#8220;Love Me to Heaven&#8221; y &#8220;Slow Motion&#8221; en el camino hacia el \u00faltimo LP de Jonas Brothers. <em>Saludos desde su ciudad natal<\/em> Llega el 8 de agosto, justo a tiempo para la esperada gira del 20 aniversario de la banda. <strong>La gira &#8220;Jonas20: Saludos desde su ciudad natal&#8221;<\/strong> Comienza el 10 de agosto en el MetLife Stadium en el nativo de Nueva Jersey de los hermanos y los llevar\u00e1 a estadios y arenas en Am\u00e9rica del Norte hasta mediados de noviembre. Joe, Nick y Kevin se unir\u00e1n en todas las fechas por una combinaci\u00f3n de Marshmello (que se unieron a los hermanos en &#8220;c\u00e1mara lenta&#8221;), los rechazos estadounidenses y los ni\u00f1os como las ni\u00f1as.<\/p>\n<p>2025 ya ha visto una gran actividad de Jonas Brothers. En marzo, organizaron el inaugural Jonascon con m\u00e1s de 75,000 fan\u00e1ticos en el American Dream Events Center de Nueva Jersey. Joe Jonas lanz\u00f3 su \u00faltimo \u00e1lbum en solitario <em>M\u00fasica para personas que creen en el amor<\/em> En Mayo. Los fan\u00e1ticos pueden esperar escuchar material en solitario de Joe y Nick, as\u00ed como de sus bandas DNCE y Nick Jonas &#038; the Administration, durante las actuaciones de Jonas20 de Jonas Brothers que abarcan su carrera.<\/p>\n<p><strong>Compre los Jonas Brothers&#8217;s <em>Saludos desde su ciudad natal<\/em> ahora.<\/strong><\/p>\n","protected":false},"excerpt":{"rendered":"<p>Jonas Brothers&#8216;Rollout para Saludos desde su ciudad natal Acabo de recibir una sacudida nost\u00e1lgica. El \u00faltimo sencillo del nuevo \u00e1lbum &#8220;No Time to Talk&#8221;, Out<\/p>\n","protected":false},"author":1,"featured_media":2988,"comment_status":"closed","ping_status":"","sticky":false,"template":"","format":"standard","meta":{"footnotes":""},"categories":[50],"tags":[1048,1047,2246,146,204,2748,235],"class_list":["post-2987","post","type-post","status-publish","format-standard","has-post-thumbnail","hentry","category-el-ultimo","tag-brothers","tag-jonas","tag-lanzo","tag-nuevo","tag-sencillo","tag-talk","tag-time","generate-columns","tablet-grid-50","mobile-grid-100","grid-parent","grid-50"],"yoast_head":"<!-- This site is optimized with the Yoast SEO plugin v23.3 - https:\/\/yoast.com\/wordpress\/plugins\/seo\/ -->\n<title>Jonas Brothers lanz\u00f3 un nuevo sencillo, &#039;No Time to Talk&#039;<\/title>\n<meta name=\"robots\" content=\"index, follow, max-snippet:-1, max-image-preview:large, max-video-preview:-1\" \/>\n<link rel=\"canonical\" href=\"https:\/\/web.consaguirre.com.ar\/noticias\/jonas-brothers-lanzo-un-nuevo-sencillo-no-time-to-talk\/\" \/>\n<meta property=\"og:locale\" content=\"es_ES\" \/>\n<meta property=\"og:type\" content=\"article\" \/>\n<meta property=\"og:title\" content=\"Jonas Brothers lanz\u00f3 un nuevo sencillo, &#039;No Time to Talk&#039;\" \/>\n<meta property=\"og:description\" content=\"Jonas Brothers&#8216;Rollout para Saludos desde su ciudad natal Acabo de recibir una sacudida nost\u00e1lgica. El \u00faltimo sencillo del nuevo \u00e1lbum &#8220;No Time to Talk&#8221;, Out\" \/>\n<meta property=\"og:url\" content=\"https:\/\/web.consaguirre.com.ar\/noticias\/jonas-brothers-lanzo-un-nuevo-sencillo-no-time-to-talk\/\" \/>\n<meta property=\"og:site_name\" content=\"Conservatorio de M\u00fasica Juli\u00e1n Aguirre\" \/>\n<meta property=\"article:published_time\" content=\"2025-06-24T17:38:17+00:00\" \/>\n<meta property=\"article:modified_time\" content=\"2025-06-24T17:38:19+00:00\" \/>\n<meta property=\"og:image\" content=\"https:\/\/web.consaguirre.com.ar\/noticias\/wp-content\/uploads\/2025\/06\/Jonas-Brothers-lanzo-un-nuevo-sencillo-No-Time-to-Talk.jpg\" \/>\n\t<meta property=\"og:image:width\" content=\"1280\" \/>\n\t<meta property=\"og:image:height\" content=\"1280\" \/>\n\t<meta property=\"og:image:type\" content=\"image\/jpeg\" \/>\n<meta name=\"author\" content=\"Javier Figueroa\" \/>\n<meta name=\"twitter:card\" content=\"summary_large_image\" \/>\n<meta name=\"twitter:label1\" content=\"Escrito por\" \/>\n\t<meta name=\"twitter:data1\" content=\"Javier Figueroa\" \/>\n\t<meta name=\"twitter:label2\" content=\"Tiempo de lectura\" \/>\n\t<meta name=\"twitter:data2\" content=\"2 minutos\" \/>\n<script type=\"application\/ld+json\" class=\"yoast-schema-graph\">{\"@context\":\"https:\/\/schema.org\",\"@graph\":[{\"@type\":\"Article\",\"@id\":\"https:\/\/web.consaguirre.com.ar\/noticias\/jonas-brothers-lanzo-un-nuevo-sencillo-no-time-to-talk\/#article\",\"isPartOf\":{\"@id\":\"https:\/\/web.consaguirre.com.ar\/noticias\/jonas-brothers-lanzo-un-nuevo-sencillo-no-time-to-talk\/\"},\"author\":{\"name\":\"Javier Figueroa\",\"@id\":\"https:\/\/web.consaguirre.com.ar\/noticias\/#\/schema\/person\/6558b0cfedee7ddc5425602b237d5722\"},\"headline\":\"Jonas Brothers lanz\u00f3 un nuevo sencillo, &#8216;No Time to Talk&#8217;\",\"datePublished\":\"2025-06-24T17:38:17+00:00\",\"dateModified\":\"2025-06-24T17:38:19+00:00\",\"mainEntityOfPage\":{\"@id\":\"https:\/\/web.consaguirre.com.ar\/noticias\/jonas-brothers-lanzo-un-nuevo-sencillo-no-time-to-talk\/\"},\"wordCount\":413,\"publisher\":{\"@id\":\"https:\/\/web.consaguirre.com.ar\/noticias\/#organization\"},\"image\":{\"@id\":\"https:\/\/web.consaguirre.com.ar\/noticias\/jonas-brothers-lanzo-un-nuevo-sencillo-no-time-to-talk\/#primaryimage\"},\"thumbnailUrl\":\"https:\/\/web.consaguirre.com.ar\/noticias\/wp-content\/uploads\/2025\/06\/Jonas-Brothers-lanzo-un-nuevo-sencillo-No-Time-to-Talk.jpg\",\"keywords\":[\"Brothers\",\"Jonas\",\"lanz\u00f3\",\"nuevo\",\"sencillo\",\"Talk\",\"Time\"],\"articleSection\":[\"El \u00faltimo\"],\"inLanguage\":\"es-AR\"},{\"@type\":\"WebPage\",\"@id\":\"https:\/\/web.consaguirre.com.ar\/noticias\/jonas-brothers-lanzo-un-nuevo-sencillo-no-time-to-talk\/\",\"url\":\"https:\/\/web.consaguirre.com.ar\/noticias\/jonas-brothers-lanzo-un-nuevo-sencillo-no-time-to-talk\/\",\"name\":\"Jonas Brothers lanz\u00f3 un nuevo sencillo, 'No Time to Talk'\",\"isPartOf\":{\"@id\":\"https:\/\/web.consaguirre.com.ar\/noticias\/#website\"},\"primaryImageOfPage\":{\"@id\":\"https:\/\/web.consaguirre.com.ar\/noticias\/jonas-brothers-lanzo-un-nuevo-sencillo-no-time-to-talk\/#primaryimage\"},\"image\":{\"@id\":\"https:\/\/web.consaguirre.com.ar\/noticias\/jonas-brothers-lanzo-un-nuevo-sencillo-no-time-to-talk\/#primaryimage\"},\"thumbnailUrl\":\"https:\/\/web.consaguirre.com.ar\/noticias\/wp-content\/uploads\/2025\/06\/Jonas-Brothers-lanzo-un-nuevo-sencillo-No-Time-to-Talk.jpg\",\"datePublished\":\"2025-06-24T17:38:17+00:00\",\"dateModified\":\"2025-06-24T17:38:19+00:00\",\"breadcrumb\":{\"@id\":\"https:\/\/web.consaguirre.com.ar\/noticias\/jonas-brothers-lanzo-un-nuevo-sencillo-no-time-to-talk\/#breadcrumb\"},\"inLanguage\":\"es-AR\",\"potentialAction\":[{\"@type\":\"ReadAction\",\"target\":[\"https:\/\/web.consaguirre.com.ar\/noticias\/jonas-brothers-lanzo-un-nuevo-sencillo-no-time-to-talk\/\"]}]},{\"@type\":\"ImageObject\",\"inLanguage\":\"es-AR\",\"@id\":\"https:\/\/web.consaguirre.com.ar\/noticias\/jonas-brothers-lanzo-un-nuevo-sencillo-no-time-to-talk\/#primaryimage\",\"url\":\"https:\/\/web.consaguirre.com.ar\/noticias\/wp-content\/uploads\/2025\/06\/Jonas-Brothers-lanzo-un-nuevo-sencillo-No-Time-to-Talk.jpg\",\"contentUrl\":\"https:\/\/web.consaguirre.com.ar\/noticias\/wp-content\/uploads\/2025\/06\/Jonas-Brothers-lanzo-un-nuevo-sencillo-No-Time-to-Talk.jpg\",\"width\":1280,\"height\":1280,\"caption\":\"Jonas Brothers lanz\u00f3 un nuevo sencillo, 'No Time to Talk'\"},{\"@type\":\"BreadcrumbList\",\"@id\":\"https:\/\/web.consaguirre.com.ar\/noticias\/jonas-brothers-lanzo-un-nuevo-sencillo-no-time-to-talk\/#breadcrumb\",\"itemListElement\":[{\"@type\":\"ListItem\",\"position\":1,\"name\":\"Inicio\",\"item\":\"https:\/\/web.consaguirre.com.ar\/noticias\/\"},{\"@type\":\"ListItem\",\"position\":2,\"name\":\"Jonas Brothers lanz\u00f3 un nuevo sencillo, &#8216;No Time to Talk&#8217;\"}]},{\"@type\":\"WebSite\",\"@id\":\"https:\/\/web.consaguirre.com.ar\/noticias\/#website\",\"url\":\"https:\/\/web.consaguirre.com.ar\/noticias\/\",\"name\":\"Conservatorio de M\u00fasica Juli\u00e1n Aguirre\",\"description\":\"\",\"publisher\":{\"@id\":\"https:\/\/web.consaguirre.com.ar\/noticias\/#organization\"},\"potentialAction\":[{\"@type\":\"SearchAction\",\"target\":{\"@type\":\"EntryPoint\",\"urlTemplate\":\"https:\/\/web.consaguirre.com.ar\/noticias\/?s={search_term_string}\"},\"query-input\":\"required name=search_term_string\"}],\"inLanguage\":\"es-AR\"},{\"@type\":\"Organization\",\"@id\":\"https:\/\/web.consaguirre.com.ar\/noticias\/#organization\",\"name\":\"Conservatorio de M\u00fasica Juli\u00e1n Aguirre\",\"url\":\"https:\/\/web.consaguirre.com.ar\/noticias\/\",\"logo\":{\"@type\":\"ImageObject\",\"inLanguage\":\"es-AR\",\"@id\":\"https:\/\/web.consaguirre.com.ar\/noticias\/#\/schema\/logo\/image\/\",\"url\":\"https:\/\/web.consaguirre.com.ar\/noticias\/wp-content\/uploads\/2024\/08\/Banner-Aguirre-23.jpg\",\"contentUrl\":\"https:\/\/web.consaguirre.com.ar\/noticias\/wp-content\/uploads\/2024\/08\/Banner-Aguirre-23.jpg\",\"width\":1192,\"height\":600,\"caption\":\"Conservatorio de M\u00fasica Juli\u00e1n Aguirre\"},\"image\":{\"@id\":\"https:\/\/web.consaguirre.com.ar\/noticias\/#\/schema\/logo\/image\/\"}},{\"@type\":\"Person\",\"@id\":\"https:\/\/web.consaguirre.com.ar\/noticias\/#\/schema\/person\/6558b0cfedee7ddc5425602b237d5722\",\"name\":\"Javier Figueroa\",\"image\":{\"@type\":\"ImageObject\",\"inLanguage\":\"es-AR\",\"@id\":\"https:\/\/web.consaguirre.com.ar\/noticias\/#\/schema\/person\/image\/\",\"url\":\"https:\/\/web.consaguirre.com.ar\/noticias\/wp-content\/uploads\/2024\/08\/Consaguirre-scaled.jpg\",\"contentUrl\":\"https:\/\/web.consaguirre.com.ar\/noticias\/wp-content\/uploads\/2024\/08\/Consaguirre-scaled.jpg\",\"caption\":\"Javier Figueroa\"},\"description\":\"Me llamo Javier Figueroa y soy redactor para el sitio oficial del Conservatorio de M\u00fasica Juli\u00e1n Aguirre en Buenos Aires, consaguirre.com. Apasionado por la m\u00fasica y la escritura, me esfuerzo por destacar los talentos y eventos de nuestra prestigiosa instituci\u00f3n. Mi trayectoria se nutre de una profunda admiraci\u00f3n por los artistas, haciendo de cada art\u00edculo una celebraci\u00f3n de la creatividad y la cultura musical.\",\"sameAs\":[\"https:\/\/web.consaguirre.com.ar\/noticias\"]}]}<\/script>\n<!-- \/ Yoast SEO plugin. -->","yoast_head_json":{"title":"Jonas Brothers lanz\u00f3 un nuevo sencillo, 'No Time to Talk'","robots":{"index":"index","follow":"follow","max-snippet":"max-snippet:-1","max-image-preview":"max-image-preview:large","max-video-preview":"max-video-preview:-1"},"canonical":"https:\/\/web.consaguirre.com.ar\/noticias\/jonas-brothers-lanzo-un-nuevo-sencillo-no-time-to-talk\/","og_locale":"es_ES","og_type":"article","og_title":"Jonas Brothers lanz\u00f3 un nuevo sencillo, 'No Time to Talk'","og_description":"Jonas Brothers&#8216;Rollout para Saludos desde su ciudad natal Acabo de recibir una sacudida nost\u00e1lgica. El \u00faltimo sencillo del nuevo \u00e1lbum &#8220;No Time to Talk&#8221;, Out","og_url":"https:\/\/web.consaguirre.com.ar\/noticias\/jonas-brothers-lanzo-un-nuevo-sencillo-no-time-to-talk\/","og_site_name":"Conservatorio de M\u00fasica Juli\u00e1n Aguirre","article_published_time":"2025-06-24T17:38:17+00:00","article_modified_time":"2025-06-24T17:38:19+00:00","og_image":[{"width":1280,"height":1280,"url":"https:\/\/web.consaguirre.com.ar\/noticias\/wp-content\/uploads\/2025\/06\/Jonas-Brothers-lanzo-un-nuevo-sencillo-No-Time-to-Talk.jpg","type":"image\/jpeg"}],"author":"Javier Figueroa","twitter_card":"summary_large_image","twitter_misc":{"Escrito por":"Javier Figueroa","Tiempo de lectura":"2 minutos"},"schema":{"@context":"https:\/\/schema.org","@graph":[{"@type":"Article","@id":"https:\/\/web.consaguirre.com.ar\/noticias\/jonas-brothers-lanzo-un-nuevo-sencillo-no-time-to-talk\/#article","isPartOf":{"@id":"https:\/\/web.consaguirre.com.ar\/noticias\/jonas-brothers-lanzo-un-nuevo-sencillo-no-time-to-talk\/"},"author":{"name":"Javier Figueroa","@id":"https:\/\/web.consaguirre.com.ar\/noticias\/#\/schema\/person\/6558b0cfedee7ddc5425602b237d5722"},"headline":"Jonas Brothers lanz\u00f3 un nuevo sencillo, &#8216;No Time to Talk&#8217;","datePublished":"2025-06-24T17:38:17+00:00","dateModified":"2025-06-24T17:38:19+00:00","mainEntityOfPage":{"@id":"https:\/\/web.consaguirre.com.ar\/noticias\/jonas-brothers-lanzo-un-nuevo-sencillo-no-time-to-talk\/"},"wordCount":413,"publisher":{"@id":"https:\/\/web.consaguirre.com.ar\/noticias\/#organization"},"image":{"@id":"https:\/\/web.consaguirre.com.ar\/noticias\/jonas-brothers-lanzo-un-nuevo-sencillo-no-time-to-talk\/#primaryimage"},"thumbnailUrl":"https:\/\/web.consaguirre.com.ar\/noticias\/wp-content\/uploads\/2025\/06\/Jonas-Brothers-lanzo-un-nuevo-sencillo-No-Time-to-Talk.jpg","keywords":["Brothers","Jonas","lanz\u00f3","nuevo","sencillo","Talk","Time"],"articleSection":["El \u00faltimo"],"inLanguage":"es-AR"},{"@type":"WebPage","@id":"https:\/\/web.consaguirre.com.ar\/noticias\/jonas-brothers-lanzo-un-nuevo-sencillo-no-time-to-talk\/","url":"https:\/\/web.consaguirre.com.ar\/noticias\/jonas-brothers-lanzo-un-nuevo-sencillo-no-time-to-talk\/","name":"Jonas Brothers lanz\u00f3 un nuevo sencillo, 'No Time to Talk'","isPartOf":{"@id":"https:\/\/web.consaguirre.com.ar\/noticias\/#website"},"primaryImageOfPage":{"@id":"https:\/\/web.consaguirre.com.ar\/noticias\/jonas-brothers-lanzo-un-nuevo-sencillo-no-time-to-talk\/#primaryimage"},"image":{"@id":"https:\/\/web.consaguirre.com.ar\/noticias\/jonas-brothers-lanzo-un-nuevo-sencillo-no-time-to-talk\/#primaryimage"},"thumbnailUrl":"https:\/\/web.consaguirre.com.ar\/noticias\/wp-content\/uploads\/2025\/06\/Jonas-Brothers-lanzo-un-nuevo-sencillo-No-Time-to-Talk.jpg","datePublished":"2025-06-24T17:38:17+00:00","dateModified":"2025-06-24T17:38:19+00:00","breadcrumb":{"@id":"https:\/\/web.consaguirre.com.ar\/noticias\/jonas-brothers-lanzo-un-nuevo-sencillo-no-time-to-talk\/#breadcrumb"},"inLanguage":"es-AR","potentialAction":[{"@type":"ReadAction","target":["https:\/\/web.consaguirre.com.ar\/noticias\/jonas-brothers-lanzo-un-nuevo-sencillo-no-time-to-talk\/"]}]},{"@type":"ImageObject","inLanguage":"es-AR","@id":"https:\/\/web.consaguirre.com.ar\/noticias\/jonas-brothers-lanzo-un-nuevo-sencillo-no-time-to-talk\/#primaryimage","url":"https:\/\/web.consaguirre.com.ar\/noticias\/wp-content\/uploads\/2025\/06\/Jonas-Brothers-lanzo-un-nuevo-sencillo-No-Time-to-Talk.jpg","contentUrl":"https:\/\/web.consaguirre.com.ar\/noticias\/wp-content\/uploads\/2025\/06\/Jonas-Brothers-lanzo-un-nuevo-sencillo-No-Time-to-Talk.jpg","width":1280,"height":1280,"caption":"Jonas Brothers lanz\u00f3 un nuevo sencillo, 'No Time to Talk'"},{"@type":"BreadcrumbList","@id":"https:\/\/web.consaguirre.com.ar\/noticias\/jonas-brothers-lanzo-un-nuevo-sencillo-no-time-to-talk\/#breadcrumb","itemListElement":[{"@type":"ListItem","position":1,"name":"Inicio","item":"https:\/\/web.consaguirre.com.ar\/noticias\/"},{"@type":"ListItem","position":2,"name":"Jonas Brothers lanz\u00f3 un nuevo sencillo, &#8216;No Time to Talk&#8217;"}]},{"@type":"WebSite","@id":"https:\/\/web.consaguirre.com.ar\/noticias\/#website","url":"https:\/\/web.consaguirre.com.ar\/noticias\/","name":"Conservatorio de M\u00fasica Juli\u00e1n Aguirre","description":"","publisher":{"@id":"https:\/\/web.consaguirre.com.ar\/noticias\/#organization"},"potentialAction":[{"@type":"SearchAction","target":{"@type":"EntryPoint","urlTemplate":"https:\/\/web.consaguirre.com.ar\/noticias\/?s={search_term_string}"},"query-input":"required name=search_term_string"}],"inLanguage":"es-AR"},{"@type":"Organization","@id":"https:\/\/web.consaguirre.com.ar\/noticias\/#organization","name":"Conservatorio de M\u00fasica Juli\u00e1n Aguirre","url":"https:\/\/web.consaguirre.com.ar\/noticias\/","logo":{"@type":"ImageObject","inLanguage":"es-AR","@id":"https:\/\/web.consaguirre.com.ar\/noticias\/#\/schema\/logo\/image\/","url":"https:\/\/web.consaguirre.com.ar\/noticias\/wp-content\/uploads\/2024\/08\/Banner-Aguirre-23.jpg","contentUrl":"https:\/\/web.consaguirre.com.ar\/noticias\/wp-content\/uploads\/2024\/08\/Banner-Aguirre-23.jpg","width":1192,"height":600,"caption":"Conservatorio de M\u00fasica Juli\u00e1n Aguirre"},"image":{"@id":"https:\/\/web.consaguirre.com.ar\/noticias\/#\/schema\/logo\/image\/"}},{"@type":"Person","@id":"https:\/\/web.consaguirre.com.ar\/noticias\/#\/schema\/person\/6558b0cfedee7ddc5425602b237d5722","name":"Javier Figueroa","image":{"@type":"ImageObject","inLanguage":"es-AR","@id":"https:\/\/web.consaguirre.com.ar\/noticias\/#\/schema\/person\/image\/","url":"https:\/\/web.consaguirre.com.ar\/noticias\/wp-content\/uploads\/2024\/08\/Consaguirre-scaled.jpg","contentUrl":"https:\/\/web.consaguirre.com.ar\/noticias\/wp-content\/uploads\/2024\/08\/Consaguirre-scaled.jpg","caption":"Javier Figueroa"},"description":"Me llamo Javier Figueroa y soy redactor para el sitio oficial del Conservatorio de M\u00fasica Juli\u00e1n Aguirre en Buenos Aires, consaguirre.com. Apasionado por la m\u00fasica y la escritura, me esfuerzo por destacar los talentos y eventos de nuestra prestigiosa instituci\u00f3n. Mi trayectoria se nutre de una profunda admiraci\u00f3n por los artistas, haciendo de cada art\u00edculo una celebraci\u00f3n de la creatividad y la cultura musical.","sameAs":["https:\/\/web.consaguirre.com.ar\/noticias"]}]}},"_links":{"self":[{"href":"https:\/\/web.consaguirre.com.ar\/noticias\/wp-json\/wp\/v2\/posts\/2987"}],"collection":[{"href":"https:\/\/web.consaguirre.com.ar\/noticias\/wp-json\/wp\/v2\/posts"}],"about":[{"href":"https:\/\/web.consaguirre.com.ar\/noticias\/wp-json\/wp\/v2\/types\/post"}],"author":[{"embeddable":true,"href":"https:\/\/web.consaguirre.com.ar\/noticias\/wp-json\/wp\/v2\/users\/1"}],"replies":[{"embeddable":true,"href":"https:\/\/web.consaguirre.com.ar\/noticias\/wp-json\/wp\/v2\/comments?post=2987"}],"version-history":[{"count":1,"href":"https:\/\/web.consaguirre.com.ar\/noticias\/wp-json\/wp\/v2\/posts\/2987\/revisions"}],"predecessor-version":[{"id":2989,"href":"https:\/\/web.consaguirre.com.ar\/noticias\/wp-json\/wp\/v2\/posts\/2987\/revisions\/2989"}],"wp:featuredmedia":[{"embeddable":true,"href":"https:\/\/web.consaguirre.com.ar\/noticias\/wp-json\/wp\/v2\/media\/2988"}],"wp:attachment":[{"href":"https:\/\/web.consaguirre.com.ar\/noticias\/wp-json\/wp\/v2\/media?parent=2987"}],"wp:term":[{"taxonomy":"category","embeddable":true,"href":"https:\/\/web.consaguirre.com.ar\/noticias\/wp-json\/wp\/v2\/categories?post=2987"},{"taxonomy":"post_tag","embeddable":true,"href":"https:\/\/web.consaguirre.com.ar\/noticias\/wp-json\/wp\/v2\/tags?post=2987"}],"curies":[{"name":"wp","href":"https:\/\/api.w.org\/{rel}","templated":true}]}}