{"id":2972,"date":"2025-06-23T14:40:48","date_gmt":"2025-06-23T17:40:48","guid":{"rendered":"https:\/\/web.consaguirre.com.ar\/noticias\/the-soothsayer-de-wayne-shorter-se-une-a-blue-note-classic-vinyl-series\/"},"modified":"2025-06-23T14:40:50","modified_gmt":"2025-06-23T17:40:50","slug":"the-soothsayer-de-wayne-shorter-se-une-a-blue-note-classic-vinyl-series","status":"publish","type":"post","link":"https:\/\/web.consaguirre.com.ar\/noticias\/the-soothsayer-de-wayne-shorter-se-une-a-blue-note-classic-vinyl-series\/","title":{"rendered":"&#8216;The Soothsayer&#8217; de Wayne Shorter se une a Blue Note Classic Vinyl Series"},"content":{"rendered":"<p>Blue Note Records ha establecido sus selecciones cl\u00e1sicas de la serie de vinilo para agosto de 2025, y uno de ellos ser\u00e1 <strong>Wayne m\u00e1s corto<\/strong>&#8216;s <em>El adivino<\/em>. Lanzado originalmente en 1965, <em>El adivino<\/em> ve al saxofonista liderar su sexteto en seis pistas. Nota azul <em>El adivino<\/em> El lanzamiento de vinilo est\u00e1 programado para el 15 de agosto.<\/p>\n<p>A principios y mediados de la d\u00e9cada de 1960, m\u00e1s corto fue especialmente prol\u00edfico. Solo en 1964, el saxofonista lanzado <strong><em>So\u00f1ador nocturno<\/em><\/strong>, <strong><em>Juju<\/em><\/strong>y <em>No hablar mal<\/em>el \u00faltimo de los cuales a menudo se considera su obra maestra. Aun as\u00ed, regres\u00f3 al estudio solo dos meses despu\u00e9s para comenzar a establecer lo que se volver\u00eda <em>El adivino<\/em>. &#8220;Si no est\u00e1s en el camino, te preparas para grabar para mantenerte a ti mismo, ya sea que est\u00e9s soltero o casado&#8221;, record\u00f3 m\u00e1s corto de esta era productiva en <strong>una entrevista con <em>Jazz semanalmente<\/em><\/strong>  a\u00f1os despu\u00e9s. &#8220;Pero de ah\u00ed fue de donde proven\u00edan los ingresos. Fue, como lo hiciste todo en un solo movimiento. Llegaste a casa de la carretera y pensaste en grabar y luego lo har\u00edas. Te grabar\u00edas para poder pararte sobre tus propios pies en ese momento&#8221;.<\/p>\n<div class=\"uD-YT-container\"><img decoding=\"async\" src=\"https:\/\/web.consaguirre.com.ar\/noticias\/wp-content\/uploads\/2025\/06\/1750700448_529_The-Soothsayer-de-Wayne-Shorter-se-une-a-Blue-Note.jpg\" alt=\"Video de YouTube\"><br \/>Haga clic para cargar video<\/div>\n<p><em>El adivino<\/em> Cuenta con un saxof\u00f3n tenor principal m\u00e1s corto, con el apoyo de Freddie Hubbard en la trompeta, James Spaulding en el saxof\u00f3n alto, McCoy Tyner en Piano, Ron Carter en el bajo y Tony Williams en la bater\u00eda. De las seis pistas del \u00e1lbum, cinco son composiciones m\u00e1s cortas, mientras que la canci\u00f3n final, &#8220;Valse Triste&#8221;, es la disposici\u00f3n de Shorter del original del compositor finland\u00e9s Jean Sibelius.<\/p>\n<p>En el transcurso de su carrera, Shorter gan\u00f3 11 premios Grammy y fue nominado por 11 m\u00e1s. En 1996, el Festival de Jazz de Montreal otorg\u00f3 el Premio Miles Davis por logro de Lifetime, y recibi\u00f3 un premio Grammy no competitivo por logro de por vida en 2014. M\u00e1s corto se mantuvo activo hasta el final de su vida en 2023, colaborando con uno de los grandes musicianos de jazz de la pr\u00f3xima generaci\u00f3n, Esperanza Spaulding, en su disco final.<\/p>\n<p><strong>Ordene Wayne Shorter&#8217;s <em>El adivino<\/em> en vinilo ahora.<\/strong><\/p>\n","protected":false},"excerpt":{"rendered":"<p>Blue Note Records ha establecido sus selecciones cl\u00e1sicas de la serie de vinilo para agosto de 2025, y uno de ellos ser\u00e1 Wayne m\u00e1s corto&#8216;s<\/p>\n","protected":false},"author":1,"featured_media":2973,"comment_status":"closed","ping_status":"","sticky":false,"template":"","format":"standard","meta":{"footnotes":""},"categories":[50],"tags":[498,2436,1238,1346,2741,2740,455,1997,1557],"class_list":["post-2972","post","type-post","status-publish","format-standard","has-post-thumbnail","hentry","category-el-ultimo","tag-blue","tag-classic","tag-note","tag-series","tag-shorter","tag-soothsayer","tag-une","tag-vinyl","tag-wayne","generate-columns","tablet-grid-50","mobile-grid-100","grid-parent","grid-50"],"yoast_head":"<!-- This site is optimized with the Yoast SEO plugin v23.3 - https:\/\/yoast.com\/wordpress\/plugins\/seo\/ -->\n<title>&#039;The Soothsayer&#039; de Wayne Shorter se une a Blue Note Classic Vinyl Series<\/title>\n<meta name=\"robots\" content=\"index, follow, max-snippet:-1, max-image-preview:large, max-video-preview:-1\" \/>\n<link rel=\"canonical\" href=\"https:\/\/web.consaguirre.com.ar\/noticias\/the-soothsayer-de-wayne-shorter-se-une-a-blue-note-classic-vinyl-series\/\" \/>\n<meta property=\"og:locale\" content=\"es_ES\" \/>\n<meta property=\"og:type\" content=\"article\" \/>\n<meta property=\"og:title\" content=\"&#039;The Soothsayer&#039; de Wayne Shorter se une a Blue Note Classic Vinyl Series\" \/>\n<meta property=\"og:description\" content=\"Blue Note Records ha establecido sus selecciones cl\u00e1sicas de la serie de vinilo para agosto de 2025, y uno de ellos ser\u00e1 Wayne m\u00e1s corto&#8216;s\" \/>\n<meta property=\"og:url\" content=\"https:\/\/web.consaguirre.com.ar\/noticias\/the-soothsayer-de-wayne-shorter-se-une-a-blue-note-classic-vinyl-series\/\" \/>\n<meta property=\"og:site_name\" content=\"Conservatorio de M\u00fasica Juli\u00e1n Aguirre\" \/>\n<meta property=\"article:published_time\" content=\"2025-06-23T17:40:48+00:00\" \/>\n<meta property=\"article:modified_time\" content=\"2025-06-23T17:40:50+00:00\" \/>\n<meta property=\"og:image\" content=\"https:\/\/web.consaguirre.com.ar\/noticias\/wp-content\/uploads\/2025\/06\/The-Soothsayer-de-Wayne-Shorter-se-une-a-Blue-Note.jpg\" \/>\n\t<meta property=\"og:image:width\" content=\"1280\" \/>\n\t<meta property=\"og:image:height\" content=\"1280\" \/>\n\t<meta property=\"og:image:type\" content=\"image\/jpeg\" \/>\n<meta name=\"author\" content=\"Javier Figueroa\" \/>\n<meta name=\"twitter:card\" content=\"summary_large_image\" \/>\n<meta name=\"twitter:label1\" content=\"Escrito por\" \/>\n\t<meta name=\"twitter:data1\" content=\"Javier Figueroa\" \/>\n\t<meta name=\"twitter:label2\" content=\"Tiempo de lectura\" \/>\n\t<meta name=\"twitter:data2\" content=\"2 minutos\" \/>\n<script type=\"application\/ld+json\" class=\"yoast-schema-graph\">{\"@context\":\"https:\/\/schema.org\",\"@graph\":[{\"@type\":\"Article\",\"@id\":\"https:\/\/web.consaguirre.com.ar\/noticias\/the-soothsayer-de-wayne-shorter-se-une-a-blue-note-classic-vinyl-series\/#article\",\"isPartOf\":{\"@id\":\"https:\/\/web.consaguirre.com.ar\/noticias\/the-soothsayer-de-wayne-shorter-se-une-a-blue-note-classic-vinyl-series\/\"},\"author\":{\"name\":\"Javier Figueroa\",\"@id\":\"https:\/\/web.consaguirre.com.ar\/noticias\/#\/schema\/person\/6558b0cfedee7ddc5425602b237d5722\"},\"headline\":\"&#8216;The Soothsayer&#8217; de Wayne Shorter se une a Blue Note Classic Vinyl Series\",\"datePublished\":\"2025-06-23T17:40:48+00:00\",\"dateModified\":\"2025-06-23T17:40:50+00:00\",\"mainEntityOfPage\":{\"@id\":\"https:\/\/web.consaguirre.com.ar\/noticias\/the-soothsayer-de-wayne-shorter-se-une-a-blue-note-classic-vinyl-series\/\"},\"wordCount\":391,\"publisher\":{\"@id\":\"https:\/\/web.consaguirre.com.ar\/noticias\/#organization\"},\"image\":{\"@id\":\"https:\/\/web.consaguirre.com.ar\/noticias\/the-soothsayer-de-wayne-shorter-se-une-a-blue-note-classic-vinyl-series\/#primaryimage\"},\"thumbnailUrl\":\"https:\/\/web.consaguirre.com.ar\/noticias\/wp-content\/uploads\/2025\/06\/The-Soothsayer-de-Wayne-Shorter-se-une-a-Blue-Note.jpg\",\"keywords\":[\"Blue\",\"Classic\",\"Note\",\"series\",\"Shorter\",\"Soothsayer\",\"une\",\"Vinyl\",\"Wayne\"],\"articleSection\":[\"El \u00faltimo\"],\"inLanguage\":\"es-AR\"},{\"@type\":\"WebPage\",\"@id\":\"https:\/\/web.consaguirre.com.ar\/noticias\/the-soothsayer-de-wayne-shorter-se-une-a-blue-note-classic-vinyl-series\/\",\"url\":\"https:\/\/web.consaguirre.com.ar\/noticias\/the-soothsayer-de-wayne-shorter-se-une-a-blue-note-classic-vinyl-series\/\",\"name\":\"'The Soothsayer' de Wayne Shorter se une a Blue Note Classic Vinyl Series\",\"isPartOf\":{\"@id\":\"https:\/\/web.consaguirre.com.ar\/noticias\/#website\"},\"primaryImageOfPage\":{\"@id\":\"https:\/\/web.consaguirre.com.ar\/noticias\/the-soothsayer-de-wayne-shorter-se-une-a-blue-note-classic-vinyl-series\/#primaryimage\"},\"image\":{\"@id\":\"https:\/\/web.consaguirre.com.ar\/noticias\/the-soothsayer-de-wayne-shorter-se-une-a-blue-note-classic-vinyl-series\/#primaryimage\"},\"thumbnailUrl\":\"https:\/\/web.consaguirre.com.ar\/noticias\/wp-content\/uploads\/2025\/06\/The-Soothsayer-de-Wayne-Shorter-se-une-a-Blue-Note.jpg\",\"datePublished\":\"2025-06-23T17:40:48+00:00\",\"dateModified\":\"2025-06-23T17:40:50+00:00\",\"breadcrumb\":{\"@id\":\"https:\/\/web.consaguirre.com.ar\/noticias\/the-soothsayer-de-wayne-shorter-se-une-a-blue-note-classic-vinyl-series\/#breadcrumb\"},\"inLanguage\":\"es-AR\",\"potentialAction\":[{\"@type\":\"ReadAction\",\"target\":[\"https:\/\/web.consaguirre.com.ar\/noticias\/the-soothsayer-de-wayne-shorter-se-une-a-blue-note-classic-vinyl-series\/\"]}]},{\"@type\":\"ImageObject\",\"inLanguage\":\"es-AR\",\"@id\":\"https:\/\/web.consaguirre.com.ar\/noticias\/the-soothsayer-de-wayne-shorter-se-une-a-blue-note-classic-vinyl-series\/#primaryimage\",\"url\":\"https:\/\/web.consaguirre.com.ar\/noticias\/wp-content\/uploads\/2025\/06\/The-Soothsayer-de-Wayne-Shorter-se-une-a-Blue-Note.jpg\",\"contentUrl\":\"https:\/\/web.consaguirre.com.ar\/noticias\/wp-content\/uploads\/2025\/06\/The-Soothsayer-de-Wayne-Shorter-se-une-a-Blue-Note.jpg\",\"width\":1280,\"height\":1280,\"caption\":\"'The Soothsayer' de Wayne Shorter se une a Blue Note Classic Vinyl Series\"},{\"@type\":\"BreadcrumbList\",\"@id\":\"https:\/\/web.consaguirre.com.ar\/noticias\/the-soothsayer-de-wayne-shorter-se-une-a-blue-note-classic-vinyl-series\/#breadcrumb\",\"itemListElement\":[{\"@type\":\"ListItem\",\"position\":1,\"name\":\"Inicio\",\"item\":\"https:\/\/web.consaguirre.com.ar\/noticias\/\"},{\"@type\":\"ListItem\",\"position\":2,\"name\":\"&#8216;The Soothsayer&#8217; de Wayne Shorter se une a Blue Note Classic Vinyl Series\"}]},{\"@type\":\"WebSite\",\"@id\":\"https:\/\/web.consaguirre.com.ar\/noticias\/#website\",\"url\":\"https:\/\/web.consaguirre.com.ar\/noticias\/\",\"name\":\"Conservatorio de M\u00fasica Juli\u00e1n Aguirre\",\"description\":\"\",\"publisher\":{\"@id\":\"https:\/\/web.consaguirre.com.ar\/noticias\/#organization\"},\"potentialAction\":[{\"@type\":\"SearchAction\",\"target\":{\"@type\":\"EntryPoint\",\"urlTemplate\":\"https:\/\/web.consaguirre.com.ar\/noticias\/?s={search_term_string}\"},\"query-input\":\"required name=search_term_string\"}],\"inLanguage\":\"es-AR\"},{\"@type\":\"Organization\",\"@id\":\"https:\/\/web.consaguirre.com.ar\/noticias\/#organization\",\"name\":\"Conservatorio de M\u00fasica Juli\u00e1n Aguirre\",\"url\":\"https:\/\/web.consaguirre.com.ar\/noticias\/\",\"logo\":{\"@type\":\"ImageObject\",\"inLanguage\":\"es-AR\",\"@id\":\"https:\/\/web.consaguirre.com.ar\/noticias\/#\/schema\/logo\/image\/\",\"url\":\"https:\/\/web.consaguirre.com.ar\/noticias\/wp-content\/uploads\/2024\/08\/Banner-Aguirre-23.jpg\",\"contentUrl\":\"https:\/\/web.consaguirre.com.ar\/noticias\/wp-content\/uploads\/2024\/08\/Banner-Aguirre-23.jpg\",\"width\":1192,\"height\":600,\"caption\":\"Conservatorio de M\u00fasica Juli\u00e1n Aguirre\"},\"image\":{\"@id\":\"https:\/\/web.consaguirre.com.ar\/noticias\/#\/schema\/logo\/image\/\"}},{\"@type\":\"Person\",\"@id\":\"https:\/\/web.consaguirre.com.ar\/noticias\/#\/schema\/person\/6558b0cfedee7ddc5425602b237d5722\",\"name\":\"Javier Figueroa\",\"image\":{\"@type\":\"ImageObject\",\"inLanguage\":\"es-AR\",\"@id\":\"https:\/\/web.consaguirre.com.ar\/noticias\/#\/schema\/person\/image\/\",\"url\":\"https:\/\/web.consaguirre.com.ar\/noticias\/wp-content\/uploads\/2024\/08\/Consaguirre-scaled.jpg\",\"contentUrl\":\"https:\/\/web.consaguirre.com.ar\/noticias\/wp-content\/uploads\/2024\/08\/Consaguirre-scaled.jpg\",\"caption\":\"Javier Figueroa\"},\"description\":\"Me llamo Javier Figueroa y soy redactor para el sitio oficial del Conservatorio de M\u00fasica Juli\u00e1n Aguirre en Buenos Aires, consaguirre.com. Apasionado por la m\u00fasica y la escritura, me esfuerzo por destacar los talentos y eventos de nuestra prestigiosa instituci\u00f3n. Mi trayectoria se nutre de una profunda admiraci\u00f3n por los artistas, haciendo de cada art\u00edculo una celebraci\u00f3n de la creatividad y la cultura musical.\",\"sameAs\":[\"https:\/\/web.consaguirre.com.ar\/noticias\"]}]}<\/script>\n<!-- \/ Yoast SEO plugin. -->","yoast_head_json":{"title":"'The Soothsayer' de Wayne Shorter se une a Blue Note Classic Vinyl Series","robots":{"index":"index","follow":"follow","max-snippet":"max-snippet:-1","max-image-preview":"max-image-preview:large","max-video-preview":"max-video-preview:-1"},"canonical":"https:\/\/web.consaguirre.com.ar\/noticias\/the-soothsayer-de-wayne-shorter-se-une-a-blue-note-classic-vinyl-series\/","og_locale":"es_ES","og_type":"article","og_title":"'The Soothsayer' de Wayne Shorter se une a Blue Note Classic Vinyl Series","og_description":"Blue Note Records ha establecido sus selecciones cl\u00e1sicas de la serie de vinilo para agosto de 2025, y uno de ellos ser\u00e1 Wayne m\u00e1s corto&#8216;s","og_url":"https:\/\/web.consaguirre.com.ar\/noticias\/the-soothsayer-de-wayne-shorter-se-une-a-blue-note-classic-vinyl-series\/","og_site_name":"Conservatorio de M\u00fasica Juli\u00e1n Aguirre","article_published_time":"2025-06-23T17:40:48+00:00","article_modified_time":"2025-06-23T17:40:50+00:00","og_image":[{"width":1280,"height":1280,"url":"https:\/\/web.consaguirre.com.ar\/noticias\/wp-content\/uploads\/2025\/06\/The-Soothsayer-de-Wayne-Shorter-se-une-a-Blue-Note.jpg","type":"image\/jpeg"}],"author":"Javier Figueroa","twitter_card":"summary_large_image","twitter_misc":{"Escrito por":"Javier Figueroa","Tiempo de lectura":"2 minutos"},"schema":{"@context":"https:\/\/schema.org","@graph":[{"@type":"Article","@id":"https:\/\/web.consaguirre.com.ar\/noticias\/the-soothsayer-de-wayne-shorter-se-une-a-blue-note-classic-vinyl-series\/#article","isPartOf":{"@id":"https:\/\/web.consaguirre.com.ar\/noticias\/the-soothsayer-de-wayne-shorter-se-une-a-blue-note-classic-vinyl-series\/"},"author":{"name":"Javier Figueroa","@id":"https:\/\/web.consaguirre.com.ar\/noticias\/#\/schema\/person\/6558b0cfedee7ddc5425602b237d5722"},"headline":"&#8216;The Soothsayer&#8217; de Wayne Shorter se une a Blue Note Classic Vinyl Series","datePublished":"2025-06-23T17:40:48+00:00","dateModified":"2025-06-23T17:40:50+00:00","mainEntityOfPage":{"@id":"https:\/\/web.consaguirre.com.ar\/noticias\/the-soothsayer-de-wayne-shorter-se-une-a-blue-note-classic-vinyl-series\/"},"wordCount":391,"publisher":{"@id":"https:\/\/web.consaguirre.com.ar\/noticias\/#organization"},"image":{"@id":"https:\/\/web.consaguirre.com.ar\/noticias\/the-soothsayer-de-wayne-shorter-se-une-a-blue-note-classic-vinyl-series\/#primaryimage"},"thumbnailUrl":"https:\/\/web.consaguirre.com.ar\/noticias\/wp-content\/uploads\/2025\/06\/The-Soothsayer-de-Wayne-Shorter-se-une-a-Blue-Note.jpg","keywords":["Blue","Classic","Note","series","Shorter","Soothsayer","une","Vinyl","Wayne"],"articleSection":["El \u00faltimo"],"inLanguage":"es-AR"},{"@type":"WebPage","@id":"https:\/\/web.consaguirre.com.ar\/noticias\/the-soothsayer-de-wayne-shorter-se-une-a-blue-note-classic-vinyl-series\/","url":"https:\/\/web.consaguirre.com.ar\/noticias\/the-soothsayer-de-wayne-shorter-se-une-a-blue-note-classic-vinyl-series\/","name":"'The Soothsayer' de Wayne Shorter se une a Blue Note Classic Vinyl Series","isPartOf":{"@id":"https:\/\/web.consaguirre.com.ar\/noticias\/#website"},"primaryImageOfPage":{"@id":"https:\/\/web.consaguirre.com.ar\/noticias\/the-soothsayer-de-wayne-shorter-se-une-a-blue-note-classic-vinyl-series\/#primaryimage"},"image":{"@id":"https:\/\/web.consaguirre.com.ar\/noticias\/the-soothsayer-de-wayne-shorter-se-une-a-blue-note-classic-vinyl-series\/#primaryimage"},"thumbnailUrl":"https:\/\/web.consaguirre.com.ar\/noticias\/wp-content\/uploads\/2025\/06\/The-Soothsayer-de-Wayne-Shorter-se-une-a-Blue-Note.jpg","datePublished":"2025-06-23T17:40:48+00:00","dateModified":"2025-06-23T17:40:50+00:00","breadcrumb":{"@id":"https:\/\/web.consaguirre.com.ar\/noticias\/the-soothsayer-de-wayne-shorter-se-une-a-blue-note-classic-vinyl-series\/#breadcrumb"},"inLanguage":"es-AR","potentialAction":[{"@type":"ReadAction","target":["https:\/\/web.consaguirre.com.ar\/noticias\/the-soothsayer-de-wayne-shorter-se-une-a-blue-note-classic-vinyl-series\/"]}]},{"@type":"ImageObject","inLanguage":"es-AR","@id":"https:\/\/web.consaguirre.com.ar\/noticias\/the-soothsayer-de-wayne-shorter-se-une-a-blue-note-classic-vinyl-series\/#primaryimage","url":"https:\/\/web.consaguirre.com.ar\/noticias\/wp-content\/uploads\/2025\/06\/The-Soothsayer-de-Wayne-Shorter-se-une-a-Blue-Note.jpg","contentUrl":"https:\/\/web.consaguirre.com.ar\/noticias\/wp-content\/uploads\/2025\/06\/The-Soothsayer-de-Wayne-Shorter-se-une-a-Blue-Note.jpg","width":1280,"height":1280,"caption":"'The Soothsayer' de Wayne Shorter se une a Blue Note Classic Vinyl Series"},{"@type":"BreadcrumbList","@id":"https:\/\/web.consaguirre.com.ar\/noticias\/the-soothsayer-de-wayne-shorter-se-une-a-blue-note-classic-vinyl-series\/#breadcrumb","itemListElement":[{"@type":"ListItem","position":1,"name":"Inicio","item":"https:\/\/web.consaguirre.com.ar\/noticias\/"},{"@type":"ListItem","position":2,"name":"&#8216;The Soothsayer&#8217; de Wayne Shorter se une a Blue Note Classic Vinyl Series"}]},{"@type":"WebSite","@id":"https:\/\/web.consaguirre.com.ar\/noticias\/#website","url":"https:\/\/web.consaguirre.com.ar\/noticias\/","name":"Conservatorio de M\u00fasica Juli\u00e1n Aguirre","description":"","publisher":{"@id":"https:\/\/web.consaguirre.com.ar\/noticias\/#organization"},"potentialAction":[{"@type":"SearchAction","target":{"@type":"EntryPoint","urlTemplate":"https:\/\/web.consaguirre.com.ar\/noticias\/?s={search_term_string}"},"query-input":"required name=search_term_string"}],"inLanguage":"es-AR"},{"@type":"Organization","@id":"https:\/\/web.consaguirre.com.ar\/noticias\/#organization","name":"Conservatorio de M\u00fasica Juli\u00e1n Aguirre","url":"https:\/\/web.consaguirre.com.ar\/noticias\/","logo":{"@type":"ImageObject","inLanguage":"es-AR","@id":"https:\/\/web.consaguirre.com.ar\/noticias\/#\/schema\/logo\/image\/","url":"https:\/\/web.consaguirre.com.ar\/noticias\/wp-content\/uploads\/2024\/08\/Banner-Aguirre-23.jpg","contentUrl":"https:\/\/web.consaguirre.com.ar\/noticias\/wp-content\/uploads\/2024\/08\/Banner-Aguirre-23.jpg","width":1192,"height":600,"caption":"Conservatorio de M\u00fasica Juli\u00e1n Aguirre"},"image":{"@id":"https:\/\/web.consaguirre.com.ar\/noticias\/#\/schema\/logo\/image\/"}},{"@type":"Person","@id":"https:\/\/web.consaguirre.com.ar\/noticias\/#\/schema\/person\/6558b0cfedee7ddc5425602b237d5722","name":"Javier Figueroa","image":{"@type":"ImageObject","inLanguage":"es-AR","@id":"https:\/\/web.consaguirre.com.ar\/noticias\/#\/schema\/person\/image\/","url":"https:\/\/web.consaguirre.com.ar\/noticias\/wp-content\/uploads\/2024\/08\/Consaguirre-scaled.jpg","contentUrl":"https:\/\/web.consaguirre.com.ar\/noticias\/wp-content\/uploads\/2024\/08\/Consaguirre-scaled.jpg","caption":"Javier Figueroa"},"description":"Me llamo Javier Figueroa y soy redactor para el sitio oficial del Conservatorio de M\u00fasica Juli\u00e1n Aguirre en Buenos Aires, consaguirre.com. Apasionado por la m\u00fasica y la escritura, me esfuerzo por destacar los talentos y eventos de nuestra prestigiosa instituci\u00f3n. Mi trayectoria se nutre de una profunda admiraci\u00f3n por los artistas, haciendo de cada art\u00edculo una celebraci\u00f3n de la creatividad y la cultura musical.","sameAs":["https:\/\/web.consaguirre.com.ar\/noticias"]}]}},"_links":{"self":[{"href":"https:\/\/web.consaguirre.com.ar\/noticias\/wp-json\/wp\/v2\/posts\/2972"}],"collection":[{"href":"https:\/\/web.consaguirre.com.ar\/noticias\/wp-json\/wp\/v2\/posts"}],"about":[{"href":"https:\/\/web.consaguirre.com.ar\/noticias\/wp-json\/wp\/v2\/types\/post"}],"author":[{"embeddable":true,"href":"https:\/\/web.consaguirre.com.ar\/noticias\/wp-json\/wp\/v2\/users\/1"}],"replies":[{"embeddable":true,"href":"https:\/\/web.consaguirre.com.ar\/noticias\/wp-json\/wp\/v2\/comments?post=2972"}],"version-history":[{"count":1,"href":"https:\/\/web.consaguirre.com.ar\/noticias\/wp-json\/wp\/v2\/posts\/2972\/revisions"}],"predecessor-version":[{"id":2974,"href":"https:\/\/web.consaguirre.com.ar\/noticias\/wp-json\/wp\/v2\/posts\/2972\/revisions\/2974"}],"wp:featuredmedia":[{"embeddable":true,"href":"https:\/\/web.consaguirre.com.ar\/noticias\/wp-json\/wp\/v2\/media\/2973"}],"wp:attachment":[{"href":"https:\/\/web.consaguirre.com.ar\/noticias\/wp-json\/wp\/v2\/media?parent=2972"}],"wp:term":[{"taxonomy":"category","embeddable":true,"href":"https:\/\/web.consaguirre.com.ar\/noticias\/wp-json\/wp\/v2\/categories?post=2972"},{"taxonomy":"post_tag","embeddable":true,"href":"https:\/\/web.consaguirre.com.ar\/noticias\/wp-json\/wp\/v2\/tags?post=2972"}],"curies":[{"name":"wp","href":"https:\/\/api.w.org\/{rel}","templated":true}]}}