{"id":2936,"date":"2025-06-17T15:38:12","date_gmt":"2025-06-17T18:38:12","guid":{"rendered":"https:\/\/web.consaguirre.com.ar\/noticias\/roger-daltrey-caballero-en-los-honores-de-cumpleanos-del-rey-carlos-iii\/"},"modified":"2025-06-17T15:38:13","modified_gmt":"2025-06-17T18:38:13","slug":"roger-daltrey-caballero-en-los-honores-de-cumpleanos-del-rey-carlos-iii","status":"publish","type":"post","link":"https:\/\/web.consaguirre.com.ar\/noticias\/roger-daltrey-caballero-en-los-honores-de-cumpleanos-del-rey-carlos-iii\/","title":{"rendered":"Roger Daltrey caballero en los honores de cumplea\u00f1os del rey Carlos III"},"content":{"rendered":"<p>Ese ser\u00e1 Sir Roger Daltrey de ahora en adelante. <strong>La OMS<\/strong> El l\u00edder ha sido nombrado caballero por el rey Carlos III como parte de los honores de cumplea\u00f1os del monarca.<\/p>\n<p>Daltrey, de 81 a\u00f1os, fue reconocido por su riqueza de contribuciones musicales, as\u00ed como por su trabajo de caridad, en particular su larga colaboraci\u00f3n con el Teenage Cancer Trust, para quien ha servido como patr\u00f3n desde 2000. Parte de ese trabajo ha incluido ayudar a organizar el recaudador de fondos anual del grupo en el Royal Albert Hall de Londres, que ha recaudado m\u00e1s de \u00a3 36 millones.<\/p>\n<p>&#8220;Con el mayor placer, estamos encantados de anunciar que Sir Roger Daltrey CBE ha sido reconocido con una caballer\u00eda en los honores de cumplea\u00f1os de HM the King&#8221;, escribi\u00f3 en un comunicado publicado en las cuentas de redes sociales de la banda. &#8220;Es muy merecido no solo por su notable contribuci\u00f3n a la m\u00fasica y la cultura brit\u00e1nica durante m\u00e1s de medio siglo, sino por las decenas de millones de libras que su implacable recaudaci\u00f3n de fondos y actuaciones brillantes en vivo han generado para la confianza del c\u00e1ncer de adolescentes, entre otras causas, Sir Roger es una verdadera inspiraci\u00f3n y lo saludamos y todos los otros otros honoros de la m\u00fasica y las artes creativas para las vidas de sus vidas con sus vidas con sus vidas con sus vidas con sus vidas.<\/p>\n<div class=\"uD-YT-container\"><img decoding=\"async\" src=\"https:\/\/web.consaguirre.com.ar\/noticias\/wp-content\/uploads\/2025\/06\/1750185492_460_Roger-Daltrey-caballero-en-los-honores-de-cumpleanos-del-rey.jpg\" alt=\"Video de YouTube\"><br \/>Haga clic para cargar video<\/div>\n<p>Daltrey agreg\u00f3 una declaraci\u00f3n propia. &#8220;Es un honor maravilloso para m\u00ed y especialmente para Teenage Cancer Trust&#8221;, escribi\u00f3 el cantante. &#8220;Acepto este premio no solo por m\u00ed mismo, sino por m\u00ed, sino en nombre de todos los h\u00e9roes no reconocidos que han dado su energ\u00eda para hacer que el c\u00e1ncer de adolescentes conf\u00ede en el \u00e9xito en el que se ha convertido. Los gustos de Who y sus fan\u00e1ticos, Angie Jenkison, Lindsay Hughes, Des Murphy, Rob Ballantine y los Chris York son algunos de los que muchos de los cuales han hecho tanto para elevar la organizaci\u00f3n ben\u00e9fica, hasta el punto de la casa, hasta el punto de la casa, hasta el punto de la actualista.<\/p>\n<p>Otros para ser honrados por el Rey este a\u00f1o incluyen a Gary Oldman, David Beckham, Elaine Paige, Georgia Harrison y otros artistas musicales como Steve Winwood y Graham Gouldman de 10cc.<\/p>\n<p><strong>El qui\u00e9n realizar\u00e1 su gira de despedida por Am\u00e9rica del Norte<\/strong> Este agosto y septiembre, interpretando estadios y arenas con apoyo de actos como Billy Bob Thornton y Boxmasters, Billy Idol, Booker T. Jones, Candlebox, Feist, Joe Bonamassa, Tom Cochrane, ZZ Ward y el Proyecto Joe Perry. Y a fines de la semana pasada, se anunci\u00f3 que el grupo ser\u00eda <strong>Lanzar un nuevo \u00e1lbum en vivo, <em>Vivir en el Oval 1971<\/em><\/strong>. El \u00e1lbum es la primera grabaci\u00f3n oficial de The Who&#8217;s Set en &#8216;Goodbye Summer: A Rock Concert en ayuda de alivio de hambre para la gente de Bangladesh&#8217;, celebrada en el cricket oval de Cricket en Kennington, al sur de Londres, el 18 de septiembre de 1971.<\/p>\n<p><strong>Ordene Who&#8217;s <em>Vivir en el Oval 1971<\/em> ahora.<\/strong><\/p>\n","protected":false},"excerpt":{"rendered":"<p>Ese ser\u00e1 Sir Roger Daltrey de ahora en adelante. La OMS El l\u00edder ha sido nombrado caballero por el rey Carlos III como parte de<\/p>\n","protected":false},"author":1,"featured_media":2937,"comment_status":"closed","ping_status":"","sticky":false,"template":"","format":"standard","meta":{"footnotes":""},"categories":[50],"tags":[2712,2714,914,2711,10,2713,2049,180,1817,1480],"class_list":["post-2936","post","type-post","status-publish","format-standard","has-post-thumbnail","hentry","category-el-ultimo","tag-caballero","tag-carlos","tag-cumpleanos","tag-daltrey","tag-del","tag-honores","tag-iii","tag-los","tag-rey","tag-roger","generate-columns","tablet-grid-50","mobile-grid-100","grid-parent","grid-50"],"yoast_head":"<!-- This site is optimized with the Yoast SEO plugin v23.3 - https:\/\/yoast.com\/wordpress\/plugins\/seo\/ -->\n<title>Roger Daltrey caballero en los honores de cumplea\u00f1os del rey Carlos III<\/title>\n<meta name=\"robots\" content=\"index, follow, max-snippet:-1, max-image-preview:large, max-video-preview:-1\" \/>\n<link rel=\"canonical\" href=\"https:\/\/web.consaguirre.com.ar\/noticias\/roger-daltrey-caballero-en-los-honores-de-cumpleanos-del-rey-carlos-iii\/\" \/>\n<meta property=\"og:locale\" content=\"es_ES\" \/>\n<meta property=\"og:type\" content=\"article\" \/>\n<meta property=\"og:title\" content=\"Roger Daltrey caballero en los honores de cumplea\u00f1os del rey Carlos III\" \/>\n<meta property=\"og:description\" content=\"Ese ser\u00e1 Sir Roger Daltrey de ahora en adelante. La OMS El l\u00edder ha sido nombrado caballero por el rey Carlos III como parte de\" \/>\n<meta property=\"og:url\" content=\"https:\/\/web.consaguirre.com.ar\/noticias\/roger-daltrey-caballero-en-los-honores-de-cumpleanos-del-rey-carlos-iii\/\" \/>\n<meta property=\"og:site_name\" content=\"Conservatorio de M\u00fasica Juli\u00e1n Aguirre\" \/>\n<meta property=\"article:published_time\" content=\"2025-06-17T18:38:12+00:00\" \/>\n<meta property=\"article:modified_time\" content=\"2025-06-17T18:38:13+00:00\" \/>\n<meta property=\"og:image\" content=\"https:\/\/web.consaguirre.com.ar\/noticias\/wp-content\/uploads\/2025\/06\/Roger-Daltrey-caballero-en-los-honores-de-cumpleanos-del-rey.jpg\" \/>\n\t<meta property=\"og:image:width\" content=\"1440\" \/>\n\t<meta property=\"og:image:height\" content=\"864\" \/>\n\t<meta property=\"og:image:type\" content=\"image\/jpeg\" \/>\n<meta name=\"author\" content=\"Javier Figueroa\" \/>\n<meta name=\"twitter:card\" content=\"summary_large_image\" \/>\n<meta name=\"twitter:label1\" content=\"Escrito por\" \/>\n\t<meta name=\"twitter:data1\" content=\"Javier Figueroa\" \/>\n\t<meta name=\"twitter:label2\" content=\"Tiempo de lectura\" \/>\n\t<meta name=\"twitter:data2\" content=\"3 minutos\" \/>\n<script type=\"application\/ld+json\" class=\"yoast-schema-graph\">{\"@context\":\"https:\/\/schema.org\",\"@graph\":[{\"@type\":\"Article\",\"@id\":\"https:\/\/web.consaguirre.com.ar\/noticias\/roger-daltrey-caballero-en-los-honores-de-cumpleanos-del-rey-carlos-iii\/#article\",\"isPartOf\":{\"@id\":\"https:\/\/web.consaguirre.com.ar\/noticias\/roger-daltrey-caballero-en-los-honores-de-cumpleanos-del-rey-carlos-iii\/\"},\"author\":{\"name\":\"Javier Figueroa\",\"@id\":\"https:\/\/web.consaguirre.com.ar\/noticias\/#\/schema\/person\/6558b0cfedee7ddc5425602b237d5722\"},\"headline\":\"Roger Daltrey caballero en los honores de cumplea\u00f1os del rey Carlos III\",\"datePublished\":\"2025-06-17T18:38:12+00:00\",\"dateModified\":\"2025-06-17T18:38:13+00:00\",\"mainEntityOfPage\":{\"@id\":\"https:\/\/web.consaguirre.com.ar\/noticias\/roger-daltrey-caballero-en-los-honores-de-cumpleanos-del-rey-carlos-iii\/\"},\"wordCount\":547,\"publisher\":{\"@id\":\"https:\/\/web.consaguirre.com.ar\/noticias\/#organization\"},\"image\":{\"@id\":\"https:\/\/web.consaguirre.com.ar\/noticias\/roger-daltrey-caballero-en-los-honores-de-cumpleanos-del-rey-carlos-iii\/#primaryimage\"},\"thumbnailUrl\":\"https:\/\/web.consaguirre.com.ar\/noticias\/wp-content\/uploads\/2025\/06\/Roger-Daltrey-caballero-en-los-honores-de-cumpleanos-del-rey.jpg\",\"keywords\":[\"caballero\",\"Carlos\",\"cumplea\u00f1os\",\"Daltrey\",\"del\",\"honores\",\"III\",\"los\",\"Rey\",\"Roger\"],\"articleSection\":[\"El \u00faltimo\"],\"inLanguage\":\"es-AR\"},{\"@type\":\"WebPage\",\"@id\":\"https:\/\/web.consaguirre.com.ar\/noticias\/roger-daltrey-caballero-en-los-honores-de-cumpleanos-del-rey-carlos-iii\/\",\"url\":\"https:\/\/web.consaguirre.com.ar\/noticias\/roger-daltrey-caballero-en-los-honores-de-cumpleanos-del-rey-carlos-iii\/\",\"name\":\"Roger Daltrey caballero en los honores de cumplea\u00f1os del rey Carlos III\",\"isPartOf\":{\"@id\":\"https:\/\/web.consaguirre.com.ar\/noticias\/#website\"},\"primaryImageOfPage\":{\"@id\":\"https:\/\/web.consaguirre.com.ar\/noticias\/roger-daltrey-caballero-en-los-honores-de-cumpleanos-del-rey-carlos-iii\/#primaryimage\"},\"image\":{\"@id\":\"https:\/\/web.consaguirre.com.ar\/noticias\/roger-daltrey-caballero-en-los-honores-de-cumpleanos-del-rey-carlos-iii\/#primaryimage\"},\"thumbnailUrl\":\"https:\/\/web.consaguirre.com.ar\/noticias\/wp-content\/uploads\/2025\/06\/Roger-Daltrey-caballero-en-los-honores-de-cumpleanos-del-rey.jpg\",\"datePublished\":\"2025-06-17T18:38:12+00:00\",\"dateModified\":\"2025-06-17T18:38:13+00:00\",\"breadcrumb\":{\"@id\":\"https:\/\/web.consaguirre.com.ar\/noticias\/roger-daltrey-caballero-en-los-honores-de-cumpleanos-del-rey-carlos-iii\/#breadcrumb\"},\"inLanguage\":\"es-AR\",\"potentialAction\":[{\"@type\":\"ReadAction\",\"target\":[\"https:\/\/web.consaguirre.com.ar\/noticias\/roger-daltrey-caballero-en-los-honores-de-cumpleanos-del-rey-carlos-iii\/\"]}]},{\"@type\":\"ImageObject\",\"inLanguage\":\"es-AR\",\"@id\":\"https:\/\/web.consaguirre.com.ar\/noticias\/roger-daltrey-caballero-en-los-honores-de-cumpleanos-del-rey-carlos-iii\/#primaryimage\",\"url\":\"https:\/\/web.consaguirre.com.ar\/noticias\/wp-content\/uploads\/2025\/06\/Roger-Daltrey-caballero-en-los-honores-de-cumpleanos-del-rey.jpg\",\"contentUrl\":\"https:\/\/web.consaguirre.com.ar\/noticias\/wp-content\/uploads\/2025\/06\/Roger-Daltrey-caballero-en-los-honores-de-cumpleanos-del-rey.jpg\",\"width\":1440,\"height\":864,\"caption\":\"Roger Daltrey caballero en los honores de cumplea\u00f1os del rey Carlos III\"},{\"@type\":\"BreadcrumbList\",\"@id\":\"https:\/\/web.consaguirre.com.ar\/noticias\/roger-daltrey-caballero-en-los-honores-de-cumpleanos-del-rey-carlos-iii\/#breadcrumb\",\"itemListElement\":[{\"@type\":\"ListItem\",\"position\":1,\"name\":\"Inicio\",\"item\":\"https:\/\/web.consaguirre.com.ar\/noticias\/\"},{\"@type\":\"ListItem\",\"position\":2,\"name\":\"Roger Daltrey caballero en los honores de cumplea\u00f1os del rey Carlos III\"}]},{\"@type\":\"WebSite\",\"@id\":\"https:\/\/web.consaguirre.com.ar\/noticias\/#website\",\"url\":\"https:\/\/web.consaguirre.com.ar\/noticias\/\",\"name\":\"Conservatorio de M\u00fasica Juli\u00e1n Aguirre\",\"description\":\"\",\"publisher\":{\"@id\":\"https:\/\/web.consaguirre.com.ar\/noticias\/#organization\"},\"potentialAction\":[{\"@type\":\"SearchAction\",\"target\":{\"@type\":\"EntryPoint\",\"urlTemplate\":\"https:\/\/web.consaguirre.com.ar\/noticias\/?s={search_term_string}\"},\"query-input\":\"required name=search_term_string\"}],\"inLanguage\":\"es-AR\"},{\"@type\":\"Organization\",\"@id\":\"https:\/\/web.consaguirre.com.ar\/noticias\/#organization\",\"name\":\"Conservatorio de M\u00fasica Juli\u00e1n Aguirre\",\"url\":\"https:\/\/web.consaguirre.com.ar\/noticias\/\",\"logo\":{\"@type\":\"ImageObject\",\"inLanguage\":\"es-AR\",\"@id\":\"https:\/\/web.consaguirre.com.ar\/noticias\/#\/schema\/logo\/image\/\",\"url\":\"https:\/\/web.consaguirre.com.ar\/noticias\/wp-content\/uploads\/2024\/08\/Banner-Aguirre-23.jpg\",\"contentUrl\":\"https:\/\/web.consaguirre.com.ar\/noticias\/wp-content\/uploads\/2024\/08\/Banner-Aguirre-23.jpg\",\"width\":1192,\"height\":600,\"caption\":\"Conservatorio de M\u00fasica Juli\u00e1n Aguirre\"},\"image\":{\"@id\":\"https:\/\/web.consaguirre.com.ar\/noticias\/#\/schema\/logo\/image\/\"}},{\"@type\":\"Person\",\"@id\":\"https:\/\/web.consaguirre.com.ar\/noticias\/#\/schema\/person\/6558b0cfedee7ddc5425602b237d5722\",\"name\":\"Javier Figueroa\",\"image\":{\"@type\":\"ImageObject\",\"inLanguage\":\"es-AR\",\"@id\":\"https:\/\/web.consaguirre.com.ar\/noticias\/#\/schema\/person\/image\/\",\"url\":\"https:\/\/web.consaguirre.com.ar\/noticias\/wp-content\/uploads\/2024\/08\/Consaguirre-scaled.jpg\",\"contentUrl\":\"https:\/\/web.consaguirre.com.ar\/noticias\/wp-content\/uploads\/2024\/08\/Consaguirre-scaled.jpg\",\"caption\":\"Javier Figueroa\"},\"description\":\"Me llamo Javier Figueroa y soy redactor para el sitio oficial del Conservatorio de M\u00fasica Juli\u00e1n Aguirre en Buenos Aires, consaguirre.com. Apasionado por la m\u00fasica y la escritura, me esfuerzo por destacar los talentos y eventos de nuestra prestigiosa instituci\u00f3n. Mi trayectoria se nutre de una profunda admiraci\u00f3n por los artistas, haciendo de cada art\u00edculo una celebraci\u00f3n de la creatividad y la cultura musical.\",\"sameAs\":[\"https:\/\/web.consaguirre.com.ar\/noticias\"]}]}<\/script>\n<!-- \/ Yoast SEO plugin. -->","yoast_head_json":{"title":"Roger Daltrey caballero en los honores de cumplea\u00f1os del rey Carlos III","robots":{"index":"index","follow":"follow","max-snippet":"max-snippet:-1","max-image-preview":"max-image-preview:large","max-video-preview":"max-video-preview:-1"},"canonical":"https:\/\/web.consaguirre.com.ar\/noticias\/roger-daltrey-caballero-en-los-honores-de-cumpleanos-del-rey-carlos-iii\/","og_locale":"es_ES","og_type":"article","og_title":"Roger Daltrey caballero en los honores de cumplea\u00f1os del rey Carlos III","og_description":"Ese ser\u00e1 Sir Roger Daltrey de ahora en adelante. La OMS El l\u00edder ha sido nombrado caballero por el rey Carlos III como parte de","og_url":"https:\/\/web.consaguirre.com.ar\/noticias\/roger-daltrey-caballero-en-los-honores-de-cumpleanos-del-rey-carlos-iii\/","og_site_name":"Conservatorio de M\u00fasica Juli\u00e1n Aguirre","article_published_time":"2025-06-17T18:38:12+00:00","article_modified_time":"2025-06-17T18:38:13+00:00","og_image":[{"width":1440,"height":864,"url":"https:\/\/web.consaguirre.com.ar\/noticias\/wp-content\/uploads\/2025\/06\/Roger-Daltrey-caballero-en-los-honores-de-cumpleanos-del-rey.jpg","type":"image\/jpeg"}],"author":"Javier Figueroa","twitter_card":"summary_large_image","twitter_misc":{"Escrito por":"Javier Figueroa","Tiempo de lectura":"3 minutos"},"schema":{"@context":"https:\/\/schema.org","@graph":[{"@type":"Article","@id":"https:\/\/web.consaguirre.com.ar\/noticias\/roger-daltrey-caballero-en-los-honores-de-cumpleanos-del-rey-carlos-iii\/#article","isPartOf":{"@id":"https:\/\/web.consaguirre.com.ar\/noticias\/roger-daltrey-caballero-en-los-honores-de-cumpleanos-del-rey-carlos-iii\/"},"author":{"name":"Javier Figueroa","@id":"https:\/\/web.consaguirre.com.ar\/noticias\/#\/schema\/person\/6558b0cfedee7ddc5425602b237d5722"},"headline":"Roger Daltrey caballero en los honores de cumplea\u00f1os del rey Carlos III","datePublished":"2025-06-17T18:38:12+00:00","dateModified":"2025-06-17T18:38:13+00:00","mainEntityOfPage":{"@id":"https:\/\/web.consaguirre.com.ar\/noticias\/roger-daltrey-caballero-en-los-honores-de-cumpleanos-del-rey-carlos-iii\/"},"wordCount":547,"publisher":{"@id":"https:\/\/web.consaguirre.com.ar\/noticias\/#organization"},"image":{"@id":"https:\/\/web.consaguirre.com.ar\/noticias\/roger-daltrey-caballero-en-los-honores-de-cumpleanos-del-rey-carlos-iii\/#primaryimage"},"thumbnailUrl":"https:\/\/web.consaguirre.com.ar\/noticias\/wp-content\/uploads\/2025\/06\/Roger-Daltrey-caballero-en-los-honores-de-cumpleanos-del-rey.jpg","keywords":["caballero","Carlos","cumplea\u00f1os","Daltrey","del","honores","III","los","Rey","Roger"],"articleSection":["El \u00faltimo"],"inLanguage":"es-AR"},{"@type":"WebPage","@id":"https:\/\/web.consaguirre.com.ar\/noticias\/roger-daltrey-caballero-en-los-honores-de-cumpleanos-del-rey-carlos-iii\/","url":"https:\/\/web.consaguirre.com.ar\/noticias\/roger-daltrey-caballero-en-los-honores-de-cumpleanos-del-rey-carlos-iii\/","name":"Roger Daltrey caballero en los honores de cumplea\u00f1os del rey Carlos III","isPartOf":{"@id":"https:\/\/web.consaguirre.com.ar\/noticias\/#website"},"primaryImageOfPage":{"@id":"https:\/\/web.consaguirre.com.ar\/noticias\/roger-daltrey-caballero-en-los-honores-de-cumpleanos-del-rey-carlos-iii\/#primaryimage"},"image":{"@id":"https:\/\/web.consaguirre.com.ar\/noticias\/roger-daltrey-caballero-en-los-honores-de-cumpleanos-del-rey-carlos-iii\/#primaryimage"},"thumbnailUrl":"https:\/\/web.consaguirre.com.ar\/noticias\/wp-content\/uploads\/2025\/06\/Roger-Daltrey-caballero-en-los-honores-de-cumpleanos-del-rey.jpg","datePublished":"2025-06-17T18:38:12+00:00","dateModified":"2025-06-17T18:38:13+00:00","breadcrumb":{"@id":"https:\/\/web.consaguirre.com.ar\/noticias\/roger-daltrey-caballero-en-los-honores-de-cumpleanos-del-rey-carlos-iii\/#breadcrumb"},"inLanguage":"es-AR","potentialAction":[{"@type":"ReadAction","target":["https:\/\/web.consaguirre.com.ar\/noticias\/roger-daltrey-caballero-en-los-honores-de-cumpleanos-del-rey-carlos-iii\/"]}]},{"@type":"ImageObject","inLanguage":"es-AR","@id":"https:\/\/web.consaguirre.com.ar\/noticias\/roger-daltrey-caballero-en-los-honores-de-cumpleanos-del-rey-carlos-iii\/#primaryimage","url":"https:\/\/web.consaguirre.com.ar\/noticias\/wp-content\/uploads\/2025\/06\/Roger-Daltrey-caballero-en-los-honores-de-cumpleanos-del-rey.jpg","contentUrl":"https:\/\/web.consaguirre.com.ar\/noticias\/wp-content\/uploads\/2025\/06\/Roger-Daltrey-caballero-en-los-honores-de-cumpleanos-del-rey.jpg","width":1440,"height":864,"caption":"Roger Daltrey caballero en los honores de cumplea\u00f1os del rey Carlos III"},{"@type":"BreadcrumbList","@id":"https:\/\/web.consaguirre.com.ar\/noticias\/roger-daltrey-caballero-en-los-honores-de-cumpleanos-del-rey-carlos-iii\/#breadcrumb","itemListElement":[{"@type":"ListItem","position":1,"name":"Inicio","item":"https:\/\/web.consaguirre.com.ar\/noticias\/"},{"@type":"ListItem","position":2,"name":"Roger Daltrey caballero en los honores de cumplea\u00f1os del rey Carlos III"}]},{"@type":"WebSite","@id":"https:\/\/web.consaguirre.com.ar\/noticias\/#website","url":"https:\/\/web.consaguirre.com.ar\/noticias\/","name":"Conservatorio de M\u00fasica Juli\u00e1n Aguirre","description":"","publisher":{"@id":"https:\/\/web.consaguirre.com.ar\/noticias\/#organization"},"potentialAction":[{"@type":"SearchAction","target":{"@type":"EntryPoint","urlTemplate":"https:\/\/web.consaguirre.com.ar\/noticias\/?s={search_term_string}"},"query-input":"required name=search_term_string"}],"inLanguage":"es-AR"},{"@type":"Organization","@id":"https:\/\/web.consaguirre.com.ar\/noticias\/#organization","name":"Conservatorio de M\u00fasica Juli\u00e1n Aguirre","url":"https:\/\/web.consaguirre.com.ar\/noticias\/","logo":{"@type":"ImageObject","inLanguage":"es-AR","@id":"https:\/\/web.consaguirre.com.ar\/noticias\/#\/schema\/logo\/image\/","url":"https:\/\/web.consaguirre.com.ar\/noticias\/wp-content\/uploads\/2024\/08\/Banner-Aguirre-23.jpg","contentUrl":"https:\/\/web.consaguirre.com.ar\/noticias\/wp-content\/uploads\/2024\/08\/Banner-Aguirre-23.jpg","width":1192,"height":600,"caption":"Conservatorio de M\u00fasica Juli\u00e1n Aguirre"},"image":{"@id":"https:\/\/web.consaguirre.com.ar\/noticias\/#\/schema\/logo\/image\/"}},{"@type":"Person","@id":"https:\/\/web.consaguirre.com.ar\/noticias\/#\/schema\/person\/6558b0cfedee7ddc5425602b237d5722","name":"Javier Figueroa","image":{"@type":"ImageObject","inLanguage":"es-AR","@id":"https:\/\/web.consaguirre.com.ar\/noticias\/#\/schema\/person\/image\/","url":"https:\/\/web.consaguirre.com.ar\/noticias\/wp-content\/uploads\/2024\/08\/Consaguirre-scaled.jpg","contentUrl":"https:\/\/web.consaguirre.com.ar\/noticias\/wp-content\/uploads\/2024\/08\/Consaguirre-scaled.jpg","caption":"Javier Figueroa"},"description":"Me llamo Javier Figueroa y soy redactor para el sitio oficial del Conservatorio de M\u00fasica Juli\u00e1n Aguirre en Buenos Aires, consaguirre.com. Apasionado por la m\u00fasica y la escritura, me esfuerzo por destacar los talentos y eventos de nuestra prestigiosa instituci\u00f3n. Mi trayectoria se nutre de una profunda admiraci\u00f3n por los artistas, haciendo de cada art\u00edculo una celebraci\u00f3n de la creatividad y la cultura musical.","sameAs":["https:\/\/web.consaguirre.com.ar\/noticias"]}]}},"_links":{"self":[{"href":"https:\/\/web.consaguirre.com.ar\/noticias\/wp-json\/wp\/v2\/posts\/2936"}],"collection":[{"href":"https:\/\/web.consaguirre.com.ar\/noticias\/wp-json\/wp\/v2\/posts"}],"about":[{"href":"https:\/\/web.consaguirre.com.ar\/noticias\/wp-json\/wp\/v2\/types\/post"}],"author":[{"embeddable":true,"href":"https:\/\/web.consaguirre.com.ar\/noticias\/wp-json\/wp\/v2\/users\/1"}],"replies":[{"embeddable":true,"href":"https:\/\/web.consaguirre.com.ar\/noticias\/wp-json\/wp\/v2\/comments?post=2936"}],"version-history":[{"count":1,"href":"https:\/\/web.consaguirre.com.ar\/noticias\/wp-json\/wp\/v2\/posts\/2936\/revisions"}],"predecessor-version":[{"id":2938,"href":"https:\/\/web.consaguirre.com.ar\/noticias\/wp-json\/wp\/v2\/posts\/2936\/revisions\/2938"}],"wp:featuredmedia":[{"embeddable":true,"href":"https:\/\/web.consaguirre.com.ar\/noticias\/wp-json\/wp\/v2\/media\/2937"}],"wp:attachment":[{"href":"https:\/\/web.consaguirre.com.ar\/noticias\/wp-json\/wp\/v2\/media?parent=2936"}],"wp:term":[{"taxonomy":"category","embeddable":true,"href":"https:\/\/web.consaguirre.com.ar\/noticias\/wp-json\/wp\/v2\/categories?post=2936"},{"taxonomy":"post_tag","embeddable":true,"href":"https:\/\/web.consaguirre.com.ar\/noticias\/wp-json\/wp\/v2\/tags?post=2936"}],"curies":[{"name":"wp","href":"https:\/\/api.w.org\/{rel}","templated":true}]}}