{"id":2930,"date":"2025-06-17T03:39:08","date_gmt":"2025-06-17T06:39:08","guid":{"rendered":"https:\/\/web.consaguirre.com.ar\/noticias\/kool-y-la-pandilla-get-down-on-it-obtiene-remix\/"},"modified":"2025-06-17T03:39:10","modified_gmt":"2025-06-17T06:39:10","slug":"kool-y-la-pandilla-get-down-on-it-obtiene-remix","status":"publish","type":"post","link":"https:\/\/web.consaguirre.com.ar\/noticias\/kool-y-la-pandilla-get-down-on-it-obtiene-remix\/","title":{"rendered":"Kool y la pandilla &#8216;Get Down On It&#8217; obtiene remix"},"content":{"rendered":"<p>El 8 de octubre de 2025, <strong>Kool y la pandilla<\/strong> El cofundador y hom\u00f3nimo Robert Earl &#8220;Kool&#8221; Bell celebrar\u00e1 su 75\u00aa vuelta alrededor del sol. Para celebrar esta ocasi\u00f3n, el DJ y el productor australiano Young Franco ha compartido un remix del cl\u00e1sico de Kool &#038; The Gang &#8220;<strong>Ponerlo en<\/strong>. &#8220;<\/p>\n<p>&#8220;Get Down on It&#8221; apareci\u00f3 originalmente en el \u00e1lbum de 1981 del grupo <em>Algo especial<\/em>. El sencillo fue un \u00e9xito en los Estados Unidos, llegando al top 10 de Billboard Hot 100. &#8220;Get On It&#8221; se convirti\u00f3 en un \u00e9xito masivo en el Reino Unido, alcanzando su punto m\u00e1ximo en el n\u00famero 3.<\/p>\n<p>En 2015, el hermano de Bell y el cofundador de Kool, Ronald, le dijeron a Rolling Stone c\u00f3mo &#8220;Get Down on It&#8221; se inspir\u00f3 en <strong>Bob Marley<\/strong>. &#8220;Un amigo m\u00edo vino a m\u00ed y me dijo: &#8216;Oye, \u00bfte gusta la m\u00fasica reggae?&#8217; Le dije: &#8216;S\u00ed, me gusta el reggae, pero no lo escucho mucho&#8217;. \u00c9l dijo: &#8216;Necesitas escuchar a Bob Marley&#8217; &#8220;, record\u00f3 Bell. &#8220;Ten\u00eda esta canci\u00f3n, sab\u00eda que ten\u00eda algo, as\u00ed que lo jugu\u00e9 en el ensayo un d\u00eda y comenc\u00e9 a tocar (canta la melod\u00eda del reggae) y JT dijo: &#8216;\u00a1Oye! \u00bfQu\u00e9 est\u00e1 jugando?&#8217; Comenz\u00f3 a cantar en la cima, y \u200b\u200bdesde all\u00ed escribimos &#8216;Get Down on It it \u2019&#8221;.<\/p>\n<div class=\"uD-YT-container\"><img decoding=\"async\" src=\"https:\/\/web.consaguirre.com.ar\/noticias\/wp-content\/uploads\/2025\/06\/1750142348_915_Kool-y-la-pandilla-Get-Down-On-It-obtiene-remix.jpg\" alt=\"Video de YouTube\"><br \/>Haga clic para cargar video<\/div>\n<p>Kool &#038; the Gang est\u00e1n de gira actualmente en medio de una gira global, que los ve atacar en Europa, Estados Unidos y Canad\u00e1. Ronald Bell, nacido Khalis Bayyan, falleci\u00f3 en septiembre de 2020.<\/p>\n<p>A principios de este a\u00f1o, Young Franco lanz\u00f3 su \u00e1lbum de estudio debut, <em>Es Franky Baby<\/em>. El \u00e1lbum de 10 pistas es una compilaci\u00f3n de m\u00fasica disco, rap, punk y dance. El \u00e1lbum incluye colaboraciones con Pell (&#8220;Juice&#8221;), Master Peace (&#8220;Wake Up&#8221;), Muroki (&#8220;Sunrise&#8221;) y m\u00e1s. El DJ ha descrito el \u00e1lbum como &#8220;un reflejo de todo y todos los que me han moldeado: mis influencias, mis amigos y los artistas con los que he tenido la suerte de colaborar. Combina los sonidos y las voces que me inspiran, capturando la energ\u00eda de las personas que amo y el viaje creativo que hemos compartido. Es una mezcla de los muchos genres que me atraen, fusionando en una gran sart\u00e9n&#8221;.<\/p><\/p>\n","protected":false},"excerpt":{"rendered":"<p>El 8 de octubre de 2025, Kool y la pandilla El cofundador y hom\u00f3nimo Robert Earl &#8220;Kool&#8221; Bell celebrar\u00e1 su 75\u00aa vuelta alrededor del sol.<\/p>\n","protected":false},"author":1,"featured_media":2931,"comment_status":"closed","ping_status":"","sticky":false,"template":"","format":"standard","meta":{"footnotes":""},"categories":[50],"tags":[2708,800,2709,1217],"class_list":["post-2930","post","type-post","status-publish","format-standard","has-post-thumbnail","hentry","category-el-ultimo","tag-kool","tag-obtiene","tag-pandilla","tag-remix","generate-columns","tablet-grid-50","mobile-grid-100","grid-parent","grid-50"],"yoast_head":"<!-- This site is optimized with the Yoast SEO plugin v23.3 - https:\/\/yoast.com\/wordpress\/plugins\/seo\/ -->\n<title>Kool y la pandilla &#039;Get Down On It&#039; obtiene remix<\/title>\n<meta name=\"robots\" content=\"index, follow, max-snippet:-1, max-image-preview:large, max-video-preview:-1\" \/>\n<link rel=\"canonical\" href=\"https:\/\/web.consaguirre.com.ar\/noticias\/kool-y-la-pandilla-get-down-on-it-obtiene-remix\/\" \/>\n<meta property=\"og:locale\" content=\"es_ES\" \/>\n<meta property=\"og:type\" content=\"article\" \/>\n<meta property=\"og:title\" content=\"Kool y la pandilla &#039;Get Down On It&#039; obtiene remix\" \/>\n<meta property=\"og:description\" content=\"El 8 de octubre de 2025, Kool y la pandilla El cofundador y hom\u00f3nimo Robert Earl &#8220;Kool&#8221; Bell celebrar\u00e1 su 75\u00aa vuelta alrededor del sol.\" \/>\n<meta property=\"og:url\" content=\"https:\/\/web.consaguirre.com.ar\/noticias\/kool-y-la-pandilla-get-down-on-it-obtiene-remix\/\" \/>\n<meta property=\"og:site_name\" content=\"Conservatorio de M\u00fasica Juli\u00e1n Aguirre\" \/>\n<meta property=\"article:published_time\" content=\"2025-06-17T06:39:08+00:00\" \/>\n<meta property=\"article:modified_time\" content=\"2025-06-17T06:39:10+00:00\" \/>\n<meta property=\"og:image\" content=\"https:\/\/web.consaguirre.com.ar\/noticias\/wp-content\/uploads\/2025\/06\/Kool-y-la-pandilla-Get-Down-On-It-obtiene-remix.jpg\" \/>\n\t<meta property=\"og:image:width\" content=\"1280\" \/>\n\t<meta property=\"og:image:height\" content=\"1280\" \/>\n\t<meta property=\"og:image:type\" content=\"image\/jpeg\" \/>\n<meta name=\"author\" content=\"Javier Figueroa\" \/>\n<meta name=\"twitter:card\" content=\"summary_large_image\" \/>\n<meta name=\"twitter:label1\" content=\"Escrito por\" \/>\n\t<meta name=\"twitter:data1\" content=\"Javier Figueroa\" \/>\n\t<meta name=\"twitter:label2\" content=\"Tiempo de lectura\" \/>\n\t<meta name=\"twitter:data2\" content=\"2 minutos\" \/>\n<script type=\"application\/ld+json\" class=\"yoast-schema-graph\">{\"@context\":\"https:\/\/schema.org\",\"@graph\":[{\"@type\":\"Article\",\"@id\":\"https:\/\/web.consaguirre.com.ar\/noticias\/kool-y-la-pandilla-get-down-on-it-obtiene-remix\/#article\",\"isPartOf\":{\"@id\":\"https:\/\/web.consaguirre.com.ar\/noticias\/kool-y-la-pandilla-get-down-on-it-obtiene-remix\/\"},\"author\":{\"name\":\"Javier Figueroa\",\"@id\":\"https:\/\/web.consaguirre.com.ar\/noticias\/#\/schema\/person\/6558b0cfedee7ddc5425602b237d5722\"},\"headline\":\"Kool y la pandilla &#8216;Get Down On It&#8217; obtiene remix\",\"datePublished\":\"2025-06-17T06:39:08+00:00\",\"dateModified\":\"2025-06-17T06:39:10+00:00\",\"mainEntityOfPage\":{\"@id\":\"https:\/\/web.consaguirre.com.ar\/noticias\/kool-y-la-pandilla-get-down-on-it-obtiene-remix\/\"},\"wordCount\":390,\"publisher\":{\"@id\":\"https:\/\/web.consaguirre.com.ar\/noticias\/#organization\"},\"image\":{\"@id\":\"https:\/\/web.consaguirre.com.ar\/noticias\/kool-y-la-pandilla-get-down-on-it-obtiene-remix\/#primaryimage\"},\"thumbnailUrl\":\"https:\/\/web.consaguirre.com.ar\/noticias\/wp-content\/uploads\/2025\/06\/Kool-y-la-pandilla-Get-Down-On-It-obtiene-remix.jpg\",\"keywords\":[\"Kool\",\"obtiene\",\"pandilla\",\"remix\"],\"articleSection\":[\"El \u00faltimo\"],\"inLanguage\":\"es-AR\"},{\"@type\":\"WebPage\",\"@id\":\"https:\/\/web.consaguirre.com.ar\/noticias\/kool-y-la-pandilla-get-down-on-it-obtiene-remix\/\",\"url\":\"https:\/\/web.consaguirre.com.ar\/noticias\/kool-y-la-pandilla-get-down-on-it-obtiene-remix\/\",\"name\":\"Kool y la pandilla 'Get Down On It' obtiene remix\",\"isPartOf\":{\"@id\":\"https:\/\/web.consaguirre.com.ar\/noticias\/#website\"},\"primaryImageOfPage\":{\"@id\":\"https:\/\/web.consaguirre.com.ar\/noticias\/kool-y-la-pandilla-get-down-on-it-obtiene-remix\/#primaryimage\"},\"image\":{\"@id\":\"https:\/\/web.consaguirre.com.ar\/noticias\/kool-y-la-pandilla-get-down-on-it-obtiene-remix\/#primaryimage\"},\"thumbnailUrl\":\"https:\/\/web.consaguirre.com.ar\/noticias\/wp-content\/uploads\/2025\/06\/Kool-y-la-pandilla-Get-Down-On-It-obtiene-remix.jpg\",\"datePublished\":\"2025-06-17T06:39:08+00:00\",\"dateModified\":\"2025-06-17T06:39:10+00:00\",\"breadcrumb\":{\"@id\":\"https:\/\/web.consaguirre.com.ar\/noticias\/kool-y-la-pandilla-get-down-on-it-obtiene-remix\/#breadcrumb\"},\"inLanguage\":\"es-AR\",\"potentialAction\":[{\"@type\":\"ReadAction\",\"target\":[\"https:\/\/web.consaguirre.com.ar\/noticias\/kool-y-la-pandilla-get-down-on-it-obtiene-remix\/\"]}]},{\"@type\":\"ImageObject\",\"inLanguage\":\"es-AR\",\"@id\":\"https:\/\/web.consaguirre.com.ar\/noticias\/kool-y-la-pandilla-get-down-on-it-obtiene-remix\/#primaryimage\",\"url\":\"https:\/\/web.consaguirre.com.ar\/noticias\/wp-content\/uploads\/2025\/06\/Kool-y-la-pandilla-Get-Down-On-It-obtiene-remix.jpg\",\"contentUrl\":\"https:\/\/web.consaguirre.com.ar\/noticias\/wp-content\/uploads\/2025\/06\/Kool-y-la-pandilla-Get-Down-On-It-obtiene-remix.jpg\",\"width\":1280,\"height\":1280,\"caption\":\"Kool y la pandilla 'Get Down On It' obtiene remix\"},{\"@type\":\"BreadcrumbList\",\"@id\":\"https:\/\/web.consaguirre.com.ar\/noticias\/kool-y-la-pandilla-get-down-on-it-obtiene-remix\/#breadcrumb\",\"itemListElement\":[{\"@type\":\"ListItem\",\"position\":1,\"name\":\"Inicio\",\"item\":\"https:\/\/web.consaguirre.com.ar\/noticias\/\"},{\"@type\":\"ListItem\",\"position\":2,\"name\":\"Kool y la pandilla &#8216;Get Down On It&#8217; obtiene remix\"}]},{\"@type\":\"WebSite\",\"@id\":\"https:\/\/web.consaguirre.com.ar\/noticias\/#website\",\"url\":\"https:\/\/web.consaguirre.com.ar\/noticias\/\",\"name\":\"Conservatorio de M\u00fasica Juli\u00e1n Aguirre\",\"description\":\"\",\"publisher\":{\"@id\":\"https:\/\/web.consaguirre.com.ar\/noticias\/#organization\"},\"potentialAction\":[{\"@type\":\"SearchAction\",\"target\":{\"@type\":\"EntryPoint\",\"urlTemplate\":\"https:\/\/web.consaguirre.com.ar\/noticias\/?s={search_term_string}\"},\"query-input\":\"required name=search_term_string\"}],\"inLanguage\":\"es-AR\"},{\"@type\":\"Organization\",\"@id\":\"https:\/\/web.consaguirre.com.ar\/noticias\/#organization\",\"name\":\"Conservatorio de M\u00fasica Juli\u00e1n Aguirre\",\"url\":\"https:\/\/web.consaguirre.com.ar\/noticias\/\",\"logo\":{\"@type\":\"ImageObject\",\"inLanguage\":\"es-AR\",\"@id\":\"https:\/\/web.consaguirre.com.ar\/noticias\/#\/schema\/logo\/image\/\",\"url\":\"https:\/\/web.consaguirre.com.ar\/noticias\/wp-content\/uploads\/2024\/08\/Banner-Aguirre-23.jpg\",\"contentUrl\":\"https:\/\/web.consaguirre.com.ar\/noticias\/wp-content\/uploads\/2024\/08\/Banner-Aguirre-23.jpg\",\"width\":1192,\"height\":600,\"caption\":\"Conservatorio de M\u00fasica Juli\u00e1n Aguirre\"},\"image\":{\"@id\":\"https:\/\/web.consaguirre.com.ar\/noticias\/#\/schema\/logo\/image\/\"}},{\"@type\":\"Person\",\"@id\":\"https:\/\/web.consaguirre.com.ar\/noticias\/#\/schema\/person\/6558b0cfedee7ddc5425602b237d5722\",\"name\":\"Javier Figueroa\",\"image\":{\"@type\":\"ImageObject\",\"inLanguage\":\"es-AR\",\"@id\":\"https:\/\/web.consaguirre.com.ar\/noticias\/#\/schema\/person\/image\/\",\"url\":\"https:\/\/web.consaguirre.com.ar\/noticias\/wp-content\/uploads\/2024\/08\/Consaguirre-scaled.jpg\",\"contentUrl\":\"https:\/\/web.consaguirre.com.ar\/noticias\/wp-content\/uploads\/2024\/08\/Consaguirre-scaled.jpg\",\"caption\":\"Javier Figueroa\"},\"description\":\"Me llamo Javier Figueroa y soy redactor para el sitio oficial del Conservatorio de M\u00fasica Juli\u00e1n Aguirre en Buenos Aires, consaguirre.com. Apasionado por la m\u00fasica y la escritura, me esfuerzo por destacar los talentos y eventos de nuestra prestigiosa instituci\u00f3n. Mi trayectoria se nutre de una profunda admiraci\u00f3n por los artistas, haciendo de cada art\u00edculo una celebraci\u00f3n de la creatividad y la cultura musical.\",\"sameAs\":[\"https:\/\/web.consaguirre.com.ar\/noticias\"]}]}<\/script>\n<!-- \/ Yoast SEO plugin. -->","yoast_head_json":{"title":"Kool y la pandilla 'Get Down On It' obtiene remix","robots":{"index":"index","follow":"follow","max-snippet":"max-snippet:-1","max-image-preview":"max-image-preview:large","max-video-preview":"max-video-preview:-1"},"canonical":"https:\/\/web.consaguirre.com.ar\/noticias\/kool-y-la-pandilla-get-down-on-it-obtiene-remix\/","og_locale":"es_ES","og_type":"article","og_title":"Kool y la pandilla 'Get Down On It' obtiene remix","og_description":"El 8 de octubre de 2025, Kool y la pandilla El cofundador y hom\u00f3nimo Robert Earl &#8220;Kool&#8221; Bell celebrar\u00e1 su 75\u00aa vuelta alrededor del sol.","og_url":"https:\/\/web.consaguirre.com.ar\/noticias\/kool-y-la-pandilla-get-down-on-it-obtiene-remix\/","og_site_name":"Conservatorio de M\u00fasica Juli\u00e1n Aguirre","article_published_time":"2025-06-17T06:39:08+00:00","article_modified_time":"2025-06-17T06:39:10+00:00","og_image":[{"width":1280,"height":1280,"url":"https:\/\/web.consaguirre.com.ar\/noticias\/wp-content\/uploads\/2025\/06\/Kool-y-la-pandilla-Get-Down-On-It-obtiene-remix.jpg","type":"image\/jpeg"}],"author":"Javier Figueroa","twitter_card":"summary_large_image","twitter_misc":{"Escrito por":"Javier Figueroa","Tiempo de lectura":"2 minutos"},"schema":{"@context":"https:\/\/schema.org","@graph":[{"@type":"Article","@id":"https:\/\/web.consaguirre.com.ar\/noticias\/kool-y-la-pandilla-get-down-on-it-obtiene-remix\/#article","isPartOf":{"@id":"https:\/\/web.consaguirre.com.ar\/noticias\/kool-y-la-pandilla-get-down-on-it-obtiene-remix\/"},"author":{"name":"Javier Figueroa","@id":"https:\/\/web.consaguirre.com.ar\/noticias\/#\/schema\/person\/6558b0cfedee7ddc5425602b237d5722"},"headline":"Kool y la pandilla &#8216;Get Down On It&#8217; obtiene remix","datePublished":"2025-06-17T06:39:08+00:00","dateModified":"2025-06-17T06:39:10+00:00","mainEntityOfPage":{"@id":"https:\/\/web.consaguirre.com.ar\/noticias\/kool-y-la-pandilla-get-down-on-it-obtiene-remix\/"},"wordCount":390,"publisher":{"@id":"https:\/\/web.consaguirre.com.ar\/noticias\/#organization"},"image":{"@id":"https:\/\/web.consaguirre.com.ar\/noticias\/kool-y-la-pandilla-get-down-on-it-obtiene-remix\/#primaryimage"},"thumbnailUrl":"https:\/\/web.consaguirre.com.ar\/noticias\/wp-content\/uploads\/2025\/06\/Kool-y-la-pandilla-Get-Down-On-It-obtiene-remix.jpg","keywords":["Kool","obtiene","pandilla","remix"],"articleSection":["El \u00faltimo"],"inLanguage":"es-AR"},{"@type":"WebPage","@id":"https:\/\/web.consaguirre.com.ar\/noticias\/kool-y-la-pandilla-get-down-on-it-obtiene-remix\/","url":"https:\/\/web.consaguirre.com.ar\/noticias\/kool-y-la-pandilla-get-down-on-it-obtiene-remix\/","name":"Kool y la pandilla 'Get Down On It' obtiene remix","isPartOf":{"@id":"https:\/\/web.consaguirre.com.ar\/noticias\/#website"},"primaryImageOfPage":{"@id":"https:\/\/web.consaguirre.com.ar\/noticias\/kool-y-la-pandilla-get-down-on-it-obtiene-remix\/#primaryimage"},"image":{"@id":"https:\/\/web.consaguirre.com.ar\/noticias\/kool-y-la-pandilla-get-down-on-it-obtiene-remix\/#primaryimage"},"thumbnailUrl":"https:\/\/web.consaguirre.com.ar\/noticias\/wp-content\/uploads\/2025\/06\/Kool-y-la-pandilla-Get-Down-On-It-obtiene-remix.jpg","datePublished":"2025-06-17T06:39:08+00:00","dateModified":"2025-06-17T06:39:10+00:00","breadcrumb":{"@id":"https:\/\/web.consaguirre.com.ar\/noticias\/kool-y-la-pandilla-get-down-on-it-obtiene-remix\/#breadcrumb"},"inLanguage":"es-AR","potentialAction":[{"@type":"ReadAction","target":["https:\/\/web.consaguirre.com.ar\/noticias\/kool-y-la-pandilla-get-down-on-it-obtiene-remix\/"]}]},{"@type":"ImageObject","inLanguage":"es-AR","@id":"https:\/\/web.consaguirre.com.ar\/noticias\/kool-y-la-pandilla-get-down-on-it-obtiene-remix\/#primaryimage","url":"https:\/\/web.consaguirre.com.ar\/noticias\/wp-content\/uploads\/2025\/06\/Kool-y-la-pandilla-Get-Down-On-It-obtiene-remix.jpg","contentUrl":"https:\/\/web.consaguirre.com.ar\/noticias\/wp-content\/uploads\/2025\/06\/Kool-y-la-pandilla-Get-Down-On-It-obtiene-remix.jpg","width":1280,"height":1280,"caption":"Kool y la pandilla 'Get Down On It' obtiene remix"},{"@type":"BreadcrumbList","@id":"https:\/\/web.consaguirre.com.ar\/noticias\/kool-y-la-pandilla-get-down-on-it-obtiene-remix\/#breadcrumb","itemListElement":[{"@type":"ListItem","position":1,"name":"Inicio","item":"https:\/\/web.consaguirre.com.ar\/noticias\/"},{"@type":"ListItem","position":2,"name":"Kool y la pandilla &#8216;Get Down On It&#8217; obtiene remix"}]},{"@type":"WebSite","@id":"https:\/\/web.consaguirre.com.ar\/noticias\/#website","url":"https:\/\/web.consaguirre.com.ar\/noticias\/","name":"Conservatorio de M\u00fasica Juli\u00e1n Aguirre","description":"","publisher":{"@id":"https:\/\/web.consaguirre.com.ar\/noticias\/#organization"},"potentialAction":[{"@type":"SearchAction","target":{"@type":"EntryPoint","urlTemplate":"https:\/\/web.consaguirre.com.ar\/noticias\/?s={search_term_string}"},"query-input":"required name=search_term_string"}],"inLanguage":"es-AR"},{"@type":"Organization","@id":"https:\/\/web.consaguirre.com.ar\/noticias\/#organization","name":"Conservatorio de M\u00fasica Juli\u00e1n Aguirre","url":"https:\/\/web.consaguirre.com.ar\/noticias\/","logo":{"@type":"ImageObject","inLanguage":"es-AR","@id":"https:\/\/web.consaguirre.com.ar\/noticias\/#\/schema\/logo\/image\/","url":"https:\/\/web.consaguirre.com.ar\/noticias\/wp-content\/uploads\/2024\/08\/Banner-Aguirre-23.jpg","contentUrl":"https:\/\/web.consaguirre.com.ar\/noticias\/wp-content\/uploads\/2024\/08\/Banner-Aguirre-23.jpg","width":1192,"height":600,"caption":"Conservatorio de M\u00fasica Juli\u00e1n Aguirre"},"image":{"@id":"https:\/\/web.consaguirre.com.ar\/noticias\/#\/schema\/logo\/image\/"}},{"@type":"Person","@id":"https:\/\/web.consaguirre.com.ar\/noticias\/#\/schema\/person\/6558b0cfedee7ddc5425602b237d5722","name":"Javier Figueroa","image":{"@type":"ImageObject","inLanguage":"es-AR","@id":"https:\/\/web.consaguirre.com.ar\/noticias\/#\/schema\/person\/image\/","url":"https:\/\/web.consaguirre.com.ar\/noticias\/wp-content\/uploads\/2024\/08\/Consaguirre-scaled.jpg","contentUrl":"https:\/\/web.consaguirre.com.ar\/noticias\/wp-content\/uploads\/2024\/08\/Consaguirre-scaled.jpg","caption":"Javier Figueroa"},"description":"Me llamo Javier Figueroa y soy redactor para el sitio oficial del Conservatorio de M\u00fasica Juli\u00e1n Aguirre en Buenos Aires, consaguirre.com. Apasionado por la m\u00fasica y la escritura, me esfuerzo por destacar los talentos y eventos de nuestra prestigiosa instituci\u00f3n. Mi trayectoria se nutre de una profunda admiraci\u00f3n por los artistas, haciendo de cada art\u00edculo una celebraci\u00f3n de la creatividad y la cultura musical.","sameAs":["https:\/\/web.consaguirre.com.ar\/noticias"]}]}},"_links":{"self":[{"href":"https:\/\/web.consaguirre.com.ar\/noticias\/wp-json\/wp\/v2\/posts\/2930"}],"collection":[{"href":"https:\/\/web.consaguirre.com.ar\/noticias\/wp-json\/wp\/v2\/posts"}],"about":[{"href":"https:\/\/web.consaguirre.com.ar\/noticias\/wp-json\/wp\/v2\/types\/post"}],"author":[{"embeddable":true,"href":"https:\/\/web.consaguirre.com.ar\/noticias\/wp-json\/wp\/v2\/users\/1"}],"replies":[{"embeddable":true,"href":"https:\/\/web.consaguirre.com.ar\/noticias\/wp-json\/wp\/v2\/comments?post=2930"}],"version-history":[{"count":1,"href":"https:\/\/web.consaguirre.com.ar\/noticias\/wp-json\/wp\/v2\/posts\/2930\/revisions"}],"predecessor-version":[{"id":2932,"href":"https:\/\/web.consaguirre.com.ar\/noticias\/wp-json\/wp\/v2\/posts\/2930\/revisions\/2932"}],"wp:featuredmedia":[{"embeddable":true,"href":"https:\/\/web.consaguirre.com.ar\/noticias\/wp-json\/wp\/v2\/media\/2931"}],"wp:attachment":[{"href":"https:\/\/web.consaguirre.com.ar\/noticias\/wp-json\/wp\/v2\/media?parent=2930"}],"wp:term":[{"taxonomy":"category","embeddable":true,"href":"https:\/\/web.consaguirre.com.ar\/noticias\/wp-json\/wp\/v2\/categories?post=2930"},{"taxonomy":"post_tag","embeddable":true,"href":"https:\/\/web.consaguirre.com.ar\/noticias\/wp-json\/wp\/v2\/tags?post=2930"}],"curies":[{"name":"wp","href":"https:\/\/api.w.org\/{rel}","templated":true}]}}