{"id":2927,"date":"2025-06-17T00:38:35","date_gmt":"2025-06-17T03:38:35","guid":{"rendered":"https:\/\/web.consaguirre.com.ar\/noticias\/lyn-lapid-cubre-pixies-classic-donde-esta-mi-mente\/"},"modified":"2025-06-17T00:38:37","modified_gmt":"2025-06-17T03:38:37","slug":"lyn-lapid-cubre-pixies-classic-donde-esta-mi-mente","status":"publish","type":"post","link":"https:\/\/web.consaguirre.com.ar\/noticias\/lyn-lapid-cubre-pixies-classic-donde-esta-mi-mente\/","title":{"rendered":"Lyn Lapid cubre Pixies Classic, &#8220;\u00bfD\u00f3nde est\u00e1 mi mente?&#8221;"},"content":{"rendered":"<p><strong>Lyn Lapid<\/strong> ha compartido una versi\u00f3n del cl\u00e1sico de los Pixies &#8220;\u00bfD\u00f3nde est\u00e1 mi mente?&#8221; La canci\u00f3n apareci\u00f3 originalmente en el \u00e1lbum debut de 1988 de la banda <em>Surfista Rosa<\/em>. Escuche su versi\u00f3n a continuaci\u00f3n.<\/p>\n<p>En abril, el cantante\/compositor filipino de 22 a\u00f1os lanz\u00f3 su \u00e1lbum debut, <em>Zumbido<\/em>a trav\u00e9s de Mercury Records. El \u00e1lbum de la mayor\u00eda de edad presenta singles como &#8220;I&#8217;ll Be Happy When&#8221;, &#8220;Coraline&#8221; y &#8220;Death Wish&#8221;.<\/p>\n<div class=\"uD-YT-container\"><img decoding=\"async\" src=\"https:\/\/web.consaguirre.com.ar\/noticias\/wp-content\/uploads\/2025\/06\/1750131515_363_Lyn-Lapid-cubre-Pixies-Classic-\u00bfDonde-esta-mi-mente.jpg\" alt=\"Video de YouTube\"><br \/>Haga clic para cargar video<\/div>\n<p>&#8220;El \u00e1lbum comienza donde no estoy seguro de d\u00f3nde pertenezco, y no s\u00e9 qui\u00e9nes son mis verdaderos amigos. Estoy tratando de averiguar qui\u00e9n soy y mis valores. Al final del \u00e1lbum, me di cuenta de que necesito dejar de lado la necesidad de ser querido por todos y querer encajar en cada habitaci\u00f3n con cada persona que conozco&#8221;, dijo Lapid a Grammy.com. &#8220;La moraleja de <em>Zumbido<\/em> \u00bfEs que solo te sientes como un zumbido con las personas equivocadas &#8220;?<\/p>\n<p>Desde entonces, se ha mantenido ocupada en una gira mundial de titulares. La etapa norteamericana contin\u00faa avanzando con paradas en Charlotte, Atlanta, Orlando, Houston, Austin, Dallas, Phoenix y San Diego antes de concluir el 28 de junio en el Teatro El Rey de Los \u00c1ngeles.<\/p>\n<p>El nativo de Maryland fue descubierto a trav\u00e9s de una serie de portadas de ukelele viral en Tiktok. Pronto, canciones originales como &#8220;Producer Man&#8221; y &#8220;When She Loved Me&#8221; estaban ganando tracci\u00f3n en la aplicaci\u00f3n en 2022, ella lanz\u00f3 <em>El extra\u00f1o<\/em> EP, un proyecto de 8 pistas en Republic Records. Presentaba el sencillo viral &#8220;In My Mind&#8221; que ha sido certificado de oro. Ella sigui\u00f3 ese EP con <em>Amar en el siglo XXI<\/em>un proyecto de 10 pistas que cuenta la historia de una relaci\u00f3n de principio a fin. Una edici\u00f3n extendida, <em>Amar en el siglo XXI: el ep\u00edlogo<\/em>sali\u00f3 m\u00e1s tarde ese mismo a\u00f1o. La colaboraci\u00f3n de Lapid con Whethan, &#8220;Control de crucero&#8221;, se us\u00f3 en la pel\u00edcula de Disney\/Pixar <em>Inside Out 2<\/em>.<\/p><\/p>\n","protected":false},"excerpt":{"rendered":"<p>Lyn Lapid ha compartido una versi\u00f3n del cl\u00e1sico de los Pixies &#8220;\u00bfD\u00f3nde est\u00e1 mi mente?&#8221; La canci\u00f3n apareci\u00f3 originalmente en el \u00e1lbum debut de 1988<\/p>\n","protected":false},"author":1,"featured_media":2928,"comment_status":"closed","ping_status":"","sticky":false,"template":"","format":"standard","meta":{"footnotes":""},"categories":[50],"tags":[2436,2704,2706,302,2703,2702,2707,2705],"class_list":["post-2927","post","type-post","status-publish","format-standard","has-post-thumbnail","hentry","category-el-ultimo","tag-classic","tag-cubre","tag-donde","tag-esta","tag-lapid","tag-lyn","tag-mente","tag-pixies","generate-columns","tablet-grid-50","mobile-grid-100","grid-parent","grid-50"],"yoast_head":"<!-- This site is optimized with the Yoast SEO plugin v23.3 - https:\/\/yoast.com\/wordpress\/plugins\/seo\/ -->\n<title>Lyn Lapid cubre Pixies Classic, &quot;\u00bfD\u00f3nde est\u00e1 mi mente?&quot;<\/title>\n<meta name=\"robots\" content=\"index, follow, max-snippet:-1, max-image-preview:large, max-video-preview:-1\" \/>\n<link rel=\"canonical\" href=\"https:\/\/web.consaguirre.com.ar\/noticias\/lyn-lapid-cubre-pixies-classic-donde-esta-mi-mente\/\" \/>\n<meta property=\"og:locale\" content=\"es_ES\" \/>\n<meta property=\"og:type\" content=\"article\" \/>\n<meta property=\"og:title\" content=\"Lyn Lapid cubre Pixies Classic, &quot;\u00bfD\u00f3nde est\u00e1 mi mente?&quot;\" \/>\n<meta property=\"og:description\" content=\"Lyn Lapid ha compartido una versi\u00f3n del cl\u00e1sico de los Pixies &#8220;\u00bfD\u00f3nde est\u00e1 mi mente?&#8221; La canci\u00f3n apareci\u00f3 originalmente en el \u00e1lbum debut de 1988\" \/>\n<meta property=\"og:url\" content=\"https:\/\/web.consaguirre.com.ar\/noticias\/lyn-lapid-cubre-pixies-classic-donde-esta-mi-mente\/\" \/>\n<meta property=\"og:site_name\" content=\"Conservatorio de M\u00fasica Juli\u00e1n Aguirre\" \/>\n<meta property=\"article:published_time\" content=\"2025-06-17T03:38:35+00:00\" \/>\n<meta property=\"article:modified_time\" content=\"2025-06-17T03:38:37+00:00\" \/>\n<meta property=\"og:image\" content=\"https:\/\/web.consaguirre.com.ar\/noticias\/wp-content\/uploads\/2025\/06\/Lyn-Lapid-cubre-Pixies-Classic-\u00bfDonde-esta-mi-mente.jpg\" \/>\n\t<meta property=\"og:image:width\" content=\"1280\" \/>\n\t<meta property=\"og:image:height\" content=\"1280\" \/>\n\t<meta property=\"og:image:type\" content=\"image\/jpeg\" \/>\n<meta name=\"author\" content=\"Javier Figueroa\" \/>\n<meta name=\"twitter:card\" content=\"summary_large_image\" \/>\n<meta name=\"twitter:label1\" content=\"Escrito por\" \/>\n\t<meta name=\"twitter:data1\" content=\"Javier Figueroa\" \/>\n\t<meta name=\"twitter:label2\" content=\"Tiempo de lectura\" \/>\n\t<meta name=\"twitter:data2\" content=\"2 minutos\" \/>\n<script type=\"application\/ld+json\" class=\"yoast-schema-graph\">{\"@context\":\"https:\/\/schema.org\",\"@graph\":[{\"@type\":\"Article\",\"@id\":\"https:\/\/web.consaguirre.com.ar\/noticias\/lyn-lapid-cubre-pixies-classic-donde-esta-mi-mente\/#article\",\"isPartOf\":{\"@id\":\"https:\/\/web.consaguirre.com.ar\/noticias\/lyn-lapid-cubre-pixies-classic-donde-esta-mi-mente\/\"},\"author\":{\"name\":\"Javier Figueroa\",\"@id\":\"https:\/\/web.consaguirre.com.ar\/noticias\/#\/schema\/person\/6558b0cfedee7ddc5425602b237d5722\"},\"headline\":\"Lyn Lapid cubre Pixies Classic, &#8220;\u00bfD\u00f3nde est\u00e1 mi mente?&#8221;\",\"datePublished\":\"2025-06-17T03:38:35+00:00\",\"dateModified\":\"2025-06-17T03:38:37+00:00\",\"mainEntityOfPage\":{\"@id\":\"https:\/\/web.consaguirre.com.ar\/noticias\/lyn-lapid-cubre-pixies-classic-donde-esta-mi-mente\/\"},\"wordCount\":352,\"publisher\":{\"@id\":\"https:\/\/web.consaguirre.com.ar\/noticias\/#organization\"},\"image\":{\"@id\":\"https:\/\/web.consaguirre.com.ar\/noticias\/lyn-lapid-cubre-pixies-classic-donde-esta-mi-mente\/#primaryimage\"},\"thumbnailUrl\":\"https:\/\/web.consaguirre.com.ar\/noticias\/wp-content\/uploads\/2025\/06\/Lyn-Lapid-cubre-Pixies-Classic-\u00bfDonde-esta-mi-mente.jpg\",\"keywords\":[\"Classic\",\"cubre\",\"D\u00f3nde\",\"est\u00e1\",\"Lapid\",\"Lyn\",\"mente\",\"Pixies\"],\"articleSection\":[\"El \u00faltimo\"],\"inLanguage\":\"es-AR\"},{\"@type\":\"WebPage\",\"@id\":\"https:\/\/web.consaguirre.com.ar\/noticias\/lyn-lapid-cubre-pixies-classic-donde-esta-mi-mente\/\",\"url\":\"https:\/\/web.consaguirre.com.ar\/noticias\/lyn-lapid-cubre-pixies-classic-donde-esta-mi-mente\/\",\"name\":\"Lyn Lapid cubre Pixies Classic, \\\"\u00bfD\u00f3nde est\u00e1 mi mente?\\\"\",\"isPartOf\":{\"@id\":\"https:\/\/web.consaguirre.com.ar\/noticias\/#website\"},\"primaryImageOfPage\":{\"@id\":\"https:\/\/web.consaguirre.com.ar\/noticias\/lyn-lapid-cubre-pixies-classic-donde-esta-mi-mente\/#primaryimage\"},\"image\":{\"@id\":\"https:\/\/web.consaguirre.com.ar\/noticias\/lyn-lapid-cubre-pixies-classic-donde-esta-mi-mente\/#primaryimage\"},\"thumbnailUrl\":\"https:\/\/web.consaguirre.com.ar\/noticias\/wp-content\/uploads\/2025\/06\/Lyn-Lapid-cubre-Pixies-Classic-\u00bfDonde-esta-mi-mente.jpg\",\"datePublished\":\"2025-06-17T03:38:35+00:00\",\"dateModified\":\"2025-06-17T03:38:37+00:00\",\"breadcrumb\":{\"@id\":\"https:\/\/web.consaguirre.com.ar\/noticias\/lyn-lapid-cubre-pixies-classic-donde-esta-mi-mente\/#breadcrumb\"},\"inLanguage\":\"es-AR\",\"potentialAction\":[{\"@type\":\"ReadAction\",\"target\":[\"https:\/\/web.consaguirre.com.ar\/noticias\/lyn-lapid-cubre-pixies-classic-donde-esta-mi-mente\/\"]}]},{\"@type\":\"ImageObject\",\"inLanguage\":\"es-AR\",\"@id\":\"https:\/\/web.consaguirre.com.ar\/noticias\/lyn-lapid-cubre-pixies-classic-donde-esta-mi-mente\/#primaryimage\",\"url\":\"https:\/\/web.consaguirre.com.ar\/noticias\/wp-content\/uploads\/2025\/06\/Lyn-Lapid-cubre-Pixies-Classic-\u00bfDonde-esta-mi-mente.jpg\",\"contentUrl\":\"https:\/\/web.consaguirre.com.ar\/noticias\/wp-content\/uploads\/2025\/06\/Lyn-Lapid-cubre-Pixies-Classic-\u00bfDonde-esta-mi-mente.jpg\",\"width\":1280,\"height\":1280,\"caption\":\"Lyn Lapid cubre Pixies Classic, \\\"\u00bfD\u00f3nde est\u00e1 mi mente?\\\"\"},{\"@type\":\"BreadcrumbList\",\"@id\":\"https:\/\/web.consaguirre.com.ar\/noticias\/lyn-lapid-cubre-pixies-classic-donde-esta-mi-mente\/#breadcrumb\",\"itemListElement\":[{\"@type\":\"ListItem\",\"position\":1,\"name\":\"Inicio\",\"item\":\"https:\/\/web.consaguirre.com.ar\/noticias\/\"},{\"@type\":\"ListItem\",\"position\":2,\"name\":\"Lyn Lapid cubre Pixies Classic, &#8220;\u00bfD\u00f3nde est\u00e1 mi mente?&#8221;\"}]},{\"@type\":\"WebSite\",\"@id\":\"https:\/\/web.consaguirre.com.ar\/noticias\/#website\",\"url\":\"https:\/\/web.consaguirre.com.ar\/noticias\/\",\"name\":\"Conservatorio de M\u00fasica Juli\u00e1n Aguirre\",\"description\":\"\",\"publisher\":{\"@id\":\"https:\/\/web.consaguirre.com.ar\/noticias\/#organization\"},\"potentialAction\":[{\"@type\":\"SearchAction\",\"target\":{\"@type\":\"EntryPoint\",\"urlTemplate\":\"https:\/\/web.consaguirre.com.ar\/noticias\/?s={search_term_string}\"},\"query-input\":\"required name=search_term_string\"}],\"inLanguage\":\"es-AR\"},{\"@type\":\"Organization\",\"@id\":\"https:\/\/web.consaguirre.com.ar\/noticias\/#organization\",\"name\":\"Conservatorio de M\u00fasica Juli\u00e1n Aguirre\",\"url\":\"https:\/\/web.consaguirre.com.ar\/noticias\/\",\"logo\":{\"@type\":\"ImageObject\",\"inLanguage\":\"es-AR\",\"@id\":\"https:\/\/web.consaguirre.com.ar\/noticias\/#\/schema\/logo\/image\/\",\"url\":\"https:\/\/web.consaguirre.com.ar\/noticias\/wp-content\/uploads\/2024\/08\/Banner-Aguirre-23.jpg\",\"contentUrl\":\"https:\/\/web.consaguirre.com.ar\/noticias\/wp-content\/uploads\/2024\/08\/Banner-Aguirre-23.jpg\",\"width\":1192,\"height\":600,\"caption\":\"Conservatorio de M\u00fasica Juli\u00e1n Aguirre\"},\"image\":{\"@id\":\"https:\/\/web.consaguirre.com.ar\/noticias\/#\/schema\/logo\/image\/\"}},{\"@type\":\"Person\",\"@id\":\"https:\/\/web.consaguirre.com.ar\/noticias\/#\/schema\/person\/6558b0cfedee7ddc5425602b237d5722\",\"name\":\"Javier Figueroa\",\"image\":{\"@type\":\"ImageObject\",\"inLanguage\":\"es-AR\",\"@id\":\"https:\/\/web.consaguirre.com.ar\/noticias\/#\/schema\/person\/image\/\",\"url\":\"https:\/\/web.consaguirre.com.ar\/noticias\/wp-content\/uploads\/2024\/08\/Consaguirre-scaled.jpg\",\"contentUrl\":\"https:\/\/web.consaguirre.com.ar\/noticias\/wp-content\/uploads\/2024\/08\/Consaguirre-scaled.jpg\",\"caption\":\"Javier Figueroa\"},\"description\":\"Me llamo Javier Figueroa y soy redactor para el sitio oficial del Conservatorio de M\u00fasica Juli\u00e1n Aguirre en Buenos Aires, consaguirre.com. Apasionado por la m\u00fasica y la escritura, me esfuerzo por destacar los talentos y eventos de nuestra prestigiosa instituci\u00f3n. Mi trayectoria se nutre de una profunda admiraci\u00f3n por los artistas, haciendo de cada art\u00edculo una celebraci\u00f3n de la creatividad y la cultura musical.\",\"sameAs\":[\"https:\/\/web.consaguirre.com.ar\/noticias\"]}]}<\/script>\n<!-- \/ Yoast SEO plugin. -->","yoast_head_json":{"title":"Lyn Lapid cubre Pixies Classic, \"\u00bfD\u00f3nde est\u00e1 mi mente?\"","robots":{"index":"index","follow":"follow","max-snippet":"max-snippet:-1","max-image-preview":"max-image-preview:large","max-video-preview":"max-video-preview:-1"},"canonical":"https:\/\/web.consaguirre.com.ar\/noticias\/lyn-lapid-cubre-pixies-classic-donde-esta-mi-mente\/","og_locale":"es_ES","og_type":"article","og_title":"Lyn Lapid cubre Pixies Classic, \"\u00bfD\u00f3nde est\u00e1 mi mente?\"","og_description":"Lyn Lapid ha compartido una versi\u00f3n del cl\u00e1sico de los Pixies &#8220;\u00bfD\u00f3nde est\u00e1 mi mente?&#8221; La canci\u00f3n apareci\u00f3 originalmente en el \u00e1lbum debut de 1988","og_url":"https:\/\/web.consaguirre.com.ar\/noticias\/lyn-lapid-cubre-pixies-classic-donde-esta-mi-mente\/","og_site_name":"Conservatorio de M\u00fasica Juli\u00e1n Aguirre","article_published_time":"2025-06-17T03:38:35+00:00","article_modified_time":"2025-06-17T03:38:37+00:00","og_image":[{"width":1280,"height":1280,"url":"https:\/\/web.consaguirre.com.ar\/noticias\/wp-content\/uploads\/2025\/06\/Lyn-Lapid-cubre-Pixies-Classic-\u00bfDonde-esta-mi-mente.jpg","type":"image\/jpeg"}],"author":"Javier Figueroa","twitter_card":"summary_large_image","twitter_misc":{"Escrito por":"Javier Figueroa","Tiempo de lectura":"2 minutos"},"schema":{"@context":"https:\/\/schema.org","@graph":[{"@type":"Article","@id":"https:\/\/web.consaguirre.com.ar\/noticias\/lyn-lapid-cubre-pixies-classic-donde-esta-mi-mente\/#article","isPartOf":{"@id":"https:\/\/web.consaguirre.com.ar\/noticias\/lyn-lapid-cubre-pixies-classic-donde-esta-mi-mente\/"},"author":{"name":"Javier Figueroa","@id":"https:\/\/web.consaguirre.com.ar\/noticias\/#\/schema\/person\/6558b0cfedee7ddc5425602b237d5722"},"headline":"Lyn Lapid cubre Pixies Classic, &#8220;\u00bfD\u00f3nde est\u00e1 mi mente?&#8221;","datePublished":"2025-06-17T03:38:35+00:00","dateModified":"2025-06-17T03:38:37+00:00","mainEntityOfPage":{"@id":"https:\/\/web.consaguirre.com.ar\/noticias\/lyn-lapid-cubre-pixies-classic-donde-esta-mi-mente\/"},"wordCount":352,"publisher":{"@id":"https:\/\/web.consaguirre.com.ar\/noticias\/#organization"},"image":{"@id":"https:\/\/web.consaguirre.com.ar\/noticias\/lyn-lapid-cubre-pixies-classic-donde-esta-mi-mente\/#primaryimage"},"thumbnailUrl":"https:\/\/web.consaguirre.com.ar\/noticias\/wp-content\/uploads\/2025\/06\/Lyn-Lapid-cubre-Pixies-Classic-\u00bfDonde-esta-mi-mente.jpg","keywords":["Classic","cubre","D\u00f3nde","est\u00e1","Lapid","Lyn","mente","Pixies"],"articleSection":["El \u00faltimo"],"inLanguage":"es-AR"},{"@type":"WebPage","@id":"https:\/\/web.consaguirre.com.ar\/noticias\/lyn-lapid-cubre-pixies-classic-donde-esta-mi-mente\/","url":"https:\/\/web.consaguirre.com.ar\/noticias\/lyn-lapid-cubre-pixies-classic-donde-esta-mi-mente\/","name":"Lyn Lapid cubre Pixies Classic, \"\u00bfD\u00f3nde est\u00e1 mi mente?\"","isPartOf":{"@id":"https:\/\/web.consaguirre.com.ar\/noticias\/#website"},"primaryImageOfPage":{"@id":"https:\/\/web.consaguirre.com.ar\/noticias\/lyn-lapid-cubre-pixies-classic-donde-esta-mi-mente\/#primaryimage"},"image":{"@id":"https:\/\/web.consaguirre.com.ar\/noticias\/lyn-lapid-cubre-pixies-classic-donde-esta-mi-mente\/#primaryimage"},"thumbnailUrl":"https:\/\/web.consaguirre.com.ar\/noticias\/wp-content\/uploads\/2025\/06\/Lyn-Lapid-cubre-Pixies-Classic-\u00bfDonde-esta-mi-mente.jpg","datePublished":"2025-06-17T03:38:35+00:00","dateModified":"2025-06-17T03:38:37+00:00","breadcrumb":{"@id":"https:\/\/web.consaguirre.com.ar\/noticias\/lyn-lapid-cubre-pixies-classic-donde-esta-mi-mente\/#breadcrumb"},"inLanguage":"es-AR","potentialAction":[{"@type":"ReadAction","target":["https:\/\/web.consaguirre.com.ar\/noticias\/lyn-lapid-cubre-pixies-classic-donde-esta-mi-mente\/"]}]},{"@type":"ImageObject","inLanguage":"es-AR","@id":"https:\/\/web.consaguirre.com.ar\/noticias\/lyn-lapid-cubre-pixies-classic-donde-esta-mi-mente\/#primaryimage","url":"https:\/\/web.consaguirre.com.ar\/noticias\/wp-content\/uploads\/2025\/06\/Lyn-Lapid-cubre-Pixies-Classic-\u00bfDonde-esta-mi-mente.jpg","contentUrl":"https:\/\/web.consaguirre.com.ar\/noticias\/wp-content\/uploads\/2025\/06\/Lyn-Lapid-cubre-Pixies-Classic-\u00bfDonde-esta-mi-mente.jpg","width":1280,"height":1280,"caption":"Lyn Lapid cubre Pixies Classic, \"\u00bfD\u00f3nde est\u00e1 mi mente?\""},{"@type":"BreadcrumbList","@id":"https:\/\/web.consaguirre.com.ar\/noticias\/lyn-lapid-cubre-pixies-classic-donde-esta-mi-mente\/#breadcrumb","itemListElement":[{"@type":"ListItem","position":1,"name":"Inicio","item":"https:\/\/web.consaguirre.com.ar\/noticias\/"},{"@type":"ListItem","position":2,"name":"Lyn Lapid cubre Pixies Classic, &#8220;\u00bfD\u00f3nde est\u00e1 mi mente?&#8221;"}]},{"@type":"WebSite","@id":"https:\/\/web.consaguirre.com.ar\/noticias\/#website","url":"https:\/\/web.consaguirre.com.ar\/noticias\/","name":"Conservatorio de M\u00fasica Juli\u00e1n Aguirre","description":"","publisher":{"@id":"https:\/\/web.consaguirre.com.ar\/noticias\/#organization"},"potentialAction":[{"@type":"SearchAction","target":{"@type":"EntryPoint","urlTemplate":"https:\/\/web.consaguirre.com.ar\/noticias\/?s={search_term_string}"},"query-input":"required name=search_term_string"}],"inLanguage":"es-AR"},{"@type":"Organization","@id":"https:\/\/web.consaguirre.com.ar\/noticias\/#organization","name":"Conservatorio de M\u00fasica Juli\u00e1n Aguirre","url":"https:\/\/web.consaguirre.com.ar\/noticias\/","logo":{"@type":"ImageObject","inLanguage":"es-AR","@id":"https:\/\/web.consaguirre.com.ar\/noticias\/#\/schema\/logo\/image\/","url":"https:\/\/web.consaguirre.com.ar\/noticias\/wp-content\/uploads\/2024\/08\/Banner-Aguirre-23.jpg","contentUrl":"https:\/\/web.consaguirre.com.ar\/noticias\/wp-content\/uploads\/2024\/08\/Banner-Aguirre-23.jpg","width":1192,"height":600,"caption":"Conservatorio de M\u00fasica Juli\u00e1n Aguirre"},"image":{"@id":"https:\/\/web.consaguirre.com.ar\/noticias\/#\/schema\/logo\/image\/"}},{"@type":"Person","@id":"https:\/\/web.consaguirre.com.ar\/noticias\/#\/schema\/person\/6558b0cfedee7ddc5425602b237d5722","name":"Javier Figueroa","image":{"@type":"ImageObject","inLanguage":"es-AR","@id":"https:\/\/web.consaguirre.com.ar\/noticias\/#\/schema\/person\/image\/","url":"https:\/\/web.consaguirre.com.ar\/noticias\/wp-content\/uploads\/2024\/08\/Consaguirre-scaled.jpg","contentUrl":"https:\/\/web.consaguirre.com.ar\/noticias\/wp-content\/uploads\/2024\/08\/Consaguirre-scaled.jpg","caption":"Javier Figueroa"},"description":"Me llamo Javier Figueroa y soy redactor para el sitio oficial del Conservatorio de M\u00fasica Juli\u00e1n Aguirre en Buenos Aires, consaguirre.com. Apasionado por la m\u00fasica y la escritura, me esfuerzo por destacar los talentos y eventos de nuestra prestigiosa instituci\u00f3n. Mi trayectoria se nutre de una profunda admiraci\u00f3n por los artistas, haciendo de cada art\u00edculo una celebraci\u00f3n de la creatividad y la cultura musical.","sameAs":["https:\/\/web.consaguirre.com.ar\/noticias"]}]}},"_links":{"self":[{"href":"https:\/\/web.consaguirre.com.ar\/noticias\/wp-json\/wp\/v2\/posts\/2927"}],"collection":[{"href":"https:\/\/web.consaguirre.com.ar\/noticias\/wp-json\/wp\/v2\/posts"}],"about":[{"href":"https:\/\/web.consaguirre.com.ar\/noticias\/wp-json\/wp\/v2\/types\/post"}],"author":[{"embeddable":true,"href":"https:\/\/web.consaguirre.com.ar\/noticias\/wp-json\/wp\/v2\/users\/1"}],"replies":[{"embeddable":true,"href":"https:\/\/web.consaguirre.com.ar\/noticias\/wp-json\/wp\/v2\/comments?post=2927"}],"version-history":[{"count":1,"href":"https:\/\/web.consaguirre.com.ar\/noticias\/wp-json\/wp\/v2\/posts\/2927\/revisions"}],"predecessor-version":[{"id":2929,"href":"https:\/\/web.consaguirre.com.ar\/noticias\/wp-json\/wp\/v2\/posts\/2927\/revisions\/2929"}],"wp:featuredmedia":[{"embeddable":true,"href":"https:\/\/web.consaguirre.com.ar\/noticias\/wp-json\/wp\/v2\/media\/2928"}],"wp:attachment":[{"href":"https:\/\/web.consaguirre.com.ar\/noticias\/wp-json\/wp\/v2\/media?parent=2927"}],"wp:term":[{"taxonomy":"category","embeddable":true,"href":"https:\/\/web.consaguirre.com.ar\/noticias\/wp-json\/wp\/v2\/categories?post=2927"},{"taxonomy":"post_tag","embeddable":true,"href":"https:\/\/web.consaguirre.com.ar\/noticias\/wp-json\/wp\/v2\/tags?post=2927"}],"curies":[{"name":"wp","href":"https:\/\/api.w.org\/{rel}","templated":true}]}}