{"id":2924,"date":"2025-06-16T21:38:23","date_gmt":"2025-06-17T00:38:23","guid":{"rendered":"https:\/\/web.consaguirre.com.ar\/noticias\/samara-joy-recibe-el-premio-en-2025-montreal-jazz-festival\/"},"modified":"2025-06-16T21:38:24","modified_gmt":"2025-06-17T00:38:24","slug":"samara-joy-recibe-el-premio-en-2025-montreal-jazz-festival","status":"publish","type":"post","link":"https:\/\/web.consaguirre.com.ar\/noticias\/samara-joy-recibe-el-premio-en-2025-montreal-jazz-festival\/","title":{"rendered":"Samara Joy recibe el premio en 2025 Montreal Jazz Festival"},"content":{"rendered":"<p><strong>Alegr\u00eda samara<\/strong> Recibir\u00e1 el Premio Ella Fitzgerald en el Festival de Jazz de Montreal 2025 el 28 de junio en Maison Symphonique, Place des Arts. Ella es la 25\u00aa ganadora del premio, que se otorga anualmente a un cantante de jazz que ha tenido un gran impacto en la escena internacional. Thundercat, Natalia Lafourcade, Christone &#8220;Kingfish&#8221; Ingram y Duncan Hunter Neale tambi\u00e9n ser\u00e1n honrados con premios.<\/p>\n<p>El a\u00f1o pasado, Joy lanz\u00f3 un nuevo \u00e1lbum de estudio titulado <em>Retrato<\/em>que destac\u00f3 el crecimiento del nativo de Bronx de 25 a\u00f1os como un famoso vocalista y un compositor, arreglista y l\u00edder de la banda. &#8220;Un pozo de inspiraci\u00f3n que nunca se seca debido a las diferentes corrientes que fluyen, constantemente girando en la fuente principal. Eso es lo que me viene a la mente cuando pienso en este proyecto y los m\u00fasicos que lo crearon conmigo&#8221;, dice Joy del proyecto. \u201cOcho m\u00fasicos, ocho nuevas perspectivas y antecedentes musicales, todos unidos en un contexto dise\u00f1ado para el crecimiento y la exploraci\u00f3n.<\/p>\n<div class=\"uD-YT-container\"><img decoding=\"async\" src=\"https:\/\/web.consaguirre.com.ar\/noticias\/wp-content\/uploads\/2024\/08\/1724873939_983_Samara-Joy-anuncia-Portrait-y-comparte-Saliste-de-un-sueno.jpg\" alt=\"Video de YouTube\"><br \/>Haga clic para cargar video<\/div>\n<p>En febrero, <em>Retrato<\/em> fue nombrado \u00e1lbum de jazz sobresaliente por el NAACP. Joy tambi\u00e9n fue nominada para el mismo premio en 2023 por su \u00e1lbum 2022 <em>Permanecer un rato<\/em>que tambi\u00e9n le gan\u00f3 un Grammy al mejor \u00e1lbum de jazz. Joy tambi\u00e9n ha ganado Grammys al mejor artista nuevo en 2023, el mejor \u00e1lbum vocal de jazz para <em>Unas vacaciones alegres<\/em>y dos mejores victorias de jazz (para el favorito de los fan\u00e1ticos &#8220;Termet&#8221; y &#8220;Twinkle Twinkle Little Me&#8221;, originalmente grabado por Stevie Wonder).<\/p>\n<p>Titulado oficialmente el Festival International de Jazz de Montr\u00e9al, el evento se lleva a cabo del 26 de junio al 5 de julio. Las actuaciones principales incluyen la interpretaci\u00f3n de NAS de <em>Ilim\u00e1tico<\/em> Vive con una orquesta sinf\u00f3nica, Ayra Starr, Ben Harper y Jeff Goldblum y la Orquesta Mildred Snitzer. El festival implica cerca de 150 conciertos interiores y m\u00e1s de 350 espect\u00e1culos gratuitos al aire libre, presentados en el lugar des Festivals.<\/p>\n<p><strong>Compre la m\u00fasica de Samara Joy en CD y Vinyl ahora.<\/strong><\/p>\n","protected":false},"excerpt":{"rendered":"<p>Alegr\u00eda samara Recibir\u00e1 el Premio Ella Fitzgerald en el Festival de Jazz de Montreal 2025 el 28 de junio en Maison Symphonique, Place des Arts.<\/p>\n","protected":false},"author":1,"featured_media":2925,"comment_status":"closed","ping_status":"","sticky":false,"template":"","format":"standard","meta":{"footnotes":""},"categories":[50],"tags":[102,748,225,2701,178,177,224],"class_list":["post-2924","post","type-post","status-publish","format-standard","has-post-thumbnail","hentry","category-el-ultimo","tag-festival","tag-jazz","tag-joy","tag-montreal","tag-premio","tag-recibe","tag-samara","generate-columns","tablet-grid-50","mobile-grid-100","grid-parent","grid-50"],"yoast_head":"<!-- This site is optimized with the Yoast SEO plugin v23.3 - https:\/\/yoast.com\/wordpress\/plugins\/seo\/ -->\n<title>Samara Joy recibe el premio en 2025 Montreal Jazz Festival<\/title>\n<meta name=\"robots\" content=\"index, follow, max-snippet:-1, max-image-preview:large, max-video-preview:-1\" \/>\n<link rel=\"canonical\" href=\"https:\/\/web.consaguirre.com.ar\/noticias\/samara-joy-recibe-el-premio-en-2025-montreal-jazz-festival\/\" \/>\n<meta property=\"og:locale\" content=\"es_ES\" \/>\n<meta property=\"og:type\" content=\"article\" \/>\n<meta property=\"og:title\" content=\"Samara Joy recibe el premio en 2025 Montreal Jazz Festival\" \/>\n<meta property=\"og:description\" content=\"Alegr\u00eda samara Recibir\u00e1 el Premio Ella Fitzgerald en el Festival de Jazz de Montreal 2025 el 28 de junio en Maison Symphonique, Place des Arts.\" \/>\n<meta property=\"og:url\" content=\"https:\/\/web.consaguirre.com.ar\/noticias\/samara-joy-recibe-el-premio-en-2025-montreal-jazz-festival\/\" \/>\n<meta property=\"og:site_name\" content=\"Conservatorio de M\u00fasica Juli\u00e1n Aguirre\" \/>\n<meta property=\"article:published_time\" content=\"2025-06-17T00:38:23+00:00\" \/>\n<meta property=\"article:modified_time\" content=\"2025-06-17T00:38:24+00:00\" \/>\n<meta property=\"og:image\" content=\"https:\/\/web.consaguirre.com.ar\/noticias\/wp-content\/uploads\/2025\/06\/Samara-Joy-recibe-el-premio-en-2025-Montreal-Jazz-Festival.jpg\" \/>\n\t<meta property=\"og:image:width\" content=\"1440\" \/>\n\t<meta property=\"og:image:height\" content=\"864\" \/>\n\t<meta property=\"og:image:type\" content=\"image\/jpeg\" \/>\n<meta name=\"author\" content=\"Javier Figueroa\" \/>\n<meta name=\"twitter:card\" content=\"summary_large_image\" \/>\n<meta name=\"twitter:label1\" content=\"Escrito por\" \/>\n\t<meta name=\"twitter:data1\" content=\"Javier Figueroa\" \/>\n\t<meta name=\"twitter:label2\" content=\"Tiempo de lectura\" \/>\n\t<meta name=\"twitter:data2\" content=\"2 minutos\" \/>\n<script type=\"application\/ld+json\" class=\"yoast-schema-graph\">{\"@context\":\"https:\/\/schema.org\",\"@graph\":[{\"@type\":\"Article\",\"@id\":\"https:\/\/web.consaguirre.com.ar\/noticias\/samara-joy-recibe-el-premio-en-2025-montreal-jazz-festival\/#article\",\"isPartOf\":{\"@id\":\"https:\/\/web.consaguirre.com.ar\/noticias\/samara-joy-recibe-el-premio-en-2025-montreal-jazz-festival\/\"},\"author\":{\"name\":\"Javier Figueroa\",\"@id\":\"https:\/\/web.consaguirre.com.ar\/noticias\/#\/schema\/person\/6558b0cfedee7ddc5425602b237d5722\"},\"headline\":\"Samara Joy recibe el premio en 2025 Montreal Jazz Festival\",\"datePublished\":\"2025-06-17T00:38:23+00:00\",\"dateModified\":\"2025-06-17T00:38:24+00:00\",\"mainEntityOfPage\":{\"@id\":\"https:\/\/web.consaguirre.com.ar\/noticias\/samara-joy-recibe-el-premio-en-2025-montreal-jazz-festival\/\"},\"wordCount\":358,\"publisher\":{\"@id\":\"https:\/\/web.consaguirre.com.ar\/noticias\/#organization\"},\"image\":{\"@id\":\"https:\/\/web.consaguirre.com.ar\/noticias\/samara-joy-recibe-el-premio-en-2025-montreal-jazz-festival\/#primaryimage\"},\"thumbnailUrl\":\"https:\/\/web.consaguirre.com.ar\/noticias\/wp-content\/uploads\/2025\/06\/Samara-Joy-recibe-el-premio-en-2025-Montreal-Jazz-Festival.jpg\",\"keywords\":[\"Festival\",\"Jazz\",\"Joy\",\"Montreal\",\"premio\",\"recibe\",\"Samara\"],\"articleSection\":[\"El \u00faltimo\"],\"inLanguage\":\"es-AR\"},{\"@type\":\"WebPage\",\"@id\":\"https:\/\/web.consaguirre.com.ar\/noticias\/samara-joy-recibe-el-premio-en-2025-montreal-jazz-festival\/\",\"url\":\"https:\/\/web.consaguirre.com.ar\/noticias\/samara-joy-recibe-el-premio-en-2025-montreal-jazz-festival\/\",\"name\":\"Samara Joy recibe el premio en 2025 Montreal Jazz Festival\",\"isPartOf\":{\"@id\":\"https:\/\/web.consaguirre.com.ar\/noticias\/#website\"},\"primaryImageOfPage\":{\"@id\":\"https:\/\/web.consaguirre.com.ar\/noticias\/samara-joy-recibe-el-premio-en-2025-montreal-jazz-festival\/#primaryimage\"},\"image\":{\"@id\":\"https:\/\/web.consaguirre.com.ar\/noticias\/samara-joy-recibe-el-premio-en-2025-montreal-jazz-festival\/#primaryimage\"},\"thumbnailUrl\":\"https:\/\/web.consaguirre.com.ar\/noticias\/wp-content\/uploads\/2025\/06\/Samara-Joy-recibe-el-premio-en-2025-Montreal-Jazz-Festival.jpg\",\"datePublished\":\"2025-06-17T00:38:23+00:00\",\"dateModified\":\"2025-06-17T00:38:24+00:00\",\"breadcrumb\":{\"@id\":\"https:\/\/web.consaguirre.com.ar\/noticias\/samara-joy-recibe-el-premio-en-2025-montreal-jazz-festival\/#breadcrumb\"},\"inLanguage\":\"es-AR\",\"potentialAction\":[{\"@type\":\"ReadAction\",\"target\":[\"https:\/\/web.consaguirre.com.ar\/noticias\/samara-joy-recibe-el-premio-en-2025-montreal-jazz-festival\/\"]}]},{\"@type\":\"ImageObject\",\"inLanguage\":\"es-AR\",\"@id\":\"https:\/\/web.consaguirre.com.ar\/noticias\/samara-joy-recibe-el-premio-en-2025-montreal-jazz-festival\/#primaryimage\",\"url\":\"https:\/\/web.consaguirre.com.ar\/noticias\/wp-content\/uploads\/2025\/06\/Samara-Joy-recibe-el-premio-en-2025-Montreal-Jazz-Festival.jpg\",\"contentUrl\":\"https:\/\/web.consaguirre.com.ar\/noticias\/wp-content\/uploads\/2025\/06\/Samara-Joy-recibe-el-premio-en-2025-Montreal-Jazz-Festival.jpg\",\"width\":1440,\"height\":864,\"caption\":\"Samara Joy recibe el premio en 2025 Montreal Jazz Festival\"},{\"@type\":\"BreadcrumbList\",\"@id\":\"https:\/\/web.consaguirre.com.ar\/noticias\/samara-joy-recibe-el-premio-en-2025-montreal-jazz-festival\/#breadcrumb\",\"itemListElement\":[{\"@type\":\"ListItem\",\"position\":1,\"name\":\"Inicio\",\"item\":\"https:\/\/web.consaguirre.com.ar\/noticias\/\"},{\"@type\":\"ListItem\",\"position\":2,\"name\":\"Samara Joy recibe el premio en 2025 Montreal Jazz Festival\"}]},{\"@type\":\"WebSite\",\"@id\":\"https:\/\/web.consaguirre.com.ar\/noticias\/#website\",\"url\":\"https:\/\/web.consaguirre.com.ar\/noticias\/\",\"name\":\"Conservatorio de M\u00fasica Juli\u00e1n Aguirre\",\"description\":\"\",\"publisher\":{\"@id\":\"https:\/\/web.consaguirre.com.ar\/noticias\/#organization\"},\"potentialAction\":[{\"@type\":\"SearchAction\",\"target\":{\"@type\":\"EntryPoint\",\"urlTemplate\":\"https:\/\/web.consaguirre.com.ar\/noticias\/?s={search_term_string}\"},\"query-input\":\"required name=search_term_string\"}],\"inLanguage\":\"es-AR\"},{\"@type\":\"Organization\",\"@id\":\"https:\/\/web.consaguirre.com.ar\/noticias\/#organization\",\"name\":\"Conservatorio de M\u00fasica Juli\u00e1n Aguirre\",\"url\":\"https:\/\/web.consaguirre.com.ar\/noticias\/\",\"logo\":{\"@type\":\"ImageObject\",\"inLanguage\":\"es-AR\",\"@id\":\"https:\/\/web.consaguirre.com.ar\/noticias\/#\/schema\/logo\/image\/\",\"url\":\"https:\/\/web.consaguirre.com.ar\/noticias\/wp-content\/uploads\/2024\/08\/Banner-Aguirre-23.jpg\",\"contentUrl\":\"https:\/\/web.consaguirre.com.ar\/noticias\/wp-content\/uploads\/2024\/08\/Banner-Aguirre-23.jpg\",\"width\":1192,\"height\":600,\"caption\":\"Conservatorio de M\u00fasica Juli\u00e1n Aguirre\"},\"image\":{\"@id\":\"https:\/\/web.consaguirre.com.ar\/noticias\/#\/schema\/logo\/image\/\"}},{\"@type\":\"Person\",\"@id\":\"https:\/\/web.consaguirre.com.ar\/noticias\/#\/schema\/person\/6558b0cfedee7ddc5425602b237d5722\",\"name\":\"Javier Figueroa\",\"image\":{\"@type\":\"ImageObject\",\"inLanguage\":\"es-AR\",\"@id\":\"https:\/\/web.consaguirre.com.ar\/noticias\/#\/schema\/person\/image\/\",\"url\":\"https:\/\/web.consaguirre.com.ar\/noticias\/wp-content\/uploads\/2024\/08\/Consaguirre-scaled.jpg\",\"contentUrl\":\"https:\/\/web.consaguirre.com.ar\/noticias\/wp-content\/uploads\/2024\/08\/Consaguirre-scaled.jpg\",\"caption\":\"Javier Figueroa\"},\"description\":\"Me llamo Javier Figueroa y soy redactor para el sitio oficial del Conservatorio de M\u00fasica Juli\u00e1n Aguirre en Buenos Aires, consaguirre.com. Apasionado por la m\u00fasica y la escritura, me esfuerzo por destacar los talentos y eventos de nuestra prestigiosa instituci\u00f3n. Mi trayectoria se nutre de una profunda admiraci\u00f3n por los artistas, haciendo de cada art\u00edculo una celebraci\u00f3n de la creatividad y la cultura musical.\",\"sameAs\":[\"https:\/\/web.consaguirre.com.ar\/noticias\"]}]}<\/script>\n<!-- \/ Yoast SEO plugin. -->","yoast_head_json":{"title":"Samara Joy recibe el premio en 2025 Montreal Jazz Festival","robots":{"index":"index","follow":"follow","max-snippet":"max-snippet:-1","max-image-preview":"max-image-preview:large","max-video-preview":"max-video-preview:-1"},"canonical":"https:\/\/web.consaguirre.com.ar\/noticias\/samara-joy-recibe-el-premio-en-2025-montreal-jazz-festival\/","og_locale":"es_ES","og_type":"article","og_title":"Samara Joy recibe el premio en 2025 Montreal Jazz Festival","og_description":"Alegr\u00eda samara Recibir\u00e1 el Premio Ella Fitzgerald en el Festival de Jazz de Montreal 2025 el 28 de junio en Maison Symphonique, Place des Arts.","og_url":"https:\/\/web.consaguirre.com.ar\/noticias\/samara-joy-recibe-el-premio-en-2025-montreal-jazz-festival\/","og_site_name":"Conservatorio de M\u00fasica Juli\u00e1n Aguirre","article_published_time":"2025-06-17T00:38:23+00:00","article_modified_time":"2025-06-17T00:38:24+00:00","og_image":[{"width":1440,"height":864,"url":"https:\/\/web.consaguirre.com.ar\/noticias\/wp-content\/uploads\/2025\/06\/Samara-Joy-recibe-el-premio-en-2025-Montreal-Jazz-Festival.jpg","type":"image\/jpeg"}],"author":"Javier Figueroa","twitter_card":"summary_large_image","twitter_misc":{"Escrito por":"Javier Figueroa","Tiempo de lectura":"2 minutos"},"schema":{"@context":"https:\/\/schema.org","@graph":[{"@type":"Article","@id":"https:\/\/web.consaguirre.com.ar\/noticias\/samara-joy-recibe-el-premio-en-2025-montreal-jazz-festival\/#article","isPartOf":{"@id":"https:\/\/web.consaguirre.com.ar\/noticias\/samara-joy-recibe-el-premio-en-2025-montreal-jazz-festival\/"},"author":{"name":"Javier Figueroa","@id":"https:\/\/web.consaguirre.com.ar\/noticias\/#\/schema\/person\/6558b0cfedee7ddc5425602b237d5722"},"headline":"Samara Joy recibe el premio en 2025 Montreal Jazz Festival","datePublished":"2025-06-17T00:38:23+00:00","dateModified":"2025-06-17T00:38:24+00:00","mainEntityOfPage":{"@id":"https:\/\/web.consaguirre.com.ar\/noticias\/samara-joy-recibe-el-premio-en-2025-montreal-jazz-festival\/"},"wordCount":358,"publisher":{"@id":"https:\/\/web.consaguirre.com.ar\/noticias\/#organization"},"image":{"@id":"https:\/\/web.consaguirre.com.ar\/noticias\/samara-joy-recibe-el-premio-en-2025-montreal-jazz-festival\/#primaryimage"},"thumbnailUrl":"https:\/\/web.consaguirre.com.ar\/noticias\/wp-content\/uploads\/2025\/06\/Samara-Joy-recibe-el-premio-en-2025-Montreal-Jazz-Festival.jpg","keywords":["Festival","Jazz","Joy","Montreal","premio","recibe","Samara"],"articleSection":["El \u00faltimo"],"inLanguage":"es-AR"},{"@type":"WebPage","@id":"https:\/\/web.consaguirre.com.ar\/noticias\/samara-joy-recibe-el-premio-en-2025-montreal-jazz-festival\/","url":"https:\/\/web.consaguirre.com.ar\/noticias\/samara-joy-recibe-el-premio-en-2025-montreal-jazz-festival\/","name":"Samara Joy recibe el premio en 2025 Montreal Jazz Festival","isPartOf":{"@id":"https:\/\/web.consaguirre.com.ar\/noticias\/#website"},"primaryImageOfPage":{"@id":"https:\/\/web.consaguirre.com.ar\/noticias\/samara-joy-recibe-el-premio-en-2025-montreal-jazz-festival\/#primaryimage"},"image":{"@id":"https:\/\/web.consaguirre.com.ar\/noticias\/samara-joy-recibe-el-premio-en-2025-montreal-jazz-festival\/#primaryimage"},"thumbnailUrl":"https:\/\/web.consaguirre.com.ar\/noticias\/wp-content\/uploads\/2025\/06\/Samara-Joy-recibe-el-premio-en-2025-Montreal-Jazz-Festival.jpg","datePublished":"2025-06-17T00:38:23+00:00","dateModified":"2025-06-17T00:38:24+00:00","breadcrumb":{"@id":"https:\/\/web.consaguirre.com.ar\/noticias\/samara-joy-recibe-el-premio-en-2025-montreal-jazz-festival\/#breadcrumb"},"inLanguage":"es-AR","potentialAction":[{"@type":"ReadAction","target":["https:\/\/web.consaguirre.com.ar\/noticias\/samara-joy-recibe-el-premio-en-2025-montreal-jazz-festival\/"]}]},{"@type":"ImageObject","inLanguage":"es-AR","@id":"https:\/\/web.consaguirre.com.ar\/noticias\/samara-joy-recibe-el-premio-en-2025-montreal-jazz-festival\/#primaryimage","url":"https:\/\/web.consaguirre.com.ar\/noticias\/wp-content\/uploads\/2025\/06\/Samara-Joy-recibe-el-premio-en-2025-Montreal-Jazz-Festival.jpg","contentUrl":"https:\/\/web.consaguirre.com.ar\/noticias\/wp-content\/uploads\/2025\/06\/Samara-Joy-recibe-el-premio-en-2025-Montreal-Jazz-Festival.jpg","width":1440,"height":864,"caption":"Samara Joy recibe el premio en 2025 Montreal Jazz Festival"},{"@type":"BreadcrumbList","@id":"https:\/\/web.consaguirre.com.ar\/noticias\/samara-joy-recibe-el-premio-en-2025-montreal-jazz-festival\/#breadcrumb","itemListElement":[{"@type":"ListItem","position":1,"name":"Inicio","item":"https:\/\/web.consaguirre.com.ar\/noticias\/"},{"@type":"ListItem","position":2,"name":"Samara Joy recibe el premio en 2025 Montreal Jazz Festival"}]},{"@type":"WebSite","@id":"https:\/\/web.consaguirre.com.ar\/noticias\/#website","url":"https:\/\/web.consaguirre.com.ar\/noticias\/","name":"Conservatorio de M\u00fasica Juli\u00e1n Aguirre","description":"","publisher":{"@id":"https:\/\/web.consaguirre.com.ar\/noticias\/#organization"},"potentialAction":[{"@type":"SearchAction","target":{"@type":"EntryPoint","urlTemplate":"https:\/\/web.consaguirre.com.ar\/noticias\/?s={search_term_string}"},"query-input":"required name=search_term_string"}],"inLanguage":"es-AR"},{"@type":"Organization","@id":"https:\/\/web.consaguirre.com.ar\/noticias\/#organization","name":"Conservatorio de M\u00fasica Juli\u00e1n Aguirre","url":"https:\/\/web.consaguirre.com.ar\/noticias\/","logo":{"@type":"ImageObject","inLanguage":"es-AR","@id":"https:\/\/web.consaguirre.com.ar\/noticias\/#\/schema\/logo\/image\/","url":"https:\/\/web.consaguirre.com.ar\/noticias\/wp-content\/uploads\/2024\/08\/Banner-Aguirre-23.jpg","contentUrl":"https:\/\/web.consaguirre.com.ar\/noticias\/wp-content\/uploads\/2024\/08\/Banner-Aguirre-23.jpg","width":1192,"height":600,"caption":"Conservatorio de M\u00fasica Juli\u00e1n Aguirre"},"image":{"@id":"https:\/\/web.consaguirre.com.ar\/noticias\/#\/schema\/logo\/image\/"}},{"@type":"Person","@id":"https:\/\/web.consaguirre.com.ar\/noticias\/#\/schema\/person\/6558b0cfedee7ddc5425602b237d5722","name":"Javier Figueroa","image":{"@type":"ImageObject","inLanguage":"es-AR","@id":"https:\/\/web.consaguirre.com.ar\/noticias\/#\/schema\/person\/image\/","url":"https:\/\/web.consaguirre.com.ar\/noticias\/wp-content\/uploads\/2024\/08\/Consaguirre-scaled.jpg","contentUrl":"https:\/\/web.consaguirre.com.ar\/noticias\/wp-content\/uploads\/2024\/08\/Consaguirre-scaled.jpg","caption":"Javier Figueroa"},"description":"Me llamo Javier Figueroa y soy redactor para el sitio oficial del Conservatorio de M\u00fasica Juli\u00e1n Aguirre en Buenos Aires, consaguirre.com. Apasionado por la m\u00fasica y la escritura, me esfuerzo por destacar los talentos y eventos de nuestra prestigiosa instituci\u00f3n. Mi trayectoria se nutre de una profunda admiraci\u00f3n por los artistas, haciendo de cada art\u00edculo una celebraci\u00f3n de la creatividad y la cultura musical.","sameAs":["https:\/\/web.consaguirre.com.ar\/noticias"]}]}},"_links":{"self":[{"href":"https:\/\/web.consaguirre.com.ar\/noticias\/wp-json\/wp\/v2\/posts\/2924"}],"collection":[{"href":"https:\/\/web.consaguirre.com.ar\/noticias\/wp-json\/wp\/v2\/posts"}],"about":[{"href":"https:\/\/web.consaguirre.com.ar\/noticias\/wp-json\/wp\/v2\/types\/post"}],"author":[{"embeddable":true,"href":"https:\/\/web.consaguirre.com.ar\/noticias\/wp-json\/wp\/v2\/users\/1"}],"replies":[{"embeddable":true,"href":"https:\/\/web.consaguirre.com.ar\/noticias\/wp-json\/wp\/v2\/comments?post=2924"}],"version-history":[{"count":1,"href":"https:\/\/web.consaguirre.com.ar\/noticias\/wp-json\/wp\/v2\/posts\/2924\/revisions"}],"predecessor-version":[{"id":2926,"href":"https:\/\/web.consaguirre.com.ar\/noticias\/wp-json\/wp\/v2\/posts\/2924\/revisions\/2926"}],"wp:featuredmedia":[{"embeddable":true,"href":"https:\/\/web.consaguirre.com.ar\/noticias\/wp-json\/wp\/v2\/media\/2925"}],"wp:attachment":[{"href":"https:\/\/web.consaguirre.com.ar\/noticias\/wp-json\/wp\/v2\/media?parent=2924"}],"wp:term":[{"taxonomy":"category","embeddable":true,"href":"https:\/\/web.consaguirre.com.ar\/noticias\/wp-json\/wp\/v2\/categories?post=2924"},{"taxonomy":"post_tag","embeddable":true,"href":"https:\/\/web.consaguirre.com.ar\/noticias\/wp-json\/wp\/v2\/tags?post=2924"}],"curies":[{"name":"wp","href":"https:\/\/api.w.org\/{rel}","templated":true}]}}