{"id":2921,"date":"2025-06-16T18:38:51","date_gmt":"2025-06-16T21:38:51","guid":{"rendered":"https:\/\/web.consaguirre.com.ar\/noticias\/adrian-boot-recuerda-a-bob-marley-en-la-serie-web\/"},"modified":"2025-06-16T18:38:52","modified_gmt":"2025-06-16T21:38:52","slug":"adrian-boot-recuerda-a-bob-marley-en-la-serie-web","status":"publish","type":"post","link":"https:\/\/web.consaguirre.com.ar\/noticias\/adrian-boot-recuerda-a-bob-marley-en-la-serie-web\/","title":{"rendered":"Adrian Boot recuerda a Bob Marley en la serie web"},"content":{"rendered":"<p>En el \u00faltimo episodio de <strong>La serie de videos en l\u00ednea <em>Bob Marley y yo<\/em><\/strong>El fot\u00f3grafo brit\u00e1nico Adrian Boot recuerda un encuentro con el \u00edcono del reggae. A principios de 1970, Boot se mud\u00f3 a Jamaica para ense\u00f1ar f\u00edsica. Cuando regres\u00f3 a Londres, trabaj\u00f3 con publicaciones de m\u00fasica como la <em>Nme<\/em>, <em>Fabricante de melod\u00edas<\/em>y <em>Los tiempos<\/em>. Island Records lo asign\u00f3 para fotografiar a Marley en un apartamento en mal estado. Boot recuerda c\u00f3mo ayud\u00f3 a levantar el esp\u00edritu del m\u00fasico al proporcionar una bolsa de hierba.<\/p>\n<p>Episodios anteriores de <em>Bob Marley y yo<\/em> DJ de radio DAVID Rodigan destacado que cuenta la historia de su primera reuni\u00f3n con Marley, en las Oficinas de Island Records de Londres. Rodigan invit\u00f3 a Marley en su programa de radio reggae en Capital FM. Marley luego toc\u00f3 una cinta de cassette para Rodigan, que termin\u00f3 siendo uno de sus cl\u00e1sicos, &#8220;\u00bfpodr\u00edas ser amado&#8221;?<\/p>\n<p>Otro episodio present\u00f3 a Chris Salewicz, periodista de Londres y autor de <em>Bob Marley: La historia no contada<\/em>. Salewicz record\u00f3 haber cumplido con el \u00edcono del reggae por primera vez en 1979 y seguir a Marley al tribunal de Jamaica para protestar por el encarcelamiento de un hombre inocente. &#8220;No fue f\u00e1cil ser Bob Marley. No es solo escribir m\u00fasica&#8221;, dijo. &#8220;Hay otra cosa cultural en marcha&#8221;.<\/p>\n<p><em>Bob Marley y yo<\/em> es parte de una celebraci\u00f3n de un a\u00f1o que conmemora 80 a\u00f1os desde el nacimiento de Marley. Antes de las celebraciones 80 de Bob Marley, las festividades comenzaron en febrero con una transmisi\u00f3n en vivo de un concierto tributo &#8216;levantado&#8217; de los estudios Tuff Gong de la familia Marley en Kingston, Jamaica.<\/p>\n<p>La celebraci\u00f3n tambi\u00e9n contin\u00faa con una c\u00e1psula de mercader\u00eda exclusiva para celebrar <em>Levantamiento<\/em>&#8216;S 45 aniversario. Adem\u00e1s de las camisas, sudaderas y chaquetas \u00fanicas, el \u00e1lbum de 1980 se vuelve a emitir como un vinilo especial lleno de edici\u00f3n limitada &#8220;Liquid Sunshine&#8221; alojado en una manga cortada.<\/p>\n<p>Tuff Gong de Ziggy Marley Worldwide anunci\u00f3 recientemente <strong>el relanzamiento de 2012 <em>Marley<\/em> a trav\u00e9s de plataformas de transmisi\u00f3n<\/strong>. El documental tambi\u00e9n recibir\u00e1 un DVD especial de la edici\u00f3n del 80\u00ba Coleccionista, que incluye dos horas de im\u00e1genes de entrevistas nunca antes vistas con los amigos y familiares del \u00edcono del reggae. Este verano, Regal Cinemas traer\u00e1 el documental de 2012 de 2012 de regreso a los cines de todo el pa\u00eds.<\/p>\n<p><strong>Compre la edici\u00f3n Liquid Sunshine de Bob Marley&#8217;s <em>Levantamiento<\/em> ahora.<\/strong><\/p><\/p>\n","protected":false},"excerpt":{"rendered":"<p>En el \u00faltimo episodio de La serie de videos en l\u00ednea Bob Marley y yoEl fot\u00f3grafo brit\u00e1nico Adrian Boot recuerda un encuentro con el \u00edcono<\/p>\n","protected":false},"author":1,"featured_media":2922,"comment_status":"closed","ping_status":"","sticky":false,"template":"","format":"standard","meta":{"footnotes":""},"categories":[50],"tags":[2698,780,2699,781,2700,220,239],"class_list":["post-2921","post","type-post","status-publish","format-standard","has-post-thumbnail","hentry","category-el-ultimo","tag-adrian","tag-bob","tag-boot","tag-marley","tag-recuerda","tag-serie","tag-web","generate-columns","tablet-grid-50","mobile-grid-100","grid-parent","grid-50"],"yoast_head":"<!-- This site is optimized with the Yoast SEO plugin v23.3 - https:\/\/yoast.com\/wordpress\/plugins\/seo\/ -->\n<title>Adrian Boot recuerda a Bob Marley en la serie web<\/title>\n<meta name=\"robots\" content=\"index, follow, max-snippet:-1, max-image-preview:large, max-video-preview:-1\" \/>\n<link rel=\"canonical\" href=\"https:\/\/web.consaguirre.com.ar\/noticias\/adrian-boot-recuerda-a-bob-marley-en-la-serie-web\/\" \/>\n<meta property=\"og:locale\" content=\"es_ES\" \/>\n<meta property=\"og:type\" content=\"article\" \/>\n<meta property=\"og:title\" content=\"Adrian Boot recuerda a Bob Marley en la serie web\" \/>\n<meta property=\"og:description\" content=\"En el \u00faltimo episodio de La serie de videos en l\u00ednea Bob Marley y yoEl fot\u00f3grafo brit\u00e1nico Adrian Boot recuerda un encuentro con el \u00edcono\" \/>\n<meta property=\"og:url\" content=\"https:\/\/web.consaguirre.com.ar\/noticias\/adrian-boot-recuerda-a-bob-marley-en-la-serie-web\/\" \/>\n<meta property=\"og:site_name\" content=\"Conservatorio de M\u00fasica Juli\u00e1n Aguirre\" \/>\n<meta property=\"article:published_time\" content=\"2025-06-16T21:38:51+00:00\" \/>\n<meta property=\"article:modified_time\" content=\"2025-06-16T21:38:52+00:00\" \/>\n<meta property=\"og:image\" content=\"https:\/\/web.consaguirre.com.ar\/noticias\/wp-content\/uploads\/2025\/06\/Adrian-Boot-recuerda-a-Bob-Marley-en-la-serie-web.jpg\" \/>\n\t<meta property=\"og:image:width\" content=\"1440\" \/>\n\t<meta property=\"og:image:height\" content=\"864\" \/>\n\t<meta property=\"og:image:type\" content=\"image\/jpeg\" \/>\n<meta name=\"author\" content=\"Javier Figueroa\" \/>\n<meta name=\"twitter:card\" content=\"summary_large_image\" \/>\n<meta name=\"twitter:label1\" content=\"Escrito por\" \/>\n\t<meta name=\"twitter:data1\" content=\"Javier Figueroa\" \/>\n\t<meta name=\"twitter:label2\" content=\"Tiempo de lectura\" \/>\n\t<meta name=\"twitter:data2\" content=\"2 minutos\" \/>\n<script type=\"application\/ld+json\" class=\"yoast-schema-graph\">{\"@context\":\"https:\/\/schema.org\",\"@graph\":[{\"@type\":\"Article\",\"@id\":\"https:\/\/web.consaguirre.com.ar\/noticias\/adrian-boot-recuerda-a-bob-marley-en-la-serie-web\/#article\",\"isPartOf\":{\"@id\":\"https:\/\/web.consaguirre.com.ar\/noticias\/adrian-boot-recuerda-a-bob-marley-en-la-serie-web\/\"},\"author\":{\"name\":\"Javier Figueroa\",\"@id\":\"https:\/\/web.consaguirre.com.ar\/noticias\/#\/schema\/person\/6558b0cfedee7ddc5425602b237d5722\"},\"headline\":\"Adrian Boot recuerda a Bob Marley en la serie web\",\"datePublished\":\"2025-06-16T21:38:51+00:00\",\"dateModified\":\"2025-06-16T21:38:52+00:00\",\"mainEntityOfPage\":{\"@id\":\"https:\/\/web.consaguirre.com.ar\/noticias\/adrian-boot-recuerda-a-bob-marley-en-la-serie-web\/\"},\"wordCount\":436,\"publisher\":{\"@id\":\"https:\/\/web.consaguirre.com.ar\/noticias\/#organization\"},\"image\":{\"@id\":\"https:\/\/web.consaguirre.com.ar\/noticias\/adrian-boot-recuerda-a-bob-marley-en-la-serie-web\/#primaryimage\"},\"thumbnailUrl\":\"https:\/\/web.consaguirre.com.ar\/noticias\/wp-content\/uploads\/2025\/06\/Adrian-Boot-recuerda-a-Bob-Marley-en-la-serie-web.jpg\",\"keywords\":[\"Adrian\",\"Bob\",\"Boot\",\"Marley\",\"recuerda\",\"serie\",\"web\"],\"articleSection\":[\"El \u00faltimo\"],\"inLanguage\":\"es-AR\"},{\"@type\":\"WebPage\",\"@id\":\"https:\/\/web.consaguirre.com.ar\/noticias\/adrian-boot-recuerda-a-bob-marley-en-la-serie-web\/\",\"url\":\"https:\/\/web.consaguirre.com.ar\/noticias\/adrian-boot-recuerda-a-bob-marley-en-la-serie-web\/\",\"name\":\"Adrian Boot recuerda a Bob Marley en la serie web\",\"isPartOf\":{\"@id\":\"https:\/\/web.consaguirre.com.ar\/noticias\/#website\"},\"primaryImageOfPage\":{\"@id\":\"https:\/\/web.consaguirre.com.ar\/noticias\/adrian-boot-recuerda-a-bob-marley-en-la-serie-web\/#primaryimage\"},\"image\":{\"@id\":\"https:\/\/web.consaguirre.com.ar\/noticias\/adrian-boot-recuerda-a-bob-marley-en-la-serie-web\/#primaryimage\"},\"thumbnailUrl\":\"https:\/\/web.consaguirre.com.ar\/noticias\/wp-content\/uploads\/2025\/06\/Adrian-Boot-recuerda-a-Bob-Marley-en-la-serie-web.jpg\",\"datePublished\":\"2025-06-16T21:38:51+00:00\",\"dateModified\":\"2025-06-16T21:38:52+00:00\",\"breadcrumb\":{\"@id\":\"https:\/\/web.consaguirre.com.ar\/noticias\/adrian-boot-recuerda-a-bob-marley-en-la-serie-web\/#breadcrumb\"},\"inLanguage\":\"es-AR\",\"potentialAction\":[{\"@type\":\"ReadAction\",\"target\":[\"https:\/\/web.consaguirre.com.ar\/noticias\/adrian-boot-recuerda-a-bob-marley-en-la-serie-web\/\"]}]},{\"@type\":\"ImageObject\",\"inLanguage\":\"es-AR\",\"@id\":\"https:\/\/web.consaguirre.com.ar\/noticias\/adrian-boot-recuerda-a-bob-marley-en-la-serie-web\/#primaryimage\",\"url\":\"https:\/\/web.consaguirre.com.ar\/noticias\/wp-content\/uploads\/2025\/06\/Adrian-Boot-recuerda-a-Bob-Marley-en-la-serie-web.jpg\",\"contentUrl\":\"https:\/\/web.consaguirre.com.ar\/noticias\/wp-content\/uploads\/2025\/06\/Adrian-Boot-recuerda-a-Bob-Marley-en-la-serie-web.jpg\",\"width\":1440,\"height\":864,\"caption\":\"Adrian Boot recuerda a Bob Marley en la serie web\"},{\"@type\":\"BreadcrumbList\",\"@id\":\"https:\/\/web.consaguirre.com.ar\/noticias\/adrian-boot-recuerda-a-bob-marley-en-la-serie-web\/#breadcrumb\",\"itemListElement\":[{\"@type\":\"ListItem\",\"position\":1,\"name\":\"Inicio\",\"item\":\"https:\/\/web.consaguirre.com.ar\/noticias\/\"},{\"@type\":\"ListItem\",\"position\":2,\"name\":\"Adrian Boot recuerda a Bob Marley en la serie web\"}]},{\"@type\":\"WebSite\",\"@id\":\"https:\/\/web.consaguirre.com.ar\/noticias\/#website\",\"url\":\"https:\/\/web.consaguirre.com.ar\/noticias\/\",\"name\":\"Conservatorio de M\u00fasica Juli\u00e1n Aguirre\",\"description\":\"\",\"publisher\":{\"@id\":\"https:\/\/web.consaguirre.com.ar\/noticias\/#organization\"},\"potentialAction\":[{\"@type\":\"SearchAction\",\"target\":{\"@type\":\"EntryPoint\",\"urlTemplate\":\"https:\/\/web.consaguirre.com.ar\/noticias\/?s={search_term_string}\"},\"query-input\":\"required name=search_term_string\"}],\"inLanguage\":\"es-AR\"},{\"@type\":\"Organization\",\"@id\":\"https:\/\/web.consaguirre.com.ar\/noticias\/#organization\",\"name\":\"Conservatorio de M\u00fasica Juli\u00e1n Aguirre\",\"url\":\"https:\/\/web.consaguirre.com.ar\/noticias\/\",\"logo\":{\"@type\":\"ImageObject\",\"inLanguage\":\"es-AR\",\"@id\":\"https:\/\/web.consaguirre.com.ar\/noticias\/#\/schema\/logo\/image\/\",\"url\":\"https:\/\/web.consaguirre.com.ar\/noticias\/wp-content\/uploads\/2024\/08\/Banner-Aguirre-23.jpg\",\"contentUrl\":\"https:\/\/web.consaguirre.com.ar\/noticias\/wp-content\/uploads\/2024\/08\/Banner-Aguirre-23.jpg\",\"width\":1192,\"height\":600,\"caption\":\"Conservatorio de M\u00fasica Juli\u00e1n Aguirre\"},\"image\":{\"@id\":\"https:\/\/web.consaguirre.com.ar\/noticias\/#\/schema\/logo\/image\/\"}},{\"@type\":\"Person\",\"@id\":\"https:\/\/web.consaguirre.com.ar\/noticias\/#\/schema\/person\/6558b0cfedee7ddc5425602b237d5722\",\"name\":\"Javier Figueroa\",\"image\":{\"@type\":\"ImageObject\",\"inLanguage\":\"es-AR\",\"@id\":\"https:\/\/web.consaguirre.com.ar\/noticias\/#\/schema\/person\/image\/\",\"url\":\"https:\/\/web.consaguirre.com.ar\/noticias\/wp-content\/uploads\/2024\/08\/Consaguirre-scaled.jpg\",\"contentUrl\":\"https:\/\/web.consaguirre.com.ar\/noticias\/wp-content\/uploads\/2024\/08\/Consaguirre-scaled.jpg\",\"caption\":\"Javier Figueroa\"},\"description\":\"Me llamo Javier Figueroa y soy redactor para el sitio oficial del Conservatorio de M\u00fasica Juli\u00e1n Aguirre en Buenos Aires, consaguirre.com. Apasionado por la m\u00fasica y la escritura, me esfuerzo por destacar los talentos y eventos de nuestra prestigiosa instituci\u00f3n. Mi trayectoria se nutre de una profunda admiraci\u00f3n por los artistas, haciendo de cada art\u00edculo una celebraci\u00f3n de la creatividad y la cultura musical.\",\"sameAs\":[\"https:\/\/web.consaguirre.com.ar\/noticias\"]}]}<\/script>\n<!-- \/ Yoast SEO plugin. -->","yoast_head_json":{"title":"Adrian Boot recuerda a Bob Marley en la serie web","robots":{"index":"index","follow":"follow","max-snippet":"max-snippet:-1","max-image-preview":"max-image-preview:large","max-video-preview":"max-video-preview:-1"},"canonical":"https:\/\/web.consaguirre.com.ar\/noticias\/adrian-boot-recuerda-a-bob-marley-en-la-serie-web\/","og_locale":"es_ES","og_type":"article","og_title":"Adrian Boot recuerda a Bob Marley en la serie web","og_description":"En el \u00faltimo episodio de La serie de videos en l\u00ednea Bob Marley y yoEl fot\u00f3grafo brit\u00e1nico Adrian Boot recuerda un encuentro con el \u00edcono","og_url":"https:\/\/web.consaguirre.com.ar\/noticias\/adrian-boot-recuerda-a-bob-marley-en-la-serie-web\/","og_site_name":"Conservatorio de M\u00fasica Juli\u00e1n Aguirre","article_published_time":"2025-06-16T21:38:51+00:00","article_modified_time":"2025-06-16T21:38:52+00:00","og_image":[{"width":1440,"height":864,"url":"https:\/\/web.consaguirre.com.ar\/noticias\/wp-content\/uploads\/2025\/06\/Adrian-Boot-recuerda-a-Bob-Marley-en-la-serie-web.jpg","type":"image\/jpeg"}],"author":"Javier Figueroa","twitter_card":"summary_large_image","twitter_misc":{"Escrito por":"Javier Figueroa","Tiempo de lectura":"2 minutos"},"schema":{"@context":"https:\/\/schema.org","@graph":[{"@type":"Article","@id":"https:\/\/web.consaguirre.com.ar\/noticias\/adrian-boot-recuerda-a-bob-marley-en-la-serie-web\/#article","isPartOf":{"@id":"https:\/\/web.consaguirre.com.ar\/noticias\/adrian-boot-recuerda-a-bob-marley-en-la-serie-web\/"},"author":{"name":"Javier Figueroa","@id":"https:\/\/web.consaguirre.com.ar\/noticias\/#\/schema\/person\/6558b0cfedee7ddc5425602b237d5722"},"headline":"Adrian Boot recuerda a Bob Marley en la serie web","datePublished":"2025-06-16T21:38:51+00:00","dateModified":"2025-06-16T21:38:52+00:00","mainEntityOfPage":{"@id":"https:\/\/web.consaguirre.com.ar\/noticias\/adrian-boot-recuerda-a-bob-marley-en-la-serie-web\/"},"wordCount":436,"publisher":{"@id":"https:\/\/web.consaguirre.com.ar\/noticias\/#organization"},"image":{"@id":"https:\/\/web.consaguirre.com.ar\/noticias\/adrian-boot-recuerda-a-bob-marley-en-la-serie-web\/#primaryimage"},"thumbnailUrl":"https:\/\/web.consaguirre.com.ar\/noticias\/wp-content\/uploads\/2025\/06\/Adrian-Boot-recuerda-a-Bob-Marley-en-la-serie-web.jpg","keywords":["Adrian","Bob","Boot","Marley","recuerda","serie","web"],"articleSection":["El \u00faltimo"],"inLanguage":"es-AR"},{"@type":"WebPage","@id":"https:\/\/web.consaguirre.com.ar\/noticias\/adrian-boot-recuerda-a-bob-marley-en-la-serie-web\/","url":"https:\/\/web.consaguirre.com.ar\/noticias\/adrian-boot-recuerda-a-bob-marley-en-la-serie-web\/","name":"Adrian Boot recuerda a Bob Marley en la serie web","isPartOf":{"@id":"https:\/\/web.consaguirre.com.ar\/noticias\/#website"},"primaryImageOfPage":{"@id":"https:\/\/web.consaguirre.com.ar\/noticias\/adrian-boot-recuerda-a-bob-marley-en-la-serie-web\/#primaryimage"},"image":{"@id":"https:\/\/web.consaguirre.com.ar\/noticias\/adrian-boot-recuerda-a-bob-marley-en-la-serie-web\/#primaryimage"},"thumbnailUrl":"https:\/\/web.consaguirre.com.ar\/noticias\/wp-content\/uploads\/2025\/06\/Adrian-Boot-recuerda-a-Bob-Marley-en-la-serie-web.jpg","datePublished":"2025-06-16T21:38:51+00:00","dateModified":"2025-06-16T21:38:52+00:00","breadcrumb":{"@id":"https:\/\/web.consaguirre.com.ar\/noticias\/adrian-boot-recuerda-a-bob-marley-en-la-serie-web\/#breadcrumb"},"inLanguage":"es-AR","potentialAction":[{"@type":"ReadAction","target":["https:\/\/web.consaguirre.com.ar\/noticias\/adrian-boot-recuerda-a-bob-marley-en-la-serie-web\/"]}]},{"@type":"ImageObject","inLanguage":"es-AR","@id":"https:\/\/web.consaguirre.com.ar\/noticias\/adrian-boot-recuerda-a-bob-marley-en-la-serie-web\/#primaryimage","url":"https:\/\/web.consaguirre.com.ar\/noticias\/wp-content\/uploads\/2025\/06\/Adrian-Boot-recuerda-a-Bob-Marley-en-la-serie-web.jpg","contentUrl":"https:\/\/web.consaguirre.com.ar\/noticias\/wp-content\/uploads\/2025\/06\/Adrian-Boot-recuerda-a-Bob-Marley-en-la-serie-web.jpg","width":1440,"height":864,"caption":"Adrian Boot recuerda a Bob Marley en la serie web"},{"@type":"BreadcrumbList","@id":"https:\/\/web.consaguirre.com.ar\/noticias\/adrian-boot-recuerda-a-bob-marley-en-la-serie-web\/#breadcrumb","itemListElement":[{"@type":"ListItem","position":1,"name":"Inicio","item":"https:\/\/web.consaguirre.com.ar\/noticias\/"},{"@type":"ListItem","position":2,"name":"Adrian Boot recuerda a Bob Marley en la serie web"}]},{"@type":"WebSite","@id":"https:\/\/web.consaguirre.com.ar\/noticias\/#website","url":"https:\/\/web.consaguirre.com.ar\/noticias\/","name":"Conservatorio de M\u00fasica Juli\u00e1n Aguirre","description":"","publisher":{"@id":"https:\/\/web.consaguirre.com.ar\/noticias\/#organization"},"potentialAction":[{"@type":"SearchAction","target":{"@type":"EntryPoint","urlTemplate":"https:\/\/web.consaguirre.com.ar\/noticias\/?s={search_term_string}"},"query-input":"required name=search_term_string"}],"inLanguage":"es-AR"},{"@type":"Organization","@id":"https:\/\/web.consaguirre.com.ar\/noticias\/#organization","name":"Conservatorio de M\u00fasica Juli\u00e1n Aguirre","url":"https:\/\/web.consaguirre.com.ar\/noticias\/","logo":{"@type":"ImageObject","inLanguage":"es-AR","@id":"https:\/\/web.consaguirre.com.ar\/noticias\/#\/schema\/logo\/image\/","url":"https:\/\/web.consaguirre.com.ar\/noticias\/wp-content\/uploads\/2024\/08\/Banner-Aguirre-23.jpg","contentUrl":"https:\/\/web.consaguirre.com.ar\/noticias\/wp-content\/uploads\/2024\/08\/Banner-Aguirre-23.jpg","width":1192,"height":600,"caption":"Conservatorio de M\u00fasica Juli\u00e1n Aguirre"},"image":{"@id":"https:\/\/web.consaguirre.com.ar\/noticias\/#\/schema\/logo\/image\/"}},{"@type":"Person","@id":"https:\/\/web.consaguirre.com.ar\/noticias\/#\/schema\/person\/6558b0cfedee7ddc5425602b237d5722","name":"Javier Figueroa","image":{"@type":"ImageObject","inLanguage":"es-AR","@id":"https:\/\/web.consaguirre.com.ar\/noticias\/#\/schema\/person\/image\/","url":"https:\/\/web.consaguirre.com.ar\/noticias\/wp-content\/uploads\/2024\/08\/Consaguirre-scaled.jpg","contentUrl":"https:\/\/web.consaguirre.com.ar\/noticias\/wp-content\/uploads\/2024\/08\/Consaguirre-scaled.jpg","caption":"Javier Figueroa"},"description":"Me llamo Javier Figueroa y soy redactor para el sitio oficial del Conservatorio de M\u00fasica Juli\u00e1n Aguirre en Buenos Aires, consaguirre.com. Apasionado por la m\u00fasica y la escritura, me esfuerzo por destacar los talentos y eventos de nuestra prestigiosa instituci\u00f3n. Mi trayectoria se nutre de una profunda admiraci\u00f3n por los artistas, haciendo de cada art\u00edculo una celebraci\u00f3n de la creatividad y la cultura musical.","sameAs":["https:\/\/web.consaguirre.com.ar\/noticias"]}]}},"_links":{"self":[{"href":"https:\/\/web.consaguirre.com.ar\/noticias\/wp-json\/wp\/v2\/posts\/2921"}],"collection":[{"href":"https:\/\/web.consaguirre.com.ar\/noticias\/wp-json\/wp\/v2\/posts"}],"about":[{"href":"https:\/\/web.consaguirre.com.ar\/noticias\/wp-json\/wp\/v2\/types\/post"}],"author":[{"embeddable":true,"href":"https:\/\/web.consaguirre.com.ar\/noticias\/wp-json\/wp\/v2\/users\/1"}],"replies":[{"embeddable":true,"href":"https:\/\/web.consaguirre.com.ar\/noticias\/wp-json\/wp\/v2\/comments?post=2921"}],"version-history":[{"count":1,"href":"https:\/\/web.consaguirre.com.ar\/noticias\/wp-json\/wp\/v2\/posts\/2921\/revisions"}],"predecessor-version":[{"id":2923,"href":"https:\/\/web.consaguirre.com.ar\/noticias\/wp-json\/wp\/v2\/posts\/2921\/revisions\/2923"}],"wp:featuredmedia":[{"embeddable":true,"href":"https:\/\/web.consaguirre.com.ar\/noticias\/wp-json\/wp\/v2\/media\/2922"}],"wp:attachment":[{"href":"https:\/\/web.consaguirre.com.ar\/noticias\/wp-json\/wp\/v2\/media?parent=2921"}],"wp:term":[{"taxonomy":"category","embeddable":true,"href":"https:\/\/web.consaguirre.com.ar\/noticias\/wp-json\/wp\/v2\/categories?post=2921"},{"taxonomy":"post_tag","embeddable":true,"href":"https:\/\/web.consaguirre.com.ar\/noticias\/wp-json\/wp\/v2\/tags?post=2921"}],"curies":[{"name":"wp","href":"https:\/\/api.w.org\/{rel}","templated":true}]}}