{"id":2902,"date":"2025-06-13T12:38:39","date_gmt":"2025-06-13T15:38:39","guid":{"rendered":"https:\/\/web.consaguirre.com.ar\/noticias\/lanzamiento-de-queen-queen-i-en-dolby-atmos-audiophile-blu-ray\/"},"modified":"2025-06-13T12:38:39","modified_gmt":"2025-06-13T15:38:39","slug":"lanzamiento-de-queen-queen-i-en-dolby-atmos-audiophile-blu-ray","status":"publish","type":"post","link":"https:\/\/web.consaguirre.com.ar\/noticias\/lanzamiento-de-queen-queen-i-en-dolby-atmos-audiophile-blu-ray\/","title":{"rendered":"Lanzamiento de Queen &#8216;Queen I&#8217; en Dolby Atmos Audiophile Blu-ray"},"content":{"rendered":"<p><img loading=\"lazy\" decoding=\"async\" width=\"2381\" height=\"2381\" src=\"https:\/\/web.consaguirre.com.ar\/noticias\/wp-content\/uploads\/2025\/06\/Lanzamiento-de-Queen-Queen-I-en-Dolby-Atmos-Audiophile-Blu-ray.jpg\" class=\"type:primaryImage\" alt=\"\"><\/p>\n<p><strong>Reina<\/strong> han compartido una nueva versi\u00f3n de su \u00e1lbum debut, <em>Reina yo<\/em>con una edici\u00f3n Dolby Atmos lanzada en Audiophile Blu-ray.<\/p>\n<p>&#8220;Esto no es solo un remaster, esta es una nueva reconstrucci\u00f3n 2024 de todo el \u00e1lbum debut de Queen&#8221;, explic\u00f3 Brian May cuando anuncia el lanzamiento de la revisi\u00f3n de la banda de su \u00e1lbum debut hom\u00f3nimo a fines del a\u00f1o pasado. May elabor\u00f3 \u200b\u200ba\u00fan m\u00e1s: &#8220;Cada instrumento ha sido revisado para producir el sonido ambiental &#8216;en vivo&#8217; que nos hubiera gustado usar originalmente&#8221;.<\/p>\n<p>Con Brian May y Roger Taylor actuando como productores ejecutivos, y supervisado por el equipo de audio de audio de Queen de Justin Shirley-Smith, Joshua J Macrae y Kris Fredriksson, esta liberaci\u00f3n de formato de sonido espacial espacial mejorado respira una nueva vida impresionante en el sonido \u00e9pico y \u00fanico de la banda de la banda.<\/p>\n<p>Justin Shirley-Smith: &#8220;Siempre parece que la m\u00fasica de Queen fue dise\u00f1ada para formatos inmersivos. Es dram\u00e1tico y poderoso y tiene mucha din\u00e1mica. El \u00e1lbum original fue grabado hace m\u00e1s de 50 a\u00f1os, pero fue tan ambicioso musicalmente musicalmente, r\u00edtmicamente y l\u00edricamente.<\/p>\n<p>Para mezclar <em>Reina yo<\/em> En Dolby Atmos, el equipo hizo talentos de la mezcla est\u00e9reo 2024, lo que les permite procesar y transmitir cada parte musical individualmente, trayendo nueva profundidad y dimensiones a un \u00e1lbum que ya est\u00e1 repleto de invenci\u00f3n.<\/p>\n<p>Lanzado originalmente en 1973 y con la ic\u00f3nica l\u00ednea de Freddie Mercury, Brian May, Roger Taylor y John Deacon, el \u00e1lbum debut hom\u00f3nimo de Queen marc\u00f3 el comienzo del viaje de la banda, mostrando una banda cuyos asombrosos talentos musicales y amplitud de ambici\u00f3n siguen sin igual.<\/p>\n<div class=\"uD-YT-container\"><img decoding=\"async\" src=\"https:\/\/web.consaguirre.com.ar\/noticias\/wp-content\/uploads\/2025\/06\/1749829119_766_Lanzamiento-de-Queen-Queen-I-en-Dolby-Atmos-Audiophile-Blu-ray.jpg\" alt=\"Video de YouTube\"><br \/>Haga clic para cargar video<\/div>\n<p>En noticias m\u00e1s emocionantes, la banda tambi\u00e9n ha compartido un video l\u00edrico para el ic\u00f3nico &#8220;My Fairy King&#8221;. Con respecto a la canci\u00f3n, Shirley-Smith dijo: &#8220;&#8230; la canci\u00f3n &#8216;My Fairy King&#8217; es un precursor de lo que lleg\u00f3 m\u00e1s tarde con &#8216;Bohemian Rhapsody&#8217;. Es tan aventurero, y esta nueva mezcla saca cosas que no habr\u00e1s escuchado antes.<\/p>\n<p>Para la canci\u00f3n, Freddie Mercury se inspir\u00f3 en el poema de Robert Browning &#8220;The Pied Piper of Hamelin&#8221;, incluso reutilizando algunas de las frases de la historia de 1842. El verso de apertura de la canci\u00f3n, en la que Mercury canta, &#8220;en la tierra donde los caballos nacidos con alas de \u00e1guila\/ y las abejas mel\u00edferas han perdido sus picaduras\/ hay cantos para siempre\/ lion&#8217;s den con venado en barbecho&#8221;, se ha comparado con el poema de Browning, que se lee: &#8220;Los Sparrows fueron m\u00e1s que pavos Peacock aqu\u00ed\/ y sus perros Outing Our Fallow Deer\/ y Honey-Bees hab\u00edan perdido sus acuerdos\/ y Horses. alas.&#8221;<\/p>\n<p><strong>Orden <em>Reina yo<\/em> En Dolby Atmos ahora.<\/strong><\/p>\n","protected":false},"excerpt":{"rendered":"<p>Reina han compartido una nueva versi\u00f3n de su \u00e1lbum debut, Reina yocon una edici\u00f3n Dolby Atmos lanzada en Audiophile Blu-ray. &#8220;Esto no es solo un<\/p>\n","protected":false},"author":1,"featured_media":0,"comment_status":"","ping_status":"","sticky":false,"template":"","format":"standard","meta":{"footnotes":""},"categories":[50],"tags":[],"class_list":["post-2902","post","type-post","status-publish","format-standard","hentry","category-el-ultimo","generate-columns","tablet-grid-50","mobile-grid-100","grid-parent","grid-50"],"yoast_head":"<!-- This site is optimized with the Yoast SEO plugin v23.3 - https:\/\/yoast.com\/wordpress\/plugins\/seo\/ -->\n<title>Lanzamiento de Queen &#039;Queen I&#039; en Dolby Atmos Audiophile Blu-ray<\/title>\n<meta name=\"robots\" content=\"index, follow, max-snippet:-1, max-image-preview:large, max-video-preview:-1\" \/>\n<link rel=\"canonical\" href=\"https:\/\/web.consaguirre.com.ar\/noticias\/lanzamiento-de-queen-queen-i-en-dolby-atmos-audiophile-blu-ray\/\" \/>\n<meta property=\"og:locale\" content=\"es_ES\" \/>\n<meta property=\"og:type\" content=\"article\" \/>\n<meta property=\"og:title\" content=\"Lanzamiento de Queen &#039;Queen I&#039; en Dolby Atmos Audiophile Blu-ray\" \/>\n<meta property=\"og:description\" content=\"Reina han compartido una nueva versi\u00f3n de su \u00e1lbum debut, Reina yocon una edici\u00f3n Dolby Atmos lanzada en Audiophile Blu-ray. &#8220;Esto no es solo un\" \/>\n<meta property=\"og:url\" content=\"https:\/\/web.consaguirre.com.ar\/noticias\/lanzamiento-de-queen-queen-i-en-dolby-atmos-audiophile-blu-ray\/\" \/>\n<meta property=\"og:site_name\" content=\"Conservatorio de M\u00fasica Juli\u00e1n Aguirre\" \/>\n<meta property=\"article:published_time\" content=\"2025-06-13T15:38:39+00:00\" \/>\n<meta property=\"og:image\" content=\"https:\/\/web.consaguirre.com.ar\/noticias\/wp-content\/uploads\/2025\/06\/Lanzamiento-de-Queen-Queen-I-en-Dolby-Atmos-Audiophile-Blu-ray.jpg\" \/>\n<meta name=\"author\" content=\"Javier Figueroa\" \/>\n<meta name=\"twitter:card\" content=\"summary_large_image\" \/>\n<meta name=\"twitter:label1\" content=\"Escrito por\" \/>\n\t<meta name=\"twitter:data1\" content=\"Javier Figueroa\" \/>\n\t<meta name=\"twitter:label2\" content=\"Tiempo de lectura\" \/>\n\t<meta name=\"twitter:data2\" content=\"2 minutos\" \/>\n<script type=\"application\/ld+json\" class=\"yoast-schema-graph\">{\"@context\":\"https:\/\/schema.org\",\"@graph\":[{\"@type\":\"Article\",\"@id\":\"https:\/\/web.consaguirre.com.ar\/noticias\/lanzamiento-de-queen-queen-i-en-dolby-atmos-audiophile-blu-ray\/#article\",\"isPartOf\":{\"@id\":\"https:\/\/web.consaguirre.com.ar\/noticias\/lanzamiento-de-queen-queen-i-en-dolby-atmos-audiophile-blu-ray\/\"},\"author\":{\"name\":\"Javier Figueroa\",\"@id\":\"https:\/\/web.consaguirre.com.ar\/noticias\/#\/schema\/person\/6558b0cfedee7ddc5425602b237d5722\"},\"headline\":\"Lanzamiento de Queen &#8216;Queen I&#8217; en Dolby Atmos Audiophile Blu-ray\",\"datePublished\":\"2025-06-13T15:38:39+00:00\",\"dateModified\":\"2025-06-13T15:38:39+00:00\",\"mainEntityOfPage\":{\"@id\":\"https:\/\/web.consaguirre.com.ar\/noticias\/lanzamiento-de-queen-queen-i-en-dolby-atmos-audiophile-blu-ray\/\"},\"wordCount\":484,\"publisher\":{\"@id\":\"https:\/\/web.consaguirre.com.ar\/noticias\/#organization\"},\"image\":{\"@id\":\"https:\/\/web.consaguirre.com.ar\/noticias\/lanzamiento-de-queen-queen-i-en-dolby-atmos-audiophile-blu-ray\/#primaryimage\"},\"thumbnailUrl\":\"https:\/\/web.consaguirre.com.ar\/noticias\/wp-content\/uploads\/2025\/06\/Lanzamiento-de-Queen-Queen-I-en-Dolby-Atmos-Audiophile-Blu-ray.jpg\",\"articleSection\":[\"El \u00faltimo\"],\"inLanguage\":\"es-AR\"},{\"@type\":\"WebPage\",\"@id\":\"https:\/\/web.consaguirre.com.ar\/noticias\/lanzamiento-de-queen-queen-i-en-dolby-atmos-audiophile-blu-ray\/\",\"url\":\"https:\/\/web.consaguirre.com.ar\/noticias\/lanzamiento-de-queen-queen-i-en-dolby-atmos-audiophile-blu-ray\/\",\"name\":\"Lanzamiento de Queen 'Queen I' en Dolby Atmos Audiophile Blu-ray\",\"isPartOf\":{\"@id\":\"https:\/\/web.consaguirre.com.ar\/noticias\/#website\"},\"primaryImageOfPage\":{\"@id\":\"https:\/\/web.consaguirre.com.ar\/noticias\/lanzamiento-de-queen-queen-i-en-dolby-atmos-audiophile-blu-ray\/#primaryimage\"},\"image\":{\"@id\":\"https:\/\/web.consaguirre.com.ar\/noticias\/lanzamiento-de-queen-queen-i-en-dolby-atmos-audiophile-blu-ray\/#primaryimage\"},\"thumbnailUrl\":\"https:\/\/web.consaguirre.com.ar\/noticias\/wp-content\/uploads\/2025\/06\/Lanzamiento-de-Queen-Queen-I-en-Dolby-Atmos-Audiophile-Blu-ray.jpg\",\"datePublished\":\"2025-06-13T15:38:39+00:00\",\"dateModified\":\"2025-06-13T15:38:39+00:00\",\"breadcrumb\":{\"@id\":\"https:\/\/web.consaguirre.com.ar\/noticias\/lanzamiento-de-queen-queen-i-en-dolby-atmos-audiophile-blu-ray\/#breadcrumb\"},\"inLanguage\":\"es-AR\",\"potentialAction\":[{\"@type\":\"ReadAction\",\"target\":[\"https:\/\/web.consaguirre.com.ar\/noticias\/lanzamiento-de-queen-queen-i-en-dolby-atmos-audiophile-blu-ray\/\"]}]},{\"@type\":\"ImageObject\",\"inLanguage\":\"es-AR\",\"@id\":\"https:\/\/web.consaguirre.com.ar\/noticias\/lanzamiento-de-queen-queen-i-en-dolby-atmos-audiophile-blu-ray\/#primaryimage\",\"url\":\"https:\/\/web.consaguirre.com.ar\/noticias\/wp-content\/uploads\/2025\/06\/Lanzamiento-de-Queen-Queen-I-en-Dolby-Atmos-Audiophile-Blu-ray.jpg\",\"contentUrl\":\"https:\/\/web.consaguirre.com.ar\/noticias\/wp-content\/uploads\/2025\/06\/Lanzamiento-de-Queen-Queen-I-en-Dolby-Atmos-Audiophile-Blu-ray.jpg\"},{\"@type\":\"BreadcrumbList\",\"@id\":\"https:\/\/web.consaguirre.com.ar\/noticias\/lanzamiento-de-queen-queen-i-en-dolby-atmos-audiophile-blu-ray\/#breadcrumb\",\"itemListElement\":[{\"@type\":\"ListItem\",\"position\":1,\"name\":\"Inicio\",\"item\":\"https:\/\/web.consaguirre.com.ar\/noticias\/\"},{\"@type\":\"ListItem\",\"position\":2,\"name\":\"Lanzamiento de Queen &#8216;Queen I&#8217; en Dolby Atmos Audiophile Blu-ray\"}]},{\"@type\":\"WebSite\",\"@id\":\"https:\/\/web.consaguirre.com.ar\/noticias\/#website\",\"url\":\"https:\/\/web.consaguirre.com.ar\/noticias\/\",\"name\":\"Conservatorio de M\u00fasica Juli\u00e1n Aguirre\",\"description\":\"\",\"publisher\":{\"@id\":\"https:\/\/web.consaguirre.com.ar\/noticias\/#organization\"},\"potentialAction\":[{\"@type\":\"SearchAction\",\"target\":{\"@type\":\"EntryPoint\",\"urlTemplate\":\"https:\/\/web.consaguirre.com.ar\/noticias\/?s={search_term_string}\"},\"query-input\":\"required name=search_term_string\"}],\"inLanguage\":\"es-AR\"},{\"@type\":\"Organization\",\"@id\":\"https:\/\/web.consaguirre.com.ar\/noticias\/#organization\",\"name\":\"Conservatorio de M\u00fasica Juli\u00e1n Aguirre\",\"url\":\"https:\/\/web.consaguirre.com.ar\/noticias\/\",\"logo\":{\"@type\":\"ImageObject\",\"inLanguage\":\"es-AR\",\"@id\":\"https:\/\/web.consaguirre.com.ar\/noticias\/#\/schema\/logo\/image\/\",\"url\":\"https:\/\/web.consaguirre.com.ar\/noticias\/wp-content\/uploads\/2024\/08\/Banner-Aguirre-23.jpg\",\"contentUrl\":\"https:\/\/web.consaguirre.com.ar\/noticias\/wp-content\/uploads\/2024\/08\/Banner-Aguirre-23.jpg\",\"width\":1192,\"height\":600,\"caption\":\"Conservatorio de M\u00fasica Juli\u00e1n Aguirre\"},\"image\":{\"@id\":\"https:\/\/web.consaguirre.com.ar\/noticias\/#\/schema\/logo\/image\/\"}},{\"@type\":\"Person\",\"@id\":\"https:\/\/web.consaguirre.com.ar\/noticias\/#\/schema\/person\/6558b0cfedee7ddc5425602b237d5722\",\"name\":\"Javier Figueroa\",\"image\":{\"@type\":\"ImageObject\",\"inLanguage\":\"es-AR\",\"@id\":\"https:\/\/web.consaguirre.com.ar\/noticias\/#\/schema\/person\/image\/\",\"url\":\"https:\/\/web.consaguirre.com.ar\/noticias\/wp-content\/uploads\/2024\/08\/Consaguirre-scaled.jpg\",\"contentUrl\":\"https:\/\/web.consaguirre.com.ar\/noticias\/wp-content\/uploads\/2024\/08\/Consaguirre-scaled.jpg\",\"caption\":\"Javier Figueroa\"},\"description\":\"Me llamo Javier Figueroa y soy redactor para el sitio oficial del Conservatorio de M\u00fasica Juli\u00e1n Aguirre en Buenos Aires, consaguirre.com. Apasionado por la m\u00fasica y la escritura, me esfuerzo por destacar los talentos y eventos de nuestra prestigiosa instituci\u00f3n. Mi trayectoria se nutre de una profunda admiraci\u00f3n por los artistas, haciendo de cada art\u00edculo una celebraci\u00f3n de la creatividad y la cultura musical.\",\"sameAs\":[\"https:\/\/web.consaguirre.com.ar\/noticias\"]}]}<\/script>\n<!-- \/ Yoast SEO plugin. -->","yoast_head_json":{"title":"Lanzamiento de Queen 'Queen I' en Dolby Atmos Audiophile Blu-ray","robots":{"index":"index","follow":"follow","max-snippet":"max-snippet:-1","max-image-preview":"max-image-preview:large","max-video-preview":"max-video-preview:-1"},"canonical":"https:\/\/web.consaguirre.com.ar\/noticias\/lanzamiento-de-queen-queen-i-en-dolby-atmos-audiophile-blu-ray\/","og_locale":"es_ES","og_type":"article","og_title":"Lanzamiento de Queen 'Queen I' en Dolby Atmos Audiophile Blu-ray","og_description":"Reina han compartido una nueva versi\u00f3n de su \u00e1lbum debut, Reina yocon una edici\u00f3n Dolby Atmos lanzada en Audiophile Blu-ray. &#8220;Esto no es solo un","og_url":"https:\/\/web.consaguirre.com.ar\/noticias\/lanzamiento-de-queen-queen-i-en-dolby-atmos-audiophile-blu-ray\/","og_site_name":"Conservatorio de M\u00fasica Juli\u00e1n Aguirre","article_published_time":"2025-06-13T15:38:39+00:00","og_image":[{"url":"https:\/\/web.consaguirre.com.ar\/noticias\/wp-content\/uploads\/2025\/06\/Lanzamiento-de-Queen-Queen-I-en-Dolby-Atmos-Audiophile-Blu-ray.jpg"}],"author":"Javier Figueroa","twitter_card":"summary_large_image","twitter_misc":{"Escrito por":"Javier Figueroa","Tiempo de lectura":"2 minutos"},"schema":{"@context":"https:\/\/schema.org","@graph":[{"@type":"Article","@id":"https:\/\/web.consaguirre.com.ar\/noticias\/lanzamiento-de-queen-queen-i-en-dolby-atmos-audiophile-blu-ray\/#article","isPartOf":{"@id":"https:\/\/web.consaguirre.com.ar\/noticias\/lanzamiento-de-queen-queen-i-en-dolby-atmos-audiophile-blu-ray\/"},"author":{"name":"Javier Figueroa","@id":"https:\/\/web.consaguirre.com.ar\/noticias\/#\/schema\/person\/6558b0cfedee7ddc5425602b237d5722"},"headline":"Lanzamiento de Queen &#8216;Queen I&#8217; en Dolby Atmos Audiophile Blu-ray","datePublished":"2025-06-13T15:38:39+00:00","dateModified":"2025-06-13T15:38:39+00:00","mainEntityOfPage":{"@id":"https:\/\/web.consaguirre.com.ar\/noticias\/lanzamiento-de-queen-queen-i-en-dolby-atmos-audiophile-blu-ray\/"},"wordCount":484,"publisher":{"@id":"https:\/\/web.consaguirre.com.ar\/noticias\/#organization"},"image":{"@id":"https:\/\/web.consaguirre.com.ar\/noticias\/lanzamiento-de-queen-queen-i-en-dolby-atmos-audiophile-blu-ray\/#primaryimage"},"thumbnailUrl":"https:\/\/web.consaguirre.com.ar\/noticias\/wp-content\/uploads\/2025\/06\/Lanzamiento-de-Queen-Queen-I-en-Dolby-Atmos-Audiophile-Blu-ray.jpg","articleSection":["El \u00faltimo"],"inLanguage":"es-AR"},{"@type":"WebPage","@id":"https:\/\/web.consaguirre.com.ar\/noticias\/lanzamiento-de-queen-queen-i-en-dolby-atmos-audiophile-blu-ray\/","url":"https:\/\/web.consaguirre.com.ar\/noticias\/lanzamiento-de-queen-queen-i-en-dolby-atmos-audiophile-blu-ray\/","name":"Lanzamiento de Queen 'Queen I' en Dolby Atmos Audiophile Blu-ray","isPartOf":{"@id":"https:\/\/web.consaguirre.com.ar\/noticias\/#website"},"primaryImageOfPage":{"@id":"https:\/\/web.consaguirre.com.ar\/noticias\/lanzamiento-de-queen-queen-i-en-dolby-atmos-audiophile-blu-ray\/#primaryimage"},"image":{"@id":"https:\/\/web.consaguirre.com.ar\/noticias\/lanzamiento-de-queen-queen-i-en-dolby-atmos-audiophile-blu-ray\/#primaryimage"},"thumbnailUrl":"https:\/\/web.consaguirre.com.ar\/noticias\/wp-content\/uploads\/2025\/06\/Lanzamiento-de-Queen-Queen-I-en-Dolby-Atmos-Audiophile-Blu-ray.jpg","datePublished":"2025-06-13T15:38:39+00:00","dateModified":"2025-06-13T15:38:39+00:00","breadcrumb":{"@id":"https:\/\/web.consaguirre.com.ar\/noticias\/lanzamiento-de-queen-queen-i-en-dolby-atmos-audiophile-blu-ray\/#breadcrumb"},"inLanguage":"es-AR","potentialAction":[{"@type":"ReadAction","target":["https:\/\/web.consaguirre.com.ar\/noticias\/lanzamiento-de-queen-queen-i-en-dolby-atmos-audiophile-blu-ray\/"]}]},{"@type":"ImageObject","inLanguage":"es-AR","@id":"https:\/\/web.consaguirre.com.ar\/noticias\/lanzamiento-de-queen-queen-i-en-dolby-atmos-audiophile-blu-ray\/#primaryimage","url":"https:\/\/web.consaguirre.com.ar\/noticias\/wp-content\/uploads\/2025\/06\/Lanzamiento-de-Queen-Queen-I-en-Dolby-Atmos-Audiophile-Blu-ray.jpg","contentUrl":"https:\/\/web.consaguirre.com.ar\/noticias\/wp-content\/uploads\/2025\/06\/Lanzamiento-de-Queen-Queen-I-en-Dolby-Atmos-Audiophile-Blu-ray.jpg"},{"@type":"BreadcrumbList","@id":"https:\/\/web.consaguirre.com.ar\/noticias\/lanzamiento-de-queen-queen-i-en-dolby-atmos-audiophile-blu-ray\/#breadcrumb","itemListElement":[{"@type":"ListItem","position":1,"name":"Inicio","item":"https:\/\/web.consaguirre.com.ar\/noticias\/"},{"@type":"ListItem","position":2,"name":"Lanzamiento de Queen &#8216;Queen I&#8217; en Dolby Atmos Audiophile Blu-ray"}]},{"@type":"WebSite","@id":"https:\/\/web.consaguirre.com.ar\/noticias\/#website","url":"https:\/\/web.consaguirre.com.ar\/noticias\/","name":"Conservatorio de M\u00fasica Juli\u00e1n Aguirre","description":"","publisher":{"@id":"https:\/\/web.consaguirre.com.ar\/noticias\/#organization"},"potentialAction":[{"@type":"SearchAction","target":{"@type":"EntryPoint","urlTemplate":"https:\/\/web.consaguirre.com.ar\/noticias\/?s={search_term_string}"},"query-input":"required name=search_term_string"}],"inLanguage":"es-AR"},{"@type":"Organization","@id":"https:\/\/web.consaguirre.com.ar\/noticias\/#organization","name":"Conservatorio de M\u00fasica Juli\u00e1n Aguirre","url":"https:\/\/web.consaguirre.com.ar\/noticias\/","logo":{"@type":"ImageObject","inLanguage":"es-AR","@id":"https:\/\/web.consaguirre.com.ar\/noticias\/#\/schema\/logo\/image\/","url":"https:\/\/web.consaguirre.com.ar\/noticias\/wp-content\/uploads\/2024\/08\/Banner-Aguirre-23.jpg","contentUrl":"https:\/\/web.consaguirre.com.ar\/noticias\/wp-content\/uploads\/2024\/08\/Banner-Aguirre-23.jpg","width":1192,"height":600,"caption":"Conservatorio de M\u00fasica Juli\u00e1n Aguirre"},"image":{"@id":"https:\/\/web.consaguirre.com.ar\/noticias\/#\/schema\/logo\/image\/"}},{"@type":"Person","@id":"https:\/\/web.consaguirre.com.ar\/noticias\/#\/schema\/person\/6558b0cfedee7ddc5425602b237d5722","name":"Javier Figueroa","image":{"@type":"ImageObject","inLanguage":"es-AR","@id":"https:\/\/web.consaguirre.com.ar\/noticias\/#\/schema\/person\/image\/","url":"https:\/\/web.consaguirre.com.ar\/noticias\/wp-content\/uploads\/2024\/08\/Consaguirre-scaled.jpg","contentUrl":"https:\/\/web.consaguirre.com.ar\/noticias\/wp-content\/uploads\/2024\/08\/Consaguirre-scaled.jpg","caption":"Javier Figueroa"},"description":"Me llamo Javier Figueroa y soy redactor para el sitio oficial del Conservatorio de M\u00fasica Juli\u00e1n Aguirre en Buenos Aires, consaguirre.com. Apasionado por la m\u00fasica y la escritura, me esfuerzo por destacar los talentos y eventos de nuestra prestigiosa instituci\u00f3n. Mi trayectoria se nutre de una profunda admiraci\u00f3n por los artistas, haciendo de cada art\u00edculo una celebraci\u00f3n de la creatividad y la cultura musical.","sameAs":["https:\/\/web.consaguirre.com.ar\/noticias"]}]}},"_links":{"self":[{"href":"https:\/\/web.consaguirre.com.ar\/noticias\/wp-json\/wp\/v2\/posts\/2902"}],"collection":[{"href":"https:\/\/web.consaguirre.com.ar\/noticias\/wp-json\/wp\/v2\/posts"}],"about":[{"href":"https:\/\/web.consaguirre.com.ar\/noticias\/wp-json\/wp\/v2\/types\/post"}],"author":[{"embeddable":true,"href":"https:\/\/web.consaguirre.com.ar\/noticias\/wp-json\/wp\/v2\/users\/1"}],"replies":[{"embeddable":true,"href":"https:\/\/web.consaguirre.com.ar\/noticias\/wp-json\/wp\/v2\/comments?post=2902"}],"version-history":[{"count":0,"href":"https:\/\/web.consaguirre.com.ar\/noticias\/wp-json\/wp\/v2\/posts\/2902\/revisions"}],"wp:attachment":[{"href":"https:\/\/web.consaguirre.com.ar\/noticias\/wp-json\/wp\/v2\/media?parent=2902"}],"wp:term":[{"taxonomy":"category","embeddable":true,"href":"https:\/\/web.consaguirre.com.ar\/noticias\/wp-json\/wp\/v2\/categories?post=2902"},{"taxonomy":"post_tag","embeddable":true,"href":"https:\/\/web.consaguirre.com.ar\/noticias\/wp-json\/wp\/v2\/tags?post=2902"}],"curies":[{"name":"wp","href":"https:\/\/api.w.org\/{rel}","templated":true}]}}